{"id":11596,"date":"2025-03-11T09:22:24","date_gmt":"2025-03-11T09:22:24","guid":{"rendered":"https:\/\/tuaregviatges.es\/articulos\/?p=11596"},"modified":"2026-01-27T10:47:23","modified_gmt":"2026-01-27T10:47:23","slug":"la-magia-de-islandia-un-lugar-unico","status":"publish","type":"post","link":"https:\/\/tuaregviatges.es\/articulos\/la-magia-de-islandia-un-lugar-unico\/","title":{"rendered":"La magia de Islandia, un lugar \u00fanico"},"content":{"rendered":"\t\t<div data-elementor-type=\"wp-post\" data-elementor-id=\"11596\" class=\"elementor elementor-11596\" data-elementor-post-type=\"post\">\n\t\t\t\t\t\t<section class=\"elementor-section elementor-top-section elementor-element elementor-element-5614289 elementor-hidden-mobile elementor-section-boxed elementor-section-height-default elementor-section-height-default\" data-id=\"5614289\" data-element_type=\"section\" data-e-type=\"section\" data-settings=\"{&quot;background_background&quot;:&quot;classic&quot;}\">\n\t\t\t\t\t\t<div class=\"elementor-container elementor-column-gap-default\">\n\t\t\t\t\t<div class=\"elementor-column elementor-col-25 elementor-top-column elementor-element elementor-element-3cfd5db\" data-id=\"3cfd5db\" data-element_type=\"column\" data-e-type=\"column\">\n\t\t\t<div class=\"elementor-widget-wrap elementor-element-populated\">\n\t\t\t\t\t\t<div class=\"elementor-element elementor-element-17017f0 elementor-widget elementor-widget-image\" data-id=\"17017f0\" data-element_type=\"widget\" data-e-type=\"widget\" data-widget_type=\"image.default\">\n\t\t\t\t<div class=\"elementor-widget-container\">\n\t\t\t\t\t\t\t\t\t\t\t\t\t\t\t\t<a href=\"https:\/\/tuaregviatges.es\/\" target=\"_blank\">\n\t\t\t\t\t\t\t<img fetchpriority=\"high\" decoding=\"async\" width=\"350\" height=\"466\" src=\"https:\/\/tuaregviatges.es\/articulos\/wp-content\/uploads\/logo-tuareg-alto.png\" class=\"attachment-large size-large wp-image-4730\" alt=\"\" srcset=\"https:\/\/tuaregviatges.es\/articulos\/wp-content\/uploads\/logo-tuareg-alto.png 350w, https:\/\/tuaregviatges.es\/articulos\/wp-content\/uploads\/logo-tuareg-alto-225x300.png 225w\" sizes=\"(max-width: 350px) 100vw, 350px\" \/>\t\t\t\t\t\t\t\t<\/a>\n\t\t\t\t\t\t\t\t\t\t\t\t\t\t\t<\/div>\n\t\t\t\t<\/div>\n\t\t\t\t\t<\/div>\n\t\t<\/div>\n\t\t\t\t<div class=\"elementor-column elementor-col-25 elementor-top-column elementor-element elementor-element-7b34817\" data-id=\"7b34817\" data-element_type=\"column\" data-e-type=\"column\">\n\t\t\t<div class=\"elementor-widget-wrap\">\n\t\t\t\t\t\t\t<\/div>\n\t\t<\/div>\n\t\t\t\t<div class=\"elementor-column elementor-col-25 elementor-top-column elementor-element elementor-element-8c11976\" data-id=\"8c11976\" data-element_type=\"column\" data-e-type=\"column\">\n\t\t\t<div class=\"elementor-widget-wrap\">\n\t\t\t\t\t\t\t<\/div>\n\t\t<\/div>\n\t\t\t\t<div class=\"elementor-column elementor-col-25 elementor-top-column elementor-element elementor-element-08d90e5\" data-id=\"08d90e5\" data-element_type=\"column\" data-e-type=\"column\">\n\t\t\t<div class=\"elementor-widget-wrap elementor-element-populated\">\n\t\t\t\t\t\t<div class=\"elementor-element elementor-element-97dee08 elementor-align-right elementor-mobile-align-center elementor-widget__width-initial elementor-widget elementor-widget-button\" data-id=\"97dee08\" data-element_type=\"widget\" data-e-type=\"widget\" data-widget_type=\"button.default\">\n\t\t\t\t<div class=\"elementor-widget-container\">\n\t\t\t\t\t\t\t\t\t<div class=\"elementor-button-wrapper\">\n\t\t\t\t\t<a class=\"elementor-button elementor-button-link elementor-size-sm\" href=\"https:\/\/tuaregviatges.es\/articulos\/\">\n\t\t\t\t\t\t<span class=\"elementor-button-content-wrapper\">\n\t\t\t\t\t\t<span class=\"elementor-button-icon\">\n\t\t\t\t<i aria-hidden=\"true\" class=\"far fa-newspaper\"><\/i>\t\t\t<\/span>\n\t\t\t\t\t\t\t\t\t<span class=\"elementor-button-text\">Art\u00edculos<\/span>\n\t\t\t\t\t<\/span>\n\t\t\t\t\t<\/a>\n\t\t\t\t<\/div>\n\t\t\t\t\t\t\t\t<\/div>\n\t\t\t\t<\/div>\n\t\t\t\t\t<\/div>\n\t\t<\/div>\n\t\t\t\t\t<\/div>\n\t\t<\/section>\n\t\t\t\t<section class=\"elementor-section elementor-top-section elementor-element elementor-element-e32a124 elementor-section-boxed elementor-section-height-default elementor-section-height-default\" data-id=\"e32a124\" data-element_type=\"section\" data-e-type=\"section\">\n\t\t\t\t\t\t<div class=\"elementor-container elementor-column-gap-default\">\n\t\t\t\t\t<div class=\"elementor-column elementor-col-100 elementor-top-column elementor-element elementor-element-7453eb9\" data-id=\"7453eb9\" data-element_type=\"column\" data-e-type=\"column\" data-settings=\"{&quot;background_background&quot;:&quot;classic&quot;}\">\n\t\t\t<div class=\"elementor-widget-wrap elementor-element-populated\">\n\t\t\t\t\t\t<div class=\"elementor-element elementor-element-fa6a7ed elementor-widget elementor-widget-image\" data-id=\"fa6a7ed\" data-element_type=\"widget\" data-e-type=\"widget\" data-widget_type=\"image.default\">\n\t\t\t\t<div class=\"elementor-widget-container\">\n\t\t\t\t\t\t\t\t\t\t\t\t<figure class=\"wp-caption\">\n\t\t\t\t\t\t\t\t\t\t<img decoding=\"async\" width=\"2048\" height=\"876\" src=\"https:\/\/tuaregviatges.es\/articulos\/wp-content\/uploads\/islandiatop.jpg\" class=\"attachment-full size-full wp-image-11645\" alt=\"\" srcset=\"https:\/\/tuaregviatges.es\/articulos\/wp-content\/uploads\/islandiatop.jpg 2048w, https:\/\/tuaregviatges.es\/articulos\/wp-content\/uploads\/islandiatop-300x128.jpg 300w, https:\/\/tuaregviatges.es\/articulos\/wp-content\/uploads\/islandiatop-1253x536.jpg 1253w, https:\/\/tuaregviatges.es\/articulos\/wp-content\/uploads\/islandiatop-768x329.jpg 768w, https:\/\/tuaregviatges.es\/articulos\/wp-content\/uploads\/islandiatop-1536x657.jpg 1536w\" sizes=\"(max-width: 2048px) 100vw, 2048px\" \/>\t\t\t\t\t\t\t\t\t\t\t<figcaption class=\"widget-image-caption wp-caption-text\">Autor foto: Merc\u00e8 Montserrat<\/figcaption>\n\t\t\t\t\t\t\t\t\t\t<\/figure>\n\t\t\t\t\t\t\t\t\t<\/div>\n\t\t\t\t<\/div>\n\t\t\t\t\t<\/div>\n\t\t<\/div>\n\t\t\t\t\t<\/div>\n\t\t<\/section>\n\t\t\t\t<section class=\"elementor-section elementor-top-section elementor-element elementor-element-c81cca8 elementor-section-boxed elementor-section-height-default elementor-section-height-default\" data-id=\"c81cca8\" data-element_type=\"section\" data-e-type=\"section\">\n\t\t\t\t\t\t<div class=\"elementor-container elementor-column-gap-default\">\n\t\t\t\t\t<div class=\"elementor-column elementor-col-100 elementor-top-column elementor-element elementor-element-00d1e67\" data-id=\"00d1e67\" data-element_type=\"column\" data-e-type=\"column\">\n\t\t\t<div class=\"elementor-widget-wrap elementor-element-populated\">\n\t\t\t\t\t\t<div class=\"elementor-element elementor-element-28c01dc elementor-widget elementor-widget-heading\" data-id=\"28c01dc\" data-element_type=\"widget\" data-e-type=\"widget\" data-widget_type=\"heading.default\">\n\t\t\t\t<div class=\"elementor-widget-container\">\n\t\t\t\t\t<h2 class=\"elementor-heading-title elementor-size-default\">La magia de Islandia, un lugar \u00fanico<\/h2>\t\t\t\t<\/div>\n\t\t\t\t<\/div>\n\t\t\t\t<div class=\"elementor-element elementor-element-3d31142 elementor-widget elementor-widget-heading\" data-id=\"3d31142\" data-element_type=\"widget\" data-e-type=\"widget\" data-widget_type=\"heading.default\">\n\t\t\t\t<div class=\"elementor-widget-container\">\n\t\t\t\t\t<h2 class=\"elementor-heading-title elementor-size-default\">Acompa\u00f1amos a Sela en su traves\u00eda por la tierra del fuego y el hielo<\/h2>\t\t\t\t<\/div>\n\t\t\t\t<\/div>\n\t\t\t\t\t<\/div>\n\t\t<\/div>\n\t\t\t\t\t<\/div>\n\t\t<\/section>\n\t\t\t\t<section class=\"elementor-section elementor-top-section elementor-element elementor-element-cfb96ff elementor-section-boxed elementor-section-height-default elementor-section-height-default\" data-id=\"cfb96ff\" data-element_type=\"section\" data-e-type=\"section\">\n\t\t\t\t\t\t<div class=\"elementor-container elementor-column-gap-default\">\n\t\t\t\t\t<div class=\"elementor-column elementor-col-100 elementor-top-column elementor-element elementor-element-1ffee9b\" data-id=\"1ffee9b\" data-element_type=\"column\" data-e-type=\"column\">\n\t\t\t<div class=\"elementor-widget-wrap elementor-element-populated\">\n\t\t\t\t\t\t<div class=\"elementor-element elementor-element-79f6f61 elementor-share-buttons--view-icon elementor-share-buttons--skin-minimal elementor-share-buttons--shape-circle elementor-grid-0 elementor-share-buttons--color-official elementor-widget elementor-widget-share-buttons\" data-id=\"79f6f61\" data-element_type=\"widget\" data-e-type=\"widget\" data-widget_type=\"share-buttons.default\">\n\t\t\t\t<div class=\"elementor-widget-container\">\n\t\t\t\t\t\t\t<div class=\"elementor-grid\" role=\"list\">\n\t\t\t\t\t\t\t\t<div class=\"elementor-grid-item\" role=\"listitem\">\n\t\t\t\t\t\t<div class=\"elementor-share-btn elementor-share-btn_facebook\" role=\"button\" tabindex=\"0\" aria-label=\"Compartir en facebook\">\n\t\t\t\t\t\t\t\t\t\t\t\t\t\t\t<span class=\"elementor-share-btn__icon\">\n\t\t\t\t\t\t\t\t<i class=\"fab fa-facebook\" aria-hidden=\"true\"><\/i>\t\t\t\t\t\t\t<\/span>\n\t\t\t\t\t\t\t\t\t\t\t\t\t\t\t\t\t\t\t\t<\/div>\n\t\t\t\t\t<\/div>\n\t\t\t\t\t\t\t\t\t<div class=\"elementor-grid-item\" role=\"listitem\">\n\t\t\t\t\t\t<div class=\"elementor-share-btn elementor-share-btn_whatsapp\" role=\"button\" tabindex=\"0\" aria-label=\"Compartir en whatsapp\">\n\t\t\t\t\t\t\t\t\t\t\t\t\t\t\t<span class=\"elementor-share-btn__icon\">\n\t\t\t\t\t\t\t\t<i class=\"fab fa-whatsapp\" aria-hidden=\"true\"><\/i>\t\t\t\t\t\t\t<\/span>\n\t\t\t\t\t\t\t\t\t\t\t\t\t\t\t\t\t\t\t\t<\/div>\n\t\t\t\t\t<\/div>\n\t\t\t\t\t\t\t\t\t<div class=\"elementor-grid-item\" role=\"listitem\">\n\t\t\t\t\t\t<div class=\"elementor-share-btn elementor-share-btn_twitter\" role=\"button\" tabindex=\"0\" aria-label=\"Compartir en twitter\">\n\t\t\t\t\t\t\t\t\t\t\t\t\t\t\t<span class=\"elementor-share-btn__icon\">\n\t\t\t\t\t\t\t\t<i class=\"fab fa-twitter\" aria-hidden=\"true\"><\/i>\t\t\t\t\t\t\t<\/span>\n\t\t\t\t\t\t\t\t\t\t\t\t\t\t\t\t\t\t\t\t<\/div>\n\t\t\t\t\t<\/div>\n\t\t\t\t\t\t\t\t\t<div class=\"elementor-grid-item\" role=\"listitem\">\n\t\t\t\t\t\t<div class=\"elementor-share-btn elementor-share-btn_telegram\" role=\"button\" tabindex=\"0\" aria-label=\"Compartir en telegram\">\n\t\t\t\t\t\t\t\t\t\t\t\t\t\t\t<span class=\"elementor-share-btn__icon\">\n\t\t\t\t\t\t\t\t<i class=\"fab fa-telegram\" aria-hidden=\"true\"><\/i>\t\t\t\t\t\t\t<\/span>\n\t\t\t\t\t\t\t\t\t\t\t\t\t\t\t\t\t\t\t\t<\/div>\n\t\t\t\t\t<\/div>\n\t\t\t\t\t\t<\/div>\n\t\t\t\t\t\t<\/div>\n\t\t\t\t<\/div>\n\t\t\t\t<div class=\"elementor-element elementor-element-3bb6afd elementor-drop-cap-yes elementor-drop-cap-view-default elementor-widget elementor-widget-text-editor\" data-id=\"3bb6afd\" data-element_type=\"widget\" data-e-type=\"widget\" data-settings=\"{&quot;drop_cap&quot;:&quot;yes&quot;}\" data-widget_type=\"text-editor.default\">\n\t\t\t\t<div class=\"elementor-widget-container\">\n\t\t\t\t\t\t\t\t\t<p>Viajar al centro de la tierra es una tarea imposible debido a sus altas temperaturas y la dificultad a\u00f1adida de que no existen caminos practicables, pero al igual que el profesor Lidenbrock y su sobrino Axel, podemos viajar a Islandia donde nos espera un paisaje muy parecido. Esta tierra volc\u00e1nica es un destino \u00fanico que se muestra en su forma m\u00e1s salvaje y espectacular. Sus paisajes combinan volcanes activos, g\u00e9iseres, glaciares, cascadas\u2026<\/p>\t\t\t\t\t\t\t\t<\/div>\n\t\t\t\t<\/div>\n\t\t\t\t<div class=\"elementor-element elementor-element-590b3ef elementor-widget elementor-widget-heading\" data-id=\"590b3ef\" data-element_type=\"widget\" data-e-type=\"widget\" data-widget_type=\"heading.default\">\n\t\t\t\t<div class=\"elementor-widget-container\">\n\t\t\t\t\t<h2 class=\"elementor-heading-title elementor-size-default\">Un paisaje sacado de otro planeta<\/h2>\t\t\t\t<\/div>\n\t\t\t\t<\/div>\n\t\t\t\t<section class=\"elementor-section elementor-inner-section elementor-element elementor-element-84c5f5c elementor-section-boxed elementor-section-height-default elementor-section-height-default\" data-id=\"84c5f5c\" data-element_type=\"section\" data-e-type=\"section\">\n\t\t\t\t\t\t<div class=\"elementor-container elementor-column-gap-default\">\n\t\t\t\t\t<div class=\"elementor-column elementor-col-50 elementor-inner-column elementor-element elementor-element-f1f3985\" data-id=\"f1f3985\" data-element_type=\"column\" data-e-type=\"column\">\n\t\t\t<div class=\"elementor-widget-wrap elementor-element-populated\">\n\t\t\t\t\t\t<div class=\"elementor-element elementor-element-125e00c elementor-widget elementor-widget-text-editor\" data-id=\"125e00c\" data-element_type=\"widget\" data-e-type=\"widget\" data-widget_type=\"text-editor.default\">\n\t\t\t\t<div class=\"elementor-widget-container\">\n\t\t\t\t\t\t\t\t\t<p>Una experiencia inolvidable, que nuestra compa\u00f1era Sela nos cuenta como de maravillosa es y es que bajo sus propias palabras:<b> \u201cLa magia de Islandia te hace sentir que est\u00e1s en un lugar \u00fanico\u201d<\/b>. Mientras repasamos las fotograf\u00edas del viaje, nos damos cuenta de la belleza de los paisajes, distintos al resto y es que, aunque en Tuareg hayamos viajado mucho\u2026 siempre hay rincones de este planeta que nos siguen sorprendiendo.<\/p><p>La Pen\u00ednsula de Sn\u00e6fellsnes es nuestra primera parada. Conocida por los locales como <b>\u201cLa peque\u00f1a Islandia\u201d esta tierra volc\u00e1nica nos hace un peque\u00f1o <em>spoiler<\/em> de lo que ser\u00e1 nuestro viaje<\/b>. Cuevas, acantilados, playas de arena blanca o negra, formaciones bas\u00e1lticas esculpidas por el viento y a los pies del volc\u00e1n Sn\u00e6fellsj\u00f6kull. Una tierra donde los caballos de car\u00e1cter amigable campan a sus anchas aportando un toque m\u00e1gico en un lugar ya de por s\u00ed legendario.<\/p>\t\t\t\t\t\t\t\t<\/div>\n\t\t\t\t<\/div>\n\t\t\t\t<div class=\"elementor-element elementor-element-feab923 elementor-widget elementor-widget-heading\" data-id=\"feab923\" data-element_type=\"widget\" data-e-type=\"widget\" data-widget_type=\"heading.default\">\n\t\t\t\t<div class=\"elementor-widget-container\">\n\t\t\t\t\t<h2 class=\"elementor-heading-title elementor-size-default\">\"Sn\u00e6fellsnes nos hace un peque\u00f1o <i>spoiler<\/i> de lo que ser\u00e1 nuestro viaje\"<\/h2>\t\t\t\t<\/div>\n\t\t\t\t<\/div>\n\t\t\t\t\t<\/div>\n\t\t<\/div>\n\t\t\t\t<div class=\"elementor-column elementor-col-50 elementor-inner-column elementor-element elementor-element-e6efd61\" data-id=\"e6efd61\" data-element_type=\"column\" data-e-type=\"column\">\n\t\t\t<div class=\"elementor-widget-wrap elementor-element-populated\">\n\t\t\t\t\t\t<div class=\"elementor-element elementor-element-3a81f64 elementor-widget__width-initial elementor-widget-tablet__width-initial elementor-widget-mobile__width-initial elementor-widget elementor-widget-image\" data-id=\"3a81f64\" data-element_type=\"widget\" data-e-type=\"widget\" data-widget_type=\"image.default\">\n\t\t\t\t<div class=\"elementor-widget-container\">\n\t\t\t\t\t\t\t\t\t\t\t\t<figure class=\"wp-caption\">\n\t\t\t\t\t\t\t\t\t\t<img decoding=\"async\" width=\"680\" height=\"1111\" src=\"https:\/\/tuaregviatges.es\/articulos\/wp-content\/uploads\/islandia.jpg\" class=\"attachment-medium_large size-medium_large wp-image-11628\" alt=\"\" srcset=\"https:\/\/tuaregviatges.es\/articulos\/wp-content\/uploads\/islandia.jpg 680w, https:\/\/tuaregviatges.es\/articulos\/wp-content\/uploads\/islandia-184x300.jpg 184w, https:\/\/tuaregviatges.es\/articulos\/wp-content\/uploads\/islandia-328x536.jpg 328w\" sizes=\"(max-width: 680px) 100vw, 680px\" \/>\t\t\t\t\t\t\t\t\t\t\t<figcaption class=\"widget-image-caption wp-caption-text\">Autor foto: Jes\u00fas Vera<\/figcaption>\n\t\t\t\t\t\t\t\t\t\t<\/figure>\n\t\t\t\t\t\t\t\t\t<\/div>\n\t\t\t\t<\/div>\n\t\t\t\t\t<\/div>\n\t\t<\/div>\n\t\t\t\t\t<\/div>\n\t\t<\/section>\n\t\t\t\t<div class=\"elementor-element elementor-element-e1eea67 elementor-widget elementor-widget-text-editor\" data-id=\"e1eea67\" data-element_type=\"widget\" data-e-type=\"widget\" data-widget_type=\"text-editor.default\">\n\t\t\t\t<div class=\"elementor-widget-container\">\n\t\t\t\t\t\t\t\t\t<p>Avanzamos en nuestra ruta hacia el c\u00edrculo de Oro, Sela nos cuenta c\u00f3mo de impresionante es ver un chorro de agua hirviente que puede llegar a alcanzar 30 metros de altura. Imposible no quedarnos boquiabiertos en un entorno que se empapa de vapor. Pero esto es solo una peque\u00f1a parte del espect\u00e1culo de aguas que nos tiene preparada la isla, donde la Cascada de Gulfoss y sus fabulosos saltos de agua crean un entorno ruidoso a la par que espectacular, <b>ofreci\u00e9ndonos un momento para apreciar la fuerza de la naturaleza en todo su esplendor.<\/b><\/p>\t\t\t\t\t\t\t\t<\/div>\n\t\t\t\t<\/div>\n\t\t\t\t\t<\/div>\n\t\t<\/div>\n\t\t\t\t\t<\/div>\n\t\t<\/section>\n\t\t\t\t<section class=\"elementor-section elementor-top-section elementor-element elementor-element-392fbb4 elementor-section-boxed elementor-section-height-default elementor-section-height-default\" data-id=\"392fbb4\" data-element_type=\"section\" data-e-type=\"section\">\n\t\t\t\t\t\t<div class=\"elementor-container elementor-column-gap-default\">\n\t\t\t\t\t<div class=\"elementor-column elementor-col-100 elementor-top-column elementor-element elementor-element-c979f71\" data-id=\"c979f71\" data-element_type=\"column\" data-e-type=\"column\">\n\t\t\t<div class=\"elementor-widget-wrap elementor-element-populated\">\n\t\t\t\t\t\t<div class=\"elementor-element elementor-element-259b25a elementor-widget elementor-widget-heading\" data-id=\"259b25a\" data-element_type=\"widget\" data-e-type=\"widget\" data-widget_type=\"heading.default\">\n\t\t\t\t<div class=\"elementor-widget-container\">\n\t\t\t\t\t<h2 class=\"elementor-heading-title elementor-size-default\">Seguimos descubriendo la isla<\/h2>\t\t\t\t<\/div>\n\t\t\t\t<\/div>\n\t\t\t\t<div class=\"elementor-element elementor-element-81535ed elementor-widget elementor-widget-text-editor\" data-id=\"81535ed\" data-element_type=\"widget\" data-e-type=\"widget\" data-widget_type=\"text-editor.default\">\n\t\t\t\t<div class=\"elementor-widget-container\">\n\t\t\t\t\t\t\t\t\t<p>Es momento de emprender nuestra excursi\u00f3n a Landmannalaugar y es que toca <b>perdernos en un mar de tonos de musgo verdes y amarillos, en una tierra de intensa actividad volc\u00e1nica.<\/b> Sela nos cuenta c\u00f3mo se siente una sensaci\u00f3n de asombro absoluto estando en un paisaje casi surrealista que culmina con un peque\u00f1o ba\u00f1o dentro de sus calurosas aguas termales. Sin lugar a dudas, un bueno momento para relajarse tras un trekking a trav\u00e9s de un entorno exigente.<\/p>\t\t\t\t\t\t\t\t<\/div>\n\t\t\t\t<\/div>\n\t\t\t\t<section class=\"elementor-section elementor-inner-section elementor-element elementor-element-b9c0e43 elementor-section-boxed elementor-section-height-default elementor-section-height-default\" data-id=\"b9c0e43\" data-element_type=\"section\" data-e-type=\"section\">\n\t\t\t\t\t\t<div class=\"elementor-container elementor-column-gap-default\">\n\t\t\t\t\t<div class=\"elementor-column elementor-col-50 elementor-inner-column elementor-element elementor-element-6905eca\" data-id=\"6905eca\" data-element_type=\"column\" data-e-type=\"column\">\n\t\t\t<div class=\"elementor-widget-wrap elementor-element-populated\">\n\t\t\t\t\t\t<div class=\"elementor-element elementor-element-c63be22 elementor-widget__width-initial elementor-widget-tablet__width-initial elementor-widget-mobile__width-initial elementor-widget elementor-widget-image\" data-id=\"c63be22\" data-element_type=\"widget\" data-e-type=\"widget\" data-widget_type=\"image.default\">\n\t\t\t\t<div class=\"elementor-widget-container\">\n\t\t\t\t\t\t\t\t\t\t\t\t<figure class=\"wp-caption\">\n\t\t\t\t\t\t\t\t\t\t<img loading=\"lazy\" decoding=\"async\" width=\"768\" height=\"886\" src=\"https:\/\/tuaregviatges.es\/articulos\/wp-content\/uploads\/trolls.jpg\" class=\"attachment-medium_large size-medium_large wp-image-11627\" alt=\"\" srcset=\"https:\/\/tuaregviatges.es\/articulos\/wp-content\/uploads\/trolls.jpg 768w, https:\/\/tuaregviatges.es\/articulos\/wp-content\/uploads\/trolls-260x300.jpg 260w, https:\/\/tuaregviatges.es\/articulos\/wp-content\/uploads\/trolls-465x536.jpg 465w\" sizes=\"(max-width: 768px) 100vw, 768px\" \/>\t\t\t\t\t\t\t\t\t\t\t<figcaption class=\"widget-image-caption wp-caption-text\"><\/figcaption>\n\t\t\t\t\t\t\t\t\t\t<\/figure>\n\t\t\t\t\t\t\t\t\t<\/div>\n\t\t\t\t<\/div>\n\t\t\t\t\t<\/div>\n\t\t<\/div>\n\t\t\t\t<div class=\"elementor-column elementor-col-50 elementor-inner-column elementor-element elementor-element-79e04bb\" data-id=\"79e04bb\" data-element_type=\"column\" data-e-type=\"column\">\n\t\t\t<div class=\"elementor-widget-wrap elementor-element-populated\">\n\t\t\t\t\t\t<div class=\"elementor-element elementor-element-fe5f13c elementor-widget__width-initial elementor-widget elementor-widget-text-editor\" data-id=\"fe5f13c\" data-element_type=\"widget\" data-e-type=\"widget\" data-widget_type=\"text-editor.default\">\n\t\t\t\t<div class=\"elementor-widget-container\">\n\t\t\t\t\t\t\t\t\t<p>Tras nuestro paso por Landmannalaugar nos dirigimos hacia la laguna conocida como Fjalls\u00e1rl\u00f3n que permite rodearla transportados por una zodiac. Eso s\u00ed, siempre con la c\u00e1mara en la mano porque <b>el lugar se presta a tomar buenas fotograf\u00edas.<\/b> Un momento para tomar conciencia sobre la humanidad y como el cambio clim\u00e1tico est\u00e1 afectando esta zona de glaciares y emprendemos nuestro camino de regreso.<\/p><p>Nuestra siguiente parada es tan bonita como dif\u00edcil de pronunciar. Como dice Sela, el Island\u00e9s es uno de los idiomas m\u00e1s complicados de aprender del mundo y no es por menos; <b>Kirkjub\u00e6jarklaustur puede provocarte una visita al logopeda<\/b>. A\u00fan as\u00ed, sus playas de arena negra est\u00e1n rodeadas de impresionantes formaciones de basalto donde fueron petrificados los famosos \u201cTrolls\u201d De Reynisdrangar y que a d\u00eda de hoy se encuentran frente al mar. \u00a0<\/p>\t\t\t\t\t\t\t\t<\/div>\n\t\t\t\t<\/div>\n\t\t\t\t\t<\/div>\n\t\t<\/div>\n\t\t\t\t\t<\/div>\n\t\t<\/section>\n\t\t\t\t\t<\/div>\n\t\t<\/div>\n\t\t\t\t\t<\/div>\n\t\t<\/section>\n\t\t\t\t<section class=\"elementor-section elementor-top-section elementor-element elementor-element-61fb7ab elementor-section-boxed elementor-section-height-default elementor-section-height-default\" data-id=\"61fb7ab\" data-element_type=\"section\" data-e-type=\"section\">\n\t\t\t\t\t\t<div class=\"elementor-container elementor-column-gap-default\">\n\t\t\t\t\t<div class=\"elementor-column elementor-col-100 elementor-top-column elementor-element elementor-element-be82dea\" data-id=\"be82dea\" data-element_type=\"column\" data-e-type=\"column\">\n\t\t\t<div class=\"elementor-widget-wrap elementor-element-populated\">\n\t\t\t\t\t\t<div class=\"elementor-element elementor-element-53234b1 elementor-widget elementor-widget-heading\" data-id=\"53234b1\" data-element_type=\"widget\" data-e-type=\"widget\" data-widget_type=\"heading.default\">\n\t\t\t\t<div class=\"elementor-widget-container\">\n\t\t\t\t\t<h2 class=\"elementor-heading-title elementor-size-default\">Poco a poco se acerca la despedida<\/h2>\t\t\t\t<\/div>\n\t\t\t\t<\/div>\n\t\t\t\t<div class=\"elementor-element elementor-element-5fa0d76 elementor-widget elementor-widget-text-editor\" data-id=\"5fa0d76\" data-element_type=\"widget\" data-e-type=\"widget\" data-widget_type=\"text-editor.default\">\n\t\t\t\t<div class=\"elementor-widget-container\">\n\t\t\t\t\t\t\t\t\t<p>Poco m\u00e1s tiempo nos queda en la isla, y una sensaci\u00f3n de vac\u00edo nos invade. Islandia tiene mucho por descubrir y tras visitar la cascada de Sk\u00f3gafoss, una de las m\u00e1s grandes con 60 metros de altura, nos dirigimos hacia Glymur. Esta tiene el r\u00e9cord de la isla con sus 198m y es una de las m\u00e1s bellas de la isla, nutri\u00e9ndose del deshielo glaciar. <b>Pero el agua no es solo el espect\u00e1culo, su emplazamiento es lo que m\u00e1s sorprendi\u00f3<\/b> a nuestra compa\u00f1era y es que en el camino hacia ella, pasaremos por un estrecho ca\u00f1\u00f3n y un fiordo.<\/p><p>\u00a0<\/p><p>De vuelta a nuestra ciudad una mezcla de sensaciones de nostalgia inmediata nos recorre, como si una parte de nosotros se hubiera quedado en esos paisajes de fuego y hielo, donde las fr\u00edas ma\u00f1anas recorriendo monta\u00f1as de colores imposibles se han quedado grabadas en nuestras retinas. <b>Islandia siempre estar\u00e1 ah\u00ed, igual que en nuestros corazones, y por mucho que la sigamos visitando, siempre tendr\u00e1 algo nuevo preparado para sorprendernos.<\/b><\/p>\t\t\t\t\t\t\t\t<\/div>\n\t\t\t\t<\/div>\n\t\t\t\t\t<\/div>\n\t\t<\/div>\n\t\t\t\t\t<\/div>\n\t\t<\/section>\n\t\t\t\t<section class=\"elementor-section elementor-top-section elementor-element elementor-element-c321df4 elementor-section-boxed elementor-section-height-default elementor-section-height-default\" data-id=\"c321df4\" data-element_type=\"section\" data-e-type=\"section\">\n\t\t\t\t\t\t<div class=\"elementor-container elementor-column-gap-default\">\n\t\t\t\t\t<div class=\"elementor-column elementor-col-100 elementor-top-column elementor-element elementor-element-f9cfe5e\" data-id=\"f9cfe5e\" data-element_type=\"column\" data-e-type=\"column\">\n\t\t\t<div class=\"elementor-widget-wrap elementor-element-populated\">\n\t\t\t\t\t\t<div class=\"elementor-element elementor-element-f5fae99 elementor-widget elementor-widget-image\" data-id=\"f5fae99\" data-element_type=\"widget\" data-e-type=\"widget\" data-widget_type=\"image.default\">\n\t\t\t\t<div class=\"elementor-widget-container\">\n\t\t\t\t\t\t\t\t\t\t\t\t<figure class=\"wp-caption\">\n\t\t\t\t\t\t\t\t\t\t<img loading=\"lazy\" decoding=\"async\" width=\"2048\" height=\"876\" src=\"https:\/\/tuaregviatges.es\/articulos\/wp-content\/uploads\/lanmanalaugar-jordifarre.jpg\" class=\"attachment-full size-full wp-image-11672\" alt=\"\" srcset=\"https:\/\/tuaregviatges.es\/articulos\/wp-content\/uploads\/lanmanalaugar-jordifarre.jpg 2048w, https:\/\/tuaregviatges.es\/articulos\/wp-content\/uploads\/lanmanalaugar-jordifarre-300x128.jpg 300w, https:\/\/tuaregviatges.es\/articulos\/wp-content\/uploads\/lanmanalaugar-jordifarre-1253x536.jpg 1253w, https:\/\/tuaregviatges.es\/articulos\/wp-content\/uploads\/lanmanalaugar-jordifarre-768x329.jpg 768w, https:\/\/tuaregviatges.es\/articulos\/wp-content\/uploads\/lanmanalaugar-jordifarre-1536x657.jpg 1536w\" sizes=\"(max-width: 2048px) 100vw, 2048px\" \/>\t\t\t\t\t\t\t\t\t\t\t<figcaption class=\"widget-image-caption wp-caption-text\">Autor foto: Jordi Farre<\/figcaption>\n\t\t\t\t\t\t\t\t\t\t<\/figure>\n\t\t\t\t\t\t\t\t\t<\/div>\n\t\t\t\t<\/div>\n\t\t\t\t\t<\/div>\n\t\t<\/div>\n\t\t\t\t\t<\/div>\n\t\t<\/section>\n\t\t\t\t<section class=\"elementor-section elementor-top-section elementor-element elementor-element-aa2296a elementor-section-boxed elementor-section-height-default elementor-section-height-default\" data-id=\"aa2296a\" data-element_type=\"section\" data-e-type=\"section\">\n\t\t\t\t\t\t<div class=\"elementor-container elementor-column-gap-default\">\n\t\t\t\t\t<div class=\"elementor-column elementor-col-100 elementor-top-column elementor-element elementor-element-fef2c63\" data-id=\"fef2c63\" data-element_type=\"column\" data-e-type=\"column\">\n\t\t\t<div class=\"elementor-widget-wrap elementor-element-populated\">\n\t\t\t\t\t\t<div class=\"elementor-element elementor-element-4bd17a3 elementor-widget elementor-widget-heading\" data-id=\"4bd17a3\" data-element_type=\"widget\" data-e-type=\"widget\" data-widget_type=\"heading.default\">\n\t\t\t\t<div class=\"elementor-widget-container\">\n\t\t\t\t\t<h2 class=\"elementor-heading-title elementor-size-default\">\u00a1Comparte este art\u00edculo con tus amigos!<\/h2>\t\t\t\t<\/div>\n\t\t\t\t<\/div>\n\t\t\t\t<div class=\"elementor-element elementor-element-8702706 elementor-share-buttons--view-icon-text elementor-share-buttons--skin-gradient elementor-share-buttons--shape-square elementor-grid-0 elementor-share-buttons--color-official elementor-widget elementor-widget-share-buttons\" data-id=\"8702706\" data-element_type=\"widget\" data-e-type=\"widget\" data-widget_type=\"share-buttons.default\">\n\t\t\t\t<div class=\"elementor-widget-container\">\n\t\t\t\t\t\t\t<div class=\"elementor-grid\" role=\"list\">\n\t\t\t\t\t\t\t\t<div class=\"elementor-grid-item\" role=\"listitem\">\n\t\t\t\t\t\t<div class=\"elementor-share-btn elementor-share-btn_facebook\" role=\"button\" tabindex=\"0\" aria-label=\"Compartir en facebook\">\n\t\t\t\t\t\t\t\t\t\t\t\t\t\t\t<span class=\"elementor-share-btn__icon\">\n\t\t\t\t\t\t\t\t<i class=\"fab fa-facebook\" aria-hidden=\"true\"><\/i>\t\t\t\t\t\t\t<\/span>\n\t\t\t\t\t\t\t\t\t\t\t\t\t\t\t\t\t\t\t\t\t\t<div class=\"elementor-share-btn__text\">\n\t\t\t\t\t\t\t\t\t\t\t\t\t\t\t\t\t\t\t<span class=\"elementor-share-btn__title\">\n\t\t\t\t\t\t\t\t\t\tFacebook\t\t\t\t\t\t\t\t\t<\/span>\n\t\t\t\t\t\t\t\t\t\t\t\t\t\t\t\t\t<\/div>\n\t\t\t\t\t\t\t\t\t\t\t\t\t<\/div>\n\t\t\t\t\t<\/div>\n\t\t\t\t\t\t\t\t\t<div class=\"elementor-grid-item\" role=\"listitem\">\n\t\t\t\t\t\t<div class=\"elementor-share-btn elementor-share-btn_whatsapp\" role=\"button\" tabindex=\"0\" aria-label=\"Compartir en whatsapp\">\n\t\t\t\t\t\t\t\t\t\t\t\t\t\t\t<span class=\"elementor-share-btn__icon\">\n\t\t\t\t\t\t\t\t<i class=\"fab fa-whatsapp\" aria-hidden=\"true\"><\/i>\t\t\t\t\t\t\t<\/span>\n\t\t\t\t\t\t\t\t\t\t\t\t\t\t\t\t\t\t\t\t\t\t<div class=\"elementor-share-btn__text\">\n\t\t\t\t\t\t\t\t\t\t\t\t\t\t\t\t\t\t\t<span class=\"elementor-share-btn__title\">\n\t\t\t\t\t\t\t\t\t\tWhatsApp\t\t\t\t\t\t\t\t\t<\/span>\n\t\t\t\t\t\t\t\t\t\t\t\t\t\t\t\t\t<\/div>\n\t\t\t\t\t\t\t\t\t\t\t\t\t<\/div>\n\t\t\t\t\t<\/div>\n\t\t\t\t\t\t\t\t\t<div class=\"elementor-grid-item\" role=\"listitem\">\n\t\t\t\t\t\t<div class=\"elementor-share-btn elementor-share-btn_twitter\" role=\"button\" tabindex=\"0\" aria-label=\"Compartir en twitter\">\n\t\t\t\t\t\t\t\t\t\t\t\t\t\t\t<span class=\"elementor-share-btn__icon\">\n\t\t\t\t\t\t\t\t<i class=\"fab fa-twitter\" aria-hidden=\"true\"><\/i>\t\t\t\t\t\t\t<\/span>\n\t\t\t\t\t\t\t\t\t\t\t\t\t\t\t\t\t\t\t\t\t\t<div class=\"elementor-share-btn__text\">\n\t\t\t\t\t\t\t\t\t\t\t\t\t\t\t\t\t\t\t<span class=\"elementor-share-btn__title\">\n\t\t\t\t\t\t\t\t\t\tTwitter\t\t\t\t\t\t\t\t\t<\/span>\n\t\t\t\t\t\t\t\t\t\t\t\t\t\t\t\t\t<\/div>\n\t\t\t\t\t\t\t\t\t\t\t\t\t<\/div>\n\t\t\t\t\t<\/div>\n\t\t\t\t\t\t\t\t\t<div class=\"elementor-grid-item\" role=\"listitem\">\n\t\t\t\t\t\t<div class=\"elementor-share-btn elementor-share-btn_telegram\" role=\"button\" tabindex=\"0\" aria-label=\"Compartir en telegram\">\n\t\t\t\t\t\t\t\t\t\t\t\t\t\t\t<span class=\"elementor-share-btn__icon\">\n\t\t\t\t\t\t\t\t<i class=\"fab fa-telegram\" aria-hidden=\"true\"><\/i>\t\t\t\t\t\t\t<\/span>\n\t\t\t\t\t\t\t\t\t\t\t\t\t\t\t\t\t\t\t\t\t\t<div class=\"elementor-share-btn__text\">\n\t\t\t\t\t\t\t\t\t\t\t\t\t\t\t\t\t\t\t<span class=\"elementor-share-btn__title\">\n\t\t\t\t\t\t\t\t\t\tTelegram\t\t\t\t\t\t\t\t\t<\/span>\n\t\t\t\t\t\t\t\t\t\t\t\t\t\t\t\t\t<\/div>\n\t\t\t\t\t\t\t\t\t\t\t\t\t<\/div>\n\t\t\t\t\t<\/div>\n\t\t\t\t\t\t<\/div>\n\t\t\t\t\t\t<\/div>\n\t\t\t\t<\/div>\n\t\t\t\t\t<\/div>\n\t\t<\/div>\n\t\t\t\t\t<\/div>\n\t\t<\/section>\n\t\t\t\t<section class=\"elementor-section elementor-top-section elementor-element elementor-element-8561371 elementor-section-boxed elementor-section-height-default elementor-section-height-default\" data-id=\"8561371\" data-element_type=\"section\" data-e-type=\"section\">\n\t\t\t\t\t\t<div class=\"elementor-container elementor-column-gap-default\">\n\t\t\t\t\t<div class=\"elementor-column elementor-col-100 elementor-top-column elementor-element elementor-element-e584f7d\" data-id=\"e584f7d\" data-element_type=\"column\" data-e-type=\"column\">\n\t\t\t<div class=\"elementor-widget-wrap elementor-element-populated\">\n\t\t\t\t\t\t<div class=\"elementor-element elementor-element-ce7acb5 elementor-widget elementor-widget-heading\" data-id=\"ce7acb5\" data-element_type=\"widget\" data-e-type=\"widget\" data-widget_type=\"heading.default\">\n\t\t\t\t<div class=\"elementor-widget-container\">\n\t\t\t\t\t<h1 class=\"elementor-heading-title elementor-size-default\">Art\u00edculos relacionados<\/h1>\t\t\t\t<\/div>\n\t\t\t\t<\/div>\n\t\t\t\t<div class=\"elementor-element elementor-element-b68f2d3 elementor-grid-3 elementor-grid-tablet-2 elementor-grid-mobile-1 elementor-posts--thumbnail-top elementor-card-shadow-yes elementor-posts__hover-gradient elementor-widget elementor-widget-posts\" data-id=\"b68f2d3\" data-element_type=\"widget\" data-e-type=\"widget\" data-settings=\"{&quot;pagination_type&quot;:&quot;prev_next&quot;,&quot;cards_columns&quot;:&quot;3&quot;,&quot;cards_columns_tablet&quot;:&quot;2&quot;,&quot;cards_columns_mobile&quot;:&quot;1&quot;,&quot;cards_row_gap&quot;:{&quot;unit&quot;:&quot;px&quot;,&quot;size&quot;:35,&quot;sizes&quot;:[]},&quot;cards_row_gap_tablet&quot;:{&quot;unit&quot;:&quot;px&quot;,&quot;size&quot;:&quot;&quot;,&quot;sizes&quot;:[]},&quot;cards_row_gap_mobile&quot;:{&quot;unit&quot;:&quot;px&quot;,&quot;size&quot;:&quot;&quot;,&quot;sizes&quot;:[]}}\" data-widget_type=\"posts.cards\">\n\t\t\t\t<div class=\"elementor-widget-container\">\n\t\t\t\t\t\t\t<div class=\"elementor-posts-container elementor-posts elementor-posts--skin-cards elementor-grid\" role=\"list\">\n\t\t\t\t<article class=\"elementor-post elementor-grid-item post-13857 post type-post status-publish format-standard has-post-thumbnail hentry category-africa tag-safari\" role=\"listitem\">\n\t\t\t<div class=\"elementor-post__card\">\n\t\t\t\t<a class=\"elementor-post__thumbnail__link\" href=\"https:\/\/tuaregviatges.es\/articulos\/mas-alla-de-los-clasicos-el-sur-de-tanzania\/\" tabindex=\"-1\" ><div class=\"elementor-post__thumbnail\"><img loading=\"lazy\" decoding=\"async\" width=\"2048\" height=\"876\" src=\"https:\/\/tuaregviatges.es\/articulos\/wp-content\/uploads\/portada-tanzania-1.jpg\" class=\"attachment-full size-full wp-image-13967\" alt=\"\" srcset=\"https:\/\/tuaregviatges.es\/articulos\/wp-content\/uploads\/portada-tanzania-1.jpg 2048w, https:\/\/tuaregviatges.es\/articulos\/wp-content\/uploads\/portada-tanzania-1-300x128.jpg 300w, https:\/\/tuaregviatges.es\/articulos\/wp-content\/uploads\/portada-tanzania-1-1253x536.jpg 1253w, https:\/\/tuaregviatges.es\/articulos\/wp-content\/uploads\/portada-tanzania-1-768x329.jpg 768w, https:\/\/tuaregviatges.es\/articulos\/wp-content\/uploads\/portada-tanzania-1-1536x657.jpg 1536w\" sizes=\"(max-width: 2048px) 100vw, 2048px\" \/><\/div><\/a>\n\t\t\t\t<div class=\"elementor-post__text\">\n\t\t\t\t<h1 class=\"elementor-post__title\">\n\t\t\t<a href=\"https:\/\/tuaregviatges.es\/articulos\/mas-alla-de-los-clasicos-el-sur-de-tanzania\/\" >\n\t\t\t\tM\u00e1s all\u00e1 de los cl\u00e1sicos: el sur de Tanzania\t\t\t<\/a>\n\t\t<\/h1>\n\t\t\t\t<div class=\"elementor-post__excerpt\">\n\t\t\t<p>uando fijamos la mirada en Tanzania, a simple vista, r\u00e1pidamente se\u00f1alamos el Serengeti. Y aunque para aquellos que lo hay\u00e1is visitado es un viaje que te transforma, poco saben que el sur de Tanzania es capaz de ofrecer la misma experiencia o mejor. Y es que, no es lo mismo ver un leopardo entre diez 4\u00d74 que cruzarte con \u00e9l en solitario. <\/p>\n\t\t<\/div>\n\t\t\n\t\t<a class=\"elementor-post__read-more\" href=\"https:\/\/tuaregviatges.es\/articulos\/mas-alla-de-los-clasicos-el-sur-de-tanzania\/\" aria-label=\"M\u00e1s informaci\u00f3n sobre M\u00e1s all\u00e1 de los cl\u00e1sicos: el sur de Tanzania\" tabindex=\"-1\" >\n\t\t\tLeer m\u00e1s \u00bb\t\t<\/a>\n\n\t\t\t\t<\/div>\n\t\t\t\t<div class=\"elementor-post__meta-data\">\n\t\t\t\t\t<span class=\"elementor-post-date\">\n\t\t\t16 de abril de 2026\t\t<\/span>\n\t\t\t\t<\/div>\n\t\t\t\t\t<\/div>\n\t\t<\/article>\n\t\t\t\t<article class=\"elementor-post elementor-grid-item post-13519 post type-post status-publish format-standard has-post-thumbnail hentry category-asia\" role=\"listitem\">\n\t\t\t<div class=\"elementor-post__card\">\n\t\t\t\t<a class=\"elementor-post__thumbnail__link\" href=\"https:\/\/tuaregviatges.es\/articulos\/asia-central-kirguistan-uzbekistan-kazajistan\/\" tabindex=\"-1\" ><div class=\"elementor-post__thumbnail\"><img loading=\"lazy\" decoding=\"async\" width=\"2048\" height=\"876\" src=\"https:\/\/tuaregviatges.es\/articulos\/wp-content\/uploads\/back.stans_.jpg\" class=\"attachment-full size-full wp-image-13523\" alt=\"\" srcset=\"https:\/\/tuaregviatges.es\/articulos\/wp-content\/uploads\/back.stans_.jpg 2048w, https:\/\/tuaregviatges.es\/articulos\/wp-content\/uploads\/back.stans_-300x128.jpg 300w, https:\/\/tuaregviatges.es\/articulos\/wp-content\/uploads\/back.stans_-1253x536.jpg 1253w, https:\/\/tuaregviatges.es\/articulos\/wp-content\/uploads\/back.stans_-768x329.jpg 768w, https:\/\/tuaregviatges.es\/articulos\/wp-content\/uploads\/back.stans_-1536x657.jpg 1536w\" sizes=\"(max-width: 2048px) 100vw, 2048px\" \/><\/div><\/a>\n\t\t\t\t<div class=\"elementor-post__text\">\n\t\t\t\t<h1 class=\"elementor-post__title\">\n\t\t\t<a href=\"https:\/\/tuaregviatges.es\/articulos\/asia-central-kirguistan-uzbekistan-kazajistan\/\" >\n\t\t\t\tAsia Central: Kirguist\u00e1n, Uzbekist\u00e1n, Kazajist\u00e1n\t\t\t<\/a>\n\t\t<\/h1>\n\t\t\t\t<div class=\"elementor-post__excerpt\">\n\t\t\t<p>Asia central es un coctel irresistible en el que se mezclan la ruta de la seda, sultanes, n\u00f3madas, monta\u00f1as de 5.000 m, estepas, modernidad y memoria de la antigua URSS.\u00a0 Pero no todo se encuentra en todas partes. Esta comparativa ayuda a entender que tipo de viaje propone cada destino\u2026 y cual encaja mejor con cada viajero<\/p>\n\t\t<\/div>\n\t\t\n\t\t<a class=\"elementor-post__read-more\" href=\"https:\/\/tuaregviatges.es\/articulos\/asia-central-kirguistan-uzbekistan-kazajistan\/\" aria-label=\"M\u00e1s informaci\u00f3n sobre Asia Central: Kirguist\u00e1n, Uzbekist\u00e1n, Kazajist\u00e1n\" tabindex=\"-1\" >\n\t\t\tLeer m\u00e1s \u00bb\t\t<\/a>\n\n\t\t\t\t<\/div>\n\t\t\t\t<div class=\"elementor-post__meta-data\">\n\t\t\t\t\t<span class=\"elementor-post-date\">\n\t\t\t30 de marzo de 2026\t\t<\/span>\n\t\t\t\t<\/div>\n\t\t\t\t\t<\/div>\n\t\t<\/article>\n\t\t\t\t<article class=\"elementor-post elementor-grid-item post-13486 post type-post status-publish format-standard has-post-thumbnail hentry category-africa\" role=\"listitem\">\n\t\t\t<div class=\"elementor-post__card\">\n\t\t\t\t<a class=\"elementor-post__thumbnail__link\" href=\"https:\/\/tuaregviatges.es\/articulos\/donde-ruge-el-salvaje-zambeze\/\" tabindex=\"-1\" ><div class=\"elementor-post__thumbnail\"><img loading=\"lazy\" decoding=\"async\" width=\"2048\" height=\"876\" src=\"https:\/\/tuaregviatges.es\/articulos\/wp-content\/uploads\/portada-zambeze-1.jpg\" class=\"attachment-full size-full wp-image-13508\" alt=\"\" srcset=\"https:\/\/tuaregviatges.es\/articulos\/wp-content\/uploads\/portada-zambeze-1.jpg 2048w, https:\/\/tuaregviatges.es\/articulos\/wp-content\/uploads\/portada-zambeze-1-300x128.jpg 300w, https:\/\/tuaregviatges.es\/articulos\/wp-content\/uploads\/portada-zambeze-1-1253x536.jpg 1253w, https:\/\/tuaregviatges.es\/articulos\/wp-content\/uploads\/portada-zambeze-1-768x329.jpg 768w, https:\/\/tuaregviatges.es\/articulos\/wp-content\/uploads\/portada-zambeze-1-1536x657.jpg 1536w\" sizes=\"(max-width: 2048px) 100vw, 2048px\" \/><\/div><\/a>\n\t\t\t\t<div class=\"elementor-post__text\">\n\t\t\t\t<h1 class=\"elementor-post__title\">\n\t\t\t<a href=\"https:\/\/tuaregviatges.es\/articulos\/donde-ruge-el-salvaje-zambeze\/\" >\n\t\t\t\tDonde ruge el salvaje Zambeze\t\t\t<\/a>\n\t\t<\/h1>\n\t\t\t\t<div class=\"elementor-post__excerpt\">\n\t\t\t<p>En el coraz\u00f3n del sur de \u00c1frica fluye un r\u00edo que durante siglos marc\u00f3 fronteras naturales, rutas comerciales y territorios de exploraci\u00f3n. El Zambeze es mucho m\u00e1s que una l\u00ednea azul en el mapa que delimita las fronteras de Zimbabwe y Zambia. Es la columna vertebral que atraviesa paisajes salvajes, culturas ancestrales y los escenarios m\u00e1s impresionantes del continente. <\/p>\n\t\t<\/div>\n\t\t\n\t\t<a class=\"elementor-post__read-more\" href=\"https:\/\/tuaregviatges.es\/articulos\/donde-ruge-el-salvaje-zambeze\/\" aria-label=\"M\u00e1s informaci\u00f3n sobre Donde ruge el salvaje Zambeze\" tabindex=\"-1\" >\n\t\t\tLeer m\u00e1s \u00bb\t\t<\/a>\n\n\t\t\t\t<\/div>\n\t\t\t\t<div class=\"elementor-post__meta-data\">\n\t\t\t\t\t<span class=\"elementor-post-date\">\n\t\t\t11 de marzo de 2026\t\t<\/span>\n\t\t\t\t<\/div>\n\t\t\t\t\t<\/div>\n\t\t<\/article>\n\t\t\t\t<\/div>\n\t\t\n\t\t\t\t<div class=\"e-load-more-anchor\" data-page=\"1\" data-max-page=\"18\" data-next-page=\"https:\/\/tuaregviatges.es\/articulos\/wp-json\/wp\/v2\/posts\/11596\/page\/2\/\"><\/div>\n\t\t\t\t<nav class=\"elementor-pagination\" aria-label=\"Paginaci\u00f3n\">\n\t\t\t<span class=\"page-numbers prev\">&laquo; Anterior<\/span>\r\n<a class=\"page-numbers next\" href=\"https:\/\/tuaregviatges.es\/articulos\/wp-json\/wp\/v2\/posts\/11596\/page\/2\/\">Siguiente &raquo;<\/a>\t\t<\/nav>\n\t\t\t\t\t\t<\/div>\n\t\t\t\t<\/div>\n\t\t\t\t\t<\/div>\n\t\t<\/div>\n\t\t\t\t\t<\/div>\n\t\t<\/section>\n\t\t\t\t<\/div>\n\t\t","protected":false},"excerpt":{"rendered":"<p>Viajar al centro de la tierra es una tarea imposible debido a sus altas temperaturas y la dificultad a\u00f1adida de que no existen caminos practicables, pero al igual que el profesor Lidenbrock y su sobrino Axel, podemos viajar a Islandia donde nos espera un paisaje muy parecido.<\/p>\n","protected":false},"author":3,"featured_media":11645,"comment_status":"closed","ping_status":"closed","sticky":false,"template":"","format":"standard","meta":{"footnotes":""},"categories":[1],"tags":[],"class_list":["post-11596","post","type-post","status-publish","format-standard","has-post-thumbnail","hentry","category-america-norte-y-centro"],"_links":{"self":[{"href":"https:\/\/tuaregviatges.es\/articulos\/wp-json\/wp\/v2\/posts\/11596","targetHints":{"allow":["GET"]}}],"collection":[{"href":"https:\/\/tuaregviatges.es\/articulos\/wp-json\/wp\/v2\/posts"}],"about":[{"href":"https:\/\/tuaregviatges.es\/articulos\/wp-json\/wp\/v2\/types\/post"}],"author":[{"embeddable":true,"href":"https:\/\/tuaregviatges.es\/articulos\/wp-json\/wp\/v2\/users\/3"}],"replies":[{"embeddable":true,"href":"https:\/\/tuaregviatges.es\/articulos\/wp-json\/wp\/v2\/comments?post=11596"}],"version-history":[{"count":116,"href":"https:\/\/tuaregviatges.es\/articulos\/wp-json\/wp\/v2\/posts\/11596\/revisions"}],"predecessor-version":[{"id":13282,"href":"https:\/\/tuaregviatges.es\/articulos\/wp-json\/wp\/v2\/posts\/11596\/revisions\/13282"}],"wp:featuredmedia":[{"embeddable":true,"href":"https:\/\/tuaregviatges.es\/articulos\/wp-json\/wp\/v2\/media\/11645"}],"wp:attachment":[{"href":"https:\/\/tuaregviatges.es\/articulos\/wp-json\/wp\/v2\/media?parent=11596"}],"wp:term":[{"taxonomy":"category","embeddable":true,"href":"https:\/\/tuaregviatges.es\/articulos\/wp-json\/wp\/v2\/categories?post=11596"},{"taxonomy":"post_tag","embeddable":true,"href":"https:\/\/tuaregviatges.es\/articulos\/wp-json\/wp\/v2\/tags?post=11596"}],"curies":[{"name":"wp","href":"https:\/\/api.w.org\/{rel}","templated":true}]}}