{"id":17674,"date":"2026-09-01T08:51:14","date_gmt":"2026-09-01T08:51:14","guid":{"rendered":"https:\/\/tuaregviatges.es\/articulos\/?p=17674"},"modified":"2026-09-01T15:08:04","modified_gmt":"2026-09-01T15:08:04","slug":"senegal-no-se-visita-se-comparte","status":"publish","type":"post","link":"https:\/\/tuaregviatges.es\/articulos\/senegal-no-se-visita-se-comparte\/","title":{"rendered":"Senegal: El pa\u00eds que no se visita, se comparte"},"content":{"rendered":"\t\t<div data-elementor-type=\"wp-post\" data-elementor-id=\"17674\" class=\"elementor elementor-17674\" data-elementor-post-type=\"post\">\n\t\t\t\t\t\t<section class=\"elementor-section elementor-top-section elementor-element elementor-element-b1d8732 elementor-hidden-mobile elementor-section-boxed elementor-section-height-default elementor-section-height-default\" data-id=\"b1d8732\" data-element_type=\"section\" data-e-type=\"section\" data-settings=\"{&quot;background_background&quot;:&quot;classic&quot;,&quot;sticky&quot;:&quot;top&quot;,&quot;sticky_on&quot;:[&quot;desktop&quot;],&quot;motion_fx_motion_fx_scrolling&quot;:&quot;yes&quot;,&quot;motion_fx_opacity_effect&quot;:&quot;yes&quot;,&quot;motion_fx_opacity_level&quot;:{&quot;unit&quot;:&quot;px&quot;,&quot;size&quot;:1.6,&quot;sizes&quot;:[]},&quot;motion_fx_devices&quot;:[&quot;desktop&quot;],&quot;motion_fx_opacity_direction&quot;:&quot;out-in&quot;,&quot;motion_fx_opacity_range&quot;:{&quot;unit&quot;:&quot;%&quot;,&quot;size&quot;:&quot;&quot;,&quot;sizes&quot;:{&quot;start&quot;:20,&quot;end&quot;:80}},&quot;sticky_offset&quot;:0,&quot;sticky_effects_offset&quot;:0,&quot;sticky_anchor_link_offset&quot;:0}\">\n\t\t\t\t\t\t<div class=\"elementor-container elementor-column-gap-default\">\n\t\t\t\t\t<div class=\"elementor-column elementor-col-16 elementor-top-column elementor-element elementor-element-f1d8ad8\" data-id=\"f1d8ad8\" data-element_type=\"column\" data-e-type=\"column\">\n\t\t\t<div class=\"elementor-widget-wrap elementor-element-populated\">\n\t\t\t\t\t\t<div class=\"elementor-element elementor-element-b017bdb elementor-widget elementor-widget-image\" data-id=\"b017bdb\" data-element_type=\"widget\" data-e-type=\"widget\" data-widget_type=\"image.default\">\n\t\t\t\t<div class=\"elementor-widget-container\">\n\t\t\t\t\t\t\t\t\t\t\t\t\t\t\t\t<a href=\"https:\/\/tuaregviatges.es\/\" target=\"_blank\">\n\t\t\t\t\t\t\t<img fetchpriority=\"high\" decoding=\"async\" width=\"350\" height=\"466\" src=\"https:\/\/tuaregviatges.es\/articulos\/wp-content\/uploads\/logo-tuareg-alto.png\" class=\"attachment-large size-large wp-image-4730\" alt=\"\" srcset=\"https:\/\/tuaregviatges.es\/articulos\/wp-content\/uploads\/logo-tuareg-alto.png 350w, https:\/\/tuaregviatges.es\/articulos\/wp-content\/uploads\/logo-tuareg-alto-225x300.png 225w\" sizes=\"(max-width: 350px) 100vw, 350px\" \/>\t\t\t\t\t\t\t\t<\/a>\n\t\t\t\t\t\t\t\t\t\t\t\t\t\t\t<\/div>\n\t\t\t\t<\/div>\n\t\t\t\t\t<\/div>\n\t\t<\/div>\n\t\t\t\t<div class=\"elementor-column elementor-col-16 elementor-top-column elementor-element elementor-element-7946848\" data-id=\"7946848\" data-element_type=\"column\" data-e-type=\"column\">\n\t\t\t<div class=\"elementor-widget-wrap\">\n\t\t\t\t\t\t\t<\/div>\n\t\t<\/div>\n\t\t\t\t<div class=\"elementor-column elementor-col-16 elementor-top-column elementor-element elementor-element-dc3a5bd\" data-id=\"dc3a5bd\" data-element_type=\"column\" data-e-type=\"column\">\n\t\t\t<div class=\"elementor-widget-wrap\">\n\t\t\t\t\t\t\t<\/div>\n\t\t<\/div>\n\t\t\t\t<div class=\"elementor-column elementor-col-16 elementor-top-column elementor-element elementor-element-9ce51a0\" data-id=\"9ce51a0\" data-element_type=\"column\" data-e-type=\"column\">\n\t\t\t<div class=\"elementor-widget-wrap elementor-element-populated\">\n\t\t\t\t\t\t<div class=\"elementor-element elementor-element-19a5cc7 elementor-widget elementor-widget-html\" data-id=\"19a5cc7\" data-element_type=\"widget\" data-e-type=\"widget\" data-widget_type=\"html.default\">\n\t\t\t\t<div class=\"elementor-widget-container\">\n\t\t\t\t\t<div class=\"nav-back-link\">\n  <a href=\"https:\/\/tuaregviatges.es\/equipo_viajes_tuareg.html\/\">\n    <span data-text=\"Nosotros\">Nosotros<\/span>\n  <\/a>\n<\/div>\t\t\t\t<\/div>\n\t\t\t\t<\/div>\n\t\t\t\t\t<\/div>\n\t\t<\/div>\n\t\t\t\t<div class=\"elementor-column elementor-col-16 elementor-top-column elementor-element elementor-element-7ab21fc\" data-id=\"7ab21fc\" data-element_type=\"column\" data-e-type=\"column\">\n\t\t\t<div class=\"elementor-widget-wrap elementor-element-populated\">\n\t\t\t\t\t\t<div class=\"elementor-element elementor-element-19e3311 elementor-widget elementor-widget-html\" data-id=\"19e3311\" data-element_type=\"widget\" data-e-type=\"widget\" data-widget_type=\"html.default\">\n\t\t\t\t<div class=\"elementor-widget-container\">\n\t\t\t\t\t<div class=\"nav-back-link\">\r\n  <a href=\"mailto:infotuareg@tuareg.com?subject=Consulta%20desde%20la%20web\">\r\n    <span data-text=\"Contacto\">Contacto<\/span>\r\n  <\/a>\r\n<\/div>\t\t\t\t<\/div>\n\t\t\t\t<\/div>\n\t\t\t\t\t<\/div>\n\t\t<\/div>\n\t\t\t\t<div class=\"elementor-column elementor-col-16 elementor-top-column elementor-element elementor-element-8b1cd59\" data-id=\"8b1cd59\" data-element_type=\"column\" data-e-type=\"column\">\n\t\t\t<div class=\"elementor-widget-wrap elementor-element-populated\">\n\t\t\t\t\t\t<div class=\"elementor-element elementor-element-e443cf0 elementor-widget elementor-widget-html\" data-id=\"e443cf0\" data-element_type=\"widget\" data-e-type=\"widget\" data-widget_type=\"html.default\">\n\t\t\t\t<div class=\"elementor-widget-container\">\n\t\t\t\t\t<div class=\"nav-back-link\">\n  <a href=\"https:\/\/tuaregviatges.es\/articulos\/\">\n    <span data-text=\"Blog\">Blog<\/span>\n  <\/a>\n<\/div>\t\t\t\t<\/div>\n\t\t\t\t<\/div>\n\t\t\t\t\t<\/div>\n\t\t<\/div>\n\t\t\t\t\t<\/div>\n\t\t<\/section>\n\t\t\t\t<section class=\"elementor-section elementor-top-section elementor-element elementor-element-b55ffca elementor-section-boxed elementor-section-height-default elementor-section-height-default\" data-id=\"b55ffca\" data-element_type=\"section\" data-e-type=\"section\" data-settings=\"{&quot;background_background&quot;:&quot;classic&quot;}\">\n\t\t\t\t\t\t<div class=\"elementor-container elementor-column-gap-default\">\n\t\t\t\t\t<div class=\"elementor-column elementor-col-100 elementor-top-column elementor-element elementor-element-874a8e7\" data-id=\"874a8e7\" data-element_type=\"column\" data-e-type=\"column\">\n\t\t\t<div class=\"elementor-widget-wrap elementor-element-populated\">\n\t\t\t\t\t\t<div class=\"elementor-element elementor-element-77e8457 elementor-widget elementor-widget-heading\" data-id=\"77e8457\" data-element_type=\"widget\" data-e-type=\"widget\" data-widget_type=\"heading.default\">\n\t\t\t\t<div class=\"elementor-widget-container\">\n\t\t\t\t\t<h1 class=\"elementor-heading-title elementor-size-default\">Senegal: El pa\u00eds que no se visita, se comparte<\/h1>\t\t\t\t<\/div>\n\t\t\t\t<\/div>\n\t\t\t\t<div class=\"elementor-element elementor-element-31557bd elementor-widget elementor-widget-heading\" data-id=\"31557bd\" data-element_type=\"widget\" data-e-type=\"widget\" data-widget_type=\"heading.default\">\n\t\t\t\t<div class=\"elementor-widget-container\">\n\t\t\t\t\t<h2 class=\"elementor-heading-title elementor-size-default\">Saint-Louis, el delta del Saloum, Gor\u00e9e y Casamance: un viaje que se explica mejor por las personas que por los lugares<\/h2>\t\t\t\t<\/div>\n\t\t\t\t<\/div>\n\t\t\t\t<div class=\"elementor-element elementor-element-74d03b2 elementor-widget elementor-widget-heading\" data-id=\"74d03b2\" data-element_type=\"widget\" data-e-type=\"widget\" data-widget_type=\"heading.default\">\n\t\t\t\t<div class=\"elementor-widget-container\">\n\t\t\t\t\t<p class=\"elementor-heading-title elementor-size-default\">Llevas diez minutos en un mercado y alguien te ofrece un vaso de t\u00e9. No sabe c\u00f3mo te llamas. No importa. En Senegal hay una palabra para esto: Teranga. Se traduce como hospitalidad, pero expresa algo m\u00e1s amplio. Una manera de recibir, compartir y hacer sitio a quien llega.\n\nSenegal no es un pa\u00eds de grandes monumentos ni paisajes infinitos, es un pa\u00eds que se explica por sus personas y por su cotidianidad. Aqu\u00ed la vida discurre entre playas, mercados, concinas aldeas y conversaciones espont\u00e1neas a lo largo del camino. Saint-Louis y su r\u00edo, Djoudj y sus millones de aves, las dunas de Lompoul, el delta del Saloum viviendo al ritmo de las mareas, Gor\u00e9e y su memoria, Casamance y su verde tropical\u2026\n\nSenegal es la \u00c1frica m\u00e1s humana, la que te ense\u00f1a desde la cercan\u00eda y humanidad como de diverso puede ser un continente. \n<\/p>\t\t\t\t<\/div>\n\t\t\t\t<\/div>\n\t\t\t\t<div class=\"elementor-element elementor-element-2d96887 elementor-widget elementor-widget-heading\" data-id=\"2d96887\" data-element_type=\"widget\" data-e-type=\"widget\" data-widget_type=\"heading.default\">\n\t\t\t\t<div class=\"elementor-widget-container\">\n\t\t\t\t\t<span class=\"elementor-heading-title elementor-size-default\"><i>Escrito por<\/i> <b>Gemma Vilaseca<\/b><\/span>\t\t\t\t<\/div>\n\t\t\t\t<\/div>\n\t\t\t\t<div class=\"elementor-element elementor-element-5d36dcc elementor-share-buttons--view-icon elementor-share-buttons--skin-minimal elementor-share-buttons--shape-circle elementor-share-buttons--color-custom elementor-grid-0 elementor-widget elementor-widget-share-buttons\" data-id=\"5d36dcc\" data-element_type=\"widget\" data-e-type=\"widget\" data-widget_type=\"share-buttons.default\">\n\t\t\t\t<div class=\"elementor-widget-container\">\n\t\t\t\t\t\t\t<div class=\"elementor-grid\" role=\"list\">\n\t\t\t\t\t\t\t\t<div class=\"elementor-grid-item\" role=\"listitem\">\n\t\t\t\t\t\t<div class=\"elementor-share-btn elementor-share-btn_facebook\" role=\"button\" tabindex=\"0\" aria-label=\"Compartir en facebook\">\n\t\t\t\t\t\t\t\t\t\t\t\t\t\t\t<span class=\"elementor-share-btn__icon\">\n\t\t\t\t\t\t\t\t<i class=\"fab fa-facebook\" aria-hidden=\"true\"><\/i>\t\t\t\t\t\t\t<\/span>\n\t\t\t\t\t\t\t\t\t\t\t\t\t\t\t\t\t\t\t\t<\/div>\n\t\t\t\t\t<\/div>\n\t\t\t\t\t\t\t\t\t<div class=\"elementor-grid-item\" role=\"listitem\">\n\t\t\t\t\t\t<div class=\"elementor-share-btn elementor-share-btn_whatsapp\" role=\"button\" tabindex=\"0\" aria-label=\"Compartir en whatsapp\">\n\t\t\t\t\t\t\t\t\t\t\t\t\t\t\t<span class=\"elementor-share-btn__icon\">\n\t\t\t\t\t\t\t\t<i class=\"fab fa-whatsapp\" aria-hidden=\"true\"><\/i>\t\t\t\t\t\t\t<\/span>\n\t\t\t\t\t\t\t\t\t\t\t\t\t\t\t\t\t\t\t\t<\/div>\n\t\t\t\t\t<\/div>\n\t\t\t\t\t\t\t\t\t<div class=\"elementor-grid-item\" role=\"listitem\">\n\t\t\t\t\t\t<div class=\"elementor-share-btn elementor-share-btn_twitter\" role=\"button\" tabindex=\"0\" aria-label=\"Compartir en twitter\">\n\t\t\t\t\t\t\t\t\t\t\t\t\t\t\t<span class=\"elementor-share-btn__icon\">\n\t\t\t\t\t\t\t\t<i class=\"fab fa-twitter\" aria-hidden=\"true\"><\/i>\t\t\t\t\t\t\t<\/span>\n\t\t\t\t\t\t\t\t\t\t\t\t\t\t\t\t\t\t\t\t<\/div>\n\t\t\t\t\t<\/div>\n\t\t\t\t\t\t\t\t\t<div class=\"elementor-grid-item\" role=\"listitem\">\n\t\t\t\t\t\t<div class=\"elementor-share-btn elementor-share-btn_telegram\" role=\"button\" tabindex=\"0\" aria-label=\"Compartir en telegram\">\n\t\t\t\t\t\t\t\t\t\t\t\t\t\t\t<span class=\"elementor-share-btn__icon\">\n\t\t\t\t\t\t\t\t<i class=\"fab fa-telegram\" aria-hidden=\"true\"><\/i>\t\t\t\t\t\t\t<\/span>\n\t\t\t\t\t\t\t\t\t\t\t\t\t\t\t\t\t\t\t\t<\/div>\n\t\t\t\t\t<\/div>\n\t\t\t\t\t\t<\/div>\n\t\t\t\t\t\t<\/div>\n\t\t\t\t<\/div>\n\t\t\t\t\t<\/div>\n\t\t<\/div>\n\t\t\t\t\t<\/div>\n\t\t<\/section>\n\t\t\t\t<section class=\"elementor-section elementor-top-section elementor-element elementor-element-ac831fe elementor-section-boxed elementor-section-height-default elementor-section-height-default\" data-id=\"ac831fe\" data-element_type=\"section\" data-e-type=\"section\" data-settings=\"{&quot;background_background&quot;:&quot;classic&quot;,&quot;motion_fx_motion_fx_scrolling&quot;:&quot;yes&quot;,&quot;motion_fx_translateY_effect&quot;:&quot;yes&quot;,&quot;motion_fx_translateY_direction&quot;:&quot;negative&quot;,&quot;motion_fx_translateY_speed&quot;:{&quot;unit&quot;:&quot;px&quot;,&quot;size&quot;:1.4,&quot;sizes&quot;:[]},&quot;motion_fx_translateY_affectedRange&quot;:{&quot;unit&quot;:&quot;%&quot;,&quot;size&quot;:&quot;&quot;,&quot;sizes&quot;:{&quot;start&quot;:39,&quot;end&quot;:66}},&quot;motion_fx_devices&quot;:[&quot;desktop&quot;],&quot;motion_fx_range&quot;:&quot;page&quot;}\">\n\t\t\t\t\t\t<div class=\"elementor-container elementor-column-gap-default\">\n\t\t\t\t\t<div class=\"elementor-column elementor-col-100 elementor-top-column elementor-element elementor-element-ee8cce0\" data-id=\"ee8cce0\" data-element_type=\"column\" data-e-type=\"column\" data-settings=\"{&quot;background_background&quot;:&quot;classic&quot;}\">\n\t\t\t<div class=\"elementor-widget-wrap elementor-element-populated\">\n\t\t\t\t\t\t<div class=\"elementor-element elementor-element-3651ff0 elementor-widget elementor-widget-spacer\" data-id=\"3651ff0\" data-element_type=\"widget\" data-e-type=\"widget\" data-widget_type=\"spacer.default\">\n\t\t\t\t<div class=\"elementor-widget-container\">\n\t\t\t\t\t\t\t<div class=\"elementor-spacer\">\n\t\t\t<div class=\"elementor-spacer-inner\"><\/div>\n\t\t<\/div>\n\t\t\t\t\t\t<\/div>\n\t\t\t\t<\/div>\n\t\t\t\t<div class=\"elementor-element elementor-element-0655c86 elementor-widget elementor-widget-text-editor\" data-id=\"0655c86\" data-element_type=\"widget\" data-e-type=\"widget\" data-widget_type=\"text-editor.default\">\n\t\t\t\t<div class=\"elementor-widget-container\">\n\t\t\t\t\t\t\t\t\t<p>Autor foto: Maria Moragues<\/p>\t\t\t\t\t\t\t\t<\/div>\n\t\t\t\t<\/div>\n\t\t\t\t\t<\/div>\n\t\t<\/div>\n\t\t\t\t\t<\/div>\n\t\t<\/section>\n\t\t\t\t<section class=\"elementor-section elementor-top-section elementor-element elementor-element-9d5c841 elementor-section-boxed elementor-section-height-default elementor-section-height-default\" data-id=\"9d5c841\" data-element_type=\"section\" data-e-type=\"section\">\n\t\t\t\t\t\t<div class=\"elementor-container elementor-column-gap-default\">\n\t\t\t\t\t<div class=\"elementor-column elementor-col-100 elementor-top-column elementor-element elementor-element-f6050cb\" data-id=\"f6050cb\" data-element_type=\"column\" data-e-type=\"column\">\n\t\t\t<div class=\"elementor-widget-wrap elementor-element-populated\">\n\t\t\t\t\t\t<div class=\"elementor-element elementor-element-e2d94be elementor-widget-divider--view-line elementor-widget elementor-widget-divider\" data-id=\"e2d94be\" data-element_type=\"widget\" data-e-type=\"widget\" data-widget_type=\"divider.default\">\n\t\t\t\t<div class=\"elementor-widget-container\">\n\t\t\t\t\t\t\t<div class=\"elementor-divider\">\n\t\t\t<span class=\"elementor-divider-separator\">\n\t\t\t\t\t\t<\/span>\n\t\t<\/div>\n\t\t\t\t\t\t<\/div>\n\t\t\t\t<\/div>\n\t\t\t\t\t<\/div>\n\t\t<\/div>\n\t\t\t\t\t<\/div>\n\t\t<\/section>\n\t\t\t\t<section class=\"elementor-section elementor-top-section elementor-element elementor-element-e1c9736 elementor-section-boxed elementor-section-height-default elementor-section-height-default\" data-id=\"e1c9736\" data-element_type=\"section\" data-e-type=\"section\">\n\t\t\t\t\t\t<div class=\"elementor-container elementor-column-gap-default\">\n\t\t\t\t\t<div class=\"elementor-column elementor-col-100 elementor-top-column elementor-element elementor-element-d79e3d9\" data-id=\"d79e3d9\" data-element_type=\"column\" data-e-type=\"column\">\n\t\t\t<div class=\"elementor-widget-wrap elementor-element-populated\">\n\t\t\t\t\t\t<div class=\"elementor-element elementor-element-61e5c0e elementor-widget__width-initial elementor-widget elementor-widget-table-of-contents\" data-id=\"61e5c0e\" data-element_type=\"widget\" data-e-type=\"widget\" data-settings=\"{&quot;exclude_headings_by_selector&quot;:[],&quot;no_headings_message&quot;:&quot;No se ha encontrado ning\\u00fan encabezado en esta p\\u00e1gina.&quot;,&quot;headings_by_tags&quot;:[&quot;h2&quot;],&quot;min_height&quot;:{&quot;unit&quot;:&quot;px&quot;,&quot;size&quot;:276,&quot;sizes&quot;:[]},&quot;marker_view&quot;:&quot;numbers&quot;,&quot;hierarchical_view&quot;:&quot;yes&quot;,&quot;min_height_tablet&quot;:{&quot;unit&quot;:&quot;px&quot;,&quot;size&quot;:&quot;&quot;,&quot;sizes&quot;:[]},&quot;min_height_mobile&quot;:{&quot;unit&quot;:&quot;px&quot;,&quot;size&quot;:&quot;&quot;,&quot;sizes&quot;:[]}}\" data-widget_type=\"table-of-contents.default\">\n\t\t\t\t<div class=\"elementor-widget-container\">\n\t\t\t\t\t\t\t\t\t<div class=\"elementor-toc__header\">\n\t\t\t\t\t\t<h2 class=\"elementor-toc__header-title\">\n\t\t\t\tEn este art\u00edculo\t\t\t<\/h2>\n\t\t\t\t\t\t\t\t<\/div>\n\t\t\t\t<div id=\"elementor-toc__61e5c0e\" class=\"elementor-toc__body\">\n\t\t\t<div class=\"elementor-toc__spinner-container\">\n\t\t\t\t<i class=\"elementor-toc__spinner eicon-animation-spin eicon-loading\" aria-hidden=\"true\"><\/i>\t\t\t<\/div>\n\t\t<\/div>\n\t\t\t\t\t\t<\/div>\n\t\t\t\t<\/div>\n\t\t\t\t<section class=\"elementor-section elementor-inner-section elementor-element elementor-element-55a8a65 elementor-section-boxed elementor-section-height-default elementor-section-height-default\" data-id=\"55a8a65\" data-element_type=\"section\" data-e-type=\"section\">\n\t\t\t\t\t\t<div class=\"elementor-container elementor-column-gap-default\">\n\t\t\t\t\t<div class=\"elementor-column elementor-col-50 elementor-inner-column elementor-element elementor-element-5a40d57\" data-id=\"5a40d57\" data-element_type=\"column\" data-e-type=\"column\">\n\t\t\t<div class=\"elementor-widget-wrap elementor-element-populated\">\n\t\t\t\t\t\t<div class=\"elementor-element elementor-element-2dec201 elementor-widget elementor-widget-heading\" data-id=\"2dec201\" data-element_type=\"widget\" data-e-type=\"widget\" data-widget_type=\"heading.default\">\n\t\t\t\t<div class=\"elementor-widget-container\">\n\t\t\t\t\t<h2 class=\"elementor-heading-title elementor-size-default\">Saint-Louis: Historia viva entre el r\u00edo y el Atl\u00e1ntico<\/h2>\t\t\t\t<\/div>\n\t\t\t\t<\/div>\n\t\t\t\t<div class=\"elementor-element elementor-element-a189ad6 elementor-widget elementor-widget-text-editor\" data-id=\"a189ad6\" data-element_type=\"widget\" data-e-type=\"widget\" data-widget_type=\"text-editor.default\">\n\t\t\t\t<div class=\"elementor-widget-container\">\n\t\t\t\t\t\t\t\t\t<p>Fundada como establecimiento colonial franc\u00e9s en el siglo XVII, Saint-Louis fue capital de Senegal hasta 1957. <strong>Su papel pol\u00edtico y cultural fue muy influyente en \u00c1frica occidental<\/strong>, convirti\u00e9ndose hoy en un referente hist\u00f3rico para muchos pa\u00edses. Su casco hist\u00f3rico conserva un trazado urbano y arquitect\u00f3nico muy marcado dentro de la est\u00e9tica colonial que nos recuerda al pasado.<br \/><br \/><\/p><p>Saint-Louis est\u00e1 <strong>marcada por el ritmo de sus habitantes, el r\u00edo, la pesca y la vida cotidiana<\/strong>, el ajetreo en sus mercados nos introducen a una ciudad muy viva. Aqu\u00ed la identidad se destila en cada conversaci\u00f3n con los locales o simplemente observando como transcurre el d\u00eda.<br \/><br \/><\/p><p>En Tuareg, con el fin de vivir la <strong>experiencia <em>Teranga<\/em><\/strong> de la forma m\u00e1s aut\u00e9ntica, visitamos la casa de Amina. Acompa\u00f1\u00e1ndola al mercado y preparando la comida con su familia entendemos Saint-Luis desde dentro.<\/p>\t\t\t\t\t\t\t\t<\/div>\n\t\t\t\t<\/div>\n\t\t\t\t\t<\/div>\n\t\t<\/div>\n\t\t\t\t<div class=\"elementor-column elementor-col-50 elementor-inner-column elementor-element elementor-element-6bdc410\" data-id=\"6bdc410\" data-element_type=\"column\" data-e-type=\"column\">\n\t\t\t<div class=\"elementor-widget-wrap elementor-element-populated\">\n\t\t\t\t\t\t<div class=\"elementor-element elementor-element-00b5661 elementor-widget__width-initial elementor-widget elementor-widget-image\" data-id=\"00b5661\" data-element_type=\"widget\" data-e-type=\"widget\" data-widget_type=\"image.default\">\n\t\t\t\t<div class=\"elementor-widget-container\">\n\t\t\t\t\t\t\t\t\t\t\t\t\t\t\t<img decoding=\"async\" width=\"345\" height=\"485\" src=\"https:\/\/tuaregviatges.es\/articulos\/wp-content\/uploads\/nieves-rodriguez.jpg\" class=\"attachment-large size-large wp-image-17697\" alt=\"\" srcset=\"https:\/\/tuaregviatges.es\/articulos\/wp-content\/uploads\/nieves-rodriguez.jpg 345w, https:\/\/tuaregviatges.es\/articulos\/wp-content\/uploads\/nieves-rodriguez-213x300.jpg 213w\" sizes=\"(max-width: 345px) 100vw, 345px\" \/>\t\t\t\t\t\t\t\t\t\t\t\t\t\t\t<\/div>\n\t\t\t\t<\/div>\n\t\t\t\t<div class=\"elementor-element elementor-element-2daac00 elementor-widget elementor-widget-text-editor\" data-id=\"2daac00\" data-element_type=\"widget\" data-e-type=\"widget\" data-widget_type=\"text-editor.default\">\n\t\t\t\t<div class=\"elementor-widget-container\">\n\t\t\t\t\t\t\t\t\t<p>Autor foto: Nieves Rodr\u00edguez<\/p>\t\t\t\t\t\t\t\t<\/div>\n\t\t\t\t<\/div>\n\t\t\t\t\t<\/div>\n\t\t<\/div>\n\t\t\t\t\t<\/div>\n\t\t<\/section>\n\t\t\t\t<section class=\"elementor-section elementor-inner-section elementor-element elementor-element-bf4b0fe elementor-reverse-tablet elementor-section-boxed elementor-section-height-default elementor-section-height-default\" data-id=\"bf4b0fe\" data-element_type=\"section\" data-e-type=\"section\">\n\t\t\t\t\t\t<div class=\"elementor-container elementor-column-gap-default\">\n\t\t\t\t\t<div class=\"elementor-column elementor-col-50 elementor-inner-column elementor-element elementor-element-d6f5170\" data-id=\"d6f5170\" data-element_type=\"column\" data-e-type=\"column\">\n\t\t\t<div class=\"elementor-widget-wrap elementor-element-populated\">\n\t\t\t\t\t\t<div class=\"elementor-element elementor-element-2f67c9e elementor-widget__width-initial elementor-widget elementor-widget-image\" data-id=\"2f67c9e\" data-element_type=\"widget\" data-e-type=\"widget\" data-widget_type=\"image.default\">\n\t\t\t\t<div class=\"elementor-widget-container\">\n\t\t\t\t\t\t\t\t\t\t\t\t\t\t\t<img decoding=\"async\" width=\"345\" height=\"384\" src=\"https:\/\/tuaregviatges.es\/articulos\/wp-content\/uploads\/gabrielsandoval2.jpg\" class=\"attachment-large size-large wp-image-17700\" alt=\"\" srcset=\"https:\/\/tuaregviatges.es\/articulos\/wp-content\/uploads\/gabrielsandoval2.jpg 345w, https:\/\/tuaregviatges.es\/articulos\/wp-content\/uploads\/gabrielsandoval2-270x300.jpg 270w\" sizes=\"(max-width: 345px) 100vw, 345px\" \/>\t\t\t\t\t\t\t\t\t\t\t\t\t\t\t<\/div>\n\t\t\t\t<\/div>\n\t\t\t\t<div class=\"elementor-element elementor-element-282c76f elementor-widget elementor-widget-text-editor\" data-id=\"282c76f\" data-element_type=\"widget\" data-e-type=\"widget\" data-widget_type=\"text-editor.default\">\n\t\t\t\t<div class=\"elementor-widget-container\">\n\t\t\t\t\t\t\t\t\t<p>Autor foto: Gabriel Sandoval<\/p>\t\t\t\t\t\t\t\t<\/div>\n\t\t\t\t<\/div>\n\t\t\t\t\t<\/div>\n\t\t<\/div>\n\t\t\t\t<div class=\"elementor-column elementor-col-50 elementor-inner-column elementor-element elementor-element-7a32c30\" data-id=\"7a32c30\" data-element_type=\"column\" data-e-type=\"column\">\n\t\t\t<div class=\"elementor-widget-wrap elementor-element-populated\">\n\t\t\t\t\t\t<div class=\"elementor-element elementor-element-d4d11d9 elementor-widget elementor-widget-heading\" data-id=\"d4d11d9\" data-element_type=\"widget\" data-e-type=\"widget\" data-widget_type=\"heading.default\">\n\t\t\t\t<div class=\"elementor-widget-container\">\n\t\t\t\t\t<h2 class=\"elementor-heading-title elementor-size-default\">Djoudj: una gran escala despu\u00e9s del S\u00e1hara<\/h2>\t\t\t\t<\/div>\n\t\t\t\t<\/div>\n\t\t\t\t<div class=\"elementor-element elementor-element-dc9aced elementor-widget elementor-widget-text-editor\" data-id=\"dc9aced\" data-element_type=\"widget\" data-e-type=\"widget\" data-widget_type=\"text-editor.default\">\n\t\t\t\t<div class=\"elementor-widget-container\">\n\t\t\t\t\t\t\t\t\t<p>A tan solo 60 kil\u00f3metros de Saint-Luis descubrimos el <strong>Parque Nacional de las Aves de Djoudj<\/strong> que protege un gran humedal del delta del r\u00edo Senegal. Un ecosistema muy especial en el que nuestra mirada se dirige al cielo para observar los m\u00e1s de 1,5 millones de aves que cifra la UNESCO y que habitan en este santuario. Unas <strong>365 especies distintas<\/strong>, entre las cuales hay m\u00e1s de 120 migratorias pale\u00e1rticas.<br \/><br \/><\/p><p>Su ubicaci\u00f3n en el mapa la convierte en <strong>una de las primeras grandes zonas h\u00famedas despu\u00e9s de atravesar el S\u00e1hara<\/strong>, por lo que es un entorno ideal para que pel\u00edcanos, garzas, cormoranes, esp\u00e1tulas y decenas de otras especies desarrollen la vida, sobre todo durante la temporada migratoria&#8230;<\/p><p>A trav\u00e9s de una embarcaci\u00f3n recorremos en profundo silencio los canales mientras bandadas se levantan a nuestro alrededor.<\/p>\t\t\t\t\t\t\t\t<\/div>\n\t\t\t\t<\/div>\n\t\t\t\t\t<\/div>\n\t\t<\/div>\n\t\t\t\t\t<\/div>\n\t\t<\/section>\n\t\t\t\t<section class=\"elementor-section elementor-inner-section elementor-element elementor-element-4ca396d elementor-section-boxed elementor-section-height-default elementor-section-height-default\" data-id=\"4ca396d\" data-element_type=\"section\" data-e-type=\"section\">\n\t\t\t\t\t\t<div class=\"elementor-container elementor-column-gap-default\">\n\t\t\t\t\t<div class=\"elementor-column elementor-col-100 elementor-inner-column elementor-element elementor-element-4d0a806\" data-id=\"4d0a806\" data-element_type=\"column\" data-e-type=\"column\">\n\t\t\t<div class=\"elementor-widget-wrap elementor-element-populated\">\n\t\t\t\t\t\t<div class=\"elementor-element elementor-element-2ca37a2 elementor-widget elementor-widget-heading\" data-id=\"2ca37a2\" data-element_type=\"widget\" data-e-type=\"widget\" data-widget_type=\"heading.default\">\n\t\t\t\t<div class=\"elementor-widget-container\">\n\t\t\t\t\t<h2 class=\"elementor-heading-title elementor-size-default\">Lompoul: dunas entre la sabana y el oce\u00e1no<\/h2>\t\t\t\t<\/div>\n\t\t\t\t<\/div>\n\t\t\t\t<div class=\"elementor-element elementor-element-0980ceb elementor-widget elementor-widget-text-editor\" data-id=\"0980ceb\" data-element_type=\"widget\" data-e-type=\"widget\" data-widget_type=\"text-editor.default\">\n\t\t\t\t<div class=\"elementor-widget-container\">\n\t\t\t\t\t\t\t\t\tUn paisaje de dunas que contrasta con la sabana circundante y que durante a\u00f1os fue conocido por sus campamentos entre la arena y la posibilidad de disfrutar de noches en un ambiente de apariencia sahariana.<br><br>\n\nEn los \u00faltimos a\u00f1os la exploraci\u00f3n de minerales pesados como el zirconio han transformado el entorno, obligando a desplazar instalaciones tur\u00edsticas.<br><br>\n\nSus dunas tienen una extensi\u00f3n de 18 kil\u00f3metros y en la parte occidental del desierto encontramos las orillas del oc\u00e9ano Atl\u00e1ntico protegidas con \u00e1rboles de eucalipto para impedir que la brisa del oc\u00e9ano da\u00f1e sus dunas.\t\t\t\t\t\t\t\t<\/div>\n\t\t\t\t<\/div>\n\t\t\t\t\t<\/div>\n\t\t<\/div>\n\t\t\t\t\t<\/div>\n\t\t<\/section>\n\t\t\t\t\t<\/div>\n\t\t<\/div>\n\t\t\t\t\t<\/div>\n\t\t<\/section>\n\t\t\t\t<section class=\"elementor-section elementor-top-section elementor-element elementor-element-46fa410 elementor-section-boxed elementor-section-height-default elementor-section-height-default\" data-id=\"46fa410\" data-element_type=\"section\" data-e-type=\"section\" data-settings=\"{&quot;background_background&quot;:&quot;classic&quot;}\">\n\t\t\t\t\t\t<div class=\"elementor-container elementor-column-gap-default\">\n\t\t\t\t\t<div class=\"elementor-column elementor-col-100 elementor-top-column elementor-element elementor-element-f15370a\" data-id=\"f15370a\" data-element_type=\"column\" data-e-type=\"column\" data-settings=\"{&quot;background_background&quot;:&quot;classic&quot;}\">\n\t\t\t<div class=\"elementor-widget-wrap elementor-element-populated\">\n\t\t\t\t\t\t<div class=\"elementor-element elementor-element-1f7471a elementor-widget elementor-widget-spacer\" data-id=\"1f7471a\" data-element_type=\"widget\" data-e-type=\"widget\" data-widget_type=\"spacer.default\">\n\t\t\t\t<div class=\"elementor-widget-container\">\n\t\t\t\t\t\t\t<div class=\"elementor-spacer\">\n\t\t\t<div class=\"elementor-spacer-inner\"><\/div>\n\t\t<\/div>\n\t\t\t\t\t\t<\/div>\n\t\t\t\t<\/div>\n\t\t\t\t<div class=\"elementor-element elementor-element-18b3a63 elementor-widget elementor-widget-text-editor\" data-id=\"18b3a63\" data-element_type=\"widget\" data-e-type=\"widget\" data-widget_type=\"text-editor.default\">\n\t\t\t\t<div class=\"elementor-widget-container\">\n\t\t\t\t\t\t\t\t\t<p>Autor foto: Lies Van Rompaey<\/p>\t\t\t\t\t\t\t\t<\/div>\n\t\t\t\t<\/div>\n\t\t\t\t\t<\/div>\n\t\t<\/div>\n\t\t\t\t\t<\/div>\n\t\t<\/section>\n\t\t\t\t<section class=\"elementor-section elementor-top-section elementor-element elementor-element-54dd09f elementor-section-boxed elementor-section-height-default elementor-section-height-default\" data-id=\"54dd09f\" data-element_type=\"section\" data-e-type=\"section\">\n\t\t\t\t\t\t<div class=\"elementor-container elementor-column-gap-default\">\n\t\t\t\t\t<div class=\"elementor-column elementor-col-100 elementor-top-column elementor-element elementor-element-93156d7\" data-id=\"93156d7\" data-element_type=\"column\" data-e-type=\"column\">\n\t\t\t<div class=\"elementor-widget-wrap elementor-element-populated\">\n\t\t\t\t\t\t<div class=\"elementor-element elementor-element-33e7394 elementor-widget elementor-widget-heading\" data-id=\"33e7394\" data-element_type=\"widget\" data-e-type=\"widget\" data-widget_type=\"heading.default\">\n\t\t\t\t<div class=\"elementor-widget-container\">\n\t\t\t\t\t<h2 class=\"elementor-heading-title elementor-size-default\"> El Saloum: vivir seg\u00fan las mareas<\/h2>\t\t\t\t<\/div>\n\t\t\t\t<\/div>\n\t\t\t\t<div class=\"elementor-element elementor-element-5a5578c elementor-widget elementor-widget-text-editor\" data-id=\"5a5578c\" data-element_type=\"widget\" data-e-type=\"widget\" data-widget_type=\"text-editor.default\">\n\t\t\t\t<div class=\"elementor-widget-container\">\n\t\t\t\t\t\t\t\t\tSeguimos nuestro recorrido hacia el sur, llegando a un laberinto de manglares, canales, islas y brazos de agua; el delta del Saloum. Aqu\u00ed las mareas condicionan los desplazamientos, la pesca y buena parte de la vida cotidiana. Navegar en piragua nos permite entender la relaci\u00f3n entre las comunidades, el agua y el manglar.<br><br>\n\nLos <em>niominka<\/em>, tradicionalmente vinculados a la pesca y la navegaci\u00f3n, forman parte esencial del paisaje humano del delta. Nos integramos con el entorno para observar como funcionan las mares, c\u00f3mo organiza y desarrolla la actividad pesquera y c\u00f3mo observando el ritmo del agua, los pescadores determinan cu\u00e1ndo se puede salir a navegar, pescar y cu\u00e1ndo regresar.\t\t\t\t\t\t\t\t<\/div>\n\t\t\t\t<\/div>\n\t\t\t\t\t<\/div>\n\t\t<\/div>\n\t\t\t\t\t<\/div>\n\t\t<\/section>\n\t\t\t\t<section class=\"elementor-section elementor-top-section elementor-element elementor-element-c870f00 elementor-section-boxed elementor-section-height-default elementor-section-height-default\" data-id=\"c870f00\" data-element_type=\"section\" data-e-type=\"section\">\n\t\t\t\t\t\t<div class=\"elementor-container elementor-column-gap-default\">\n\t\t\t\t\t<div class=\"elementor-column elementor-col-100 elementor-top-column elementor-element elementor-element-8ce4a5f\" data-id=\"8ce4a5f\" data-element_type=\"column\" data-e-type=\"column\">\n\t\t\t<div class=\"elementor-widget-wrap elementor-element-populated\">\n\t\t\t\t\t\t<section class=\"elementor-section elementor-inner-section elementor-element elementor-element-3376e7d elementor-section-boxed elementor-section-height-default elementor-section-height-default\" data-id=\"3376e7d\" data-element_type=\"section\" data-e-type=\"section\">\n\t\t\t\t\t\t<div class=\"elementor-container elementor-column-gap-wide\">\n\t\t\t\t\t<div class=\"elementor-column elementor-col-33 elementor-inner-column elementor-element elementor-element-75dcc30\" data-id=\"75dcc30\" data-element_type=\"column\" data-e-type=\"column\">\n\t\t\t<div class=\"elementor-widget-wrap elementor-element-populated\">\n\t\t\t\t\t\t<div class=\"elementor-element elementor-element-4ba0054 elementor-widget__width-initial elementor-widget elementor-widget-image\" data-id=\"4ba0054\" data-element_type=\"widget\" data-e-type=\"widget\" data-widget_type=\"image.default\">\n\t\t\t\t<div class=\"elementor-widget-container\">\n\t\t\t\t\t\t\t\t\t\t\t\t\t\t\t<img loading=\"lazy\" decoding=\"async\" width=\"485\" height=\"485\" src=\"https:\/\/tuaregviatges.es\/articulos\/wp-content\/uploads\/albertodiez.jpg\" class=\"attachment-large size-large wp-image-17706\" alt=\"\" srcset=\"https:\/\/tuaregviatges.es\/articulos\/wp-content\/uploads\/albertodiez.jpg 485w, https:\/\/tuaregviatges.es\/articulos\/wp-content\/uploads\/albertodiez-300x300.jpg 300w, https:\/\/tuaregviatges.es\/articulos\/wp-content\/uploads\/albertodiez-150x150.jpg 150w\" sizes=\"(max-width: 485px) 100vw, 485px\" \/>\t\t\t\t\t\t\t\t\t\t\t\t\t\t\t<\/div>\n\t\t\t\t<\/div>\n\t\t\t\t<div class=\"elementor-element elementor-element-1b19e1d elementor-widget elementor-widget-text-editor\" data-id=\"1b19e1d\" data-element_type=\"widget\" data-e-type=\"widget\" data-widget_type=\"text-editor.default\">\n\t\t\t\t<div class=\"elementor-widget-container\">\n\t\t\t\t\t\t\t\t\t<p>Autor foto: Alberto D\u00edez<\/p>\t\t\t\t\t\t\t\t<\/div>\n\t\t\t\t<\/div>\n\t\t\t\t\t<\/div>\n\t\t<\/div>\n\t\t\t\t<div class=\"elementor-column elementor-col-33 elementor-inner-column elementor-element elementor-element-97898cd\" data-id=\"97898cd\" data-element_type=\"column\" data-e-type=\"column\">\n\t\t\t<div class=\"elementor-widget-wrap elementor-element-populated\">\n\t\t\t\t\t\t<div class=\"elementor-element elementor-element-9726f13 elementor-widget__width-initial elementor-widget elementor-widget-image\" data-id=\"9726f13\" data-element_type=\"widget\" data-e-type=\"widget\" data-widget_type=\"image.default\">\n\t\t\t\t<div class=\"elementor-widget-container\">\n\t\t\t\t\t\t\t\t\t\t\t\t\t\t\t<img loading=\"lazy\" decoding=\"async\" width=\"485\" height=\"485\" src=\"https:\/\/tuaregviatges.es\/articulos\/wp-content\/uploads\/evasolano.jpg\" class=\"attachment-large size-large wp-image-17704\" alt=\"\" srcset=\"https:\/\/tuaregviatges.es\/articulos\/wp-content\/uploads\/evasolano.jpg 485w, https:\/\/tuaregviatges.es\/articulos\/wp-content\/uploads\/evasolano-300x300.jpg 300w, https:\/\/tuaregviatges.es\/articulos\/wp-content\/uploads\/evasolano-150x150.jpg 150w\" sizes=\"(max-width: 485px) 100vw, 485px\" \/>\t\t\t\t\t\t\t\t\t\t\t\t\t\t\t<\/div>\n\t\t\t\t<\/div>\n\t\t\t\t<div class=\"elementor-element elementor-element-7661a36 elementor-widget elementor-widget-text-editor\" data-id=\"7661a36\" data-element_type=\"widget\" data-e-type=\"widget\" data-widget_type=\"text-editor.default\">\n\t\t\t\t<div class=\"elementor-widget-container\">\n\t\t\t\t\t\t\t\t\t<p>Autor foto: Eva Solano<\/p>\t\t\t\t\t\t\t\t<\/div>\n\t\t\t\t<\/div>\n\t\t\t\t\t<\/div>\n\t\t<\/div>\n\t\t\t\t<div class=\"elementor-column elementor-col-33 elementor-inner-column elementor-element elementor-element-953c146\" data-id=\"953c146\" data-element_type=\"column\" data-e-type=\"column\">\n\t\t\t<div class=\"elementor-widget-wrap elementor-element-populated\">\n\t\t\t\t\t\t<div class=\"elementor-element elementor-element-57aa9ee elementor-widget__width-initial elementor-widget elementor-widget-image\" data-id=\"57aa9ee\" data-element_type=\"widget\" data-e-type=\"widget\" data-widget_type=\"image.default\">\n\t\t\t\t<div class=\"elementor-widget-container\">\n\t\t\t\t\t\t\t\t\t\t\t\t\t\t\t<img loading=\"lazy\" decoding=\"async\" width=\"485\" height=\"485\" src=\"https:\/\/tuaregviatges.es\/articulos\/wp-content\/uploads\/miquelpujadas.jpg\" class=\"attachment-large size-large wp-image-17705\" alt=\"\" srcset=\"https:\/\/tuaregviatges.es\/articulos\/wp-content\/uploads\/miquelpujadas.jpg 485w, https:\/\/tuaregviatges.es\/articulos\/wp-content\/uploads\/miquelpujadas-300x300.jpg 300w, https:\/\/tuaregviatges.es\/articulos\/wp-content\/uploads\/miquelpujadas-150x150.jpg 150w\" sizes=\"(max-width: 485px) 100vw, 485px\" \/>\t\t\t\t\t\t\t\t\t\t\t\t\t\t\t<\/div>\n\t\t\t\t<\/div>\n\t\t\t\t<div class=\"elementor-element elementor-element-747d34a elementor-widget elementor-widget-text-editor\" data-id=\"747d34a\" data-element_type=\"widget\" data-e-type=\"widget\" data-widget_type=\"text-editor.default\">\n\t\t\t\t<div class=\"elementor-widget-container\">\n\t\t\t\t\t\t\t\t\t<p>Autor foto: Miquel Pujadas<\/p>\t\t\t\t\t\t\t\t<\/div>\n\t\t\t\t<\/div>\n\t\t\t\t\t<\/div>\n\t\t<\/div>\n\t\t\t\t\t<\/div>\n\t\t<\/section>\n\t\t\t\t\t<\/div>\n\t\t<\/div>\n\t\t\t\t\t<\/div>\n\t\t<\/section>\n\t\t\t\t<section class=\"elementor-section elementor-top-section elementor-element elementor-element-52e9130 elementor-section-boxed elementor-section-height-default elementor-section-height-default\" data-id=\"52e9130\" data-element_type=\"section\" data-e-type=\"section\">\n\t\t\t\t\t\t<div class=\"elementor-container elementor-column-gap-default\">\n\t\t\t\t\t<div class=\"elementor-column elementor-col-100 elementor-top-column elementor-element elementor-element-2d424ed\" data-id=\"2d424ed\" data-element_type=\"column\" data-e-type=\"column\">\n\t\t\t<div class=\"elementor-widget-wrap elementor-element-populated\">\n\t\t\t\t\t\t<section class=\"elementor-section elementor-inner-section elementor-element elementor-element-7683e82 elementor-section-boxed elementor-section-height-default elementor-section-height-default\" data-id=\"7683e82\" data-element_type=\"section\" data-e-type=\"section\">\n\t\t\t\t\t\t<div class=\"elementor-container elementor-column-gap-default\">\n\t\t\t\t\t<div class=\"elementor-column elementor-col-100 elementor-inner-column elementor-element elementor-element-c9312a4\" data-id=\"c9312a4\" data-element_type=\"column\" data-e-type=\"column\">\n\t\t\t<div class=\"elementor-widget-wrap elementor-element-populated\">\n\t\t\t\t\t\t<div class=\"elementor-element elementor-element-5549978 elementor-widget elementor-widget-image\" data-id=\"5549978\" data-element_type=\"widget\" data-e-type=\"widget\" data-widget_type=\"image.default\">\n\t\t\t\t<div class=\"elementor-widget-container\">\n\t\t\t\t\t\t\t\t\t\t\t\t\t\t\t\t<a href=\"https:\/\/tuaregviatges.es\/africa_senegal.html\">\n\t\t\t\t\t\t\t<img loading=\"lazy\" decoding=\"async\" width=\"800\" height=\"150\" src=\"https:\/\/tuaregviatges.es\/articulos\/wp-content\/uploads\/descubre-senegal-1920x360.png\" class=\"attachment-large size-large wp-image-17713\" alt=\"\" srcset=\"https:\/\/tuaregviatges.es\/articulos\/wp-content\/uploads\/descubre-senegal-1920x360.png 1920w, https:\/\/tuaregviatges.es\/articulos\/wp-content\/uploads\/descubre-senegal-300x56.png 300w, https:\/\/tuaregviatges.es\/articulos\/wp-content\/uploads\/descubre-senegal-768x144.png 768w, https:\/\/tuaregviatges.es\/articulos\/wp-content\/uploads\/descubre-senegal-1536x288.png 1536w, https:\/\/tuaregviatges.es\/articulos\/wp-content\/uploads\/descubre-senegal-2048x384.png 2048w\" sizes=\"(max-width: 800px) 100vw, 800px\" \/>\t\t\t\t\t\t\t\t<\/a>\n\t\t\t\t\t\t\t\t\t\t\t\t\t\t\t<\/div>\n\t\t\t\t<\/div>\n\t\t\t\t<div class=\"elementor-element elementor-element-666d260 elementor-widget elementor-widget-heading\" data-id=\"666d260\" data-element_type=\"widget\" data-e-type=\"widget\" data-widget_type=\"heading.default\">\n\t\t\t\t<div class=\"elementor-widget-container\">\n\t\t\t\t\t<h2 class=\"elementor-heading-title elementor-size-default\">Gor\u00e9e: La isla con memoria\n<\/h2>\t\t\t\t<\/div>\n\t\t\t\t<\/div>\n\t\t\t\t<div class=\"elementor-element elementor-element-b06717b elementor-widget elementor-widget-text-editor\" data-id=\"b06717b\" data-element_type=\"widget\" data-e-type=\"widget\" data-widget_type=\"text-editor.default\">\n\t\t\t\t<div class=\"elementor-widget-container\">\n\t\t\t\t\t\t\t\t\tLa isla de Gor\u00e9e, situada a pocos kil\u00f3metros de Dakar y a corta distancia en ferry ofrece un paseo por la historia m\u00e1s violenta de \u00c1frica. Reconocida por la UNESCO por su valor y alcance universal, Gor\u00e9e nos permite entender la historia inseparable de la trata atl\u00e1ntica de personas esclavizadas.<br><br>\n\nGor\u00e9e combina calles tranquilas, arquitectura colonial y un relato que se hace patente en cada rinc\u00f3n de la isla. De arquitectura colonial, los muros nos cuentan como m\u00e1s all\u00e1 de las cifras o de la funci\u00f3n exacta de caa edificio, el valor simb\u00f3lico para comprender la violencia de la trata y su legado. Un lugar que merece su tiempo y una visita sin prisas.\t\t\t\t\t\t\t\t<\/div>\n\t\t\t\t<\/div>\n\t\t\t\t\t<\/div>\n\t\t<\/div>\n\t\t\t\t\t<\/div>\n\t\t<\/section>\n\t\t\t\t\t<\/div>\n\t\t<\/div>\n\t\t\t\t\t<\/div>\n\t\t<\/section>\n\t\t\t\t<section class=\"elementor-section elementor-top-section elementor-element elementor-element-6f28383 elementor-section-boxed elementor-section-height-default elementor-section-height-default\" data-id=\"6f28383\" data-element_type=\"section\" data-e-type=\"section\" data-settings=\"{&quot;background_background&quot;:&quot;classic&quot;}\">\n\t\t\t\t\t\t<div class=\"elementor-container elementor-column-gap-default\">\n\t\t\t\t\t<div class=\"elementor-column elementor-col-100 elementor-top-column elementor-element elementor-element-2906ad0\" data-id=\"2906ad0\" data-element_type=\"column\" data-e-type=\"column\" data-settings=\"{&quot;background_background&quot;:&quot;classic&quot;}\">\n\t\t\t<div class=\"elementor-widget-wrap elementor-element-populated\">\n\t\t\t\t\t\t<div class=\"elementor-element elementor-element-d7315d1 elementor-widget elementor-widget-spacer\" data-id=\"d7315d1\" data-element_type=\"widget\" data-e-type=\"widget\" data-widget_type=\"spacer.default\">\n\t\t\t\t<div class=\"elementor-widget-container\">\n\t\t\t\t\t\t\t<div class=\"elementor-spacer\">\n\t\t\t<div class=\"elementor-spacer-inner\"><\/div>\n\t\t<\/div>\n\t\t\t\t\t\t<\/div>\n\t\t\t\t<\/div>\n\t\t\t\t<div class=\"elementor-element elementor-element-5503f0a elementor-widget elementor-widget-text-editor\" data-id=\"5503f0a\" data-element_type=\"widget\" data-e-type=\"widget\" data-widget_type=\"text-editor.default\">\n\t\t\t\t<div class=\"elementor-widget-container\">\n\t\t\t\t\t\t\t\t\t<p>Autor foto: Ivan Clerencia<\/p>\t\t\t\t\t\t\t\t<\/div>\n\t\t\t\t<\/div>\n\t\t\t\t\t<\/div>\n\t\t<\/div>\n\t\t\t\t\t<\/div>\n\t\t<\/section>\n\t\t\t\t<section class=\"elementor-section elementor-top-section elementor-element elementor-element-2b9cb6e elementor-section-boxed elementor-section-height-default elementor-section-height-default\" data-id=\"2b9cb6e\" data-element_type=\"section\" data-e-type=\"section\">\n\t\t\t\t\t\t<div class=\"elementor-container elementor-column-gap-default\">\n\t\t\t\t\t<div class=\"elementor-column elementor-col-100 elementor-top-column elementor-element elementor-element-acbcaf9\" data-id=\"acbcaf9\" data-element_type=\"column\" data-e-type=\"column\">\n\t\t\t<div class=\"elementor-widget-wrap elementor-element-populated\">\n\t\t\t\t\t\t<section class=\"elementor-section elementor-inner-section elementor-element elementor-element-61de066 elementor-section-boxed elementor-section-height-default elementor-section-height-default\" data-id=\"61de066\" data-element_type=\"section\" data-e-type=\"section\">\n\t\t\t\t\t\t<div class=\"elementor-container elementor-column-gap-default\">\n\t\t\t\t\t<div class=\"elementor-column elementor-col-50 elementor-inner-column elementor-element elementor-element-eb0c3d4\" data-id=\"eb0c3d4\" data-element_type=\"column\" data-e-type=\"column\">\n\t\t\t<div class=\"elementor-widget-wrap elementor-element-populated\">\n\t\t\t\t\t\t<div class=\"elementor-element elementor-element-4018e51 elementor-widget elementor-widget-heading\" data-id=\"4018e51\" data-element_type=\"widget\" data-e-type=\"widget\" data-widget_type=\"heading.default\">\n\t\t\t\t<div class=\"elementor-widget-container\">\n\t\t\t\t\t<h2 class=\"elementor-heading-title elementor-size-default\">Casamance: Otro Senegal<\/h2>\t\t\t\t<\/div>\n\t\t\t\t<\/div>\n\t\t\t\t<div class=\"elementor-element elementor-element-2d9eee6 elementor-widget elementor-widget-text-editor\" data-id=\"2d9eee6\" data-element_type=\"widget\" data-e-type=\"widget\" data-widget_type=\"text-editor.default\">\n\t\t\t\t<div class=\"elementor-widget-container\">\n\t\t\t\t\t\t\t\t\tGeogr\u00e1ficamente se encuentra separada con el norte del pa\u00eds por Gambia y ofrece un paisajes m\u00e1s verde, h\u00famedo y tropical. El r\u00edo y sus canales atraviesan arrozales, palmerales y aldeas. Un lugar de playas extensas y muy poco urbanizado.<br><br>\n\nUno de los grandes atractivos de la regi\u00f3n reside en la cultura diola, donde tradiciones locales, pr\u00e1cticas religiosas y estructuras comunitarias tienen un peso considerable. En Oussouye, la figura del rey todav\u00eda conserva su autoridad tradicional y espiritual.<br><br>\n\nPr\u00f3ximo a las aldeas y en constante contacto con el territorio Casamance ofrece una experiencia \u00fanica que podremos disfrutar si tenemos m\u00e1s d\u00edas para conocer el pa\u00eds ya que su posici\u00f3n geogr\u00e1fica implica un desplazamiento m\u00e1s largo.\t\t\t\t\t\t\t\t<\/div>\n\t\t\t\t<\/div>\n\t\t\t\t\t<\/div>\n\t\t<\/div>\n\t\t\t\t<div class=\"elementor-column elementor-col-50 elementor-inner-column elementor-element elementor-element-078cb6f\" data-id=\"078cb6f\" data-element_type=\"column\" data-e-type=\"column\">\n\t\t\t<div class=\"elementor-widget-wrap elementor-element-populated\">\n\t\t\t\t\t\t<div class=\"elementor-element elementor-element-92ebbe9 elementor-widget__width-initial elementor-widget elementor-widget-image\" data-id=\"92ebbe9\" data-element_type=\"widget\" data-e-type=\"widget\" data-widget_type=\"image.default\">\n\t\t\t\t<div class=\"elementor-widget-container\">\n\t\t\t\t\t\t\t\t\t\t\t\t\t\t\t<img loading=\"lazy\" decoding=\"async\" width=\"485\" height=\"485\" src=\"https:\/\/tuaregviatges.es\/articulos\/wp-content\/uploads\/image-66.jpg\" class=\"attachment-large size-large wp-image-17708\" alt=\"\" srcset=\"https:\/\/tuaregviatges.es\/articulos\/wp-content\/uploads\/image-66.jpg 485w, https:\/\/tuaregviatges.es\/articulos\/wp-content\/uploads\/image-66-300x300.jpg 300w, https:\/\/tuaregviatges.es\/articulos\/wp-content\/uploads\/image-66-150x150.jpg 150w\" sizes=\"(max-width: 485px) 100vw, 485px\" \/>\t\t\t\t\t\t\t\t\t\t\t\t\t\t\t<\/div>\n\t\t\t\t<\/div>\n\t\t\t\t\t<\/div>\n\t\t<\/div>\n\t\t\t\t\t<\/div>\n\t\t<\/section>\n\t\t\t\t<section class=\"elementor-section elementor-inner-section elementor-element elementor-element-0b660b4 elementor-reverse-tablet elementor-section-boxed elementor-section-height-default elementor-section-height-default\" data-id=\"0b660b4\" data-element_type=\"section\" data-e-type=\"section\">\n\t\t\t\t\t\t<div class=\"elementor-container elementor-column-gap-default\">\n\t\t\t\t\t<div class=\"elementor-column elementor-col-50 elementor-inner-column elementor-element elementor-element-ba3847c\" data-id=\"ba3847c\" data-element_type=\"column\" data-e-type=\"column\">\n\t\t\t<div class=\"elementor-widget-wrap elementor-element-populated\">\n\t\t\t\t\t\t<div class=\"elementor-element elementor-element-381ed30 elementor-widget__width-initial elementor-widget elementor-widget-image\" data-id=\"381ed30\" data-element_type=\"widget\" data-e-type=\"widget\" data-widget_type=\"image.default\">\n\t\t\t\t<div class=\"elementor-widget-container\">\n\t\t\t\t\t\t\t\t\t\t\t\t\t\t\t<img loading=\"lazy\" decoding=\"async\" width=\"485\" height=\"291\" src=\"https:\/\/tuaregviatges.es\/articulos\/wp-content\/uploads\/gabrielsandoval3.jpg\" class=\"attachment-large size-large wp-image-17709\" alt=\"\" srcset=\"https:\/\/tuaregviatges.es\/articulos\/wp-content\/uploads\/gabrielsandoval3.jpg 485w, https:\/\/tuaregviatges.es\/articulos\/wp-content\/uploads\/gabrielsandoval3-300x180.jpg 300w\" sizes=\"(max-width: 485px) 100vw, 485px\" \/>\t\t\t\t\t\t\t\t\t\t\t\t\t\t\t<\/div>\n\t\t\t\t<\/div>\n\t\t\t\t<div class=\"elementor-element elementor-element-81f4ff3 elementor-widget elementor-widget-text-editor\" data-id=\"81f4ff3\" data-element_type=\"widget\" data-e-type=\"widget\" data-widget_type=\"text-editor.default\">\n\t\t\t\t<div class=\"elementor-widget-container\">\n\t\t\t\t\t\t\t\t\t<p>Autor foto: Gabriel Sandoval<\/p>\t\t\t\t\t\t\t\t<\/div>\n\t\t\t\t<\/div>\n\t\t\t\t\t<\/div>\n\t\t<\/div>\n\t\t\t\t<div class=\"elementor-column elementor-col-50 elementor-inner-column elementor-element elementor-element-57859df\" data-id=\"57859df\" data-element_type=\"column\" data-e-type=\"column\">\n\t\t\t<div class=\"elementor-widget-wrap elementor-element-populated\">\n\t\t\t\t\t\t<div class=\"elementor-element elementor-element-f2d365f elementor-widget elementor-widget-heading\" data-id=\"f2d365f\" data-element_type=\"widget\" data-e-type=\"widget\" data-widget_type=\"heading.default\">\n\t\t\t\t<div class=\"elementor-widget-container\">\n\t\t\t\t\t<h2 class=\"elementor-heading-title elementor-size-default\">Senegal a d\u00eda de hoy: tradici\u00f3n y modernidad<\/h2>\t\t\t\t<\/div>\n\t\t\t\t<\/div>\n\t\t\t\t<div class=\"elementor-element elementor-element-a49c4c3 elementor-widget elementor-widget-text-editor\" data-id=\"a49c4c3\" data-element_type=\"widget\" data-e-type=\"widget\" data-widget_type=\"text-editor.default\">\n\t\t\t\t<div class=\"elementor-widget-container\">\n\t\t\t\t\t\t\t\t\tSenegal es tambi\u00e9n un pa\u00eds joven en el que confluyen tanto la tradici\u00f3n heredada como la modernidad m\u00e1s actual. Un pa\u00eds joven, urbano y creativo cuya sociedad ensalza los valores africanos y los s\u00edmbolos de identidad propia. <br><br>La m\u00fasica ocupa un lugar central de la cultura, desde el mbalax popularizado internacionalmente por Youssou N\u2019Dour hasta una potente escena de hip-hop muy actual. Dakar, capital del pa\u00eds, concentra gran parte de esta efervescencia, este constante cambio visible tambi\u00e9n en la moda, arte y dise\u00f1o.\t\t\t\t\t\t\t\t<\/div>\n\t\t\t\t<\/div>\n\t\t\t\t\t<\/div>\n\t\t<\/div>\n\t\t\t\t\t<\/div>\n\t\t<\/section>\n\t\t\t\t\t<\/div>\n\t\t<\/div>\n\t\t\t\t\t<\/div>\n\t\t<\/section>\n\t\t\t\t<section class=\"elementor-section elementor-top-section elementor-element elementor-element-c3ba216 elementor-section-boxed elementor-section-height-default elementor-section-height-default\" data-id=\"c3ba216\" data-element_type=\"section\" data-e-type=\"section\" data-settings=\"{&quot;background_background&quot;:&quot;classic&quot;,&quot;motion_fx_motion_fx_scrolling&quot;:&quot;yes&quot;,&quot;motion_fx_translateY_effect&quot;:&quot;yes&quot;,&quot;motion_fx_translateY_direction&quot;:&quot;negative&quot;,&quot;motion_fx_translateY_speed&quot;:{&quot;unit&quot;:&quot;px&quot;,&quot;size&quot;:1.4,&quot;sizes&quot;:[]},&quot;motion_fx_translateY_affectedRange&quot;:{&quot;unit&quot;:&quot;%&quot;,&quot;size&quot;:&quot;&quot;,&quot;sizes&quot;:{&quot;start&quot;:39,&quot;end&quot;:66}},&quot;motion_fx_devices&quot;:[&quot;desktop&quot;],&quot;motion_fx_range&quot;:&quot;page&quot;}\">\n\t\t\t\t\t\t\t<div class=\"elementor-background-overlay\"><\/div>\n\t\t\t\t\t\t\t<div class=\"elementor-container elementor-column-gap-default\">\n\t\t\t\t\t<div class=\"elementor-column elementor-col-100 elementor-top-column elementor-element elementor-element-f679a5f\" data-id=\"f679a5f\" data-element_type=\"column\" data-e-type=\"column\" data-settings=\"{&quot;background_background&quot;:&quot;classic&quot;}\">\n\t\t\t<div class=\"elementor-widget-wrap elementor-element-populated\">\n\t\t\t\t\t\t<div class=\"elementor-element elementor-element-67cb006 elementor-blockquote--skin-clean elementor-invisible elementor-widget elementor-widget-blockquote\" data-id=\"67cb006\" data-element_type=\"widget\" data-e-type=\"widget\" data-settings=\"{&quot;_animation&quot;:&quot;fadeIn&quot;,&quot;_animation_delay&quot;:150}\" data-widget_type=\"blockquote.default\">\n\t\t\t\t<div class=\"elementor-widget-container\">\n\t\t\t\t\t\t\t<blockquote class=\"elementor-blockquote\">\n\t\t\t<p class=\"elementor-blockquote__content\">\n\t\t\t\tReflexiones de un viaje\t\t\t<\/p>\n\t\t\t\t\t<\/blockquote>\n\t\t\t\t\t\t<\/div>\n\t\t\t\t<\/div>\n\t\t\t\t<div class=\"elementor-element elementor-element-70eee99 elementor-widget elementor-widget-text-editor\" data-id=\"70eee99\" data-element_type=\"widget\" data-e-type=\"widget\" data-widget_type=\"text-editor.default\">\n\t\t\t\t<div class=\"elementor-widget-container\">\n\t\t\t\t\t\t\t\t\t<em>\u00ab<\/em><em>Senegal es de los viajes que m\u00e1s cuestan de explicar al volver. No porque no pase nada, sino porque lo que pasa no cabe en una foto ni en un listado de lugares visitados.<\/em><br>\n<p dir=\"ltr\"><em>Es la conversaci\u00f3n con Amina mientras cocinas un thieboudienne en su cocina de Saint-Louis. Es la barca avanzando en silencio por el delta del Saloum mientras las mareas deciden si puedes pasar o no. Es el vaso de t\u00e9 que alguien te ofrece desinteresadamente.<\/em><\/p><br>\n<p dir=\"ltr\"><em>Un apunte pr\u00e1ctico: Senegal se disfruta mejor cuando viajas con margen. Los horarios son flexibles, las mareas condicionan las navegaciones y un encuentro interesante puede alterar lo previsto. No hace falta ser un viajero experimentado, pero s\u00ed llegar con curiosidad, flexibilidad y ganas de participar.\u00bb<\/em>\t\t\t\t\t\t\t\t<\/div>\n\t\t\t\t<\/div>\n\t\t\t\t<div class=\"elementor-element elementor-element-2daf312 elementor-widget elementor-widget-text-editor\" data-id=\"2daf312\" data-element_type=\"widget\" data-e-type=\"widget\" data-widget_type=\"text-editor.default\">\n\t\t\t\t<div class=\"elementor-widget-container\">\n\t\t\t\t\t\t\t\t\t<p><em>\u2014 El equipo de Tuareg<\/em><\/p>\t\t\t\t\t\t\t\t<\/div>\n\t\t\t\t<\/div>\n\t\t\t\t\t<\/div>\n\t\t<\/div>\n\t\t\t\t\t<\/div>\n\t\t<\/section>\n\t\t\t\t<section class=\"elementor-section elementor-top-section elementor-element elementor-element-7b3b28c elementor-section-boxed elementor-section-height-default elementor-section-height-default\" data-id=\"7b3b28c\" data-element_type=\"section\" data-e-type=\"section\">\n\t\t\t\t\t\t<div class=\"elementor-container elementor-column-gap-default\">\n\t\t\t\t\t<div class=\"elementor-column elementor-col-100 elementor-top-column elementor-element elementor-element-c017c01\" data-id=\"c017c01\" data-element_type=\"column\" data-e-type=\"column\">\n\t\t\t<div class=\"elementor-widget-wrap elementor-element-populated\">\n\t\t\t\t\t\t<div class=\"elementor-element elementor-element-dd6b7e8 elementor-widget elementor-widget-heading\" data-id=\"dd6b7e8\" data-element_type=\"widget\" data-e-type=\"widget\" data-widget_type=\"heading.default\">\n\t\t\t\t<div class=\"elementor-widget-container\">\n\t\t\t\t\t<h2 class=\"elementor-heading-title elementor-size-default\">Consejos pr\u00e1cticos y recomendaciones<\/h2>\t\t\t\t<\/div>\n\t\t\t\t<\/div>\n\t\t\t\t<div class=\"elementor-element elementor-element-0acdf12 elementor-widget elementor-widget-text-editor\" data-id=\"0acdf12\" data-element_type=\"widget\" data-e-type=\"widget\" data-widget_type=\"text-editor.default\">\n\t\t\t\t<div class=\"elementor-widget-container\">\n\t\t\t\t\t\t\t\t\tEn Tuareg viajamos en grupos peque\u00f1os, para nosotros la mejor manera de poder vivir una experiencia lo m\u00e1s cercana posible. De esta manera tambi\u00e9n podemos acercarnos de la forma m\u00e1s respetuosa a las aldeas, mercados y comunidades, para as\u00ed de esta manera poder conversar, compartir y participar del d\u00eda d\u00eda y la cotidianidad.<br><br>\n\nAlgunas pr\u00e1cticas que seguimos:\n\n<strong>Primero saludamos, luego sacamos la c\u00e1mara.<\/strong> Tomar fotos nada m\u00e1s llegar a un poblado condiciona el encuentro desde el primer momento. Hay tiempo.\n<br><br>\n<strong>Compramos artesan\u00eda en mercados y talleres, no en las aldeas<\/strong>. Algunos objetos tienen un valor personal o cultural que no siempre es evidente para quien llega de fuera.<br><br>\n\n<strong>No damos dinero ni objetos directamente a los ni\u00f1os<\/strong>. Si queremos aportar algo, preguntamos al gu\u00eda cu\u00e1l es la forma m\u00e1s adecuada de canalizarlo a trav\u00e9s de la comunidad o una escuela local.\n<br><br>\n<strong>No lanzamos nada desde las ventanillas.<\/strong> Adem\u00e1s de fomentar la petici\u00f3n, puede hacer que los ni\u00f1os se acerquen a los veh\u00edculos en movimiento.\n<br><br>\nSon gestos peque\u00f1os, pero marcan una diferencia enorme en c\u00f3mo nos reciben y c\u00f3mo nos recordar\u00e1n.\t\t\t\t\t\t\t\t<\/div>\n\t\t\t\t<\/div>\n\t\t\t\t\t<\/div>\n\t\t<\/div>\n\t\t\t\t\t<\/div>\n\t\t<\/section>\n\t\t\t\t<section class=\"elementor-section elementor-top-section elementor-element elementor-element-72f87e5 elementor-section-boxed elementor-section-height-default elementor-section-height-default\" data-id=\"72f87e5\" data-element_type=\"section\" data-e-type=\"section\">\n\t\t\t\t\t\t<div class=\"elementor-container elementor-column-gap-default\">\n\t\t\t\t\t<div class=\"elementor-column elementor-col-100 elementor-top-column elementor-element elementor-element-ab83904\" data-id=\"ab83904\" data-element_type=\"column\" data-e-type=\"column\">\n\t\t\t<div class=\"elementor-widget-wrap elementor-element-populated\">\n\t\t\t\t\t\t<div class=\"elementor-element elementor-element-8da95c5 elementor-widget elementor-widget-image\" data-id=\"8da95c5\" data-element_type=\"widget\" data-e-type=\"widget\" data-widget_type=\"image.default\">\n\t\t\t\t<div class=\"elementor-widget-container\">\n\t\t\t\t\t\t\t\t\t\t\t\t\t\t\t<img loading=\"lazy\" decoding=\"async\" width=\"1220\" height=\"677\" src=\"https:\/\/tuaregviatges.es\/articulos\/wp-content\/uploads\/Consejos-viajeros-\u2014-Senegal.png\" class=\"attachment-full size-full wp-image-17747\" alt=\"\" srcset=\"https:\/\/tuaregviatges.es\/articulos\/wp-content\/uploads\/Consejos-viajeros-\u2014-Senegal.png 1220w, https:\/\/tuaregviatges.es\/articulos\/wp-content\/uploads\/Consejos-viajeros-\u2014-Senegal-300x166.png 300w, https:\/\/tuaregviatges.es\/articulos\/wp-content\/uploads\/Consejos-viajeros-\u2014-Senegal-966x536.png 966w, https:\/\/tuaregviatges.es\/articulos\/wp-content\/uploads\/Consejos-viajeros-\u2014-Senegal-768x426.png 768w\" sizes=\"(max-width: 1220px) 100vw, 1220px\" \/>\t\t\t\t\t\t\t\t\t\t\t\t\t\t\t<\/div>\n\t\t\t\t<\/div>\n\t\t\t\t\t<\/div>\n\t\t<\/div>\n\t\t\t\t\t<\/div>\n\t\t<\/section>\n\t\t\t\t<section class=\"elementor-section elementor-top-section elementor-element elementor-element-424c0f3 elementor-section-boxed elementor-section-height-default elementor-section-height-default\" data-id=\"424c0f3\" data-element_type=\"section\" data-e-type=\"section\">\n\t\t\t\t\t\t<div class=\"elementor-container elementor-column-gap-default\">\n\t\t\t\t\t<div class=\"elementor-column elementor-col-100 elementor-top-column elementor-element elementor-element-db0fcc9\" data-id=\"db0fcc9\" data-element_type=\"column\" data-e-type=\"column\">\n\t\t\t<div class=\"elementor-widget-wrap elementor-element-populated\">\n\t\t\t\t\t\t<div class=\"elementor-element elementor-element-38aa7c6 elementor-widget elementor-widget-heading\" data-id=\"38aa7c6\" data-element_type=\"widget\" data-e-type=\"widget\" data-widget_type=\"heading.default\">\n\t\t\t\t<div class=\"elementor-widget-container\">\n\t\t\t\t\t<h1 class=\"elementor-heading-title elementor-size-default\">FAQ<\/h1>\t\t\t\t<\/div>\n\t\t\t\t<\/div>\n\t\t\t\t<div class=\"elementor-element elementor-element-a31bf3c elementor-widget elementor-widget-toggle\" data-id=\"a31bf3c\" data-element_type=\"widget\" data-e-type=\"widget\" data-widget_type=\"toggle.default\">\n\t\t\t\t<div class=\"elementor-widget-container\">\n\t\t\t\t\t\t\t<div class=\"elementor-toggle\">\n\t\t\t\t\t\t\t<div class=\"elementor-toggle-item\">\n\t\t\t\t\t<div id=\"elementor-tab-title-1711\" class=\"elementor-tab-title\" data-tab=\"1\" role=\"button\" aria-controls=\"elementor-tab-content-1711\" aria-expanded=\"false\">\n\t\t\t\t\t\t\t\t\t\t\t\t<span class=\"elementor-toggle-icon elementor-toggle-icon-right\" aria-hidden=\"true\">\n\t\t\t\t\t\t\t\t\t\t\t\t\t\t\t<span class=\"elementor-toggle-icon-closed\"><i class=\"far fa-caret-square-down\"><\/i><\/span>\n\t\t\t\t\t\t\t\t<span class=\"elementor-toggle-icon-opened\"><i class=\"elementor-toggle-icon-opened far fa-caret-square-up\"><\/i><\/span>\n\t\t\t\t\t\t\t\t\t\t\t\t\t<\/span>\n\t\t\t\t\t\t\t\t\t\t\t\t<a class=\"elementor-toggle-title\" tabindex=\"0\">\u00bfCu\u00e1l es la mejor \u00e9poca para visitarlo?<\/a>\n\t\t\t\t\t<\/div>\n\n\t\t\t\t\t<div id=\"elementor-tab-content-1711\" class=\"elementor-tab-content elementor-clearfix\" data-tab=\"1\" role=\"region\" aria-labelledby=\"elementor-tab-title-1711\"><p>De noviembre a mayo (estaci\u00f3n seca, humedad baja). De junio a octubre aumentan el calor, la humedad y las lluvias, pero el paisaje se vuelve mucho m\u00e1s verde. Las condiciones var\u00edan seg\u00fan la zona: el norte es m\u00e1s seco, Casamance tiene una estaci\u00f3n de lluvias m\u00e1s marcada.<\/p><\/div>\n\t\t\t\t<\/div>\n\t\t\t\t\t\t\t<div class=\"elementor-toggle-item\">\n\t\t\t\t\t<div id=\"elementor-tab-title-1712\" class=\"elementor-tab-title\" data-tab=\"2\" role=\"button\" aria-controls=\"elementor-tab-content-1712\" aria-expanded=\"false\">\n\t\t\t\t\t\t\t\t\t\t\t\t<span class=\"elementor-toggle-icon elementor-toggle-icon-right\" aria-hidden=\"true\">\n\t\t\t\t\t\t\t\t\t\t\t\t\t\t\t<span class=\"elementor-toggle-icon-closed\"><i class=\"far fa-caret-square-down\"><\/i><\/span>\n\t\t\t\t\t\t\t\t<span class=\"elementor-toggle-icon-opened\"><i class=\"elementor-toggle-icon-opened far fa-caret-square-up\"><\/i><\/span>\n\t\t\t\t\t\t\t\t\t\t\t\t\t<\/span>\n\t\t\t\t\t\t\t\t\t\t\t\t<a class=\"elementor-toggle-title\" tabindex=\"0\">\u00bfCu\u00e1ntos d\u00edas voy a necesitar?<\/a>\n\t\t\t\t\t<\/div>\n\n\t\t\t\t\t<div id=\"elementor-tab-content-1712\" class=\"elementor-tab-content elementor-clearfix\" data-tab=\"2\" role=\"region\" aria-labelledby=\"elementor-tab-title-1712\"><p><strong>:<\/strong> entre 8 y 10 d\u00edas permiten una primera ruta muy completa (Saint-Louis, Djoudj, Lompoul, Saloum, Gor\u00e9e). Para incluir Casamance, mejor 15 d\u00edas.<\/p><\/div>\n\t\t\t\t<\/div>\n\t\t\t\t\t\t\t<div class=\"elementor-toggle-item\">\n\t\t\t\t\t<div id=\"elementor-tab-title-1713\" class=\"elementor-tab-title\" data-tab=\"3\" role=\"button\" aria-controls=\"elementor-tab-content-1713\" aria-expanded=\"false\">\n\t\t\t\t\t\t\t\t\t\t\t\t<span class=\"elementor-toggle-icon elementor-toggle-icon-right\" aria-hidden=\"true\">\n\t\t\t\t\t\t\t\t\t\t\t\t\t\t\t<span class=\"elementor-toggle-icon-closed\"><i class=\"far fa-caret-square-down\"><\/i><\/span>\n\t\t\t\t\t\t\t\t<span class=\"elementor-toggle-icon-opened\"><i class=\"elementor-toggle-icon-opened far fa-caret-square-up\"><\/i><\/span>\n\t\t\t\t\t\t\t\t\t\t\t\t\t<\/span>\n\t\t\t\t\t\t\t\t\t\t\t\t<a class=\"elementor-toggle-title\" tabindex=\"0\">\u00bfQu\u00e9 documentaci\u00f3n debo llevar?<\/a>\n\t\t\t\t\t<\/div>\n\n\t\t\t\t\t<div id=\"elementor-tab-content-1713\" class=\"elementor-tab-content elementor-clearfix\" data-tab=\"3\" role=\"region\" aria-labelledby=\"elementor-tab-title-1713\"><p><strong>:<\/strong> pasaporte con validez superior a 6 meses. DNI no v\u00e1lido. Los ciudadanos espa\u00f1oles no necesitan visado para estancias inferiores a 90 d\u00edas.<\/p><\/div>\n\t\t\t\t<\/div>\n\t\t\t\t\t\t\t<div class=\"elementor-toggle-item\">\n\t\t\t\t\t<div id=\"elementor-tab-title-1714\" class=\"elementor-tab-title\" data-tab=\"4\" role=\"button\" aria-controls=\"elementor-tab-content-1714\" aria-expanded=\"false\">\n\t\t\t\t\t\t\t\t\t\t\t\t<span class=\"elementor-toggle-icon elementor-toggle-icon-right\" aria-hidden=\"true\">\n\t\t\t\t\t\t\t\t\t\t\t\t\t\t\t<span class=\"elementor-toggle-icon-closed\"><i class=\"far fa-caret-square-down\"><\/i><\/span>\n\t\t\t\t\t\t\t\t<span class=\"elementor-toggle-icon-opened\"><i class=\"elementor-toggle-icon-opened far fa-caret-square-up\"><\/i><\/span>\n\t\t\t\t\t\t\t\t\t\t\t\t\t<\/span>\n\t\t\t\t\t\t\t\t\t\t\t\t<a class=\"elementor-toggle-title\" tabindex=\"0\">\u00bfNecesito vacunarme?<\/a>\n\t\t\t\t\t<\/div>\n\n\t\t\t\t\t<div id=\"elementor-tab-content-1714\" class=\"elementor-tab-content elementor-clearfix\" data-tab=\"4\" role=\"region\" aria-labelledby=\"elementor-tab-title-1714\"><p>la fiebre amarilla est\u00e1 recomendada y puede ser obligatoria seg\u00fan el tr\u00e1nsito. Existe riesgo de malaria: repelente, ropa larga y alojamiento con mosquitera. Consulta con un Centro de Vacunaci\u00f3n Internacional la conveniencia de profilaxis antipal\u00fadica.<\/p><\/div>\n\t\t\t\t<\/div>\n\t\t\t\t\t\t\t<div class=\"elementor-toggle-item\">\n\t\t\t\t\t<div id=\"elementor-tab-title-1715\" class=\"elementor-tab-title\" data-tab=\"5\" role=\"button\" aria-controls=\"elementor-tab-content-1715\" aria-expanded=\"false\">\n\t\t\t\t\t\t\t\t\t\t\t\t<span class=\"elementor-toggle-icon elementor-toggle-icon-right\" aria-hidden=\"true\">\n\t\t\t\t\t\t\t\t\t\t\t\t\t\t\t<span class=\"elementor-toggle-icon-closed\"><i class=\"far fa-caret-square-down\"><\/i><\/span>\n\t\t\t\t\t\t\t\t<span class=\"elementor-toggle-icon-opened\"><i class=\"elementor-toggle-icon-opened far fa-caret-square-up\"><\/i><\/span>\n\t\t\t\t\t\t\t\t\t\t\t\t\t<\/span>\n\t\t\t\t\t\t\t\t\t\t\t\t<a class=\"elementor-toggle-title\" tabindex=\"0\">\u00bfEs un pa\u00eds seguro?<\/a>\n\t\t\t\t\t<\/div>\n\n\t\t\t\t\t<div id=\"elementor-tab-content-1715\" class=\"elementor-tab-content elementor-clearfix\" data-tab=\"5\" role=\"region\" aria-labelledby=\"elementor-tab-title-1715\"><p>Senegal tiene una larga tradici\u00f3n de recepci\u00f3n de viajeros. Precauciones habituales en ciudades. Algunas zonas fronterizas o del interior de Casamance pueden tener recomendaciones espec\u00edficas. Adaptamos los recorridos cuando es necesario.<\/p><\/div>\n\t\t\t\t<\/div>\n\t\t\t\t\t\t\t<div class=\"elementor-toggle-item\">\n\t\t\t\t\t<div id=\"elementor-tab-title-1716\" class=\"elementor-tab-title\" data-tab=\"6\" role=\"button\" aria-controls=\"elementor-tab-content-1716\" aria-expanded=\"false\">\n\t\t\t\t\t\t\t\t\t\t\t\t<span class=\"elementor-toggle-icon elementor-toggle-icon-right\" aria-hidden=\"true\">\n\t\t\t\t\t\t\t\t\t\t\t\t\t\t\t<span class=\"elementor-toggle-icon-closed\"><i class=\"far fa-caret-square-down\"><\/i><\/span>\n\t\t\t\t\t\t\t\t<span class=\"elementor-toggle-icon-opened\"><i class=\"elementor-toggle-icon-opened far fa-caret-square-up\"><\/i><\/span>\n\t\t\t\t\t\t\t\t\t\t\t\t\t<\/span>\n\t\t\t\t\t\t\t\t\t\t\t\t<a class=\"elementor-toggle-title\" tabindex=\"0\">\u00bfCu\u00e1l es la exigencia f\u00edsica de un recorrido normal?<\/a>\n\t\t\t\t\t<\/div>\n\n\t\t\t\t\t<div id=\"elementor-tab-content-1716\" class=\"elementor-tab-content elementor-clearfix\" data-tab=\"6\" role=\"region\" aria-labelledby=\"elementor-tab-title-1716\"><p>baja. Los recorridos son culturales y de naturaleza. El calor y la humedad (seg\u00fan \u00e9poca y regi\u00f3n) pueden aumentar la sensaci\u00f3n de esfuerzo, pero no requieren preparaci\u00f3n deportiva.<\/p><\/div>\n\t\t\t\t<\/div>\n\t\t\t\t\t\t\t<div class=\"elementor-toggle-item\">\n\t\t\t\t\t<div id=\"elementor-tab-title-1717\" class=\"elementor-tab-title\" data-tab=\"7\" role=\"button\" aria-controls=\"elementor-tab-content-1717\" aria-expanded=\"false\">\n\t\t\t\t\t\t\t\t\t\t\t\t<span class=\"elementor-toggle-icon elementor-toggle-icon-right\" aria-hidden=\"true\">\n\t\t\t\t\t\t\t\t\t\t\t\t\t\t\t<span class=\"elementor-toggle-icon-closed\"><i class=\"far fa-caret-square-down\"><\/i><\/span>\n\t\t\t\t\t\t\t\t<span class=\"elementor-toggle-icon-opened\"><i class=\"elementor-toggle-icon-opened far fa-caret-square-up\"><\/i><\/span>\n\t\t\t\t\t\t\t\t\t\t\t\t\t<\/span>\n\t\t\t\t\t\t\t\t\t\t\t\t<a class=\"elementor-toggle-title\" tabindex=\"0\">\u00bfQu\u00e9 moneda voy a necesitar?<\/a>\n\t\t\t\t\t<\/div>\n\n\t\t\t\t\t<div id=\"elementor-tab-content-1717\" class=\"elementor-tab-content elementor-clearfix\" data-tab=\"7\" role=\"region\" aria-labelledby=\"elementor-tab-title-1717\"><p>franco CFA (XOF). El efectivo es imprescindible en mercados y zonas rurales. Algunas tarjetas funcionan en Dakar y hoteles grandes.<\/p><\/div>\n\t\t\t\t<\/div>\n\t\t\t\t\t\t\t\t\t\t<script type=\"application\/ld+json\">{\"@context\":\"https:\\\/\\\/schema.org\",\"@type\":\"FAQPage\",\"mainEntity\":[{\"@type\":\"Question\",\"name\":\"\\u00bfCu\\u00e1l es la mejor \\u00e9poca para visitarlo?\",\"acceptedAnswer\":{\"@type\":\"Answer\",\"text\":\"<p>De noviembre a mayo (estaci\\u00f3n seca, humedad baja). De junio a octubre aumentan el calor, la humedad y las lluvias, pero el paisaje se vuelve mucho m\\u00e1s verde. Las condiciones var\\u00edan seg\\u00fan la zona: el norte es m\\u00e1s seco, Casamance tiene una estaci\\u00f3n de lluvias m\\u00e1s marcada.<\\\/p>\"}},{\"@type\":\"Question\",\"name\":\"\\u00bfCu\\u00e1ntos d\\u00edas voy a necesitar?\",\"acceptedAnswer\":{\"@type\":\"Answer\",\"text\":\"<p><strong>:<\\\/strong> entre 8 y 10 d\\u00edas permiten una primera ruta muy completa (Saint-Louis, Djoudj, Lompoul, Saloum, Gor\\u00e9e). Para incluir Casamance, mejor 15 d\\u00edas.<\\\/p>\"}},{\"@type\":\"Question\",\"name\":\"\\u00bfQu\\u00e9 documentaci\\u00f3n debo llevar?\",\"acceptedAnswer\":{\"@type\":\"Answer\",\"text\":\"<p><strong>:<\\\/strong> pasaporte con validez superior a 6 meses. DNI no v\\u00e1lido. Los ciudadanos espa\\u00f1oles no necesitan visado para estancias inferiores a 90 d\\u00edas.<\\\/p>\"}},{\"@type\":\"Question\",\"name\":\"\\u00bfNecesito vacunarme?\",\"acceptedAnswer\":{\"@type\":\"Answer\",\"text\":\"<p>la fiebre amarilla est\\u00e1 recomendada y puede ser obligatoria seg\\u00fan el tr\\u00e1nsito. Existe riesgo de malaria: repelente, ropa larga y alojamiento con mosquitera. Consulta con un Centro de Vacunaci\\u00f3n Internacional la conveniencia de profilaxis antipal\\u00fadica.<\\\/p>\"}},{\"@type\":\"Question\",\"name\":\"\\u00bfEs un pa\\u00eds seguro?\",\"acceptedAnswer\":{\"@type\":\"Answer\",\"text\":\"<p>Senegal tiene una larga tradici\\u00f3n de recepci\\u00f3n de viajeros. Precauciones habituales en ciudades. Algunas zonas fronterizas o del interior de Casamance pueden tener recomendaciones espec\\u00edficas. Adaptamos los recorridos cuando es necesario.<\\\/p>\"}},{\"@type\":\"Question\",\"name\":\"\\u00bfCu\\u00e1l es la exigencia f\\u00edsica de un recorrido normal?\",\"acceptedAnswer\":{\"@type\":\"Answer\",\"text\":\"<p>baja. Los recorridos son culturales y de naturaleza. El calor y la humedad (seg\\u00fan \\u00e9poca y regi\\u00f3n) pueden aumentar la sensaci\\u00f3n de esfuerzo, pero no requieren preparaci\\u00f3n deportiva.<\\\/p>\"}},{\"@type\":\"Question\",\"name\":\"\\u00bfQu\\u00e9 moneda voy a necesitar?\",\"acceptedAnswer\":{\"@type\":\"Answer\",\"text\":\"<p>franco CFA (XOF). El efectivo es imprescindible en mercados y zonas rurales. Algunas tarjetas funcionan en Dakar y hoteles grandes.<\\\/p>\"}}]}<\/script>\n\t\t\t\t\t<\/div>\n\t\t\t\t\t\t<\/div>\n\t\t\t\t<\/div>\n\t\t\t\t\t<\/div>\n\t\t<\/div>\n\t\t\t\t\t<\/div>\n\t\t<\/section>\n\t\t\t\t<section class=\"elementor-section elementor-top-section elementor-element elementor-element-17bce50 elementor-section-boxed elementor-section-height-default elementor-section-height-default\" data-id=\"17bce50\" data-element_type=\"section\" data-e-type=\"section\">\n\t\t\t\t\t\t<div class=\"elementor-container elementor-column-gap-default\">\n\t\t\t\t\t<div class=\"elementor-column elementor-col-100 elementor-top-column elementor-element elementor-element-06ae746\" data-id=\"06ae746\" data-element_type=\"column\" data-e-type=\"column\">\n\t\t\t<div class=\"elementor-widget-wrap elementor-element-populated\">\n\t\t\t\t\t\t<div class=\"elementor-element elementor-element-9fb7a69 elementor-widget elementor-widget-html\" data-id=\"9fb7a69\" data-element_type=\"widget\" data-e-type=\"widget\" data-widget_type=\"html.default\">\n\t\t\t\t<div class=\"elementor-widget-container\">\n\t\t\t\t\t<script type=\"application\/ld+json\">\n{\n  \"@context\": \"https:\/\/schema.org\",\n  \"@type\": \"TravelAction\",\n  \"destination\": {\n    \"@type\": \"Place\",\n    \"name\": \"Senegal\",\n    \"geo\": {\n      \"@type\": \"GeoCoordinates\",\n      \"latitude\": 12.8,\n      \"longitude\": 16.41,\n    }\n  },\n  \"agent\": {\n    \"@type\": \"Organization\",\n    \"name\": \"Viatges Tuareg SA\",\n    \"url\": \"https:\/\/tuaregviatges.es\"\n  }\n}\t\t\t\t<\/div>\n\t\t\t\t<\/div>\n\t\t\t\t\t<\/div>\n\t\t<\/div>\n\t\t\t\t\t<\/div>\n\t\t<\/section>\n\t\t\t\t<\/div>\n\t\t","protected":false},"excerpt":{"rendered":"<p>Llevas diez minutos en un mercado y alguien te ofrece un vaso de t\u00e9. No sabe c\u00f3mo te llamas. No importa. En Senegal hay una palabra para esto: Teranga. Se traduce como hospitalidad, pero expresa algo m\u00e1s amplio. Una manera de recibir, compartir y hacer sitio a quien llega.<\/p>\n","protected":false},"author":3,"featured_media":17693,"comment_status":"closed","ping_status":"closed","sticky":false,"template":"","format":"standard","meta":{"_angie_page":false,"page_builder":"","footnotes":""},"categories":[20],"tags":[21,70,46,73],"class_list":["post-17674","post","type-post","status-publish","format-standard","has-post-thumbnail","hentry","category-africa","tag-africa","tag-cultura","tag-desierto","tag-viajar"],"_links":{"self":[{"href":"https:\/\/tuaregviatges.es\/articulos\/wp-json\/wp\/v2\/posts\/17674","targetHints":{"allow":["GET"]}}],"collection":[{"href":"https:\/\/tuaregviatges.es\/articulos\/wp-json\/wp\/v2\/posts"}],"about":[{"href":"https:\/\/tuaregviatges.es\/articulos\/wp-json\/wp\/v2\/types\/post"}],"author":[{"embeddable":true,"href":"https:\/\/tuaregviatges.es\/articulos\/wp-json\/wp\/v2\/users\/3"}],"replies":[{"embeddable":true,"href":"https:\/\/tuaregviatges.es\/articulos\/wp-json\/wp\/v2\/comments?post=17674"}],"version-history":[{"count":54,"href":"https:\/\/tuaregviatges.es\/articulos\/wp-json\/wp\/v2\/posts\/17674\/revisions"}],"predecessor-version":[{"id":17750,"href":"https:\/\/tuaregviatges.es\/articulos\/wp-json\/wp\/v2\/posts\/17674\/revisions\/17750"}],"wp:featuredmedia":[{"embeddable":true,"href":"https:\/\/tuaregviatges.es\/articulos\/wp-json\/wp\/v2\/media\/17693"}],"wp:attachment":[{"href":"https:\/\/tuaregviatges.es\/articulos\/wp-json\/wp\/v2\/media?parent=17674"}],"wp:term":[{"taxonomy":"category","embeddable":true,"href":"https:\/\/tuaregviatges.es\/articulos\/wp-json\/wp\/v2\/categories?post=17674"},{"taxonomy":"post_tag","embeddable":true,"href":"https:\/\/tuaregviatges.es\/articulos\/wp-json\/wp\/v2\/tags?post=17674"}],"curies":[{"name":"wp","href":"https:\/\/api.w.org\/{rel}","templated":true}]}}