{"id":590,"count":2,"description":"En un solo viaje, y sin demasiados kms. conviviremos con comunidades ind\u00edgenas y nos acercaremos a \u00e1reas tan diversas como los Andes en la c\u00e9lebre Avda. de los Volcanes y la riqueza faun\u00edstica de la Reserva de Machalilla en el Pac\u00edfico.","link":"https:\/\/tuaregviatges.es\/viajes\/category\/viajes_america\/ecuador\/","name":"Ecuador","slug":"ecuador","taxonomy":"category","parent":183,"meta":[],"_links":{"self":[{"href":"https:\/\/tuaregviatges.es\/viajes\/wp-json\/wp\/v2\/categories\/590","targetHints":{"allow":["GET"]}}],"collection":[{"href":"https:\/\/tuaregviatges.es\/viajes\/wp-json\/wp\/v2\/categories"}],"about":[{"href":"https:\/\/tuaregviatges.es\/viajes\/wp-json\/wp\/v2\/taxonomies\/category"}],"up":[{"embeddable":true,"href":"https:\/\/tuaregviatges.es\/viajes\/wp-json\/wp\/v2\/categories\/183"}],"wp:post_type":[{"href":"https:\/\/tuaregviatges.es\/viajes\/wp-json\/wp\/v2\/posts?categories=590"}],"curies":[{"name":"wp","href":"https:\/\/api.w.org\/{rel}","templated":true}]}}