{"id":10171,"date":"2025-04-29T12:37:41","date_gmt":"2025-04-29T10:37:41","guid":{"rendered":"https:\/\/tuaregviatges.es\/viajes\/?p=10171"},"modified":"2025-04-29T16:42:44","modified_gmt":"2025-04-29T14:42:44","slug":"canada-en-verano-tras-los-pasos-de-jacques-cartier","status":"publish","type":"post","link":"https:\/\/tuaregviatges.es\/viajes\/canada-en-verano-tras-los-pasos-de-jacques-cartier\/","title":{"rendered":"Canad\u00e1 en verano, ruta del r\u00edo San Lorenzo | Viaje a Canad\u00e1"},"content":{"rendered":"<p>El r\u00edo San Lorenzo es el eje de este <a href=\"https:\/\/tuaregviatges.es\/america_canada.html\">viaje a Canad\u00e1<\/a>, que sigue la ruta del explorador Jacques Cartier (31 de diciembre de 1491 &#8211; 1 de septiembre de 1557). Ciudades entre las m\u00e1s antiguas del continente, parques naturales con paisajes excepcionales y observaci\u00f3n de fauna componen esta variada, completa y activa ruta por Quebec.<\/p>\n<blockquote><p>Jacques Cartier fue el primer europeo en explorar y navegar las aguas del r\u00edo San Lorenzo.<\/p><\/blockquote>\n<p><!--more--><\/p>\n<h3>Tras los pasos de Jacques Cartiers<\/h3>\n<p>El hilo conductor de este viaje a Canad\u00e1 en agosto es el r\u00edo. Dos hermosas ciudades, Montreal y Quebec, se construyeron a su orilla. La riqueza del ecosistema de esta regi\u00f3n de Canad\u00e1 es excepcional: bosque alpino, tundra, taiga; ballenas, alces, osos negros, carib\u00fas, focas&#8230;<\/p>\n<p>Aprovechamos la estupenda red de senderos de los parques de Quebec y la combinamos con recorridos en tren, paseos en canoa por lagos y kayak de mar para descubrir todo lo que esta privilegiada regi\u00f3n nos puede ofrecer.<\/p>\n<section style=\"width: 100%; border: 1px solid #BE6521; border-radius: 10px; text-align: left; margin-top: 20px;\">\n<div style=\"margin-top: -20px; background: #BE6521; color: #ffffff; border-radius: 10px 10px 0px 0px; min-height: 40px;\">\n<div style=\"margin: 0 15px;\">\n<h2 style=\"border-radius: 10px 10px 0px 0px; padding: 5px 0px; line-height: 1;\"><a style=\"color: #ffffff; font-family: 'Amatic SC', sans-serif;\" href=\"https:\/\/tuaregviatges.es\/america_del_norte_y_central\/viajes_a_canada\/Canada.htm\">La gran ruta del r\u00edo San Lorenzo, tras los pasos de Jacques Cartier<br \/>\n<\/a><\/h2>\n<\/div>\n<div style=\"height: auto; margin: 0;\"><img decoding=\"async\" style=\"width: 100%; height: auto;\" src=\"https:\/\/tuaregviatges.es\/rutas\/seccionesRutas\/18956.jpg\" \/><\/div>\n<\/div>\n<div style=\"width: auto; color: #be6521; padding-left: 10px; line-height: 1.5; margin-top: -2rem;\">\n<div><a style=\"color: #be6521; padding-right: 10px; font-weight: bolder; font-size: 20px; font-family: 'Amatic SC', sans-serif;\" href=\"https:\/\/tuaregviatges.es\/america_canada.html\"><br \/>\n<img decoding=\"async\" class=\"ico-place\" style=\"height: 35px; width: 35; margin: -10px; margin-right: 3px;\" src=\"https:\/\/tuaregviatges.es\/iconos\/place.svg\" \/>Canad\u00e1<\/a><\/div>\n<div>\n<div style=\"color: #000000;\"><span style=\"color: #96a610;\">\u2714\ufe0f Viaje de 16 d\u00edas<\/span><br \/>\n<span style=\"color: #96a610;\">\u2714\ufe0f Salida 14 jul<span class=\"lt\">\u00a0|\u00a0<\/span>2, 16 ago<span class=\"lt\">\u00a0|\u00a0<\/span>1 sep 2025<\/span><br \/>\n<span style=\"color: #96a610;\">\u2714\ufe0f Precio a partir de<strong> 3590\u20ac<\/strong><\/span><\/div>\n<div><\/div>\n<div style=\"color: #000000;\"><img decoding=\"async\" class=\"aligncenter\" src=\"https:\/\/tuaregviatges.es\/america_del_norte_y_central\/viajes_a_canada\/mapa\/Canada.jpg\" alt=\"Canada + La gran ruta del r\u00edo San Lorenzo, tras los pasos de Jacques Cartier\" \/><\/div>\n<p style=\"text-align: center; margin: 20px;\"><a href=\"https:\/\/tuaregviatges.es\/america_del_norte_y_central\/viajes_a_canada\/Canada.htm\"><span style=\"background-color: #96a610; color: #ffffff; padding: 10px 20px; border-radius: 25px;\" title=\"Viajar a Per\u00fa\">+Info del viaje<\/span><\/a><\/p>\n<\/div>\n<\/div>\n<\/section>\n<figure id=\"attachment_10184\" class=\"thumbnail wp-caption aligncenter\" style=\"width: 710px\"><a href=\"https:\/\/tuaregviatges.es\/america_del_norte_y_central\/viajes_a_canada\/Senderismo_y_canoas_en_las_Rocosas-2.htm\"><img loading=\"lazy\" decoding=\"async\" class=\"size-full wp-image-10184\" src=\"https:\/\/tuaregviatges.es\/viajes\/wp-content\/uploads\/2020\/01\/18958.jpg\" alt=\"Viaje a Canada. Ruta del r\u00edo San Lorenzo @ Autor Alex P\u00f3o\" width=\"700\" height=\"464\" srcset=\"https:\/\/tuaregviatges.es\/viajes\/wp-content\/uploads\/2020\/01\/18958.jpg 700w, https:\/\/tuaregviatges.es\/viajes\/wp-content\/uploads\/2020\/01\/18958-300x199.jpg 300w\" sizes=\"auto, (max-width: 700px) 100vw, 700px\" \/><\/a><figcaption class=\"caption wp-caption-text\">Viaje a Canad\u00e1. Ruta del r\u00edo San Lorenzo @ Autor Alex P\u00f3o<\/figcaption><\/figure>\n<figure id=\"attachment_10185\" class=\"thumbnail wp-caption aligncenter\" style=\"width: 710px\"><a href=\"https:\/\/tuaregviatges.es\/america_del_norte_y_central\/viajes_a_canada\/Senderismo_y_canoas_en_las_Rocosas-2.htm\"><img loading=\"lazy\" decoding=\"async\" class=\"size-full wp-image-10185\" src=\"https:\/\/tuaregviatges.es\/viajes\/wp-content\/uploads\/2020\/01\/18962.jpg\" alt=\"Viaje a Canada. Ruta del r\u00edo San Lorenzo @ Autor Alex P\u00f3o\" width=\"700\" height=\"464\" srcset=\"https:\/\/tuaregviatges.es\/viajes\/wp-content\/uploads\/2020\/01\/18962.jpg 700w, https:\/\/tuaregviatges.es\/viajes\/wp-content\/uploads\/2020\/01\/18962-300x199.jpg 300w\" sizes=\"auto, (max-width: 700px) 100vw, 700px\" \/><\/a><figcaption class=\"caption wp-caption-text\">Viaje a Canad\u00e1. Ruta del r\u00edo San Lorenzo @ Autor Alex P\u00f3o<\/figcaption><\/figure>\n<figure id=\"attachment_10186\" class=\"thumbnail wp-caption aligncenter\" style=\"width: 710px\"><a href=\"https:\/\/tuaregviatges.es\/america_del_norte_y_central\/viajes_a_canada\/Senderismo_y_canoas_en_las_Rocosas-2.htm\"><img loading=\"lazy\" decoding=\"async\" class=\"size-full wp-image-10186\" src=\"https:\/\/tuaregviatges.es\/viajes\/wp-content\/uploads\/2020\/01\/18963.jpg\" alt=\"Viaje a Canada. Ruta del r\u00edo San Lorenzo @ Autor Alex P\u00f3o\" width=\"700\" height=\"464\" srcset=\"https:\/\/tuaregviatges.es\/viajes\/wp-content\/uploads\/2020\/01\/18963.jpg 700w, https:\/\/tuaregviatges.es\/viajes\/wp-content\/uploads\/2020\/01\/18963-300x199.jpg 300w\" sizes=\"auto, (max-width: 700px) 100vw, 700px\" \/><\/a><figcaption class=\"caption wp-caption-text\">Viaje a Canad\u00e1. Ruta del r\u00edo San Lorenzo @ Autor Alex P\u00f3o<\/figcaption><\/figure>\n<h3>A destacar en el viaje<\/h3>\n<ul>\n<li><strong>R\u00edo San Lorenzo<\/strong><br \/>\nUno de los mayores estuarios del mundo, columna vertebral del Qu\u00e9bec e hilo conductor de nuestra ruta. Jacques Cartier lo naveg\u00f3 en el s. XVI en busca del paso del noroeste hacia las indias.<\/li>\n<li><strong>Fauna del Qu\u00e9bec<\/strong><br \/>\nSin duda, las ballenas en el r\u00edo son el &#8216;highlight&#8217; de la ruta, adem\u00e1s de los huidizos osos negros, las manadas de carib\u00fas y los enormes alces, s\u00edmbolo de la fauna local.<\/li>\n<li><strong>Los parques nacionales de Qu\u00e9bec<\/strong><br \/>\nVegetaci\u00f3n de tundra, r\u00edos v\u00edrgenes y las estribaciones de los Appalaches. Las diversas actividades en los parques nos permitir\u00e1n disfrutar de este privilegiado entorno.<\/li>\n<\/ul>\n<div>\n<h3 class=\"r19 lt f20 b\">Itinerario del viaje a Canada<\/h3>\n<table  class=\"it lgf table table-hover\" >\n<tbody>\n<tr>\n<td>Ruta<\/td>\n<td>Com.<\/td>\n<td>Aloja.<\/td>\n<\/tr>\n<tr>\n<td>Vuelo a Montreal<\/td>\n<td><\/td>\n<td>Hotel<\/td>\n<\/tr>\n<tr>\n<td>Montreal &#8211; P.N. Grands Jardins &#8211; Baie St. Paul<\/td>\n<td>D<\/td>\n<td>Hotel<\/td>\n<\/tr>\n<tr>\n<td>P.N. Grands Jardins<\/td>\n<td>D<\/td>\n<td>Hotel<\/td>\n<\/tr>\n<tr>\n<td>Baie St. Paul &#8211; <strong>tren de Charlevoix<\/strong> &#8211; Saguenay &#8211; Les Escoumins<\/td>\n<td>D<\/td>\n<td>H. local<\/td>\n<\/tr>\n<tr>\n<td><strong>Excursi\u00f3n Ballenas<\/strong> &#8211; Tadoussac &#8211; Baie Ste. Marguerite<\/td>\n<td>D<\/td>\n<td>H. local<\/td>\n<\/tr>\n<tr>\n<td>Les Escoumins &#8211; ferry a Trois Pistoles &#8211; P.N. Gasp\u00e9sie<\/td>\n<td>D<\/td>\n<td>Hotel<\/td>\n<\/tr>\n<tr>\n<td>P.N. Gasp\u00e9sie<\/td>\n<td>D<\/td>\n<td>Hotel<\/td>\n<\/tr>\n<tr>\n<td>P.N. Gasp\u00e9sie &#8211; Rimouski<\/td>\n<td>D<\/td>\n<td>Hotel<\/td>\n<\/tr>\n<tr>\n<td>P.N. Bic<\/td>\n<td>D<\/td>\n<td>Hotel<\/td>\n<\/tr>\n<tr>\n<td>Rimouski &#8211; Qu\u00e9bec<\/td>\n<td>D<\/td>\n<td>Hotel<\/td>\n<\/tr>\n<tr>\n<td>P.N. Jacques Cartier<\/td>\n<td>D<\/td>\n<td>Hotel<\/td>\n<\/tr>\n<tr>\n<td>Qu\u00e9bec<\/td>\n<td>D<\/td>\n<td>Hotel<\/td>\n<\/tr>\n<tr>\n<td>Qu\u00e9bec &#8211; Montr\u00e9al<\/td>\n<td>D<\/td>\n<td>Hotel<\/td>\n<\/tr>\n<tr>\n<td>Montr\u00e9al. Vuelo de regreso<\/td>\n<td>D<\/td>\n<td>A bordo<\/td>\n<\/tr>\n<tr>\n<td>Llegada a ciudad de origen<\/td>\n<td><\/td>\n<td><\/td>\n<\/tr>\n<tr>\n<td style=\"text-align: right;\" colspan=\"3\"><span style=\"color: #ff6600;\"><em>D &#8211; Desayuno | A &#8211; Almuerzo | C &#8211; Cena<\/em><\/span><\/td>\n<\/tr>\n<\/tbody>\n<\/table>\n<div class=\"r20 lgb\" style=\"text-align: right;\"><\/div>\n<h3><strong>Caminatas y otras actividades<\/strong><\/h3>\n<\/div>\n<blockquote><p>Las caminatas que proponemos en esta ruta son de nivel medio\/bajo, siendo asequibles a cualquier viajero acostumbrado a caminar.<\/p><\/blockquote>\n<p>Se prev\u00e9n caminatas diarias de entre 2 y 5 horas; algunos de los senderos son m\u00e1s exigentes que otros, pudiendo presentar un desnivel positivo de hasta 500 metros. En todos los parques hay senderos adaptados a todos los niveles, pero el gu\u00eda recomendar\u00e1 los m\u00e1s interesantes seg\u00fan su criterio y las caracter\u00edsticas del grupo. La mayor\u00eda de las caminatas se desarrollan en terrenos forestales, junto a un r\u00edo y alcanzando cumbres de altura modesta (siempre por debajo de los 2.000 metros). La edad m\u00ednima recomendada para esta ruta es de 14 a\u00f1os.<\/p>\n<figure id=\"attachment_10196\" class=\"thumbnail wp-caption aligncenter\" style=\"width: 710px\"><a href=\"https:\/\/tuaregviatges.es\/america_del_norte_y_central\/viajes_a_canada\/Senderismo_y_canoas_en_las_Rocosas-2.htm\"><img loading=\"lazy\" decoding=\"async\" class=\"wp-image-10196 size-full\" title=\"Viaje a Canad\u00e1. Ruta del r\u00edo San Lorenzo\" src=\"https:\/\/tuaregviatges.es\/viajes\/wp-content\/uploads\/2020\/01\/18939.jpg\" alt=\"Viaje a Canad\u00e1. Ruta del r\u00edo San Lorenzo @ Autor Alex P\u00f3o\" width=\"700\" height=\"464\" srcset=\"https:\/\/tuaregviatges.es\/viajes\/wp-content\/uploads\/2020\/01\/18939.jpg 700w, https:\/\/tuaregviatges.es\/viajes\/wp-content\/uploads\/2020\/01\/18939-300x199.jpg 300w\" sizes=\"auto, (max-width: 700px) 100vw, 700px\" \/><\/a><figcaption class=\"caption wp-caption-text\">Viaje a Canad\u00e1. Ruta del r\u00edo San Lorenzo @ Autor Alex P\u00f3o<\/figcaption><\/figure>\n<p>Tanto la actividad de la canoa en lago como el kayak de mar en el P.N. Bic son ambas de nivel iniciaci\u00f3n\/f\u00e1cil y no se requiere experiencia previa. La actividad del kayak de mar se realiza en horarios acordes con las mareas de manera que no haya que remar contra corriente.<\/p>\n<p>En alguno de los parques (Saguenay, BIC, Jacques Cartier&#8230;) existe la posibilidad de alquilar VTT para recorrer algunos de los senderos que est\u00e1n adaptados a la practica del ciclismo de monta\u00f1a; si os interesa, consultadlo con el gu\u00eda in situ.<\/p>\n<p>En las webs de cada uno de los parques y que indicamos en el itinerario os pod\u00e9is descargar las gu\u00edas de cada uno de los parques (en ingl\u00e9s y\/o franc\u00e9s) en las que encontrar\u00e9is informaciones sobre las distintas caminatas y otras informaciones de car\u00e1cter \u00fatil.<\/p>\n<h3>Dificultad \/ Condiciones del viaje<\/h3>\n<p>El grupo es guiado por UNA persona que act\u00faa como conductor y coordinador. Este gu\u00eda se encarga de la conducci\u00f3n, cocina y organizaci\u00f3n log\u00edstica. Se espera la cooperaci\u00f3n de todos los viajeros en las tareas diarias, como la preparaci\u00f3n de p\u00edcnics, carga y descarga del veh\u00edculo y equipajes. Un esp\u00edritu de colaboraci\u00f3n en equipo es esencial para aprovechar al m\u00e1ximo el recorrido. Cuanto m\u00e1s r\u00e1pido se realicen las tareas log\u00edsticas, m\u00e1s tiempo habr\u00e1 para actividades y para disfrutar del entorno privilegiado de la ruta.<\/p>\n<blockquote><p>El gu\u00eda no es un especialista en fauna, flora o historia local, pero siempre intentar\u00e1 responder a nuestras preguntas de la mejor manera posible.<\/p><\/blockquote>\n<p>Por motivos de seguridad, el gu\u00eda no puede dar explicaciones mientras conduce. Algunas caminatas son acompa\u00f1adas por el gu\u00eda; en cualquier caso, los senderos est\u00e1n siempre bien indicados.<\/p>\n<h3>Documentaci\u00f3n necesaria para viajar a Canada<\/h3>\n<ul>\n<li data-sourcepos=\"3:1-3:78\">Los ciudadanos espa\u00f1oles necesitan un pasaporte v\u00e1lido para viajar a Canad\u00e1.<\/li>\n<li data-sourcepos=\"4:1-4:99\">Es obligatorio obtener una Autorizaci\u00f3n Electr\u00f3nica de Viaje (eTA) antes de viajar por v\u00eda a\u00e9rea.<\/li>\n<li data-sourcepos=\"5:1-5:111\">La eTA se solicita en el sitio web oficial del gobierno canadiense y tiene un costo de 7 d\u00f3lares canadienses.<\/li>\n<li data-sourcepos=\"6:1-6:137\">Aunque no siempre se solicitan, es recomendable llevar documentaci\u00f3n que respalde el prop\u00f3sito de la visita y la intenci\u00f3n de regresar.<\/li>\n<li data-sourcepos=\"7:1-7:60\">Se aconseja tener un seguro de viaje con cobertura m\u00e9dica.<\/li>\n<li data-sourcepos=\"8:1-8:117\">Es importante verificar la informaci\u00f3n m\u00e1s reciente en el sitio web oficial del gobierno de Canad\u00e1 antes de viajar.<\/li>\n<li data-sourcepos=\"9:1-9:161\">Se recomienda tener el pasaporte con una validez de al menos 6 meses, aunque la ley canadiense solo requiere que el pasaporte este vigente durante la estancia.<\/li>\n<\/ul>\n<h3><strong>Sanidad y vacunas del viaje<\/strong><\/h3>\n<p>Vacunas obligatorias y recomendaciones sanitarias: no existe ninguna recomendaci\u00f3n sanitaria en especial m\u00e1s all\u00e1 de lo que dicta el sentido com\u00fan en rutas que se desarrollan en gran parte en la naturaleza.<\/p>\n<p>La informaci\u00f3n oficial sobre precauciones sanitarias y vacunas puede encontrarse en la web del Ministerio de Sanidad y Consumo.<\/p>\n<p>La Generalitat de Catalunya pone a disposici\u00f3n del viajero el tel\u00e9fono de Sanitat Respon 902 111 444, y la p\u00e1gina web Consells i vacunacions a viatgers internacionals donde encontrar informaci\u00f3n sobre los centros de vacunaci\u00f3n.<\/p>\n<figure id=\"attachment_10187\" class=\"thumbnail wp-caption aligncenter\" style=\"width: 385px\"><a href=\"https:\/\/tuaregviatges.es\/america_del_norte_y_central\/viajes_a_canada\/Senderismo_y_canoas_en_las_Rocosas-2.htm\"><img loading=\"lazy\" decoding=\"async\" class=\"size-full wp-image-10187\" src=\"https:\/\/tuaregviatges.es\/viajes\/wp-content\/uploads\/2020\/01\/18970.jpg\" alt=\"Viaje a Canada. Ruta del r\u00edo San Lorenzo @ Autor Alex P\u00f3o\" width=\"375\" height=\"500\" srcset=\"https:\/\/tuaregviatges.es\/viajes\/wp-content\/uploads\/2020\/01\/18970.jpg 375w, https:\/\/tuaregviatges.es\/viajes\/wp-content\/uploads\/2020\/01\/18970-225x300.jpg 225w\" sizes=\"auto, (max-width: 375px) 100vw, 375px\" \/><\/a><figcaption class=\"caption wp-caption-text\">Viaje a Canada. Ruta del r\u00edo San Lorenzo @ Autor Alex P\u00f3o<\/figcaption><\/figure>\n<h4>Equipo y material recomendado para este viaje<\/h4>\n<p>El equipaje deber\u00e1 llevarse en una bolsa NO r\u00edgida de 80 litros m\u00e1ximo. Aconsejamos llevar en cabina un peque\u00f1o kit b\u00e1sico para paliar posibles retrasos en la entrega de equipajes.<\/p>\n<ul>\n<li>Una gorra o sombrero.<\/li>\n<li>Calcetines y pantalones para senderismo; botas ligeras de senderismo con una buena sujeci\u00f3n de los tobillos (recomendamos llevar bastones telesc\u00f3picos para las caminatas).<\/li>\n<li>Chaqueta impermeable y transpirable. Un foro polar en previsi\u00f3n de tiempo cambiante.<\/li>\n<li>Camisetas de manga corta y larga; preferibles camisas de colores claros.<\/li>\n<li>Pantalones cortos, ba\u00f1ador.<\/li>\n<li>Toalla de ba\u00f1o.<\/li>\n<li>Ropa comoda para las tardes noches en la ciudad o los campamentos (pantalones, camisas, un jersey ligero, calzado c\u00f3modo).<\/li>\n<li>Mochila de 25-35 litros para el d\u00eda a d\u00eda y donde podamos llevar chaquetas, bebida, algo de comida, gafas de sol, c\u00e1mara&#8230; El gu\u00eda nos indicar\u00e1 cada d\u00eda lo que es preciso llevar con nosotros.<\/li>\n<li>Cantimplora, calcular un m\u00ednimo de dos litros por persona.<\/li>\n<li>Saco de dormir para las noches en las tiendas permanentes de los parques, calculando que la temperatura de comfort es alrededor de los 10\u00ba.<\/li>\n<li>Linterna frontal y bater\u00edas de recambio.<\/li>\n<li>Art\u00edculos de higiene personal, repelente de insectos, protector solar de \u00edndice alto y botiqu\u00edn b\u00e1sico de viaje.<\/li>\n<li>Adaptadores para los enchufes, power bank, tarjetas de memoria y bater\u00edas adicionales para c\u00e1maras.<\/li>\n<li>Unos peque\u00f1os prism\u00e1ticos de viaje pueden ser \u00fatiles para observaci\u00f3n de fauna.<\/li>\n<\/ul>\n<figure id=\"attachment_10200\" class=\"thumbnail wp-caption aligncenter\" style=\"width: 710px\"><a href=\"https:\/\/tuaregviatges.es\/america_del_norte_y_central\/viajes_a_canada\/Senderismo_y_canoas_en_las_Rocosas-2.htm\"><img loading=\"lazy\" decoding=\"async\" class=\"size-full wp-image-10200\" src=\"https:\/\/tuaregviatges.es\/viajes\/wp-content\/uploads\/2020\/01\/18953.jpg\" alt=\"Viaje a Canada. Ruta del r\u00edo San Lorenzo @ Autor Alex P\u00f3o\" width=\"700\" height=\"464\" srcset=\"https:\/\/tuaregviatges.es\/viajes\/wp-content\/uploads\/2020\/01\/18953.jpg 700w, https:\/\/tuaregviatges.es\/viajes\/wp-content\/uploads\/2020\/01\/18953-300x199.jpg 300w\" sizes=\"auto, (max-width: 700px) 100vw, 700px\" \/><\/a><figcaption class=\"caption wp-caption-text\">Viaje a Canada. Ruta del r\u00edo San Lorenzo @ Autor Alex P\u00f3o<\/figcaption><\/figure>\n<p><script type=\"application\/ld+json\">\n{\n  \"@context\": \"http:\/\/schema.org\",\n  \"@type\": \"BreadcrumbList\",\n  \"itemListElement\": [{\n    \"@type\": \"ListItem\",\n    \"position\": 1,\n    \"item\": {\n      \"@id\": \"https:\/\/tuaregviatges.es\",\n      \"name\": \"Viajes Tuareg\"\n    }\n  },{\n    \"@type\": \"ListItem\",\n    \"position\": 2,\n    \"item\": {\n      \"@id\": \"https:\/\/tuaregviatges.es\/america_canada.html\",\n      \"name\": \"Canad\u00e1\"\n    }\n  },{\n    \"@type\": \"ListItem\",\n    \"position\": 3,\n    \"item\": {\n      \"@id\": \"https:\/\/tuaregviatges.es\/viajes\/canada-en-verano-tras-los-pasos-de-jacques-cartier\/\",\n      \"name\": \"Canada en agosto\"\n   }\n  }\n ]\n}\n<\/script><\/p>\n","protected":false},"excerpt":{"rendered":"<p>El r\u00edo San Lorenzo es el eje de este viaje a Canad\u00e1, que sigue la ruta del explorador Jacques Cartier (31 de diciembre de 1491 &#8211; 1 de septiembre de 1557). Ciudades entre las m\u00e1s antiguas del continente, parques naturales con paisajes excepcionales y observaci\u00f3n de fauna componen esta variada, completa y activa ruta por [&hellip;]<\/p>\n","protected":false},"author":1,"featured_media":10190,"comment_status":"closed","ping_status":"closed","sticky":false,"template":"","format":"standard","meta":{"footnotes":""},"categories":[133,576,257],"tags":[646,542],"class_list":["post-10171","post","type-post","status-publish","format-standard","has-post-thumbnail","hentry","category-america_norte","category-canada","category-viajes-verano","tag-alaska","tag-canada"],"_links":{"self":[{"href":"https:\/\/tuaregviatges.es\/viajes\/wp-json\/wp\/v2\/posts\/10171","targetHints":{"allow":["GET"]}}],"collection":[{"href":"https:\/\/tuaregviatges.es\/viajes\/wp-json\/wp\/v2\/posts"}],"about":[{"href":"https:\/\/tuaregviatges.es\/viajes\/wp-json\/wp\/v2\/types\/post"}],"author":[{"embeddable":true,"href":"https:\/\/tuaregviatges.es\/viajes\/wp-json\/wp\/v2\/users\/1"}],"replies":[{"embeddable":true,"href":"https:\/\/tuaregviatges.es\/viajes\/wp-json\/wp\/v2\/comments?post=10171"}],"version-history":[{"count":38,"href":"https:\/\/tuaregviatges.es\/viajes\/wp-json\/wp\/v2\/posts\/10171\/revisions"}],"predecessor-version":[{"id":15415,"href":"https:\/\/tuaregviatges.es\/viajes\/wp-json\/wp\/v2\/posts\/10171\/revisions\/15415"}],"wp:featuredmedia":[{"embeddable":true,"href":"https:\/\/tuaregviatges.es\/viajes\/wp-json\/wp\/v2\/media\/10190"}],"wp:attachment":[{"href":"https:\/\/tuaregviatges.es\/viajes\/wp-json\/wp\/v2\/media?parent=10171"}],"wp:term":[{"taxonomy":"category","embeddable":true,"href":"https:\/\/tuaregviatges.es\/viajes\/wp-json\/wp\/v2\/categories?post=10171"},{"taxonomy":"post_tag","embeddable":true,"href":"https:\/\/tuaregviatges.es\/viajes\/wp-json\/wp\/v2\/tags?post=10171"}],"curies":[{"name":"wp","href":"https:\/\/api.w.org\/{rel}","templated":true}]}}