{"id":10356,"date":"2020-02-12T17:09:59","date_gmt":"2020-02-12T15:09:59","guid":{"rendered":"https:\/\/tuaregviatges.es\/viajes\/?p=10356"},"modified":"2020-06-28T00:51:14","modified_gmt":"2020-06-27T22:51:14","slug":"20-motivos-para-viajar-a-madeira-en-semana-santa","status":"publish","type":"post","link":"https:\/\/tuaregviatges.es\/viajes\/20-motivos-para-viajar-a-madeira-en-semana-santa\/","title":{"rendered":"20 motivos para viajar a Madeira"},"content":{"rendered":"<p><script type=\"application\/ld+json\">\n{\n\t\t\t\t\t\t\t\t  \"@context\": \"http:\/\/schema.org\",\n\t\t\t\t\t\t\t\t  \"@type\": \"BreadcrumbList\",\n\t\t\t\t\t\t\t\t  \"itemListElement\": [{\n\t\t\t\t\t\t\t\t\t\"@type\": \"ListItem\",\n\t\t\t\t\t\t\t\t\t\"position\": 1,\n\t\t\t\t\t\t\t\t\t\"item\": {\n\t\t\t\t\t\t\t\t\t  \"@id\": \"https:\/\/tuaregviatges.es\",\n\t\t\t\t\t\t\t\t\t  \"name\": \"Viajes Tuareg\",\n\t\t\t\t\t\t\t\t\t  \"image\": \"https:\/\/tuaregviatges.es\/fotos\/logotuareg.png\"\n\t\t\t\t\t\t\t\t\t}\n\t\t\t\t\t\t\t\t  },{\n\t\t\t\t\t\t\t\t\t\"@type\": \"ListItem\",\n\t\t\t\t\t\t\t\t\t\"position\": 2,\n\t\t\t\t\t\t\t\t\t\"item\": {\n\t\t\t\t\t\t\t\t\t  \"@id\": \"https:\/\/tuaregviatges.es\/viajes_europa\/viajes_europa.html\",\n\t\t\t\t\t\t\t\t\t  \"name\": \"?Europa\"\n\t\t\t\t\t\t\t\t\t}\n\t\t\t\t\t\t\t\t  },{\n\t\t\t\t\t\t\t\t\t\"@type\": \"ListItem\",\n\t\t\t\t\t\t\t\t\t\"position\": 3,\n\t\t\t\t\t\t\t\t\t\"item\": {\n\t\t\t\t\t\t\t\t\t  \"@id\": \"https:\/\/tuaregviatges.es\/europa_madeira.html\",\n\t\t\t\t\t\t\t\t\t  \"name\": \"Madeira\"}\n\t\t\t\t\t\t\t\t   },{\n\t\t\t\t\t\t\t\t\t\"@type\": \"ListItem\",\n\t\t\t\t\t\t\t\t\t\"position\": 4,\n\t\t\t\t\t\t\t\t\t\"item\": {\n\t\t\t\t\t\t\t\t\t  \"@id\": \"https:\/\/tuaregviatges.es\/viajes\/20-motivos-para-viajar-a-madeira-en-semana-santa\/\",\n\t\t\t\t\t\t\t\t\t  \"name\": \"20 motivos para viajar\"\n\t\t\t\t\t\t\t\t   }\n\t\t\t\t\t\t\t\t  }\n\t\t\t\t\t\t\t\t ]\n\t\t\t\t\t\t\t\t}\n\t\t\t\t\t\t\t\t<\/script><\/p>\n<blockquote><p>\u00bfEst\u00e1s buscando un destino para tus vacaciones y todav\u00eda no te has decidido?<\/p><\/blockquote>\n<p>En el medio del Atl\u00e1ntico, lejos de todo, la isla de Madeira se levanta como una monta\u00f1a de lava y basalto sobre las aguas del oceano. Su interior es extremadamente accidentado, un laberinto de barrancos verdes sobre los que discurren las levadas, antiguas acequias que distribu\u00edan el agua por toda la isla.<!--more--><\/p>\n<blockquote><p>En la <a href=\"https:\/\/tuaregviatges.es\/europa_madeira.html\">isla de Madeira<\/a> se encuentran restos del original bosque h\u00famedo de Laurisilva de Madeira, declarado Patrimonio de la Humanidad.<\/p><\/blockquote>\n<p>Acompa\u00f1ando las antiguas levadas realizaremos caminatas de nivel b\u00e1sico\/moderado. Senderos entre formaciones de basalto, lava y verdes barrancos, con espectaculares vistas sobre el Atl\u00e1ntico nos acompa\u00e3n durante todo el camino. La hospitalidad de las pousadas espera al final de cada jornada.<\/p>\n<h3>El viaje<\/h3>\n<table  class=\"titol_desti_ruta cl_verdfort cf_grismclar table table-hover\" >\n<tbody>\n<tr>\n<td class=\"titol_desti_6\">\n<div>\n<h3 class=\"titol_desti\"><span class=\"titol_desti uc\"><a href=\"https:\/\/tuaregviatges.es\/europa\/viajes_a_portugal\/Senderismo_en__los_caminos_del_agua.htm\">Viaje a Madeira &#8211; Senderismo en los caminos del agua<\/a><\/span><\/h3>\n<\/div>\n<div class=\"resum cf_grismmclar\">\n<div class=\"col_desti_class\">\n<p><span class=\"cl_vermellteula b\">&gt; Viaje en grupo reducido<br \/>\n<\/span>&gt; Viaje trekking y senderismo<br \/>\n<strong style=\"color: #ff6600; font-family: inherit; font-size: inherit;\"><span class=\"cl_vermellteula b\">&gt;\u00a0<\/span><span class=\"f12\"><span class=\"desde\">Precio base<\/span>\u00a0980\u20ac\u00a0+ tasas<\/span><\/strong><\/p>\n<div class=\"nivel_dificultad cl_verdfort\">\n<div class=\"escala\">\n<div style=\"margin-top: 20px; width: 100%; text-align: center;\"><a class=\"more-link\" style=\"float: none;\" href=\"https:\/\/tuaregviatges.es\/asia\/viajes_a_corea_del_sur\/Seul__Jeju__Busan_y_Gyeongju.htm\">Ver ficha t\u00e9cnica<\/a> <a class=\"more-link\" style=\"float: none;\" href=\"https:\/\/tuaregviatges.es\/pdfs\/viajar_a_corea-del-sur_8175.pdf\">Descargar PDF<\/a><\/div>\n<\/div>\n<\/div>\n<\/div>\n<\/div>\n<\/td>\n<\/tr>\n<\/tbody>\n<\/table>\n<p><strong>20 im\u00e1genes de nuestro <a href=\"https:\/\/tuaregviatges.es\/europa\/viajes_a_portugal\/Senderismo_en__los_caminos_del_agua.htm\">viaje a Madeira en Semana Santa<\/a><\/strong><\/p>\n<figure id=\"attachment_10378\" class=\"thumbnail wp-caption aligncenter\" style=\"width: 658px\"><a href=\"https:\/\/tuaregviatges.es\/viajes\/20-motivos-para-viajar-a-madeira-en-semana-santa\/1-7\/\" rel=\"attachment wp-att-10378\"><img loading=\"lazy\" decoding=\"async\" class=\"size-large wp-image-10378\" src=\"https:\/\/tuaregviatges.es\/viajes\/wp-content\/uploads\/2020\/02\/1-1024x682.jpg\" alt=\"Caminos del agua y flores Esperanza Mor\u00e1n\" width=\"648\" height=\"432\" srcset=\"https:\/\/tuaregviatges.es\/viajes\/wp-content\/uploads\/2020\/02\/1-1024x682.jpg 1024w, https:\/\/tuaregviatges.es\/viajes\/wp-content\/uploads\/2020\/02\/1-300x200.jpg 300w, https:\/\/tuaregviatges.es\/viajes\/wp-content\/uploads\/2020\/02\/1-768x512.jpg 768w, https:\/\/tuaregviatges.es\/viajes\/wp-content\/uploads\/2020\/02\/1.jpg 1100w\" sizes=\"auto, (max-width: 648px) 100vw, 648px\" \/><\/a><figcaption class=\"caption wp-caption-text\">Caminos del agua y flores Esperanza Mor\u00e1n<\/figcaption><\/figure>\n<figure id=\"attachment_10360\" class=\"thumbnail wp-caption aligncenter\" style=\"width: 658px\"><a href=\"https:\/\/tuaregviatges.es\/viajes\/20-motivos-para-viajar-a-madeira-en-semana-santa\/hacia-las-alturas-esperanza-moran\/\" rel=\"attachment wp-att-10360\"><img loading=\"lazy\" decoding=\"async\" class=\"size-large wp-image-10360\" src=\"https:\/\/tuaregviatges.es\/viajes\/wp-content\/uploads\/2020\/02\/Hacia-las-alturas-Esperanza-Moran-1024x682.jpg\" alt=\"Hacia las alturas - Autor Esperanza Mor\u00e1n\" width=\"648\" height=\"432\" srcset=\"https:\/\/tuaregviatges.es\/viajes\/wp-content\/uploads\/2020\/02\/Hacia-las-alturas-Esperanza-Moran-1024x682.jpg 1024w, https:\/\/tuaregviatges.es\/viajes\/wp-content\/uploads\/2020\/02\/Hacia-las-alturas-Esperanza-Moran-300x200.jpg 300w, https:\/\/tuaregviatges.es\/viajes\/wp-content\/uploads\/2020\/02\/Hacia-las-alturas-Esperanza-Moran-768x512.jpg 768w, https:\/\/tuaregviatges.es\/viajes\/wp-content\/uploads\/2020\/02\/Hacia-las-alturas-Esperanza-Moran.jpg 1100w\" sizes=\"auto, (max-width: 648px) 100vw, 648px\" \/><\/a><figcaption class=\"caption wp-caption-text\">Hacia las alturas &#8211; Autor Esperanza Mor\u00e1n<\/figcaption><\/figure>\n<figure id=\"attachment_10358\" class=\"thumbnail wp-caption aligncenter\" style=\"width: 658px\"><a href=\"https:\/\/tuaregviatges.es\/viajes\/20-motivos-para-viajar-a-madeira-en-semana-santa\/enric-banque-caminos-del-agua\/\" rel=\"attachment wp-att-10358\"><img loading=\"lazy\" decoding=\"async\" class=\"size-large wp-image-10358\" src=\"https:\/\/tuaregviatges.es\/viajes\/wp-content\/uploads\/2020\/02\/Enric-Banque-Caminos-del-agua-1024x684.jpg\" alt=\"Enric Banque - Caminos del agua\" width=\"648\" height=\"433\" srcset=\"https:\/\/tuaregviatges.es\/viajes\/wp-content\/uploads\/2020\/02\/Enric-Banque-Caminos-del-agua-1024x684.jpg 1024w, https:\/\/tuaregviatges.es\/viajes\/wp-content\/uploads\/2020\/02\/Enric-Banque-Caminos-del-agua-300x200.jpg 300w, https:\/\/tuaregviatges.es\/viajes\/wp-content\/uploads\/2020\/02\/Enric-Banque-Caminos-del-agua-768x513.jpg 768w, https:\/\/tuaregviatges.es\/viajes\/wp-content\/uploads\/2020\/02\/Enric-Banque-Caminos-del-agua.jpg 1600w\" sizes=\"auto, (max-width: 648px) 100vw, 648px\" \/><\/a><figcaption class=\"caption wp-caption-text\">Enric Banque &#8211; Caminos del agua<\/figcaption><\/figure>\n<figure id=\"attachment_10359\" class=\"thumbnail wp-caption aligncenter\" style=\"width: 658px\"><a href=\"https:\/\/tuaregviatges.es\/viajes\/20-motivos-para-viajar-a-madeira-en-semana-santa\/fauna-marina-roberto-fernandez\/\" rel=\"attachment wp-att-10359\"><img loading=\"lazy\" decoding=\"async\" class=\"size-large wp-image-10359\" src=\"https:\/\/tuaregviatges.es\/viajes\/wp-content\/uploads\/2020\/02\/Fauna-Marina-Roberto-Fernandez-1024x683.jpg\" alt=\"Fauna Marina - Roberto Fern\u00e1ndez\" width=\"648\" height=\"432\" srcset=\"https:\/\/tuaregviatges.es\/viajes\/wp-content\/uploads\/2020\/02\/Fauna-Marina-Roberto-Fernandez-1024x683.jpg 1024w, https:\/\/tuaregviatges.es\/viajes\/wp-content\/uploads\/2020\/02\/Fauna-Marina-Roberto-Fernandez-300x200.jpg 300w, https:\/\/tuaregviatges.es\/viajes\/wp-content\/uploads\/2020\/02\/Fauna-Marina-Roberto-Fernandez-768x512.jpg 768w, https:\/\/tuaregviatges.es\/viajes\/wp-content\/uploads\/2020\/02\/Fauna-Marina-Roberto-Fernandez.jpg 1600w\" sizes=\"auto, (max-width: 648px) 100vw, 648px\" \/><\/a><figcaption class=\"caption wp-caption-text\">Fauna Marina &#8211; Roberto Fern\u00e1ndez<\/figcaption><\/figure>\n<figure id=\"attachment_10375\" class=\"thumbnail wp-caption aligncenter\" style=\"width: 658px\"><a href=\"https:\/\/tuaregviatges.es\/viajes\/20-motivos-para-viajar-a-madeira-en-semana-santa\/ribeira-brava-serra-de-agua-nuria-casponsa\/\" rel=\"attachment wp-att-10375\"><img loading=\"lazy\" decoding=\"async\" class=\"size-large wp-image-10375\" src=\"https:\/\/tuaregviatges.es\/viajes\/wp-content\/uploads\/2020\/02\/Ribeira-Brava-Serra-de-Agua-Nuria-Casponsa-768x1024.jpg\" alt=\"Ribeira Brava Serra de Agua - Nuria Casponsa\" width=\"648\" height=\"864\" srcset=\"https:\/\/tuaregviatges.es\/viajes\/wp-content\/uploads\/2020\/02\/Ribeira-Brava-Serra-de-Agua-Nuria-Casponsa-768x1024.jpg 768w, https:\/\/tuaregviatges.es\/viajes\/wp-content\/uploads\/2020\/02\/Ribeira-Brava-Serra-de-Agua-Nuria-Casponsa-225x300.jpg 225w, https:\/\/tuaregviatges.es\/viajes\/wp-content\/uploads\/2020\/02\/Ribeira-Brava-Serra-de-Agua-Nuria-Casponsa.jpg 900w\" sizes=\"auto, (max-width: 648px) 100vw, 648px\" \/><\/a><figcaption class=\"caption wp-caption-text\">Ribeira Brava Serra de Agua &#8211; Nuria Casponsa<\/figcaption><\/figure>\n<figure id=\"attachment_10374\" class=\"thumbnail wp-caption aligncenter\" style=\"width: 658px\"><a href=\"https:\/\/tuaregviatges.es\/viajes\/20-motivos-para-viajar-a-madeira-en-semana-santa\/porto-moniz-achadas-de-cruz-nuria-casponsa\/\" rel=\"attachment wp-att-10374\"><img loading=\"lazy\" decoding=\"async\" class=\"size-large wp-image-10374\" src=\"https:\/\/tuaregviatges.es\/viajes\/wp-content\/uploads\/2020\/02\/Porto-Moniz-Achadas-de-Cruz-Nuria-Casponsa-1024x768.jpg\" alt=\"Porto Moniz Achadas de Cruz - Nuria Casponsa\" width=\"648\" height=\"486\" srcset=\"https:\/\/tuaregviatges.es\/viajes\/wp-content\/uploads\/2020\/02\/Porto-Moniz-Achadas-de-Cruz-Nuria-Casponsa-1024x768.jpg 1024w, https:\/\/tuaregviatges.es\/viajes\/wp-content\/uploads\/2020\/02\/Porto-Moniz-Achadas-de-Cruz-Nuria-Casponsa-300x225.jpg 300w, https:\/\/tuaregviatges.es\/viajes\/wp-content\/uploads\/2020\/02\/Porto-Moniz-Achadas-de-Cruz-Nuria-Casponsa-768x576.jpg 768w, https:\/\/tuaregviatges.es\/viajes\/wp-content\/uploads\/2020\/02\/Porto-Moniz-Achadas-de-Cruz-Nuria-Casponsa.jpg 1200w\" sizes=\"auto, (max-width: 648px) 100vw, 648px\" \/><\/a><figcaption class=\"caption wp-caption-text\">Porto Moniz Achadas de Cruz &#8211; Nuria Casponsa<\/figcaption><\/figure>\n<figure id=\"attachment_10362\" class=\"thumbnail wp-caption aligncenter\" style=\"width: 658px\"><a href=\"https:\/\/tuaregviatges.es\/viajes\/20-motivos-para-viajar-a-madeira-en-semana-santa\/manel-garcia-biel-lisboa-barrio-alto\/\" rel=\"attachment wp-att-10362\"><img loading=\"lazy\" decoding=\"async\" class=\"size-large wp-image-10362\" src=\"https:\/\/tuaregviatges.es\/viajes\/wp-content\/uploads\/2020\/02\/Manel-Garcia-Biel-Lisboa-Barrio-Alto-1024x768.jpg\" alt=\"Manel Garcia Biel - Lisboa Barrio Alto\" width=\"648\" height=\"486\" srcset=\"https:\/\/tuaregviatges.es\/viajes\/wp-content\/uploads\/2020\/02\/Manel-Garcia-Biel-Lisboa-Barrio-Alto-1024x768.jpg 1024w, https:\/\/tuaregviatges.es\/viajes\/wp-content\/uploads\/2020\/02\/Manel-Garcia-Biel-Lisboa-Barrio-Alto-300x225.jpg 300w, https:\/\/tuaregviatges.es\/viajes\/wp-content\/uploads\/2020\/02\/Manel-Garcia-Biel-Lisboa-Barrio-Alto-768x576.jpg 768w, https:\/\/tuaregviatges.es\/viajes\/wp-content\/uploads\/2020\/02\/Manel-Garcia-Biel-Lisboa-Barrio-Alto.jpg 1600w\" sizes=\"auto, (max-width: 648px) 100vw, 648px\" \/><\/a><figcaption class=\"caption wp-caption-text\">Manel Garcia Biel &#8211; Lisboa Barrio Alto<\/figcaption><\/figure>\n<figure id=\"attachment_10379\" class=\"thumbnail wp-caption aligncenter\" style=\"width: 658px\"><a href=\"https:\/\/tuaregviatges.es\/viajes\/20-motivos-para-viajar-a-madeira-en-semana-santa\/2-6\/\" rel=\"attachment wp-att-10379\"><img loading=\"lazy\" decoding=\"async\" class=\"size-large wp-image-10379\" src=\"https:\/\/tuaregviatges.es\/viajes\/wp-content\/uploads\/2020\/02\/2-1024x684.jpg\" alt=\"Levades - Teresa Mart\u00ednez\" width=\"648\" height=\"433\" srcset=\"https:\/\/tuaregviatges.es\/viajes\/wp-content\/uploads\/2020\/02\/2-1024x684.jpg 1024w, https:\/\/tuaregviatges.es\/viajes\/wp-content\/uploads\/2020\/02\/2-300x200.jpg 300w, https:\/\/tuaregviatges.es\/viajes\/wp-content\/uploads\/2020\/02\/2-768x513.jpg 768w, https:\/\/tuaregviatges.es\/viajes\/wp-content\/uploads\/2020\/02\/2.jpg 1600w\" sizes=\"auto, (max-width: 648px) 100vw, 648px\" \/><\/a><figcaption class=\"caption wp-caption-text\">Levades &#8211; Teresa Mart\u00ednez<\/figcaption><\/figure>\n<figure id=\"attachment_10380\" class=\"thumbnail wp-caption aligncenter\" style=\"width: 658px\"><a href=\"https:\/\/tuaregviatges.es\/viajes\/20-motivos-para-viajar-a-madeira-en-semana-santa\/3-5\/\" rel=\"attachment wp-att-10380\"><img loading=\"lazy\" decoding=\"async\" class=\"size-large wp-image-10380\" src=\"https:\/\/tuaregviatges.es\/viajes\/wp-content\/uploads\/2020\/02\/3-1024x767.jpg\" alt=\"Paissagens - Andr\u00e9 Carvalho\" width=\"648\" height=\"485\" srcset=\"https:\/\/tuaregviatges.es\/viajes\/wp-content\/uploads\/2020\/02\/3-1024x767.jpg 1024w, https:\/\/tuaregviatges.es\/viajes\/wp-content\/uploads\/2020\/02\/3-300x225.jpg 300w, https:\/\/tuaregviatges.es\/viajes\/wp-content\/uploads\/2020\/02\/3-768x575.jpg 768w, https:\/\/tuaregviatges.es\/viajes\/wp-content\/uploads\/2020\/02\/3.jpg 1400w\" sizes=\"auto, (max-width: 648px) 100vw, 648px\" \/><\/a><figcaption class=\"caption wp-caption-text\">Paissagens &#8211; Andr\u00e9 Carvalho<\/figcaption><\/figure>\n<figure id=\"attachment_10381\" class=\"thumbnail wp-caption aligncenter\" style=\"width: 658px\"><a href=\"https:\/\/tuaregviatges.es\/viajes\/20-motivos-para-viajar-a-madeira-en-semana-santa\/4-5\/\" rel=\"attachment wp-att-10381\"><img loading=\"lazy\" decoding=\"async\" class=\"size-large wp-image-10381\" src=\"https:\/\/tuaregviatges.es\/viajes\/wp-content\/uploads\/2020\/02\/4-1024x682.jpg\" alt=\"Naturaleza - Andr\u00e9 Carvalho\" width=\"648\" height=\"432\" srcset=\"https:\/\/tuaregviatges.es\/viajes\/wp-content\/uploads\/2020\/02\/4-1024x682.jpg 1024w, https:\/\/tuaregviatges.es\/viajes\/wp-content\/uploads\/2020\/02\/4-300x200.jpg 300w, https:\/\/tuaregviatges.es\/viajes\/wp-content\/uploads\/2020\/02\/4-768x512.jpg 768w, https:\/\/tuaregviatges.es\/viajes\/wp-content\/uploads\/2020\/02\/4.jpg 1400w\" sizes=\"auto, (max-width: 648px) 100vw, 648px\" \/><\/a><figcaption class=\"caption wp-caption-text\">Naturaleza &#8211; Andr\u00e9 Carvalho<\/figcaption><\/figure>\n<figure id=\"attachment_10382\" class=\"thumbnail wp-caption aligncenter\" style=\"width: 658px\"><a href=\"https:\/\/tuaregviatges.es\/viajes\/20-motivos-para-viajar-a-madeira-en-semana-santa\/5-3\/\" rel=\"attachment wp-att-10382\"><img loading=\"lazy\" decoding=\"async\" class=\"size-large wp-image-10382\" src=\"https:\/\/tuaregviatges.es\/viajes\/wp-content\/uploads\/2020\/02\/5-1024x682.jpg\" alt=\"Churrasco - Andr\u00e9 Carvalho\" width=\"648\" height=\"432\" srcset=\"https:\/\/tuaregviatges.es\/viajes\/wp-content\/uploads\/2020\/02\/5-1024x682.jpg 1024w, https:\/\/tuaregviatges.es\/viajes\/wp-content\/uploads\/2020\/02\/5-300x200.jpg 300w, https:\/\/tuaregviatges.es\/viajes\/wp-content\/uploads\/2020\/02\/5-768x512.jpg 768w, https:\/\/tuaregviatges.es\/viajes\/wp-content\/uploads\/2020\/02\/5.jpg 1400w\" sizes=\"auto, (max-width: 648px) 100vw, 648px\" \/><\/a><figcaption class=\"caption wp-caption-text\">Churrasco &#8211; Andr\u00e9 Carvalho<\/figcaption><\/figure>\n<figure id=\"attachment_10383\" class=\"thumbnail wp-caption aligncenter\" style=\"width: 658px\"><a href=\"https:\/\/tuaregviatges.es\/viajes\/20-motivos-para-viajar-a-madeira-en-semana-santa\/6-3\/\" rel=\"attachment wp-att-10383\"><img loading=\"lazy\" decoding=\"async\" class=\"size-large wp-image-10383\" src=\"https:\/\/tuaregviatges.es\/viajes\/wp-content\/uploads\/2020\/02\/6-1024x682.jpg\" alt=\"Natureza - Andr\u00e9 Carvalho\" width=\"648\" height=\"432\" srcset=\"https:\/\/tuaregviatges.es\/viajes\/wp-content\/uploads\/2020\/02\/6-1024x682.jpg 1024w, https:\/\/tuaregviatges.es\/viajes\/wp-content\/uploads\/2020\/02\/6-300x200.jpg 300w, https:\/\/tuaregviatges.es\/viajes\/wp-content\/uploads\/2020\/02\/6-768x512.jpg 768w, https:\/\/tuaregviatges.es\/viajes\/wp-content\/uploads\/2020\/02\/6.jpg 1400w\" sizes=\"auto, (max-width: 648px) 100vw, 648px\" \/><\/a><figcaption class=\"caption wp-caption-text\">Natureza &#8211; Andr\u00e9 Carvalho<\/figcaption><\/figure>\n<figure id=\"attachment_10384\" class=\"thumbnail wp-caption aligncenter\" style=\"width: 658px\"><a href=\"https:\/\/tuaregviatges.es\/viajes\/20-motivos-para-viajar-a-madeira-en-semana-santa\/7-3\/\" rel=\"attachment wp-att-10384\"><img loading=\"lazy\" decoding=\"async\" class=\"size-large wp-image-10384\" src=\"https:\/\/tuaregviatges.es\/viajes\/wp-content\/uploads\/2020\/02\/7-1024x682.jpg\" alt=\"Natureza - Andr\u00e9 Carvalho\" width=\"648\" height=\"432\" srcset=\"https:\/\/tuaregviatges.es\/viajes\/wp-content\/uploads\/2020\/02\/7-1024x682.jpg 1024w, https:\/\/tuaregviatges.es\/viajes\/wp-content\/uploads\/2020\/02\/7-300x200.jpg 300w, https:\/\/tuaregviatges.es\/viajes\/wp-content\/uploads\/2020\/02\/7-768x512.jpg 768w, https:\/\/tuaregviatges.es\/viajes\/wp-content\/uploads\/2020\/02\/7.jpg 1400w\" sizes=\"auto, (max-width: 648px) 100vw, 648px\" \/><\/a><figcaption class=\"caption wp-caption-text\">Natureza &#8211; Andr\u00e9 Carvalho<\/figcaption><\/figure>\n<figure id=\"attachment_10385\" class=\"thumbnail wp-caption aligncenter\" style=\"width: 658px\"><a href=\"https:\/\/tuaregviatges.es\/viajes\/20-motivos-para-viajar-a-madeira-en-semana-santa\/8-4\/\" rel=\"attachment wp-att-10385\"><img loading=\"lazy\" decoding=\"async\" class=\"size-large wp-image-10385\" src=\"https:\/\/tuaregviatges.es\/viajes\/wp-content\/uploads\/2020\/02\/8-1024x684.jpg\" alt=\"Teresa Mart\u00ednez - Atl\u00e1ntico\" width=\"648\" height=\"433\" srcset=\"https:\/\/tuaregviatges.es\/viajes\/wp-content\/uploads\/2020\/02\/8-1024x684.jpg 1024w, https:\/\/tuaregviatges.es\/viajes\/wp-content\/uploads\/2020\/02\/8-300x200.jpg 300w, https:\/\/tuaregviatges.es\/viajes\/wp-content\/uploads\/2020\/02\/8-768x513.jpg 768w, https:\/\/tuaregviatges.es\/viajes\/wp-content\/uploads\/2020\/02\/8.jpg 1600w\" sizes=\"auto, (max-width: 648px) 100vw, 648px\" \/><\/a><figcaption class=\"caption wp-caption-text\">Teresa Mart\u00ednez &#8211; Atl\u00e1ntico<\/figcaption><\/figure>\n<figure id=\"attachment_10387\" class=\"thumbnail wp-caption aligncenter\" style=\"width: 658px\"><a href=\"https:\/\/tuaregviatges.es\/viajes\/20-motivos-para-viajar-a-madeira-en-semana-santa\/9-4\/\" rel=\"attachment wp-att-10387\"><img loading=\"lazy\" decoding=\"async\" class=\"size-large wp-image-10387\" src=\"https:\/\/tuaregviatges.es\/viajes\/wp-content\/uploads\/2020\/02\/9-1024x682.jpg\" alt=\"Cachoeira Natureza - Andr\u00e9 Carvalho\" width=\"648\" height=\"432\" srcset=\"https:\/\/tuaregviatges.es\/viajes\/wp-content\/uploads\/2020\/02\/9-1024x682.jpg 1024w, https:\/\/tuaregviatges.es\/viajes\/wp-content\/uploads\/2020\/02\/9-300x200.jpg 300w, https:\/\/tuaregviatges.es\/viajes\/wp-content\/uploads\/2020\/02\/9-768x512.jpg 768w, https:\/\/tuaregviatges.es\/viajes\/wp-content\/uploads\/2020\/02\/9.jpg 1400w\" sizes=\"auto, (max-width: 648px) 100vw, 648px\" \/><\/a><figcaption class=\"caption wp-caption-text\">Cachoeira Natureza &#8211; Andr\u00e9 Carvalho<\/figcaption><\/figure>\n<figure id=\"attachment_10388\" class=\"thumbnail wp-caption aligncenter\" style=\"width: 658px\"><a href=\"https:\/\/tuaregviatges.es\/viajes\/20-motivos-para-viajar-a-madeira-en-semana-santa\/10-3\/\" rel=\"attachment wp-att-10388\"><img loading=\"lazy\" decoding=\"async\" class=\"size-large wp-image-10388\" src=\"https:\/\/tuaregviatges.es\/viajes\/wp-content\/uploads\/2020\/02\/10-1024x682.jpg\" alt=\"Levadas Natureza - Andr\u00e9 Carvalho\" width=\"648\" height=\"432\" srcset=\"https:\/\/tuaregviatges.es\/viajes\/wp-content\/uploads\/2020\/02\/10-1024x682.jpg 1024w, https:\/\/tuaregviatges.es\/viajes\/wp-content\/uploads\/2020\/02\/10-300x200.jpg 300w, https:\/\/tuaregviatges.es\/viajes\/wp-content\/uploads\/2020\/02\/10-768x512.jpg 768w, https:\/\/tuaregviatges.es\/viajes\/wp-content\/uploads\/2020\/02\/10.jpg 1400w\" sizes=\"auto, (max-width: 648px) 100vw, 648px\" \/><\/a><figcaption class=\"caption wp-caption-text\">Levadas Natureza &#8211; Andr\u00e9 Carvalho<\/figcaption><\/figure>\n<figure id=\"attachment_10389\" class=\"thumbnail wp-caption aligncenter\" style=\"width: 658px\"><a href=\"https:\/\/tuaregviatges.es\/viajes\/20-motivos-para-viajar-a-madeira-en-semana-santa\/11-3\/\" rel=\"attachment wp-att-10389\"><img loading=\"lazy\" decoding=\"async\" class=\"size-large wp-image-10389\" src=\"https:\/\/tuaregviatges.es\/viajes\/wp-content\/uploads\/2020\/02\/11-1024x682.jpg\" alt=\"Levadas Natureza - Andr\u00e9 Carvalho\" width=\"648\" height=\"432\" srcset=\"https:\/\/tuaregviatges.es\/viajes\/wp-content\/uploads\/2020\/02\/11-1024x682.jpg 1024w, https:\/\/tuaregviatges.es\/viajes\/wp-content\/uploads\/2020\/02\/11-300x200.jpg 300w, https:\/\/tuaregviatges.es\/viajes\/wp-content\/uploads\/2020\/02\/11-768x512.jpg 768w, https:\/\/tuaregviatges.es\/viajes\/wp-content\/uploads\/2020\/02\/11.jpg 1400w\" sizes=\"auto, (max-width: 648px) 100vw, 648px\" \/><\/a><figcaption class=\"caption wp-caption-text\">Levadas Natureza &#8211; Andr\u00e9 Carvalho<\/figcaption><\/figure>\n<figure id=\"attachment_10390\" class=\"thumbnail wp-caption aligncenter\" style=\"width: 658px\"><a href=\"https:\/\/tuaregviatges.es\/viajes\/20-motivos-para-viajar-a-madeira-en-semana-santa\/attachment\/12\/\" rel=\"attachment wp-att-10390\"><img loading=\"lazy\" decoding=\"async\" class=\"size-large wp-image-10390\" src=\"https:\/\/tuaregviatges.es\/viajes\/wp-content\/uploads\/2020\/02\/12-682x1024.jpg\" alt=\"Bosque h\u00famedo de Laurisilva - Andr\u00e9 Carvalho - \" width=\"648\" height=\"973\" srcset=\"https:\/\/tuaregviatges.es\/viajes\/wp-content\/uploads\/2020\/02\/12-682x1024.jpg 682w, https:\/\/tuaregviatges.es\/viajes\/wp-content\/uploads\/2020\/02\/12-200x300.jpg 200w, https:\/\/tuaregviatges.es\/viajes\/wp-content\/uploads\/2020\/02\/12-768x1152.jpg 768w, https:\/\/tuaregviatges.es\/viajes\/wp-content\/uploads\/2020\/02\/12.jpg 933w\" sizes=\"auto, (max-width: 648px) 100vw, 648px\" \/><\/a><figcaption class=\"caption wp-caption-text\">Bosque h\u00famedo de Laurisilva &#8211; Andr\u00e9 Carvalho &#8211;<\/figcaption><\/figure>\n<figure id=\"attachment_10391\" class=\"thumbnail wp-caption aligncenter\" style=\"width: 658px\"><a href=\"https:\/\/tuaregviatges.es\/viajes\/20-motivos-para-viajar-a-madeira-en-semana-santa\/attachment\/13\/\" rel=\"attachment wp-att-10391\"><img loading=\"lazy\" decoding=\"async\" class=\"size-large wp-image-10391\" src=\"https:\/\/tuaregviatges.es\/viajes\/wp-content\/uploads\/2020\/02\/13-1024x682.jpg\" alt=\"Senderismo - Andr\u00e9 Carvalho\" width=\"648\" height=\"432\" srcset=\"https:\/\/tuaregviatges.es\/viajes\/wp-content\/uploads\/2020\/02\/13-1024x682.jpg 1024w, https:\/\/tuaregviatges.es\/viajes\/wp-content\/uploads\/2020\/02\/13-300x200.jpg 300w, https:\/\/tuaregviatges.es\/viajes\/wp-content\/uploads\/2020\/02\/13-768x512.jpg 768w, https:\/\/tuaregviatges.es\/viajes\/wp-content\/uploads\/2020\/02\/13.jpg 1400w\" sizes=\"auto, (max-width: 648px) 100vw, 648px\" \/><\/a><figcaption class=\"caption wp-caption-text\">Senderismo &#8211; Andr\u00e9 Carvalho<\/figcaption><\/figure>\n<figure id=\"attachment_10392\" class=\"thumbnail wp-caption aligncenter\" style=\"width: 658px\"><a href=\"https:\/\/tuaregviatges.es\/viajes\/20-motivos-para-viajar-a-madeira-en-semana-santa\/attachment\/14\/\" rel=\"attachment wp-att-10392\"><img loading=\"lazy\" decoding=\"async\" class=\"size-large wp-image-10392\" src=\"https:\/\/tuaregviatges.es\/viajes\/wp-content\/uploads\/2020\/02\/14-1024x682.jpg\" alt=\"Senderismo - Andr\u00e9 Carvalho\" width=\"648\" height=\"432\" srcset=\"https:\/\/tuaregviatges.es\/viajes\/wp-content\/uploads\/2020\/02\/14-1024x682.jpg 1024w, https:\/\/tuaregviatges.es\/viajes\/wp-content\/uploads\/2020\/02\/14-300x200.jpg 300w, https:\/\/tuaregviatges.es\/viajes\/wp-content\/uploads\/2020\/02\/14-768x512.jpg 768w, https:\/\/tuaregviatges.es\/viajes\/wp-content\/uploads\/2020\/02\/14.jpg 1400w\" sizes=\"auto, (max-width: 648px) 100vw, 648px\" \/><\/a><figcaption class=\"caption wp-caption-text\">Senderismo &#8211; Andr\u00e9 Carvalho<\/figcaption><\/figure>\n<p><script type=\"application\/ld+json\">\n{\n  \"@context\": \"http:\/\/schema.org\",\n  \"@type\": \"Event\",\n\"organizer\": {\n    \"@type\": \"Organization\",\n    \"name\": \"Viajes Tuareg\",\n    \"url\": \"https:\/\/tuaregviatges.es\/\"\n  },\n  \"eventAttendanceMode\": \"https:\/\/schema.org\/onlineEventAttendanceMode\",\n  \"eventStatus\": \"https:\/\/schema.org\/EventScheduled\",\n  \"name\": \"Senderismo S. Miguel\",\n  \"description\": \"Explora el mundo antiguo de los volcanes a pie. Sigue los or\u00edgenes de la isla de Sao Miguel y experimenta algunos de los manantiales termales y la naturaleza en estado puro\",\n  \"image\": \"https:\/\/tuaregviatges.es\/europa\/viajes_a_portugal\/thumbg\/viajes_a_Azores-2.jpg\",\n  \"url\": \"https:\/\/tuaregviatges.es\/europa\/viajes_a_portugal\/Azores.htm\",\n  \"startDate\": \"2020-07-25\",\n  \"endDate\": \"2020-11-16\",\n  \"performer\": {\n    \"@type\": \"PerformingGroup\",\n    \"name\": \"Viaje a las Azores\n  },\n  \"location\": {\n    \"@type\": \"Place\",\n    \"name\": \"Azores\",\n    \"address\": {\n      \"@type\": \"PostalAddress\",\n      \"streetAddress\": \"\",\n      \"addressLocality\": \"\",\n      \"postalCode\": \"9560-010\",\n      \"addressCountry\": \"PT\"\n    }\n  },\n  \"offers\": [{\n    \"@type\": \"Offer\",\n  \"name\": \"Senderismo S. Miguel\",\n  \"description\": \"Explora el mundo antiguo de los volcanes a pie. Sigue los or\u00edgenes de la isla de Sao Miguel y experimenta algunos de los manantiales termales y la naturaleza en estado puro\",\n  \"image\": \"https:\/\/tuaregviatges.es\/europa\/viajes_a_portugal\/thumbg\/viajes_a_Azores-2.jpg\",\n  \"url\": \"https:\/\/tuaregviatges.es\/europa\/viajes_a_portugal\/Azores.htm\",\n    \"price\": \"1.110\",\n    \"priceCurrency\": \"EUR\",\n    \"validFrom\": \"2020-06-27\",\n    \"availability\": \"http:\/\/schema.org\/PreOrder\"\n  }]\n}\n<\/script><br \/>\n<script type=\"application\/ld+json\">\n{\n  \"@context\": \"http:\/\/schema.org\",\n  \"@type\": \"Event\",\n\"organizer\": {\n    \"@type\": \"Organization\",\n    \"name\": \"Viajes Tuareg\",\n    \"url\": \"https:\/\/tuaregviatges.es\/\"\n  },\n  \"eventAttendanceMode\": \"https:\/\/schema.org\/onlineEventAttendanceMode\",\n  \"eventStatus\": \"https:\/\/schema.org\/EventScheduled\",\n  \"name\": \"Levadas en Madeira\",\n  \"description\": \"Lejos de todo, la isla de Madeira se levanta como una monta\u00f1a de lava y basalto sobre las aguas del Atl\u00e1ntico\",\n  \"image\": \"https:\/\/tuaregviatges.es\/europa\/viajes_a_portugal\/thumbg\/viajes_a_Senderismo_en__los_caminos_del_agua-2.jpg\",\n  \"url\": \"https:\/\/tuaregviatges.es\/europa\/viajes_a_portugal\/Senderismo_en__los_caminos_del_agua.htm\",\n  \"startDate\": \"2020-07-05\",\n  \"endDate\": \"2020-11-08\",\n  \"performer\": {\n    \"@type\": \"PerformingGroup\",\n    \"name\": \"Viaje a Madeira\"\n  },\n  \"location\": {\n    \"@type\": \"Place\",\n    \"name\": \"Madeira\",\n    \"address\": {\n      \"@type\": \"PostalAddress\",\n      \"streetAddress\": \"\",\n      \"addressLocality\": \"\",\n      \"postalCode\": \"9560-010\",\n      \"addressCountry\": \"PT\"\n    }\n  },\n  \"offers\": [{\n    \"@type\": \"Offer\",\n  \"name\": \"Levadas en Madeira\",\n  \"description\": \"Lejos de todo, la isla de Madeira se levanta como una monta\u00f1a de lava y basalto sobre las aguas del Atl\u00e1ntico\",\n  \"image\": \"https:\/\/tuaregviatges.es\/europa\/viajes_a_portugal\/thumbg\/viajes_a_Senderismo_en__los_caminos_del_agua-2.jpg\",\n  \"url\": \"https:\/\/tuaregviatges.es\/europa\/viajes_a_portugal\/Senderismo_en__los_caminos_del_agua.htm\",\n    \"price\": \"900\",\n    \"priceCurrency\": \"EUR\",\n    \"validFrom\": \"2020-06-27\",\n    \"availability\": \"http:\/\/schema.org\/PreOrder\"\n  }]\n}\n<\/script><br \/>\n<script type=\"application\/ld+json\">\n{\n  \"@context\": \"http:\/\/schema.org\",\n  \"@type\": \"Event\",\n\"organizer\": {\n    \"@type\": \"Organization\",\n    \"name\": \"Viajes Tuareg\",\n    \"url\": \"https:\/\/tuaregviatges.es\/\"\n  },\n  \"eventAttendanceMode\": \"https:\/\/schema.org\/onlineEventAttendanceMode\",\n  \"eventStatus\": \"https:\/\/schema.org\/EventScheduled\",\n  \"name\": \"Madeira en oto\u00f1o\",\n  \"description\": \"La extensa red de antiguas acequias, es un rico patrimonio de Madeira, que permite penetrar en espesos bosques de vegetaci\u00f3n, bordear barrancos y hasta cruzar estrechos t\u00faneles\",\n  \"image\": \"https:\/\/tuaregviatges.es\/europa\/viajes_a_portugal\/thumbg\/viajes_a_Senderismo_en__los_caminos_del_agua-1.jpg\",\n  \"url\": \"https:\/\/tuaregviatges.es\/europa\/viajes_a_portugal\/Senderismo_en__los_caminos_del_agua.htm\",\n  \"startDate\": \"2020-09-06\",\n  \"endDate\": \"2020-11-08\",\n  \"performer\": {\n    \"@type\": \"PerformingGroup\",\n    \"name\": \"Viaje a Madeira\"\n  },\n  \"location\": {\n    \"@type\": \"Place\",\n    \"name\": \"Madeira\",\n    \"address\": {\n      \"@type\": \"PostalAddress\",\n      \"streetAddress\": \"\",\n      \"addressLocality\": \"\",\n      \"postalCode\": \"9560-010\",\n      \"addressCountry\": \"PT\"\n    }\n  },\n  \"offers\": [{\n    \"@type\": \"Offer\",\n  \"name\": \"Madeira en oto\u00f1o\",\n  \"description\": \"La extensa red de antiguas acequias, es un rico patrimonio de Madeira, que permite penetrar en espesos bosques de vegetaci\u00f3n, bordear barrancos y hasta cruzar estrechos t\u00faneles\",\n  \"image\": \"https:\/\/tuaregviatges.es\/europa\/viajes_a_portugal\/thumbg\/viajes_a_Senderismo_en__los_caminos_del_agua-1.jpg\",\n  \"url\": \"https:\/\/tuaregviatges.es\/europa\/viajes_a_portugal\/Senderismo_en__los_caminos_del_agua.htm\",\n    \"price\": \"900\",\n    \"priceCurrency\": \"EUR\",\n    \"validFrom\": \"2020-06-27\",\n    \"availability\": \"http:\/\/schema.org\/PreOrder\"\n  }]\n}\n<\/script><\/p>\n<p><script type=\"application\/ld+json\">\n\t\t{\n\t\t\t\t\"@context\": \"https:\/\/schema.org\",\n\t\t\t\t\"@type\": \"TravelAction\",\n\t\t\t  \"agent\": {\n\t\t\t\t\"@type\": \"Organization\",\n\t\t\t\t\"name\": \"Viatges Tuareg\"\n\t\t\t  },\n\t\t\t  \"fromLocation\": {\n\t\t\t\t\"@type\": \"Country\",\n\t\t\t\t\"name\": \"Spain\"\n\t\t\t  },\n\t\t\t  \"toLocation\": {\n\t\t\t\t\"@type\": \"Country\",\n\t\t\t\t\"name\": \"Madeira\"\n\t\t\t  },\n\t\t\t\"location\": {\n\t\t\t\"@type\": \"Product\",\n\t\t\t\"name\": \"Senderismo en los caminos del agua\",\n\t\t\t\"url\": \"\/europa\/viajes_a_portugal\/Senderismo_en__los_caminos_del_agua.htm\",\n\t\t\t\"description\": \"Lejos de todo, la isla de Madeira se levanta como una monta\u00f1a de lava y basalto sobre las aguas del Atl\u00e1ntico. Su interior es extremadamente accidentado, un laberinto de barrancos verdes sobre los que discurren las levadas, antiguas acequias que distribu\u00edan el agua por toda la isla. Hoy estos canales se han reconvertido en senderos que son la v\u00eda perfecta para recorrer a pie la isla, con unas vistas extraordinarias sobre el Atl\u00e1ntico.\",\n\t\t\t \"aggregateRating\":\n\t\t\t\t\t\t\t\t\t{\"@type\": \"AggregateRating\",\n\t\t\t\t\t\t\t\t\t \"ratingValue\": \"4.5492957746479\",\n\t\t\t\t\t\t\t\t\t \"reviewCount\": \"71\",\n\t\t\t\t\t\t\t\t\t \"url\":\"\/europa\/viajes_a_portugal\/Senderismo_en__los_caminos_del_agua_opiniones.htm\"\n\t\t\t\t\t\t\t\t\t},\n\t\t\t\"photo\": {\n\t\t\t\"@list\": [\n\t\t\t\t\t{\"url\": \"https:\/\/tuaregviatges.es\/rutas\/seccionesRutas\/3380.jpg\"}\n\t\t\t\t\t]\n\t\t\t\t}\n\t\t\t}\n\t\t\t}\n\t<\/script><\/p>\n","protected":false},"excerpt":{"rendered":"<p>\u00bfEst\u00e1s buscando un destino para tus vacaciones y todav\u00eda no te has decidido? En el medio del Atl\u00e1ntico, lejos de todo, la isla de Madeira se levanta como una monta\u00f1a de lava y basalto sobre las aguas del oceano. Su interior es extremadamente accidentado, un laberinto de barrancos verdes sobre los que discurren las levadas, [&hellip;]<\/p>\n","protected":false},"author":1,"featured_media":10394,"comment_status":"closed","ping_status":"closed","sticky":false,"template":"","format":"standard","meta":{"footnotes":""},"categories":[458,631,20],"tags":[199,307,502],"class_list":["post-10356","post","type-post","status-publish","format-standard","has-post-thumbnail","hentry","category-a-pie","category-portugal","category-trekking","tag-madeira","tag-semana-santa","tag-viajes-en-grupo"],"_links":{"self":[{"href":"https:\/\/tuaregviatges.es\/viajes\/wp-json\/wp\/v2\/posts\/10356","targetHints":{"allow":["GET"]}}],"collection":[{"href":"https:\/\/tuaregviatges.es\/viajes\/wp-json\/wp\/v2\/posts"}],"about":[{"href":"https:\/\/tuaregviatges.es\/viajes\/wp-json\/wp\/v2\/types\/post"}],"author":[{"embeddable":true,"href":"https:\/\/tuaregviatges.es\/viajes\/wp-json\/wp\/v2\/users\/1"}],"replies":[{"embeddable":true,"href":"https:\/\/tuaregviatges.es\/viajes\/wp-json\/wp\/v2\/comments?post=10356"}],"version-history":[{"count":12,"href":"https:\/\/tuaregviatges.es\/viajes\/wp-json\/wp\/v2\/posts\/10356\/revisions"}],"predecessor-version":[{"id":10407,"href":"https:\/\/tuaregviatges.es\/viajes\/wp-json\/wp\/v2\/posts\/10356\/revisions\/10407"}],"wp:featuredmedia":[{"embeddable":true,"href":"https:\/\/tuaregviatges.es\/viajes\/wp-json\/wp\/v2\/media\/10394"}],"wp:attachment":[{"href":"https:\/\/tuaregviatges.es\/viajes\/wp-json\/wp\/v2\/media?parent=10356"}],"wp:term":[{"taxonomy":"category","embeddable":true,"href":"https:\/\/tuaregviatges.es\/viajes\/wp-json\/wp\/v2\/categories?post=10356"},{"taxonomy":"post_tag","embeddable":true,"href":"https:\/\/tuaregviatges.es\/viajes\/wp-json\/wp\/v2\/tags?post=10356"}],"curies":[{"name":"wp","href":"https:\/\/api.w.org\/{rel}","templated":true}]}}