{"id":10425,"date":"2020-02-28T16:07:13","date_gmt":"2020-02-28T14:07:13","guid":{"rendered":"https:\/\/tuaregviatges.es\/viajes\/?p=10425"},"modified":"2020-02-28T16:07:36","modified_gmt":"2020-02-28T14:07:36","slug":"ya-tenemos-finalistas-concurso-de-fotografia","status":"publish","type":"post","link":"https:\/\/tuaregviatges.es\/viajes\/ya-tenemos-finalistas-concurso-de-fotografia\/","title":{"rendered":"\u00a1Ya tenemos finalistas! Concurso de fotograf\u00eda 2019"},"content":{"rendered":"<p>Hemos pasado bastante tiempo con las rondas de eliminaci\u00f3n, viendo vuestras fotograf\u00edas una y otra vez. Lamentablemente no pueden pasar todas, y trabajos muy buenos quedan fuera de las\u00a022 fotograf\u00edas que pasan a la final.\u00a0Y nuestro trabajo termina aqu\u00ed. Ahora ser\u00e1\u00a0un jurado externo\u00a0quien decidir\u00e1 cu\u00e1les son las 3 fotograf\u00edas ganadoras. \u00a1Suerte a tod@s!<\/p>\n<div style=\"margin: 20px 0px; width: 100%; text-align: center;\"><a class=\"more-link\" style=\"float: none;\" title=\"Ver las 22 fotos finalistas\" href=\"https:\/\/www.facebook.com\/pg\/ViajesTuareg\/photos\/?tab=album&amp;album_id=3026364124042027\" target=\"_blank\" rel=\"noopener\">Ver las 22 fotos finalistas<\/a><\/div>\n<div><\/div>\n<blockquote><p>\u00bfNo tienes Facebook?\u00a0<a href=\"https:\/\/tuaregviatges.es\/concursofotografia\/fotos_finalistas.php\" target=\"_blank\" rel=\"noopener\">Ver las 22 fotos\u00a0finalistas en nuestra web.<\/a><\/p><\/blockquote>\n<p><!--more--><\/p>\n<h3 class=\"null\">Julio Carb\u00f3,\u00a0un jurado de lujo<\/h3>\n<p><a href=\"https:\/\/tuaregviatges.es\/viajes\/ya-tenemos-finalistas-concurso-de-fotografia-2019\/jurado\/\" rel=\"attachment wp-att-10426\"><img loading=\"lazy\" decoding=\"async\" class=\"alignright wp-image-10426 size-thumbnail\" src=\"https:\/\/tuaregviatges.es\/viajes\/wp-content\/uploads\/2020\/02\/jurado-150x150.jpg\" alt=\"\" width=\"150\" height=\"150\" srcset=\"https:\/\/tuaregviatges.es\/viajes\/wp-content\/uploads\/2020\/02\/jurado-150x150.jpg 150w, https:\/\/tuaregviatges.es\/viajes\/wp-content\/uploads\/2020\/02\/jurado-60x60.jpg 60w\" sizes=\"auto, (max-width: 150px) 100vw, 150px\" \/><\/a>Destacados profesionales de la fotograf\u00eda y del periodismo han ejercido de Jurado del Concurso en ediciones anteriores, y este a\u00f1o seguimos de suerte:\u00a0<strong>Julio Carb\u00f3<\/strong>, jefe de fotograf\u00eda del diario\u00a0<em>El Peri\u00f3dico<\/em>\u00a0 ser\u00e1 quien decida los premios.<br \/>\nJulio es autor de libros sobre fotograf\u00eda, de reportajes para diversas revistas y tambi\u00e9n ha recibido una larga lista de premios. Si ech\u00e1is\u00a0\u00a0<u><a href=\"https:\/\/www.instagram.com\/julio.carbo\/?hl=es\" target=\"_blank\" rel=\"noopener noreferrer\">un vistazo a su trabajo<\/a><\/u>; pasareis un muy buen rato.<\/p>\n<h3>Concurso de v\u00eddeo: 4 finalistas<\/h3>\n<p>Los v\u00eddeos presentados en esta edici\u00f3n nos han emocionado. Algunos por su calidad t\u00e9cnica, otros por el contenido. Sea como sea, tod@s l@s participantes hab\u00e9is realizado\u00a0<strong>un gran trabajo<\/strong>. Sabemos que no es nada f\u00e1cil resumir en 3 minutos las experiencias vividas en un viaje. \u00a1Os agradecemos el esfuerzo!<\/p>\n<p><a href=\"https:\/\/www.youtube.com\/playlist?list=PLXrG8s1ieoQh5kRtJynP4Hxx3xhru0tod\"><img loading=\"lazy\" decoding=\"async\" class=\"size-full wp-image-10427 aligncenter\" src=\"https:\/\/tuaregviatges.es\/viajes\/wp-content\/uploads\/2020\/02\/video-capa.jpg\" alt=\"\" width=\"650\" height=\"413\" srcset=\"https:\/\/tuaregviatges.es\/viajes\/wp-content\/uploads\/2020\/02\/video-capa.jpg 650w, https:\/\/tuaregviatges.es\/viajes\/wp-content\/uploads\/2020\/02\/video-capa-300x191.jpg 300w\" sizes=\"auto, (max-width: 650px) 100vw, 650px\" \/><\/a><\/p>\n<div style=\"margin: 20px 0px; width: 100%; text-align: center;\"><a class=\"more-link\" style=\"float: none;\" title=\"Ver l4 finalistas\" href=\"https:\/\/www.youtube.com\/playlist?list=PLXrG8s1ieoQh5kRtJynP4Hxx3xhru0tod\" target=\"_blank\" rel=\"noopener\">Ver los 4 finalistas<\/a><\/div>\n<h3 class=\"null\">Pronto conoceremos a los ganadores del concurso<\/h3>\n<p>\u00bfQu\u00e9 mejor premio que el orgullo de ganar nuestro concurso? Sabemos que no particip\u00e1is por el dinero&#8230; pero hay una cantidad importante en juego.\u00a0<strong>La pr\u00f3xima semana<\/strong>\u00a0anunciaremos a los ganadores de todas las categor\u00edas del <a href=\"https:\/\/tuaregviatges.es\/concurso\/concursofotografia_bases.php\">concurso de fotograf\u00eda y v\u00eddeo<\/a> 2019. \u00bfQui\u00e9nes ser\u00e1n los ganadores?<\/p>\n<h3 class=\"null\">\u00bfQu\u00e9 opinas de las fotos y v\u00eddeos finalistas?<\/h3>\n<p>\u00bfQui\u00e9n mejor que un viajero para opinar sobre fotos y v\u00eddeos de viaje?<strong>\u00a0Vamos a dejar que hable el experto que llevamos dentro.<\/strong>\u00a0Como en la \u00faltima ocasi\u00f3n, hemos subido las\u00a0<a href=\"https:\/\/www.facebook.com\/ViajesTuareg\/photos\/?tab=album&amp;album_id=3026364124042027\" target=\"_blank\" rel=\"noopener noreferrer\">fotos finalistas en Facebook<\/a>, y\u00a0<a href=\"https:\/\/www.youtube.com\/playlist?list=PLXrG8s1ieoQh5kRtJynP4Hxx3xhru0tod\" target=\"_blank\" rel=\"noopener noreferrer\">los v\u00eddeos finalistas en nuestro canal de Youtube<\/a>.<\/p>\n<blockquote><p>\u00a1Os invitamos a dejar vuestros comentarios!<\/p><\/blockquote>\n","protected":false},"excerpt":{"rendered":"<p>Hemos pasado bastante tiempo con las rondas de eliminaci\u00f3n, viendo vuestras fotograf\u00edas una y otra vez. Lamentablemente no pueden pasar todas, y trabajos muy buenos quedan fuera de las\u00a022 fotograf\u00edas que pasan a la final.\u00a0Y nuestro trabajo termina aqu\u00ed. Ahora ser\u00e1\u00a0un jurado externo\u00a0quien decidir\u00e1 cu\u00e1les son las 3 fotograf\u00edas ganadoras. \u00a1Suerte a tod@s! Ver las [&hellip;]<\/p>\n","protected":false},"author":1,"featured_media":10432,"comment_status":"closed","ping_status":"closed","sticky":false,"template":"","format":"standard","meta":{"footnotes":""},"categories":[456,457,1],"tags":[412,649,229],"class_list":["post-10425","post","type-post","status-publish","format-standard","has-post-thumbnail","hentry","category-concurso-de-fotografia","category-concurso-de-video","category-general","tag-concurso-de-video","tag-fotografia","tag-viajes-fotograficos"],"_links":{"self":[{"href":"https:\/\/tuaregviatges.es\/viajes\/wp-json\/wp\/v2\/posts\/10425","targetHints":{"allow":["GET"]}}],"collection":[{"href":"https:\/\/tuaregviatges.es\/viajes\/wp-json\/wp\/v2\/posts"}],"about":[{"href":"https:\/\/tuaregviatges.es\/viajes\/wp-json\/wp\/v2\/types\/post"}],"author":[{"embeddable":true,"href":"https:\/\/tuaregviatges.es\/viajes\/wp-json\/wp\/v2\/users\/1"}],"replies":[{"embeddable":true,"href":"https:\/\/tuaregviatges.es\/viajes\/wp-json\/wp\/v2\/comments?post=10425"}],"version-history":[{"count":10,"href":"https:\/\/tuaregviatges.es\/viajes\/wp-json\/wp\/v2\/posts\/10425\/revisions"}],"predecessor-version":[{"id":10438,"href":"https:\/\/tuaregviatges.es\/viajes\/wp-json\/wp\/v2\/posts\/10425\/revisions\/10438"}],"wp:featuredmedia":[{"embeddable":true,"href":"https:\/\/tuaregviatges.es\/viajes\/wp-json\/wp\/v2\/media\/10432"}],"wp:attachment":[{"href":"https:\/\/tuaregviatges.es\/viajes\/wp-json\/wp\/v2\/media?parent=10425"}],"wp:term":[{"taxonomy":"category","embeddable":true,"href":"https:\/\/tuaregviatges.es\/viajes\/wp-json\/wp\/v2\/categories?post=10425"},{"taxonomy":"post_tag","embeddable":true,"href":"https:\/\/tuaregviatges.es\/viajes\/wp-json\/wp\/v2\/tags?post=10425"}],"curies":[{"name":"wp","href":"https:\/\/api.w.org\/{rel}","templated":true}]}}