{"id":10708,"date":"2020-07-17T09:03:40","date_gmt":"2020-07-17T07:03:40","guid":{"rendered":"https:\/\/tuaregviatges.es\/viajes\/?p=10708"},"modified":"2020-07-18T03:11:04","modified_gmt":"2020-07-18T01:11:04","slug":"cuando-viajar-a-grecia","status":"publish","type":"post","link":"https:\/\/tuaregviatges.es\/viajes\/cuando-viajar-a-grecia\/","title":{"rendered":"Viajar a Grecia | Grecia abre sus fronteras para viajes"},"content":{"rendered":"<h3>Grecia, un destino seguro<\/h3>\n<p>Grecia ha sido uno de los pa\u00edses de la UE que menos ha sufrido el impacto de la pandemia, en gran parte, por las medidas que impusieron las autoridades locales y que consiguieron contener el avance de la enfermedad de forma efectiva. Actualmente, las medidas adoptadas por las autoridades cumplen con los est\u00e1ndares de la Uni\u00f3n Europea y est\u00e1 en la \u00ablista blanca\u00bb de pa\u00edses donde es posible viajar.<!--more--><\/p>\n<h3>Viaje con recorridos adecuados<\/h3>\n<p>A pesar de que Grecia es un destino tur\u00edstico popular, nuestra ruta en el destino transcurre por la Grecia continental, a menudo olvidada por los itinerarios cl\u00e1sicos. Aqu\u00ed la afluencia de visitantes es mucho menor, y el contacto con otros viajeros es reducido. No obstante, es posible que algunos de los monumentos m\u00e1s populares puedan tener una cierta afluencia de visitantes; Aunque las autoridades locales se encargan del control de accesos a monumentos y del cumplimiento de las medidas de seguridad, en estos casos buscaremos las horas del d\u00eda con menos afluencia de turistas, y tomaremos las medidas higi\u00e9nicas y de distanciamiento social necesarias. Con respecto a los transportes p\u00fablicos en Grecia, las autoridades locales han tomado medidas de distanciamiento e higiene, por lo que se considera un medio de transporte seguro.<\/p>\n<h3>Restricciones de viaje<\/h3>\n<p>Un decreto ministerial emitido por las autoridades competentes del Gobierno de <a href=\"https:\/\/tuaregviatges.es\/europa_grecia.html\">Grecia<\/a>, declara que desde el 1 de julio las restricciones de entrada para visitantes extranjeros quedan establecidas de la siguiente manera:<\/p>\n<ul>\n<li>A partir del 01 de Julio se permiten vuelos internacionales a todos los aeropuertos de Grecia.<\/li>\n<li>Todos los pasajeros de vuelos internacionales que viajan a cualquier aeropuerto de Grecia, 48 horas antes de realizar el check-in deben haber cumplimentado el Formulario de localizaci\u00f3n de pasajeros (e-PLF). <strong>Dicho formulario se puede cumplimentar on-line en esta direcci\u00f3n:<a href=\"https:\/\/travel.gov.gr\/#\/\">\u00a0https:\/\/travel.gov.gr\/#\/<\/a>.<\/strong><\/li>\n<li>A los pasajeros que no tengan el e-PLF y el c\u00f3digo QR se les DENEGARA EL EMBARQUE.<\/li>\n<li>Los pasajeros que lleguen sin e-PLF y sin el c\u00f3digo QR se declarar\u00e1n como Pasajeros Inadmisibles (INAD) al embarque y deber\u00e1n regresar a su punto de origen.<\/li>\n<li>Los pasajeros que lleguen sin un c\u00f3digo QR est\u00e1n sujetos a una multa administrativa.<\/li>\n<li>El c\u00f3digo QR debe ser v\u00e1lido y coincidir con la fecha y el vuelo del pasajero.<\/li>\n<li>A todos los pasajeros internacionales se les entregar\u00e1 a bordo otro formulario, que deber\u00e1 ser rellenado y entregado a su llegada.<\/li>\n<\/ul>\n<h3>Pr\u00f3ximos salidas a Grecia<\/h3>\n<p>Grecia es uno de los paises que menos ha sufrido el impacto de la pandem\u00eda y ahora se prepara para recibir visitantes. Con salidas a finales de julio, agosto y septiembre, Grecia es una de nuestras opciones <a href=\"https:\/\/travelsafe.tuaregviatges.es\/grecia\/\">Tuareg Travel Safe\u00a0 para este verano\/oto\u00f1o 2020<\/a>.<\/p>\n<div id=\"grecia-septiembre\" style=\"width: 100%;\">\n<div style=\"margin-top: 10PX; width: 100%; background-color: #96a610; color: #ffffff; font-size: 20px; padding: 3px; text-align: left:;\"><a style=\"color: #ffffff;\" title=\"Viaje a Grecia y Macedonia en Septiembre\" href=\"https:\/\/tuaregviatges.es\/europa\/viajes_a_grecia\/Grecia_y_Macedonia.htm\">&gt;&gt; Caminatas por la Grecia continental<\/a><\/div>\n<\/div>\n<div style=\"max-width: 40%; float: right;\"><img decoding=\"async\" class=\"alignright\" src=\"https:\/\/tuaregviatges.es\/rutas\/comoviajamos\/CVtrekkingG.png\" \/><\/div>\n<div style=\"margin-top: 20PX; margin-bottom: 10px;\"><span style=\"color: #e39219;\">&gt; Viaje a Grecia en grupo reducido\u00a0<\/span><br \/>\n<span style=\"color: #e39219;\"> &gt; 14 d\u00edas historia y arqueolog\u00eda<\/span><br \/>\n<span style=\"color: #e39219;\"> &gt; Salida el 5 JUL<span class=\"cl_vermellteula\">\u00a0&gt;\u00a0<\/span>20 AGO<span class=\"cl_vermellteula\">\u00a0&gt;\u00a0<\/span>3, 20 SEP<br \/>\n<strong>&gt; Precio a partir de\u00a01.470 \u20ac<\/strong><\/span><\/div>\n<div style=\"background-color: #be6521; color: #ffffff; font-size: 14px; margin: 3px; padding: 2px 6px; width: 100%; text-align: center;\"><a style=\"color: #ffffff;\" href=\"https:\/\/tuaregviatges.es\/europa\/viajes_a_grecia\/Grecia_y_Macedonia.htm\">Salidas y precios<\/a><\/div>\n<figure id=\"attachment_8499\" class=\"thumbnail wp-caption aligncenter\" style=\"width: 710px\"><a href=\"https:\/\/tuaregviatges.es\/viajes\/caminatas-china-oriental\/pandora\/\"><img loading=\"lazy\" decoding=\"async\" class=\"wp-image-8499 size-full\" src=\"https:\/\/tuaregviatges.es\/viajes\/wp-content\/uploads\/2019\/03\/Viaje-a-Grecia-y-Macedonia-METEORA-Autor-Didac-Gascon.jpg\" alt=\"Viaje a Grecia y Macedonia METEORA | Autor Didac Gascon\" width=\"700\" height=\"465\" srcset=\"https:\/\/tuaregviatges.es\/viajes\/wp-content\/uploads\/2019\/03\/Viaje-a-Grecia-y-Macedonia-METEORA-Autor-Didac-Gascon.jpg 700w, https:\/\/tuaregviatges.es\/viajes\/wp-content\/uploads\/2019\/03\/Viaje-a-Grecia-y-Macedonia-METEORA-Autor-Didac-Gascon-300x199.jpg 300w\" sizes=\"auto, (max-width: 700px) 100vw, 700px\" \/><\/a><figcaption class=\"caption wp-caption-text\">Viaje a Grecia y Macedonia METEORA | Autor Didac Gascon<\/figcaption><\/figure>\n<p>Un <a href=\"https:\/\/tuaregviatges.es\/europa\/viajes_a_grecia\/Grecia_y_Macedonia.htm\">viaje a Grecia y Macedonia en septiembre<\/a> que nos descubre las regiones del norte de la Grecia m\u00e1s desconocidas y Macedonia. <strong>Exploraremos los vertiginosos monasterios de Meteora<\/strong>. Entraremos a Macedonia por la pl\u00e1cida ciudad de <strong>Ohrid<\/strong> y la ruta termina cerca del P.N. Monte Olimpo, ya en Tesal\u00f3nica.<\/p>\n<p style=\"text-align: center;\"><strong><span style=\"color: #ff0000;\">Actualizado el 14 de junio de 2020<\/span><\/strong><\/p>\n<blockquote><p><a href=\"https:\/\/tuaregviatges.es\/europa_grecia.html\">Grecia<\/a> abre todos los aeropuertos y puntos fronterizos para visitantes el 1 de julio<\/p><\/blockquote>\n<p>Grecia anunci\u00f3 el viernes (12\/06) que abrir\u00e1 completamente todos sus aeropuertos a vuelos desde el extranjero en todas sus fronteras. Todos\u00a0los pasajeros en tr\u00e1nsito tambi\u00e9n estar\u00e1n permitidos a partir de esa fecha.<\/p>\n<p>Las restricciones para vuelos desde Italia, los Pa\u00edses Bajos y Espa\u00f1a se levantar\u00e1n a partir del 15 de junio (cuando se permitir\u00e1n los primeros vuelos desde el extranjero, pero solo para los aeropuertos internacionales de Atenas y Tesal\u00f3nica).\u00a0Todav\u00eda habr\u00e1 una prohibici\u00f3n para vuelos desde el Reino Unido y Turqu\u00eda, al menos hasta finales de junio.<!--more--><\/p>\n<blockquote><p>Grecia abrir\u00e1 sus fronteras a los vuelos a partir del 15 de junio de acuerdo con todas las medidas de seguridad de salud p\u00fablica, seg\u00fan el viceministro de protecci\u00f3n civil, Nikos Hardalias.<\/p><\/blockquote>\n<p style=\"text-align: center;\"><strong><span style=\"color: #ff0000;\">Actualizado el 30 de mayo 2020<\/span><\/strong><\/p>\n<p>A partir del\u00a015 de junio 29 pa\u00edses de todo el mundo podr\u00e1n realizar vuelos tur\u00edsticos en <a href=\"https:\/\/tuaregviatges.es\/europa_grecia.html\">Grecia<\/a>.\u00a0El motivo de por que s\u00f3lo los cuidadanos de estos pa\u00edses puedan ir a hacer turismo en Grecia, seg\u00fan el gobierno, es que todos comparten la misma situaci\u00f3n epidemiol\u00f3gica.<\/p>\n<p>Los ciudadanos espa\u00f1oles\u00a0no podr\u00e1n volar a Grecia por lo menos hasta el 1 de julio, debido a la situaci\u00f3n del covid-19. As\u00ed lo ha anunciado el gobierno griego que ha asegurado que esta decisi\u00f3n se ha tomado en base a criterios cient\u00edficos.<\/p>\n<blockquote><p>A partir del 1 de julio\u00a0, la lista de los pa\u00edses aumentar\u00e1, siguiendo siempre los datos sanitarios y de acuerdo con la Agencia Europea de Seguridad A\u00e9rea. Esperemos que Espa\u00f1a sea uno de ellos.<\/p><\/blockquote>\n<p><strong>A partir del 15 de junio<\/strong>, cuando se reanuden los vuelos internacionales, <strong>se permitir\u00e1 a los turistas de las 29 nacionalidades que est\u00e1n en la lista, entrar en <a href=\"https:\/\/tuaregviatges.es\/europa_grecia.html\">Grecia<\/a> sin hacer la prueba del <a href=\"https:\/\/tuaregviatges.es\/viajes\/tag\/covid-19\/\">covid-19<\/a><\/strong> o permanecer en cuarentena, pero los funcionarios de salud realizar\u00e1n pruebas puntuales cuando lo consideren necesario.<\/p>\n<h3>\u00bfCu\u00e1ndo podremos viajar a Grecia?<\/h3>\n<p>Aunque todav\u00eda no se ha comunicado nada concreto sobre la posibilidad de\u00a0<strong>empezar a viajar al extranjero<\/strong>, es de prever que ser\u00e1 para finales de junio o principios de julio en funci\u00f3n de la fase de cada comunidad autonomasea posible viajar a Grecia, lo que puede coincidir con nuestra inclusi\u00f3n en las listas \u00abverdes\u00bb del gobierno griego.<\/p>\n<div style=\"background-color: #767676; color: #ffffff; padding: 10px; padding-right: 0px;\">\n<div style=\"float: right; padding-right: 20px;\"><img loading=\"lazy\" decoding=\"async\" class=\"size-full alignright\" src=\"https:\/\/tuaregviatges.es\/rutas\/comoviajamos\/CVgeographicasG.png\" width=\"144\" height=\"150\" \/><\/div>\n<div style=\"position: relative; bottom: 0px;\">\n<p><a title=\"Clik para ver pr\u00f3ximas salidas\" href=\"https:\/\/tuaregviatges.es\/proximas_salidas.html\"><span style=\"color: #ffffff; font-size: 22px;\"><strong>PR\u00d3XIMAS SALIDAS<\/strong><\/span><\/a><\/p>\n<hr \/>\n<p style=\"text-align: left;\"><a title=\"Clik para ver pr\u00f3ximas salidas\" href=\"https:\/\/tuaregviatges.es\/proximas_salidas.html\"><span style=\"color: #ffffff;\">de viajes en grupo reducido con SALIDA GARANTIZADA para los pr\u00f3ximos meses<\/span><\/a><\/p>\n<\/div>\n<\/div>\n<p style=\"text-align: center;\"><strong><span style=\"color: #ff0000;\">Actualizado el 22 de mayo 2020<\/span><\/strong><\/p>\n<p>Con bajos indices de letalidad, hasta ahora ha tenido menos de 200 muertes en dos meses de pandemia, el primer ministro griego Kyriakos Mitsotakis anunci\u00f3 el pasado jueves (21\/5) que el pr\u00f3ximo 1 de julio se <strong>reiniciar\u00e1n los vuelos internacionales<\/strong> a y desde su pa\u00eds. El primer ministro griego declar\u00f3 que la respuesta eficaz que <a href=\"https:\/\/tuaregviatges.es\/europa_grecia.html\">Grecia<\/a> ha aplicado al <a href=\"https:\/\/tuaregviatges.es\/viajes\/tag\/covid-19\/\">COVID-19<\/a> puede ser un \u201c<strong>pasaporte de seguridad, credibilidad y salud<\/strong>\u201d para atraer visitantes, intentando captar a los viajeros que busquen seguridad sanitaria.<\/p>\n<blockquote><p>Grecia reabrir\u00e1 toda su infraestructura tur\u00edstica el pr\u00f3ximo 15 de junio, pero los extranjeros tendremos que esperar hasta el pr\u00f3ximo 1 de julio cuando se reiniciar\u00e1n los vuelos internacionales.<\/p><\/blockquote>\n<p>En un discurso televisado a la naci\u00f3n, el primer ministro dijo que los visitantes extranjeros estar\u00e1n sujetos a pruebas de muestra para el COVID-19 y que tendr\u00e1n que cumplir los protocolos de seguridad sanitaria al igual que la poblaci\u00f3n local. \u00ab<strong>La abertura de fronteras es necesaria para que se puedan explotar las bellezas naturales del pa\u00eds<\/strong>\u00ab, se\u00f1al\u00f3 Mitsotakis.<\/p>\n<p>El ministro de Turismo, Harry Theocharis, por su parte a\u00f1adi\u00f3\u00a0\u00a0que<strong> se reservar\u00e1n\u00a0600 camas por si fueran necesarias ante la aparici\u00f3n de nuevos casos<\/strong> del coronavirus en las islas griegas. En Grecia, el turismo es un sector vital de la econom\u00eda aportando una parte significativa del PIB.<\/p>\n<figure class=\"thumbnail wp-caption aligncenter\" style=\"width: 710px\"><a href=\"https:\/\/tuaregviatges.es\/europa\/viajes_a_grecia\/Grecia_y_Macedonia.htm\"><img loading=\"lazy\" decoding=\"async\" class=\"size-full\" src=\"https:\/\/tuaregviatges.es\/fotografia\/viajes_a_europa_grecia-2.jpg\" alt=\"Caminatas por la Grecia continental - Autor Pere Mongay\" width=\"700\" height=\"525\" \/><\/a><figcaption class=\"caption wp-caption-text\">Caminatas por la Grecia continental &#8211; Autor Pere Mongay<\/figcaption><\/figure>\n<h3>Pruebas diagn\u00f3sticas aleatorias<\/h3>\n<p>Los turistas que lleguen a Grecia lo har\u00e1n sin pasar una cuarentena obligatoria pero podr\u00e1n ser sometidos a pruebas aleatorias de COVID-19 a la llegada y tendr\u00e1n que seguir un protocolo de medidas sanitarias durante todo el viaje.<\/p>\n<blockquote><p>\u00abNuestra fortaleza es el certificado de seguridad, fiabilidad y salud que Grecia se ha ganado. Su gran fama, el escudo sanitario, la hospitalidad en todas partes y, por supuesto, la pasi\u00f3n de los griegos\u00bb, declaro Mitsotakis.<\/p><\/blockquote>\n<h3>Baja tasa de contagios<\/h3>\n<p>Hasta el\u00a0 25 de mayo, Grecia ha sufrido tan solo 166 muertes por COVID-19 y ha registrado poco m\u00e1s de 2.800 casos, una tasa de contagio muy inferior a la de otros pa\u00edses europeos gracias a la toma de medidas tempranas.<\/p>\n<blockquote><p>\u00abEl griego, que dec\u00edan que era individualista,\u00a0<strong>se ha convertido en una parte consciente del esfuerzo colectivo<\/strong>\u00ab, se\u00f1alo Mitsotakis.<\/p><\/blockquote>\n<figure class=\"thumbnail wp-caption aligncenter\" style=\"width: 710px\"><a href=\"https:\/\/tuaregviatges.es\/europa\/viajes_a_grecia\/Grecia_y_Macedonia.htm\"><img loading=\"lazy\" decoding=\"async\" title=\"Caminatas por la Grecia continental \" src=\"https:\/\/tuaregviatges.es\/rutas\/galeria\/18504.jpg\" alt=\"Caminatas por la Grecia continental - Autor Pere Mongay\" width=\"700\" height=\"525\" \/><\/a><figcaption class=\"caption wp-caption-text\">Caminatas por la Grecia continental &#8211; Autor Pere Mongay<\/figcaption><\/figure>\n<h3>Viajes a Grecia, caminatas por la Grecia continental<\/h3>\n<p>Un viaje cultural y de senderismo que nos descubre <strong>las regiones del norte de la Grecia m\u00e1s desconocidas<\/strong>. Iniciamos la ruta por la capital de Atenas, para dirigirnos al Or\u00e1culo de Delfos. Viajaremos hacia el norte para explorar los vertiginosos monasterios de Meteora. Recorreremos el techo de<a href=\"https:\/\/tuaregviatges.es\/europa\/viajes_a_grecia\/Grecia_y_Macedonia.htm\"> Grecia, la otomana Io\u00e1nina y la garganta de Vikos<\/a>. Seguiremos hacia el Monte Olimpo para caminar por sus laderas y terminaremos en la capital del norte, Tesal\u00f3nica. Regresaremos a Atenas en tren para pasar la \u00faltima noche.<\/p>\n<blockquote><p>Exploraremos los vertiginosos monasterios de Meteora, la Garganta de Vikos, Monte Olimpo y terminaremos en Tesal\u00f3nica.<\/p><\/blockquote>\n<figure class=\"thumbnail wp-caption aligncenter\" style=\"width: 710px\"><a href=\"https:\/\/tuaregviatges.es\/europa\/viajes_a_grecia\/Grecia_y_Macedonia.htm\"><img loading=\"lazy\" decoding=\"async\" class=\"size-full\" src=\"https:\/\/tuaregviatges.es\/rutas\/galeria\/13684.jpg\" alt=\"Caminatas por la Grecia continental - Autor Tere Pidevall\" width=\"700\" height=\"465\" \/><\/a><figcaption class=\"caption wp-caption-text\">Caminatas por la Grecia continental &#8211; Autor Tere Pidevall<\/figcaption><\/figure>\n<h3>El clima\u00a0griego<\/h3>\n<p>El clima en <a href=\"https:\/\/tuaregviatges.es\/europa_grecia.html\">Grecia<\/a> es muy similar al de nuestro pa\u00eds. Seg\u00fan la \u00e9poca de a\u00f1o, el viaje se ajustar\u00e1 a las horas de luz y al clima. En los meses m\u00e1s calurosos, se intentar\u00e1 avanzar las horas para realizar las caminatas, evitando as\u00ed las puntas de m\u00e1ximo calor.<\/p>\n<h3>\u00bfCu\u00e1ndo podremos viajar al extranjero?<\/h3>\n<p>Aunque todav\u00eda no se ha comunicado nada concreto sobre la posibilidad de\u00a0<strong>empezar a viajar al extranjero<\/strong>, es de prever que ser\u00e1 para finales de junio o principios de julio en funci\u00f3n de la fase de cada comunidad autonoma.<\/p>\n<p><span style=\"color: #ff6600;\"><em>Con los viajes interrumpidos y cambios constantes en las pol\u00edticas sanitarias de cada pa\u00eds por el Covid-19, actualizaremos este art\u00edculo todo lo que nos sea posible para compartir con vosotros las fronteras que todav\u00eda est\u00e1n cerradas, en qu\u00e9 parte del mundo se puede viajar y cuando se va a poder ir.<\/em><\/span><\/p>\n<p><strong><span style=\"color: #96a610;\"><span style=\"background-color: #96a610; color: #ffffff; padding: 0px 10px;\">Front.<\/span>\u279c<\/span><\/strong>\u00a0<strong>Situaci\u00f3n de fronteras<\/strong><br \/>\n?Abiertas\u00a0?Cerradas<br \/>\n<strong><span style=\"color: #96a610;\"><span style=\"background-color: #96a610; color: #ffffff; padding: 0px 10px;\">Tur.<\/span>\u279c<\/span><\/strong>\u00a0<strong>Fronteras abiertas para el turismo<\/strong><br \/>\n?Abiertas\u00a0?Cerradas<br \/>\n<strong><span style=\"color: #96a610;\"><span style=\"background-color: #96a610; color: #ffffff; padding: 0px 10px;\">Rutas <\/span>\u279c<\/span><\/strong>\u00a0<strong>Rutas disponibles en el pa\u00eds<\/strong><br \/>\n\u2708\ufe0f\u00a0\u2190 Clica en el avi\u00f3n para ver viajes<br \/>\n<strong><span style=\"color: #96a610;\"><span style=\"background-color: #96a610; color: #ffffff; padding: 0px 10px;\">+Info <\/span>\u279c<\/span><\/strong>\u00a0<strong>M\u00e1s informaci\u00f3n del destino y fechas previstas.<\/strong><br \/>\n<img loading=\"lazy\" decoding=\"async\" class=\"\" src=\"\/iconos\/info3.png\" width=\"17\" height=\"17\" \/>\u00a0 \u2190Clica el bot\u00f3n para ver informaci\u00f3n del destino<\/p>\n<table  class=\" table table-hover\" >\n<tbody>\n<tr>\n<td style=\"text-align: center; background-color: rgb(190, 101, 33, 0.7); color: #ffffff;\" colspan=\"5\">Viajar por EUROPA<\/td>\n<\/tr>\n<tr style=\"background-color: #96a610; color: #ffffff;\">\n<th>Pais<\/th>\n<th>Front.<\/th>\n<th>Tur.<\/th>\n<th>Rutas<\/th>\n<th>+info<\/th>\n<\/tr>\n<tr>\n<td>Albania<\/td>\n<td style=\"font-size: 25px; padding: 0px; margin: 0px;\">?<\/td>\n<td style=\"font-size: 25px; padding: 0px; margin: 0px;\">?<\/td>\n<td style=\"font-size: 25px; padding: 0px; margin: 0px;\"><a title=\"Ver nuestros viajes\" href=\"https:\/\/www.tuaregviatges.es\/europa_albania.html\">\u2708\ufe0f<\/a><\/td>\n<td style=\"font-size: 25px; padding: 0px; margin: 0px; text-align: center;\"><a title=\"&quot;\" href=\"https:\/\/tuaregviatges.es\/viajes\/cuando-viajar-a-albania\/\"><img decoding=\"async\" class=\"botoinfo\" src=\"\/iconos\/info3.png\" \/><\/a><\/td>\n<\/tr>\n<tr>\n<td>Alemania<\/td>\n<td style=\"font-size: 25px; padding: 0px; margin: 0px;\">?<\/td>\n<td style=\"font-size: 25px; padding: 0px; margin: 0px;\">?<\/td>\n<td style=\"font-size: 25px; padding: 0px; margin: 0px;\"><a title=\"Ver nuestros viajes\" href=\"https:\/\/tuaregviatges.es\/viajes_alemania.html\">\u2708\ufe0f<\/a><\/td>\n<td style=\"font-size: 25px; padding: 0px; margin: 0px; text-align: center;\">?<\/td>\n<\/tr>\n<tr>\n<td>Austria<\/td>\n<td style=\"font-size: 25px; padding: 0px; margin: 0px;\">?<\/td>\n<td style=\"font-size: 25px; padding: 0px; margin: 0px;\">?<\/td>\n<td style=\"font-size: 25px; padding: 0px; margin: 0px;\"><a title=\"Ver nuestros viajes\" href=\"https:\/\/tuaregviatges.es\/viajes_austria.html\">\u2708\ufe0f<\/a><\/td>\n<td style=\"font-size: 25px; padding: 0px; margin: 0px; text-align: center;\">?<\/td>\n<\/tr>\n<tr>\n<td>Bulgaria<\/td>\n<td style=\"font-size: 25px; padding: 0px; margin: 0px;\">?<\/td>\n<td style=\"font-size: 25px; padding: 0px; margin: 0px;\">?<\/td>\n<td style=\"font-size: 25px; padding: 0px; margin: 0px;\"><a title=\"Ver nuestros viajes\" href=\"https:\/\/tuaregviatges.es\/europa_bulgaria.html\">\u2708\ufe0f<\/a><\/td>\n<td style=\"font-size: 25px; padding: 0px; margin: 0px; text-align: center;\">?<\/td>\n<\/tr>\n<tr>\n<td>Croacia<\/td>\n<td style=\"font-size: 25px; padding: 0px; margin: 0px;\">?<\/td>\n<td style=\"font-size: 25px; padding: 0px; margin: 0px;\">?<\/td>\n<td style=\"font-size: 25px; padding: 0px; margin: 0px;\"><a title=\"Ver nuestros viajes\" href=\"https:\/\/tuaregviatges.es\/europa_croacia.html\">\u2708\ufe0f<\/a><\/td>\n<td style=\"font-size: 25px; padding: 0px; margin: 0px; text-align: center;\"><a title=\"\u00bfCu\u00e1ndo podremos viajar a Croacia?\" href=\"https:\/\/tuaregviatges.es\/viajes\/croacia-alivia-medidas-y-anuncia-apertura-de-fronteras-para-el-15-de-junio\/\"><img decoding=\"async\" class=\"botoinfo\" src=\"\/iconos\/info3.png\" \/><\/a><\/td>\n<\/tr>\n<tr>\n<td>Dinamarca<\/td>\n<td style=\"font-size: 25px; padding: 0px; margin: 0px;\">?<\/td>\n<td style=\"font-size: 25px; padding: 0px; margin: 0px;\">?<\/td>\n<td style=\"font-size: 25px; padding: 0px; margin: 0px;\"><a title=\"Ver nuestros viajes\" href=\"https:\/\/tuaregviatges.es\/europa_dinamarca.html\">\u2708\ufe0f<\/a><\/td>\n<td style=\"font-size: 25px; padding: 0px; margin: 0px; text-align: center;\">?<\/td>\n<\/tr>\n<tr>\n<td>Eslovaquia<\/td>\n<td style=\"font-size: 25px; padding: 0px; margin: 0px;\">?<\/td>\n<td style=\"font-size: 25px; padding: 0px; margin: 0px;\">?<\/td>\n<td style=\"font-size: 25px; padding: 0px; margin: 0px;\"><a title=\"Ver nuestros viajes\" href=\"https:\/\/tuaregviatges.es\/europa_eslovaquia.html\">\u2708\ufe0f<\/a><\/td>\n<td style=\"font-size: 25px; padding: 0px; margin: 0px; text-align: center;\"><a title=\"\u00bfCu\u00e1ndo podremos viajar a Eslovaquia?\" href=\"https:\/\/tuaregviatges.es\/viajes\/cuando-viajar-a-eslovaquia\/\"><img decoding=\"async\" src=\"\/iconos\/info3.png\" width=\"25px\" \/><\/a><\/td>\n<\/tr>\n<tr>\n<td>Eslovenia<\/td>\n<td style=\"font-size: 25px; padding: 0px; margin: 0px;\">?<\/td>\n<td style=\"font-size: 25px; padding: 0px; margin: 0px;\">?<\/td>\n<td style=\"font-size: 25px; padding: 0px; margin: 0px;\"><a title=\"Ver nuestros viajes\" href=\"https:\/\/tuaregviatges.es\/europa_eslovenia.html\">\u2708\ufe0f<\/a><\/td>\n<td style=\"font-size: 25px; padding: 0px; margin: 0px; text-align: center;\"><a title=\"\u00bfCu\u00e1ndo podremos viajar a Eslovenia?\" href=\"https:\/\/tuaregviatges.es\/viajes\/eslovenia-declara-el-fin-de-la-epidemia-y-abre-fronteras\/\"><img decoding=\"async\" src=\"\/iconos\/info3.png\" width=\"25px\" \/><\/a><\/td>\n<\/tr>\n<tr>\n<td>Estonia<\/td>\n<td style=\"font-size: 25px; padding: 0px; margin: 0px;\">?<\/td>\n<td style=\"font-size: 25px; padding: 0px; margin: 0px;\">?<\/td>\n<td style=\"font-size: 25px; padding: 0px; margin: 0px;\"><a title=\"Ver nuestros viajes\" href=\"https:\/\/tuaregviatges.es\/europa_eslovenia.html\">\u2708\ufe0f<\/a><\/td>\n<td style=\"font-size: 25px; padding: 0px; margin: 0px; text-align: center;\"><a title=\"\u00bfCu\u00e1ndo podremos viajar a Estonia?\" href=\"https:\/\/tuaregviatges.es\/viajes\/estonia-abre-poco-a-poco-las-fronteras-al-turismo\/\"><img decoding=\"async\" src=\"\/iconos\/info3.png\" width=\"25px\" \/><\/a><\/td>\n<\/tr>\n<tr>\n<td>Finlandia<\/td>\n<td style=\"font-size: 25px; padding: 0px; margin: 0px;\">?<\/td>\n<td style=\"font-size: 25px; padding: 0px; margin: 0px;\">?<\/td>\n<td style=\"font-size: 25px; padding: 0px; margin: 0px;\"><a title=\"Ver nuestros viajes\" href=\"https:\/\/tuaregviatges.es\/europa_finlandia.html\">\u2708\ufe0f<\/a><\/td>\n<td style=\"font-size: 25px; padding: 0px; margin: 0px; text-align: center;\"><a title=\"\u00bfCu\u00e1ndo podremos viajar a Estonia?\" href=\"https:\/\/tuaregviatges.es\/viajes\/finlandia-mejor-epoca-para-ver-auroras-boreales\/\"><img decoding=\"async\" src=\"\/iconos\/info3.png\" width=\"25px\" \/><\/a><\/td>\n<\/tr>\n<tr>\n<td>Grecia<\/td>\n<td style=\"font-size: 25px; padding: 0px; margin: 0px;\">?<\/td>\n<td style=\"font-size: 25px; padding: 0px; margin: 0px;\">?<\/td>\n<td style=\"font-size: 25px; padding: 0px; margin: 0px;\"><a title=\"Ver nuestros viajes\" href=\"https:\/\/tuaregviatges.es\/europa_grecia.html\">\u2708\ufe0f<\/a><\/td>\n<td style=\"font-size: 25px; padding: 0px; margin: 0px; text-align: center;\"><a title=\"\u00bfCu\u00e1ndo podremos viajar a Grecia?\" href=\"https:\/\/tuaregviatges.es\/viajes\/cuando-viajar-a-grecia\/\"><img decoding=\"async\" src=\"\/iconos\/info3.png\" width=\"25px\" \/><\/a><\/td>\n<\/tr>\n<tr>\n<td>Holanda<\/td>\n<td style=\"font-size: 25px; padding: 0px; margin: 0px;\">?<\/td>\n<td style=\"font-size: 25px; padding: 0px; margin: 0px;\">?<\/td>\n<td style=\"font-size: 25px; padding: 0px; margin: 0px;\"><a title=\"Ver nuestros viajes\" href=\"https:\/\/tuaregviatges.es\/viajes_holanda.html\">\u2708\ufe0f<\/a><\/td>\n<td style=\"font-size: 25px; padding: 0px; margin: 0px; text-align: center;\">?<\/td>\n<\/tr>\n<tr>\n<td>Hungria<\/td>\n<td style=\"font-size: 25px; padding: 0px; margin: 0px;\">?<\/td>\n<td style=\"font-size: 25px; padding: 0px; margin: 0px;\">?<\/td>\n<td style=\"font-size: 25px; padding: 0px; margin: 0px;\"><a title=\"Ver nuestros viajes\" href=\"https:\/\/tuaregviatges.es\/viajes_hungria.html\">\u2708\ufe0f<\/a><\/td>\n<td style=\"font-size: 25px; padding: 0px; margin: 0px; text-align: center;\">?<\/td>\n<\/tr>\n<tr>\n<td>Islandia<\/td>\n<td style=\"font-size: 25px; padding: 0px; margin: 0px;\">?<\/td>\n<td style=\"font-size: 25px; padding: 0px; margin: 0px;\">?<\/td>\n<td style=\"font-size: 25px; padding: 0px; margin: 0px;\"><a title=\"Ver nuestros viajes\" href=\"https:\/\/tuaregviatges.es\/europa_islandia.html\">\u2708\ufe0f<\/a><\/td>\n<td style=\"font-size: 25px; padding: 0px; margin: 0px; text-align: center;\"><a title=\"\u00bfCu\u00e1ndo podremos viajar a Islandia?\" href=\"https:\/\/tuaregviatges.es\/viajes\/islandia-reabre-sus-fronteras-a-partir-del-15-de-junio\/\"><img decoding=\"async\" src=\"\/iconos\/info3.png\" width=\"25px\" \/><\/a><\/td>\n<\/tr>\n<tr>\n<td>Italia<\/td>\n<td style=\"font-size: 25px; padding: 0px; margin: 0px;\">?<\/td>\n<td style=\"font-size: 25px; padding: 0px; margin: 0px;\">?<\/td>\n<td style=\"font-size: 25px; padding: 0px; margin: 0px;\"><a title=\"Ver nuestros viajes\" href=\"https:\/\/tuaregviatges.es\/europa_italia.html\">\u2708\ufe0f<\/a><\/td>\n<td style=\"font-size: 25px; padding: 0px; margin: 0px; text-align: center;\"><a title=\"\u00bfCu\u00e1ndo podremos viajar a Italia?\" href=\"https:\/\/tuaregviatges.es\/viajes\/italia-abrira-sus-fronteras-a-partir-de-junio\/\"><img decoding=\"async\" src=\"\/iconos\/info3.png\" width=\"25px\" \/><\/a><\/td>\n<\/tr>\n<tr>\n<td>Kosovo<\/td>\n<td style=\"font-size: 25px; padding: 0px; margin: 0px;\">?<\/td>\n<td style=\"font-size: 25px; padding: 0px; margin: 0px;\">?<\/td>\n<td style=\"font-size: 25px; padding: 0px; margin: 0px;\"><a title=\"Ver nuestros viajes\" href=\"https:\/\/tuaregviatges.es\/europa_kosovo.html\">\u2708\ufe0f<\/a><\/td>\n<td style=\"font-size: 25px; padding: 0px; margin: 0px; text-align: center;\">?<\/td>\n<\/tr>\n<tr>\n<td>Letonia<\/td>\n<td style=\"font-size: 25px; padding: 0px; margin: 0px;\">?<\/td>\n<td style=\"font-size: 25px; padding: 0px; margin: 0px;\">?<\/td>\n<td style=\"font-size: 25px; padding: 0px; margin: 0px;\"><a title=\"Ver nuestros viajes\" href=\"https:\/\/tuaregviatges.es\/europa_letonia.html\">\u2708\ufe0f<\/a><\/td>\n<td style=\"font-size: 25px; padding: 0px; margin: 0px; text-align: center;\">?<\/td>\n<\/tr>\n<tr>\n<td>Lituania<\/td>\n<td style=\"font-size: 25px; padding: 0px; margin: 0px;\">?<\/td>\n<td style=\"font-size: 25px; padding: 0px; margin: 0px;\">?<\/td>\n<td style=\"font-size: 25px; padding: 0px; margin: 0px;\"><a title=\"Ver nuestros viajes\" href=\"https:\/\/tuaregviatges.es\/europa_lituania.html\">\u2708\ufe0f<\/a><\/td>\n<td style=\"font-size: 25px; padding: 0px; margin: 0px; text-align: center;\">?<\/td>\n<\/tr>\n<tr>\n<td>Macedonia<\/td>\n<td style=\"font-size: 25px; padding: 0px; margin: 0px;\">?<\/td>\n<td style=\"font-size: 25px; padding: 0px; margin: 0px;\">?<\/td>\n<td style=\"font-size: 25px; padding: 0px; margin: 0px;\"><a title=\"Ver nuestros viajes\" href=\"https:\/\/tuaregviatges.es\/europa_macedonia.html\">\u2708\ufe0f<\/a><\/td>\n<td style=\"font-size: 25px; padding: 0px; margin: 0px; text-align: center;\">?<\/td>\n<\/tr>\n<tr>\n<td>Montenegro<\/td>\n<td style=\"font-size: 25px; padding: 0px; margin: 0px;\">?<\/td>\n<td style=\"font-size: 25px; padding: 0px; margin: 0px;\">?<\/td>\n<td style=\"font-size: 25px; padding: 0px; margin: 0px;\"><a title=\"Ver nuestros viajes\" href=\"https:\/\/tuaregviatges.es\/europa_montenegro.html\">\u2708\ufe0f<\/a><\/td>\n<td style=\"font-size: 25px; padding: 0px; margin: 0px; text-align: center;\"><a title=\"\u00bfCu\u00e1ndo podremos viajar a Montenegro?\" href=\"https:\/\/tuaregviatges.es\/viajes\/montenegro-abre-fronteras-al-turismo\/\"><img decoding=\"async\" src=\"\/iconos\/info3.png\" width=\"25px\" \/><\/a><\/td>\n<\/tr>\n<tr>\n<td>Noruega<\/td>\n<td style=\"font-size: 25px; padding: 0px; margin: 0px;\">?<\/td>\n<td style=\"font-size: 25px; padding: 0px; margin: 0px;\">?<\/td>\n<td style=\"font-size: 25px; padding: 0px; margin: 0px;\"><a title=\"Ver nuestros viajes\" href=\"https:\/\/tuaregviatges.es\/europa_noruega.html\">\u2708\ufe0f<\/a><\/td>\n<td style=\"font-size: 25px; padding: 0px; margin: 0px; text-align: center;\">?<\/td>\n<\/tr>\n<tr>\n<td>Portugal<\/td>\n<td style=\"font-size: 25px; padding: 0px; margin: 0px;\">?<\/td>\n<td style=\"font-size: 25px; padding: 0px; margin: 0px;\">?<\/td>\n<td style=\"font-size: 25px; padding: 0px; margin: 0px;\"><a title=\"Ver nuestros viajes\" href=\"https:\/\/tuaregviatges.es\/europa_madeira.html\">\u2708\ufe0f<\/a><\/td>\n<td style=\"font-size: 25px; padding: 0px; margin: 0px; text-align: center;\"><a title=\"\u00bfCu\u00e1ndo podremos viajar a Madeira y las Azores?\" href=\"https:\/\/tuaregviatges.es\/viajes\/cuando-viajar-a-madeira-azores\/\"><img loading=\"lazy\" decoding=\"async\" class=\"alignnone\" title=\"Informaci\u00f3n para viajar a Madeira e islas Azores\" src=\"\/iconos\/info3.png\" alt=\"\" width=\"25\" height=\"25\" \/><\/a><\/td>\n<\/tr>\n<tr>\n<td>Serbia<\/td>\n<td style=\"font-size: 25px; padding: 0px; margin: 0px;\">?<\/td>\n<td style=\"font-size: 25px; padding: 0px; margin: 0px;\">?<\/td>\n<td style=\"font-size: 25px; padding: 0px; margin: 0px;\"><a title=\"Ver nuestros viajes\" href=\"https:\/\/tuaregviatges.es\/europa_serbia.html\">\u2708\ufe0f<\/a><\/td>\n<td style=\"font-size: 25px; padding: 0px; margin: 0px; text-align: center;\">?<\/td>\n<\/tr>\n<tr>\n<td>Suiza<\/td>\n<td style=\"font-size: 25px; padding: 0px; margin: 0px;\">?<\/td>\n<td style=\"font-size: 25px; padding: 0px; margin: 0px;\">?<\/td>\n<td style=\"font-size: 25px; padding: 0px; margin: 0px;\"><a title=\"Ver nuestros viajes\" href=\"https:\/\/tuaregviatges.es\/europa_suiza.html\">\u2708\ufe0f<\/a><\/td>\n<td style=\"font-size: 25px; padding: 0px; margin: 0px; text-align: center;\">?<\/td>\n<\/tr>\n<tr>\n<td>Turqu\u00eda<\/td>\n<td style=\"font-size: 25px; padding: 0px; margin: 0px;\">?<\/td>\n<td style=\"font-size: 25px; padding: 0px; margin: 0px;\">?<\/td>\n<td style=\"font-size: 25px; padding: 0px; margin: 0px;\"><a title=\"Ver nuestros viajes\" href=\"https:\/\/tuaregviatges.es\/europa_turquia.html\">\u2708\ufe0f<\/a><\/td>\n<td style=\"font-size: 25px; padding: 0px; margin: 0px; text-align: center;\">?<\/td>\n<\/tr>\n<\/tbody>\n<\/table>\n<p><script type=\"application\/ld+json\">\n{\n  \"@context\": \"http:\/\/schema.org\",\n  \"@type\": \"Event\",\n\"organizer\": {\n    \"@type\": \"Organization\",\n    \"name\": \"Viajes Tuareg\",\n    \"url\": \"https:\/\/tuaregviatges.es\/\"\n  },\n  \"eventAttendanceMode\": \"https:\/\/schema.org\/onlineEventAttendanceMode\",\n  \"eventStatus\": \"https:\/\/schema.org\/EventScheduled\",\n  \"name\": \"Caminatas Grecia continental\",\n  \"description\": \"Un viaje cultural y de senderismo que nos descubre las regiones del norte de la Grecia m\u00e1s desconocidas. Iniciamos la ruta por la capital de Atenas, para dirigirnos al Or\u00e1culo de Delfos.\",\n  \"image\": \"https:\/\/tuaregviatges.es\/europa\/viajes_a_grecia\/thumbg\/viajes_a_Grecia_y_Macedonia-2.jpg\",\n  \"url\": \"https:\/\/tuaregviatges.es\/europa\/viajes_a_grecia\/Grecia_y_Macedonia.htm\",\n  \"startDate\": \"2020-07-05\",\n  \"endDate\": \"2020-11-13\",\n  \"performer\": {\n    \"@type\": \"PerformingGroup\",\n    \"name\": \"Viaje a Grecia\"\n  },\n  \"location\": {\n    \"@type\": \"Place\",\n    \"name\": \"Grecia\",\n    \"address\": {\n      \"@type\": \"PostalAddress\",\n      \"streetAddress\": \"\",\n      \"addressLocality\": \"\",\n      \"postalCode\": \"\",\n      \"addressCountry\": \"GR\"\n    }\n  },\n  \"offers\": [{\n    \"@type\": \"Offer\",\n  \"name\": \"Caminatas Grecia continental\",\n  \"description\": \"Un viaje cultural y de senderismo que nos descubre las regiones del norte de la Grecia m\u00e1s desconocidas. Iniciamos la ruta por la capital de Atenas, para dirigirnos al Or\u00e1culo de Delfos.\",\n  \"image\": \"https:\/\/tuaregviatges.es\/europa\/viajes_a_grecia\/thumbg\/viajes_a_Grecia_y_Macedonia-2.jpg\",\n  \"url\": \"https:\/\/tuaregviatges.es\/europa\/viajes_a_grecia\/Grecia_y_Macedonia.htm\",\n    \"price\": \"1.470\",\n    \"priceCurrency\": \"EUR\",\n    \"validFrom\": \"2020-06-29\",\n    \"availability\": \"http:\/\/schema.org\/PreOrder\"\n  }]\n}\n<\/script><br \/>\n<script type=\"application\/ld+json\">\n{\n  \"@context\": \"http:\/\/schema.org\",\n  \"@type\": \"Event\",\n\"organizer\": {\n    \"@type\": \"Organization\",\n    \"name\": \"Viajes Tuareg\",\n    \"url\": \"https:\/\/tuaregviatges.es\/\"\n  },\n  \"eventAttendanceMode\": \"https:\/\/schema.org\/onlineEventAttendanceMode\",\n  \"eventStatus\": \"https:\/\/schema.org\/EventScheduled\",\n  \"name\": \"Senderismo en agosto\",\n  \"description\": \"Un viaje a Grecia en agosto,cultural y de senderismo, que nos descubre las regiones del norte de la Grecia m\u00e1s desconocidas.\",\n  \"image\": \"https:\/\/tuaregviatges.es\/europa\/viajes_a_grecia\/thumbg\/viajes_a_Grecia_y_Macedonia-1.jpg\",\n  \"url\": \"https:\/\/tuaregviatges.es\/europa\/viajes_a_grecia\/Grecia_y_Macedonia.htm\",\n  \"startDate\": \"2020-08-20\",\n  \"endDate\": \"2020-11-12\",\n  \"performer\": {\n    \"@type\": \"PerformingGroup\",\n    \"name\": \"Viaje a Grecia\"\n  },\n  \"location\": {\n    \"@type\": \"Place\",\n    \"name\": \"Grecia\",\n    \"address\": {\n      \"@type\": \"PostalAddress\",\n      \"streetAddress\": \"\",\n      \"addressLocality\": \"\",\n      \"postalCode\": \"\",\n      \"addressCountry\": \"GR\"\n    }\n  },\n  \"offers\": [{\n    \"@type\": \"Offer\",\n  \"name\": \"Senderismo en agosto\",\n  \"description\": \"Un viaje a Grecia en agosto,cultural y de senderismo, que nos descubre las regiones del norte de la Grecia m\u00e1s desconocidas.\",\n  \"image\": \"https:\/\/tuaregviatges.es\/europa\/viajes_a_grecia\/thumbg\/viajes_a_Grecia_y_Macedonia-1.jpg\",\n  \"url\": \"https:\/\/tuaregviatges.es\/europa\/viajes_a_grecia\/Grecia_y_Macedonia.htm\",\n    \"price\": \"1.520\",\n    \"priceCurrency\": \"EUR\",\n    \"validFrom\": \"2020-06-29\",\n    \"availability\": \"http:\/\/schema.org\/PreOrder\"\n  }]\n}\n<\/script><br \/>\n<script type=\"application\/ld+json\">\n{\n  \"@context\": \"http:\/\/schema.org\",\n  \"@type\": \"Event\",\n\"organizer\": {\n    \"@type\": \"Organization\",\n    \"name\": \"Viajes Tuareg\",\n    \"url\": \"https:\/\/tuaregviatges.es\/\"\n  },\n  \"eventAttendanceMode\": \"https:\/\/schema.org\/onlineEventAttendanceMode\",\n  \"eventStatus\": \"https:\/\/schema.org\/EventScheduled\",\n  \"name\": \"Senderismo en septiembre\",\n  \"description\": \"Un viaje a Grecia en septiembre, inciando la ruta por la capital de Atenas, para dirigirnos al Or\u00e1culo de Delfos.\",\n  \"image\": \"https:\/\/tuaregviatges.es\/europa\/viajes_a_grecia\/thumbg\/viajes_a_Grecia_y_Macedonia-3.jpg\",\n  \"url\": \"https:\/\/tuaregviatges.es\/europa\/viajes_a_grecia\/Grecia_y_Macedonia.htm\",\n  \"startDate\": \"2020-09-02\",\n  \"endDate\": \"2020-11-13\",\n  \"performer\": {\n    \"@type\": \"PerformingGroup\",\n    \"name\": \"Viaje a Grecia\"\n  },\n  \"location\": {\n    \"@type\": \"Place\",\n    \"name\": \"Grecia\",\n    \"address\": {\n      \"@type\": \"PostalAddress\",\n      \"streetAddress\": \"\",\n      \"addressLocality\": \"\",\n      \"postalCode\": \"\",\n      \"addressCountry\": \"GR\"\n    }\n  },\n  \"offers\": [{\n    \"@type\": \"Offer\",\n  \"name\": \"Senderismo en septiembre\",\n  \"description\": \"Un viaje a Grecia en septiembre, inciando la ruta por la capital de Atenas, para dirigirnos al Or\u00e1culo de Delfos.\",\n  \"image\": \"https:\/\/tuaregviatges.es\/europa\/viajes_a_grecia\/thumbg\/viajes_a_Grecia_y_Macedonia-3.jpg\",\n  \"url\": \"https:\/\/tuaregviatges.es\/europa\/viajes_a_grecia\/Grecia_y_Macedonia.htm\",\n    \"price\": \"1.470\",\n    \"priceCurrency\": \"EUR\",\n    \"validFrom\": \"2020-06-29\",\n    \"availability\": \"http:\/\/schema.org\/PreOrder\"\n  }]\n}\n<\/script><br \/>\n<script type=\"application\/ld+json\">\n{\n  \"@context\": \"http:\/\/schema.org\",\n  \"@type\": \"BreadcrumbList\",\n  \"itemListElement\": [{\n    \"@type\": \"ListItem\",\n    \"position\": 1,\n    \"item\": {\n      \"@id\": \"https:\/\/tuaregviatges.es\",\n      \"name\": \"Viajes Tuareg\",\n      \"image\": \"https:\/\/tuaregviatges.es\/fotos\/logotuareg.png\"\n    }\n  },{\n    \"@type\": \"ListItem\",\n    \"position\": 2,\n    \"item\": {\n      \"@id\": \"https:\/\/tuaregviatges.es\/europa_grecia.html\",\n      \"name\": \"Viajes Grecia\"\n   }\n  },{\n    \"@type\": \"ListItem\",\n    \"position\": 3,\n    \"item\": {\n      \"@id\": \"https:\/\/tuaregviatges.es\/viajes\/cuando-viajar-a-grecia\/\",\n      \"name\": \"Cu\u00e1ndo viajar a Grecia\"\n   }\n  }\n ]\n}\n<\/script><\/p>\n","protected":false},"excerpt":{"rendered":"<p>Grecia, un destino seguro Grecia ha sido uno de los pa\u00edses de la UE que menos ha sufrido el impacto de la pandemia, en gran parte, por las medidas que impusieron las autoridades locales y que consiguieron contener el avance de la enfermedad de forma efectiva. Actualmente, las medidas adoptadas por las autoridades cumplen con [&hellip;]<\/p>\n","protected":false},"author":1,"featured_media":10737,"comment_status":"closed","ping_status":"closed","sticky":false,"template":"","format":"standard","meta":{"footnotes":""},"categories":[458,703,684],"tags":[702,704,688,11],"class_list":["post-10708","post","type-post","status-publish","format-standard","has-post-thumbnail","hentry","category-a-pie","category-grecia","category-viajar-por-1000-euros","tag-covid-19","tag-locosporviajar-org","tag-macedonia","tag-senderismo"],"_links":{"self":[{"href":"https:\/\/tuaregviatges.es\/viajes\/wp-json\/wp\/v2\/posts\/10708","targetHints":{"allow":["GET"]}}],"collection":[{"href":"https:\/\/tuaregviatges.es\/viajes\/wp-json\/wp\/v2\/posts"}],"about":[{"href":"https:\/\/tuaregviatges.es\/viajes\/wp-json\/wp\/v2\/types\/post"}],"author":[{"embeddable":true,"href":"https:\/\/tuaregviatges.es\/viajes\/wp-json\/wp\/v2\/users\/1"}],"replies":[{"embeddable":true,"href":"https:\/\/tuaregviatges.es\/viajes\/wp-json\/wp\/v2\/comments?post=10708"}],"version-history":[{"count":30,"href":"https:\/\/tuaregviatges.es\/viajes\/wp-json\/wp\/v2\/posts\/10708\/revisions"}],"predecessor-version":[{"id":11533,"href":"https:\/\/tuaregviatges.es\/viajes\/wp-json\/wp\/v2\/posts\/10708\/revisions\/11533"}],"wp:featuredmedia":[{"embeddable":true,"href":"https:\/\/tuaregviatges.es\/viajes\/wp-json\/wp\/v2\/media\/10737"}],"wp:attachment":[{"href":"https:\/\/tuaregviatges.es\/viajes\/wp-json\/wp\/v2\/media?parent=10708"}],"wp:term":[{"taxonomy":"category","embeddable":true,"href":"https:\/\/tuaregviatges.es\/viajes\/wp-json\/wp\/v2\/categories?post=10708"},{"taxonomy":"post_tag","embeddable":true,"href":"https:\/\/tuaregviatges.es\/viajes\/wp-json\/wp\/v2\/tags?post=10708"}],"curies":[{"name":"wp","href":"https:\/\/api.w.org\/{rel}","templated":true}]}}