{"id":11525,"date":"2020-07-17T15:35:19","date_gmt":"2020-07-17T13:35:19","guid":{"rendered":"https:\/\/tuaregviatges.es\/viajes\/?p=11525"},"modified":"2020-07-17T20:30:03","modified_gmt":"2020-07-17T18:30:03","slug":"lista-paises-para-viajar-sin-restricciones","status":"publish","type":"post","link":"https:\/\/tuaregviatges.es\/viajes\/lista-paises-para-viajar-sin-restricciones\/","title":{"rendered":"Actualizaci\u00f3n de pa\u00edses sin restriccioes de viajes UE"},"content":{"rendered":"<p>El consejo europeo emiti\u00f3 una circular el pasado 16 de julio en la que actualiza el listado de pa\u00edses en los que no existen restricciones para viajes no esenciales. La nota contiene\u00a0una &#8216;l<strong>ista blanca&#8217; revisada de pa\u00edses para los que es posible hacer viajes<\/strong> de ocio y turismo. Si la comparamos con la lista adoptada el 30 de junio, dos pa\u00edses han sido eliminados de la lista (<a href=\"https:\/\/tuaregviatges.es\/europa\/viajes_a_serbia_y_montenegro\/Serbia__Montenegro_y_Kosovo.htm\">Montenegro y Serbia<\/a>) y no se han a\u00f1adido nuevos pa\u00edses.<!--more--><\/p>\n<p>Seg\u00fan los criterios y condiciones establecidos en la recomendaci\u00f3n, a partir del 16 de julio, los Estados miembros deber\u00edan levantar gradualmente las restricciones de viaje a las fronteras exteriores para los residentes de los siguientes terceros pa\u00edses:<\/p>\n<ul>\n<li><a href=\"https:\/\/tuaregviatges.es\/africa_argelia.html\">Argelia<\/a><\/li>\n<li><a href=\"https:\/\/tuaregviatges.es\/asia_australia.html\">Australia<\/a><\/li>\n<li><a href=\"https:\/\/tuaregviatges.es\/america_canada.html\">Canad\u00e1<\/a><\/li>\n<li><a href=\"https:\/\/tuaregviatges.es\/asia_georgia.html\">Georgia<\/a><\/li>\n<li><a href=\"https:\/\/tuaregviatges.es\/asia_japon.html\">Jap\u00f3n<\/a><\/li>\n<li><a href=\"https:\/\/tuaregviatges.es\/africa_marruecos.html\">Marruecos<\/a><\/li>\n<li><a href=\"https:\/\/tuaregviatges.es\/asia_nuevazelanda.html\">Nueva Zelanda<\/a><\/li>\n<li><a href=\"https:\/\/tuaregviatges.es\/africa_ruanda.html\">Ruanda<\/a><\/li>\n<li><a href=\"https:\/\/tuaregviatges.es\/asia_corea-del-sur.html\">Corea de Sur<\/a><\/li>\n<li><a href=\"https:\/\/tuaregviatges.es\/asia_thailandia.html\">Tailandia<\/a><\/li>\n<li><a href=\"https:\/\/tuaregviatges.es\/africa_tunez.html\">T\u00fanez<\/a><\/li>\n<li>Uruguay<\/li>\n<li><a href=\"https:\/\/tuaregviatges.es\/asia_china.html\">China<\/a>, sujeta a confirmaci\u00f3n de reciprocidad.<\/li>\n<\/ul>\n<p>Los residentes de Andorra, M\u00f3naco, San Marino y el Vaticano se considerar\u00e1n residentes de la UE a los efectos de esta recomendaci\u00f3n.<\/p>\n<p>Los criterios para determinar los terceros pa\u00edses para los que se ha de levantar la restricci\u00f3n de viaje actual cubren en particular la situaci\u00f3n epidemiol\u00f3gica y las medidas de contenci\u00f3n, incluido el distanciamiento f\u00edsico, as\u00ed como las consideraciones econ\u00f3micas y sociales.<\/p>\n<figure id=\"attachment_11527\" class=\"thumbnail wp-caption aligncenter\" style=\"width: 878px\"><img loading=\"lazy\" decoding=\"async\" class=\"size-full wp-image-11527\" src=\"https:\/\/tuaregviatges.es\/viajes\/wp-content\/uploads\/2020\/07\/ectaa.jpg\" alt=\"ECTAA - Organisation of travel agents and tour operators across Europe\" width=\"868\" height=\"485\" srcset=\"https:\/\/tuaregviatges.es\/viajes\/wp-content\/uploads\/2020\/07\/ectaa.jpg 868w, https:\/\/tuaregviatges.es\/viajes\/wp-content\/uploads\/2020\/07\/ectaa-300x168.jpg 300w, https:\/\/tuaregviatges.es\/viajes\/wp-content\/uploads\/2020\/07\/ectaa-768x429.jpg 768w\" sizes=\"auto, (max-width: 868px) 100vw, 868px\" \/><figcaption class=\"caption wp-caption-text\">ECTAA &#8211; Organisation of travel agents and tour operators across Europe<\/figcaption><\/figure>\n<p>Los pa\u00edses enumerados en la lista\u00a0<strong>deben cumplir los siguientes criterios<\/strong>:<\/p>\n<ul>\n<li>N\u00famero de casos nuevos de Covid-19 en los \u00faltimos 14 d\u00edas y por cada 100.000 habitantes cerca o por debajo de la media de la UE (tal como estaba el 15 de junio de 2020)<\/li>\n<li>Tendencia estable o decreciente de nuevos casos durante este periodo en comparaci\u00f3n con los 14 d\u00edas anteriores.<\/li>\n<li>Respuesta general a Covidi-19 teniendo en cuenta la informaci\u00f3n disponible, incluidos aspectos como pruebas, vigilancia, seguimiento de contactos, contenci\u00f3n, tratamiento e informes, as\u00ed como la fiabilidad de la informaci\u00f3n y, si es necesario, la puntuaci\u00f3n media total de la normativa sanitaria internacional (RSI).<\/li>\n<li>Tambi\u00e9n se debe tener en cuenta la informaci\u00f3n proporcionada por las delegaciones de la UE sobre estos aspectos.<\/li>\n<li>La reciprocidad tambi\u00e9n se debe tener en cuenta regularmente y caso por caso.<\/li>\n<\/ul>\n<p>Para los pa\u00edses donde las restricciones de viaje se siguen aplicando, las siguientes categor\u00edas de personas deber\u00edan estar exentas de las restricciones:<\/p>\n<ul>\n<li>Ciudadanos de la UE y sus familiares.<\/li>\n<li>Residentes de la UE a largo plazo y sus familiares.<\/li>\n<li>Viajeros con una funci\u00f3n o necesidad esencial, como se indica en la recomendaci\u00f3n.<\/li>\n<li>Los pa\u00edses asociados a Schengen (Islandia, Liechtenstein, Noruega, Suiza) tambi\u00e9n participan en esta recomendaci\u00f3n.<\/li>\n<\/ul>\n<p>La recomendaci\u00f3n del Consejo <strong>no es un instrumento jur\u00eddicamente vinculante<\/strong>. Las autoridades de los Estados miembros siguen siendo responsables de implementar el contenido de la recomendaci\u00f3n. Pueden, con total transparencia, levantar solo progresivamente las restricciones de viaje hacia los pa\u00edses enumerados.<\/p>\n<blockquote><p>Un estado miembro no debe decidir levantar las restricciones de viaje para terceros pa\u00edses no incluidos en la lista antes de que esto se haya decidido de manera coordinada.<\/p><\/blockquote>\n<p>Esta lista de terceros pa\u00edses <strong>se debe continuar revisando cada dos semanas<\/strong> y puede ser actualizada por el Consejo, seg\u00fan sea el caso, despu\u00e9s de consultas estrechas con la Comisi\u00f3n y las agencias y servicios relevantes de la UE tras una evaluaci\u00f3n general basada en los criterios anteriores.<\/p>\n","protected":false},"excerpt":{"rendered":"<p>El consejo europeo emiti\u00f3 una circular el pasado 16 de julio en la que actualiza el listado de pa\u00edses en los que no existen restricciones para viajes no esenciales. La nota contiene\u00a0una &#8216;lista blanca&#8217; revisada de pa\u00edses para los que es posible hacer viajes de ocio y turismo. Si la comparamos con la lista adoptada [&hellip;]<\/p>\n","protected":false},"author":1,"featured_media":10415,"comment_status":"closed","ping_status":"closed","sticky":false,"template":"","format":"standard","meta":{"footnotes":""},"categories":[1,257],"tags":[702,502,659],"class_list":["post-11525","post","type-post","status-publish","format-standard","has-post-thumbnail","hentry","category-general","category-viajes-verano","tag-covid-19","tag-viajes-en-grupo","tag-viatges-tuareg"],"_links":{"self":[{"href":"https:\/\/tuaregviatges.es\/viajes\/wp-json\/wp\/v2\/posts\/11525","targetHints":{"allow":["GET"]}}],"collection":[{"href":"https:\/\/tuaregviatges.es\/viajes\/wp-json\/wp\/v2\/posts"}],"about":[{"href":"https:\/\/tuaregviatges.es\/viajes\/wp-json\/wp\/v2\/types\/post"}],"author":[{"embeddable":true,"href":"https:\/\/tuaregviatges.es\/viajes\/wp-json\/wp\/v2\/users\/1"}],"replies":[{"embeddable":true,"href":"https:\/\/tuaregviatges.es\/viajes\/wp-json\/wp\/v2\/comments?post=11525"}],"version-history":[{"count":4,"href":"https:\/\/tuaregviatges.es\/viajes\/wp-json\/wp\/v2\/posts\/11525\/revisions"}],"predecessor-version":[{"id":11530,"href":"https:\/\/tuaregviatges.es\/viajes\/wp-json\/wp\/v2\/posts\/11525\/revisions\/11530"}],"wp:featuredmedia":[{"embeddable":true,"href":"https:\/\/tuaregviatges.es\/viajes\/wp-json\/wp\/v2\/media\/10415"}],"wp:attachment":[{"href":"https:\/\/tuaregviatges.es\/viajes\/wp-json\/wp\/v2\/media?parent=11525"}],"wp:term":[{"taxonomy":"category","embeddable":true,"href":"https:\/\/tuaregviatges.es\/viajes\/wp-json\/wp\/v2\/categories?post=11525"},{"taxonomy":"post_tag","embeddable":true,"href":"https:\/\/tuaregviatges.es\/viajes\/wp-json\/wp\/v2\/tags?post=11525"}],"curies":[{"name":"wp","href":"https:\/\/api.w.org\/{rel}","templated":true}]}}