{"id":11762,"date":"2020-10-10T18:52:20","date_gmt":"2020-10-10T16:52:20","guid":{"rendered":"https:\/\/tuaregviatges.es\/viajes\/?p=11762"},"modified":"2021-10-26T18:45:00","modified_gmt":"2021-10-26T16:45:00","slug":"viajes-destacados-para-fin-de-ano","status":"publish","type":"post","link":"https:\/\/tuaregviatges.es\/viajes\/viajes-destacados-para-fin-de-ano\/","title":{"rendered":"Viajes destacados para celebrar el fin de a\u00f1o 2020"},"content":{"rendered":"<p><strong>La Navidad es para muchos la mejor \u00e9poca del a\u00f1o para viajar.<\/strong> Mejor clima en algunos destinos, mejores precios en otros; cada vez m\u00e1s gente decide <strong>viajar durante las fiestas navide\u00f1as<\/strong>. Sin embargo,\u00a0 cambios constantes en las pol\u00edticas de fronteras de nuestros destinos han limitado mucho nuestra oferta de viajes. Nuestra parrilla, habitualemnte compuesta por m\u00e1s de 50 destinos para viajar en Navidad, se ha visto limitada a menos de 20 viajes.<\/p>\n<p>Algunos pa\u00edses han tenido m\u00e1s \u00e9xito que otros en el combate a la pandemia, y es precisamente en estos pa\u00edses donde hemos focado nuestra atenci\u00f3n a la hora de elaborar la parrilla de <strong>viajes para las vacaciones navide\u00f1as<\/strong>.<!--more--><\/p>\n<p>En Viajes Tuareg siempre preparamos una programaci\u00f3n especial, abriendo nuevas rutas y adaptando nuestros mejores itinerarios para que los que deciden hacer un\u00a0<a href=\"https:\/\/tuaregviatges.es\/viajes_navidad.html\"><strong>viaje en Navidad<\/strong><\/a>, puedan aprovechar estos d\u00edas al m\u00e1ximo.<\/p>\n<p>Para aquellos que todav\u00eda no os hab\u00e9is decidido, aqu\u00ed ten\u00e9is algunas propuestas para celebrar el fin de a\u00f1o en paisajes espectaculares, haciendo senderismo por el desierto, en parque naturales o subiendo el Kilimanjaro.<\/p>\n<h2>Viajes destacados para celebrar el fin de a\u00f1o<\/h2>\n<h3 class=\"apartat cl_blanc cf_verdtuareg\"><span class=\"sabermas-titol\">DESIERTOS Y OASIS<\/span><\/h3>\n<table  class=\"titol_desti_ruta cl_verdfort cf_grismclar table table-hover\" >\n<tbody>\n<tr>\n<td class=\"textelliure cf_blanc cl_vermellteula b\" colspan=\"3\"><img decoding=\"async\" class=\"como\" src=\"https:\/\/tuaregviatges.es\/rutas\/seccionesRutasp\/14598.jpg\" \/><br \/>\nAutor foto: Elvira G\u00fcell<\/td>\n<\/tr>\n<tr>\n<td class=\"dies cf_grismmmclar\">\n<div class=\"dies_rel_6\">\n<div class=\"dies_vertical\">10 d\u00edas<\/div>\n<\/div>\n<\/td>\n<td class=\"titol_desti_6\">\n<div>\n<h4 class=\"titol_desti\"><a href=\"https:\/\/tuaregviatges.es\/africa\/viajes_a_sudan\/Los_Faraones_Negros__Ruta_arqueologica_y_poblados_nubios.htm\"><span class=\"titol_desti uc\">VIAJE A SUDAN<\/span>\u00a0<span class=\"cl_vermellteula\">&gt;\u00a0<\/span><span class=\"titol_desti\">Faraones Negros<\/span><\/a><\/h4>\n<\/div>\n<div class=\"resum cf_grismmclar\">\n<div class=\"col_desti_class\"><span class=\"cl_verdfort b\">&gt;Especial fin de a\u00f1o<\/span><\/div>\n<div class=\"col_desti_class\"><span class=\"cl_vermellteula b\">&gt;\u00a0<\/span>Viaje historia y arqueolog\u00eda<\/div>\n<div class=\"col_desti_class amagar-res\"><span class=\"cl_vermellteula b\">&gt;\u00a0<\/span><span class=\"f12\"><span class=\"desde\">Precio base<\/span>\u00a02.250 \u20ac\u00a0+ tasas<br \/>\n&gt;Salida 27 diciembre<\/span><\/div>\n<\/div>\n<\/td>\n<\/tr>\n<\/tbody>\n<\/table>\n<div class=\"titol-tematic_autor_h amagar-res cl_gris\"><\/div>\n<table  class=\"titol_desti_ruta cl_verdfort cf_grismclar table table-hover\" >\n<tbody>\n<tr>\n<td class=\"textelliure cf_blanc cl_vermellteula b\" colspan=\"3\"><img decoding=\"async\" class=\"como\" src=\"https:\/\/tuaregviatges.es\/rutas\/seccionesRutasp\/701.jpg\" \/><br \/>\nAutor foto: Daniel F Guijarro<\/td>\n<\/tr>\n<tr>\n<td class=\"dies cf_grismmmclar\">\n<div class=\"dies_rel_6\">\n<div class=\"dies_vertical\">9 d\u00edas<\/div>\n<\/div>\n<\/td>\n<td class=\"titol_desti_6\">\n<div>\n<h4 class=\"titol_desti\"><a href=\"https:\/\/tuaregviatges.es\/africa\/viajes_a_argelia\/Argelia-1.htm\"><span class=\"titol_desti uc\">VIAJE A ARGELIA<\/span>\u00a0<span class=\"cl_vermellteula\">&gt;\u00a0<\/span><span class=\"titol_desti\">El Tadrart. Laberintos de piedra y arena<\/span><\/a><\/h4>\n<\/div>\n<div class=\"resum cf_grismmclar\">\n<div class=\"col_desti_class\"><span class=\"cl_verdfort b\">&gt; Salida especial 28 dic<br \/>\n<\/span><span class=\"cl_vermellteula b\" style=\"font-family: inherit; font-size: inherit;\">&gt;\u00a0<\/span><span style=\"font-family: inherit; font-size: inherit;\">Viaje naturaleza<br \/>\n<\/span><span style=\"font-family: inherit; font-size: inherit;\">&gt; Pendiente pr\u00f3xima apertura de frontera<br \/>\n<\/span><span class=\"cl_vermellteula b\" style=\"font-family: inherit; font-size: inherit;\">&gt;\u00a0<\/span><span class=\"f12\" style=\"font-family: inherit; font-size: inherit;\"><span class=\"desde\">Precio base<\/span>\u00a01.295 \u20ac\u00a0+ tasas<\/span><\/div>\n<\/div>\n<\/td>\n<\/tr>\n<\/tbody>\n<\/table>\n<div><\/div>\n<h3 class=\"apartat cl_blanc cf_verdtuareg\"><span class=\"sabermas-titol\">VACACIONES ACTIVAS: SENDERISMO, TREKKING, BICI, KAYAK &#8230;<\/span><\/h3>\n<table  class=\"titol_desti_ruta cl_verdfort cf_grismclar table table-hover\" >\n<tbody>\n<tr>\n<td class=\"textelliure cf_blanc cl_vermellteula b\" colspan=\"3\"><img decoding=\"async\" class=\"como\" src=\"https:\/\/tuaregviatges.es\/rutas\/seccionesRutasp\/15493.jpg\" \/><br \/>\nAutor foto: Pere Mongay<\/td>\n<\/tr>\n<tr>\n<td class=\"dies cf_grismmmclar\">\n<div class=\"dies_rel_6\">\n<div class=\"dies_vertical\">8 d\u00edas<\/div>\n<\/div>\n<\/td>\n<td class=\"titol_desti_6\">\n<div>\n<h4 class=\"titol_desti\"><a href=\"https:\/\/tuaregviatges.es\/europa\/viajes_a_portugal\/Azores-1.htm\"><span class=\"titol_desti uc\">VIAJE A AZORES<\/span>\u00a0<span class=\"cl_vermellteula\">&gt;\u00a0<\/span><span class=\"titol_desti\">Senderismo en Sao Miguel<\/span><\/a><\/h4>\n<\/div>\n<div class=\"resum cf_grismmclar\">\n<div class=\"col_desti_class\"><span class=\"cl_verdfort b\">&gt;Especial Navidad y Fin de A\u00f1o<br \/>\n<\/span><span class=\"cl_vermellteula b\" style=\"font-family: inherit; font-size: inherit;\">&gt;\u00a0<\/span><span style=\"font-family: inherit; font-size: inherit;\">Trekking y senderismo<br \/>\n<\/span><span style=\"font-family: inherit; font-size: inherit;\">&gt;\u00a0<\/span><span style=\"font-family: inherit; font-size: inherit;\">Salidas 20 y 27 diciembre<\/span><\/div>\n<div class=\"col_desti_class\">\n<div class=\"nivel_dificultad cl_verdfort\">\n<div class=\"escala\">\n<div class=\"dificultatc\"><span class=\"cl_vermellteula b\" style=\"font-family: inherit; font-size: inherit;\">&gt;\u00a0<\/span><span class=\"f12\" style=\"font-family: inherit; font-size: inherit;\"><span class=\"desde\">Precio base<\/span>\u00a01.180 \u20ac\u00a0+ tasas<\/span><\/div>\n<\/div>\n<\/div>\n<\/div>\n<\/div>\n<\/td>\n<\/tr>\n<\/tbody>\n<\/table>\n<table  class=\"titol_desti_ruta cl_verdfort cf_grismclar table table-hover\" >\n<tbody>\n<tr>\n<td class=\"textelliure cf_blanc cl_vermellteula b\" colspan=\"3\"><img decoding=\"async\" class=\"como\" src=\"https:\/\/tuaregviatges.es\/rutas\/seccionesRutasp\/18638.jpg\" \/><br \/>\nAutor foto: Jordi Vendrell<\/td>\n<\/tr>\n<tr>\n<td class=\"dies cf_grismmmclar\">\n<div class=\"dies_rel_6\">\n<div class=\"dies_vertical\">11 d\u00edas<\/div>\n<\/div>\n<\/td>\n<td class=\"titol_desti_6\">\n<div>\n<h4 class=\"titol_desti\"><a href=\"https:\/\/tuaregviatges.es\/europa\/viajes_a_serbia_y_montenegro\/Serbia__Montenegro_y_Kosovo.htm\"><span class=\"titol_desti uc\">VIAJE A SERBIA<\/span>\u00a0<span class=\"cl_vermellteula\">&gt;\u00a0<\/span><span class=\"titol_desti\">Caminatas en la antigua Yugoslavia<\/span><\/a><\/h4>\n<\/div>\n<div class=\"resum cf_grismmclar\">\n<div class=\"col_desti_class\"><span class=\"cl_vermellteula b\" style=\"font-family: inherit; font-size: inherit;\">&gt;\u00a0<\/span><span style=\"font-family: inherit; font-size: inherit;\">Trekking y senderismo<br \/>\n<\/span><span style=\"font-family: inherit; font-size: inherit;\">&gt;\u00a0<\/span><span style=\"font-family: inherit; font-size: inherit;\">Salida 26 diciembre<br \/>\n<\/span><span class=\"cl_vermellteula b\" style=\"font-family: inherit; font-size: inherit;\">&gt;\u00a0<\/span><span class=\"f12\" style=\"font-family: inherit; font-size: inherit;\"><span class=\"desde\">Precio base<\/span>\u00a01.390 \u20ac\u00a0+ tasas<\/span><\/div>\n<\/div>\n<\/td>\n<\/tr>\n<\/tbody>\n<\/table>\n<div class=\"titol-tematic_autor_h amagar-res cl_gris\"><\/div>\n<table  class=\"titol_desti_ruta cl_verdfort cf_grismclar table table-hover\" >\n<tbody>\n<tr>\n<td class=\"textelliure cf_blanc cl_vermellteula b\" colspan=\"3\"><img decoding=\"async\" class=\"como\" src=\"https:\/\/tuaregviatges.es\/rutas\/seccionesRutasp\/18513.jpg\" \/><br \/>\nAutor foto: Pere Mongay<\/td>\n<\/tr>\n<tr>\n<td class=\"dies cf_grismmmclar\">\n<div class=\"dies_rel_6\">\n<div class=\"dies_vertical\">10 d\u00edas<\/div>\n<\/div>\n<\/td>\n<td class=\"titol_desti_6\">\n<div>\n<h4 class=\"titol_desti\"><a href=\"https:\/\/tuaregviatges.es\/europa\/viajes_a_grecia\/Grecia_y_Macedonia-1.htm\"><span class=\"titol_desti uc\">VIAJE A GRECIA<\/span>\u00a0<span class=\"cl_vermellteula\">&gt;\u00a0<\/span><span class=\"titol_desti\">Caminatas por la Grecia continental<\/span><\/a><\/h4>\n<\/div>\n<div class=\"resum cf_grismmclar\">\n<div class=\"col_desti_class\"><span class=\"cl_verdfort b\">&gt; Especial Fin de A\u00f1o<br \/>\n<\/span><span class=\"cl_vermellteula b\" style=\"font-family: inherit; font-size: inherit;\">&gt;\u00a0<\/span><span style=\"font-family: inherit; font-size: inherit;\">Trekking y senderismo<br \/>\n<\/span><span style=\"font-family: inherit; font-size: inherit;\">&gt; Salida 27 Diciembre<br \/>\n<\/span><span class=\"cl_vermellteula b\" style=\"font-family: inherit; font-size: inherit;\">&gt;\u00a0<\/span><span class=\"f12\" style=\"font-family: inherit; font-size: inherit;\"><span class=\"desde\">Precio base<\/span>\u00a01.290 \u20ac\u00a0+ tasas<\/span><\/div>\n<\/div>\n<\/td>\n<\/tr>\n<\/tbody>\n<\/table>\n<table  class=\"titol_desti_ruta cl_verdfort cf_grismclar table table-hover\" >\n<tbody>\n<tr>\n<td class=\"textelliure cf_blanc cl_vermellteula b\" colspan=\"3\"><img decoding=\"async\" class=\"como\" src=\"https:\/\/tuaregviatges.es\/rutas\/seccionesRutasp\/3352.jpg\" \/><br \/>\nAutor foto: P Mongay<\/td>\n<\/tr>\n<tr>\n<td class=\"dies cf_grismmmclar\">\n<div class=\"dies_rel_6\">\n<div class=\"dies_vertical\">8 d\u00edas<\/div>\n<\/div>\n<\/td>\n<td class=\"titol_desti_6\">\n<div>\n<h4 class=\"titol_desti\"><a href=\"https:\/\/tuaregviatges.es\/europa\/viajes_a_portugal\/Senderismo_en__los_caminos_del_agua-1.htm\"><span class=\"titol_desti uc\">VIAJE A MADEIRA<\/span>\u00a0<span class=\"cl_vermellteula\">&gt;\u00a0<\/span><span class=\"titol_desti\">Senderismo en los caminos del agua<\/span><\/a><\/h4>\n<\/div>\n<div class=\"resum cf_grismmclar\">\n<div class=\"col_desti_class\"><span class=\"cl_verdfort b\">&gt; Especial Fin de A\u00f1o<br \/>\n<\/span><span class=\"cl_vermellteula b\" style=\"font-family: inherit; font-size: inherit;\">&gt;\u00a0<\/span><span style=\"font-family: inherit; font-size: inherit;\">Trekking y senderismo<br \/>\n<\/span><span style=\"font-family: inherit; font-size: inherit;\">&gt; Salida 27 diciembre<br \/>\n<\/span><span class=\"cl_vermellteula b\" style=\"font-family: inherit; font-size: inherit;\">&gt;\u00a0<\/span><span class=\"f12\" style=\"font-family: inherit; font-size: inherit;\"><span class=\"desde\">Precio base<\/span>\u00a0980 \u20ac\u00a0+ tasas<\/span><\/div>\n<\/div>\n<\/td>\n<\/tr>\n<\/tbody>\n<\/table>\n<table  class=\"titol_desti_ruta cl_verdfort cf_grismclar table table-hover\" >\n<tbody>\n<tr>\n<td class=\"textelliure cf_blanc cl_vermellteula b\" colspan=\"3\"><img decoding=\"async\" class=\"como\" src=\"https:\/\/tuaregviatges.es\/rutas\/seccionesRutasp\/5074.jpg\" \/><br \/>\nAutor foto: Vicente Guinea<\/td>\n<\/tr>\n<tr>\n<td class=\"dies cf_grismmmclar\">\n<div class=\"dies_rel_6\">\n<div class=\"dies_vertical\">9 d\u00edas<\/div>\n<\/div>\n<\/td>\n<td class=\"titol_desti_6\">\n<div>\n<h4 class=\"titol_desti\"><a href=\"https:\/\/tuaregviatges.es\/africa\/viajes_a_tanzania\/Ascension_al_Kilimanjaro_Ruta_Marangu.htm\"><span class=\"titol_desti uc\">VIAJE A TANZANIA<\/span>\u00a0<span class=\"cl_vermellteula\">&gt;\u00a0<\/span><span class=\"titol_desti\">Ascensi\u00f3n al Kilimanjaro: Marangu y Machame, las rutas cl\u00e1sicas<\/span><\/a><\/h4>\n<\/div>\n<div class=\"resum cf_grismmclar\">\n<div class=\"col_desti_class\"><span class=\"cl_vermellteula b\" style=\"font-family: inherit; font-size: inherit;\">&gt;\u00a0<\/span><span style=\"font-family: inherit; font-size: inherit;\">Trekking y senderismo<br \/>\n<\/span><span style=\"font-family: inherit; font-size: inherit;\">&gt; Salidas diarias en grupos multinacionales<br \/>\n<\/span><span class=\"cl_vermellteula b\" style=\"font-family: inherit; font-size: inherit;\">&gt;\u00a0<\/span><span class=\"f12\" style=\"font-family: inherit; font-size: inherit;\"><span class=\"desde\">Precio base<\/span>\u00a02.385 \u20ac\u00a0+ tasas<\/span><\/div>\n<\/div>\n<\/td>\n<\/tr>\n<\/tbody>\n<\/table>\n<div class=\"titol-tematic_autor_h amagar-res cl_gris\"><\/div>\n<table  class=\"titol_desti_ruta cl_verdfort cf_grismclar table table-hover\" >\n<tbody>\n<tr>\n<td class=\"textelliure cf_blanc cl_vermellteula b\" colspan=\"3\"><img decoding=\"async\" class=\"como\" src=\"https:\/\/tuaregviatges.es\/rutas\/seccionesRutasp\/4549.jpg\" \/><br \/>\nAutor foto: Erica Sanchez<\/td>\n<\/tr>\n<tr>\n<td class=\"dies cf_grismmmclar\">\n<div class=\"dies_rel_6\">\n<div class=\"dies_vertical\">8 d\u00edas<\/div>\n<\/div>\n<\/td>\n<td class=\"titol_desti_6\">\n<div>\n<h4 class=\"titol_desti\"><a href=\"https:\/\/tuaregviatges.es\/asia\/viajes_a_jordania\/Trekking_por_Jordania__Dana__Petra_y_Wadi_Rum-1.htm\"><span class=\"titol_desti uc\">VIAJE A JORDANIA<\/span>\u00a0<span class=\"cl_vermellteula\">&gt;\u00a0<\/span><span class=\"titol_desti\">Trekking por la Reserva de Dana, Petra y Wadi Rum<\/span><\/a><\/h4>\n<\/div>\n<div class=\"resum cf_grismmclar\">\n<div class=\"col_desti_class\"><span class=\"cl_verdfort b\">&gt; Especial fin de a\u00f1o<br \/>\n<\/span><span class=\"cl_vermellteula b\" style=\"font-family: inherit; font-size: inherit;\">&gt;\u00a0<\/span><span style=\"font-family: inherit; font-size: inherit;\">Trekking y senderismo<br \/>\n<\/span><span style=\"font-family: inherit; font-size: inherit;\">&gt; Salida 28 Diciembre &#8211; Pendiente pr\u00f3xima apertura de frontera<br \/>\n<\/span><span class=\"cl_vermellteula b\" style=\"font-family: inherit; font-size: inherit;\">&gt;\u00a0<\/span><span class=\"f12\" style=\"font-family: inherit; font-size: inherit;\"><span class=\"desde\">Precio base<\/span>\u00a01.135 \u20ac\u00a0+ vuelo<\/span><\/div>\n<\/div>\n<\/td>\n<\/tr>\n<\/tbody>\n<\/table>\n<div class=\"titol-tematic_autor_h amagar-res cl_gris\"><\/div>\n<table  class=\"titol_desti_ruta cl_verdfort cf_grismclar table table-hover\" >\n<tbody>\n<tr>\n<td class=\"textelliure cf_blanc cl_vermellteula b\" colspan=\"3\"><img decoding=\"async\" class=\"como\" src=\"https:\/\/tuaregviatges.es\/rutas\/seccionesRutasp\/10033.jpg\" \/><br \/>\nAutor foto: Musandam Nature<\/td>\n<\/tr>\n<tr>\n<td class=\"dies cf_grismmmclar\">\n<div class=\"dies_rel_6\">\n<div class=\"dies_vertical\">10 d\u00edas<\/div>\n<\/div>\n<\/td>\n<td class=\"titol_desti_6\">\n<div>\n<h4 class=\"titol_desti\"><a href=\"https:\/\/tuaregviatges.es\/asia\/viajes_a_oman\/Kayak_por_los_fiordos_de_Oman-2.htm\"><span class=\"titol_desti uc\">VIAJE A OM\u00c1N<\/span>\u00a0<span class=\"cl_vermellteula\">&gt;\u00a0<\/span><span class=\"titol_desti\">Navegando en kayak por los fiordos de Om\u00e1n<\/span><\/a><\/h4>\n<\/div>\n<div class=\"resum cf_grismmclar\">\n<div class=\"col_desti_class\"><span class=\"cl_vermellteula b\" style=\"font-family: inherit; font-size: inherit;\">&gt;\u00a0<\/span><span style=\"font-family: inherit; font-size: inherit;\">Multiactividad<br \/>\n<\/span><span style=\"font-family: inherit; font-size: inherit;\">&gt; Salida 27 de Diciembre &#8211; Pendiente pr\u00f3xima apertura de frontera<br \/>\n<\/span><span class=\"cl_vermellteula b\" style=\"font-family: inherit; font-size: inherit;\">&gt;\u00a0<\/span><span class=\"f12\" style=\"font-family: inherit; font-size: inherit;\"><span class=\"desde\">Precio base<\/span>\u00a01.475 \u20ac\u00a0+ tasas<\/span><\/div>\n<\/div>\n<\/td>\n<\/tr>\n<\/tbody>\n<\/table>\n<div class=\"titol-tematic_autor_h amagar-res cl_gris\"><\/div>\n<table  class=\"titol_desti_ruta cl_verdfort cf_grismclar table table-hover\" >\n<tbody>\n<tr>\n<td class=\"textelliure cf_blanc cl_vermellteula b\" colspan=\"3\"><img decoding=\"async\" class=\"como\" src=\"https:\/\/tuaregviatges.es\/rutas\/seccionesRutasp\/17519.jpg\" \/><br \/>\nAutor foto: JBARTOMEU<\/td>\n<\/tr>\n<tr>\n<td class=\"dies cf_grismmmclar\">\n<div class=\"dies_rel_6\">\n<div class=\"dies_vertical\">10 d\u00edas<\/div>\n<\/div>\n<\/td>\n<td class=\"titol_desti_6\">\n<div>\n<h4 class=\"titol_desti\"><a href=\"https:\/\/tuaregviatges.es\/asia\/viajes_a_nepal\/Minitrek_zona_del_Annapurna_Ghorepani-_Gandruk.htm\"><span class=\"titol_desti uc\">VIAJE A NEPAL<\/span>\u00a0<span class=\"cl_vermellteula\">&gt;\u00a0<\/span><span class=\"titol_desti\">Trek para amateurs en el Himalaya<\/span><\/a><\/h4>\n<\/div>\n<div class=\"resum cf_grismmclar\">\n<div class=\"col_desti_class\"><span class=\"cl_vermellteula b\" style=\"font-family: inherit; font-size: inherit;\">&gt;\u00a0<\/span><span style=\"font-family: inherit; font-size: inherit;\">Trekking y senderismo<br \/>\n<\/span><span style=\"font-family: inherit; font-size: inherit;\">&gt; Salida 27 Diciembre &#8211; Pendiente pr\u00f3xima apertura de frontera<br \/>\n<\/span><span class=\"cl_vermellteula b\" style=\"font-family: inherit; font-size: inherit;\">&gt;\u00a0<\/span><span class=\"f12\" style=\"font-family: inherit; font-size: inherit;\"><span class=\"desde\">Precio base<\/span>\u00a01.570 \u20ac\u00a0+ tasas<\/span><\/div>\n<\/div>\n<\/td>\n<\/tr>\n<\/tbody>\n<\/table>\n<h3 class=\"apartat cl_blanc cf_verdtuareg\"><span class=\"sabermas-titol\">VIAJES CULTURALES<\/span><\/h3>\n<table  class=\"titol_desti_ruta cl_verdfort cf_grismclar table table-hover\" >\n<tbody>\n<tr>\n<td class=\"textelliure cf_blanc cl_vermellteula b\" colspan=\"3\"><img decoding=\"async\" class=\"como\" src=\"https:\/\/tuaregviatges.es\/rutas\/seccionesRutasp\/18039.jpg\" \/><br \/>\nAutor foto: Teresa Martinez<\/td>\n<\/tr>\n<tr>\n<td class=\"dies cf_grismmmclar\">\n<div class=\"dies_rel_6\">\n<div class=\"dies_vertical\">10 d\u00edas<\/div>\n<\/div>\n<\/td>\n<td class=\"titol_desti_6\">\n<div>\n<h4 class=\"titol_desti\"><a href=\"https:\/\/tuaregviatges.es\/europa\/viajes_a_albania\/Ruta_cultural_y_activa_por_Albania_y_Macedonia-1.htm\"><span class=\"titol_desti uc\">ALBANIA, MACEDONIA Y KOSOVO<\/span>\u00a0<span class=\"cl_vermellteula\">&gt;\u00a0<\/span><span class=\"titol_desti\">Combinaci\u00f3n de cultura<\/span><\/a><\/h4>\n<\/div>\n<div class=\"resum cf_grismmclar\">\n<div class=\"col_desti_class\"><span class=\"cl_vermellteula b\">&gt;\u00a0<\/span>Viaje historia y arqueolog\u00eda<br \/>\n&gt; Salida 27 Diciembre<\/div>\n<div class=\"col_desti_class amagar-res\"><span class=\"cl_vermellteula b\">&gt;\u00a0<\/span><span class=\"f12\"><span class=\"desde\">Precio base<\/span>\u00a01.190 \u20ac\u00a0+ tasas<\/span><\/div>\n<\/div>\n<\/td>\n<\/tr>\n<\/tbody>\n<\/table>\n<div class=\"titol-tematic_autor_h amagar-res cl_gris\"><\/div>\n<table  class=\"titol_desti_ruta cl_verdfort cf_grismclar table table-hover\" >\n<tbody>\n<tr>\n<td class=\"textelliure cf_blanc cl_vermellteula b\" colspan=\"3\"><img decoding=\"async\" class=\"como\" src=\"https:\/\/tuaregviatges.es\/rutas\/seccionesRutasp\/18159.jpg\" \/><br \/>\nAutor foto: Itziar Urizabarrena<\/td>\n<\/tr>\n<tr>\n<td class=\"dies cf_grismmmclar\">\n<div class=\"dies_rel_6\">\n<div class=\"dies_vertical\">11 d\u00edas<\/div>\n<\/div>\n<\/td>\n<td class=\"titol_desti_6\">\n<div>\n<h4 class=\"titol_desti\"><a href=\"https:\/\/tuaregviatges.es\/africa\/viajes_a_etiopia\/El_valle_del_Omo_y_la_antigua_Abisinia-1.htm\"><span class=\"titol_desti uc\">VIAJE A ETIOP\u00cdA<\/span>\u00a0<span class=\"cl_vermellteula\">&gt;\u00a0<\/span><span class=\"titol_desti\">El norte: la antigua Abisinia<\/span><\/a><\/h4>\n<\/div>\n<div class=\"resum cf_grismmclar\">\n<div class=\"col_desti_class\"><span class=\"cl_vermellteula b\">&gt;\u00a0<\/span>Viaje historia y arqueolog\u00eda<br \/>\n&gt;\u00a0Salida 26 Diciembre &#8211; Pendiente pr\u00f3xima apertura de frontera<br \/>\n<span class=\"cl_vermellteula b\" style=\"font-family: inherit; font-size: inherit;\">&gt;\u00a0<\/span><span class=\"f12\" style=\"font-family: inherit; font-size: inherit;\"><span class=\"desde\">Precio base<\/span>\u00a01.870 \u20ac\u00a0+ tasas<\/span><\/div>\n<\/div>\n<\/td>\n<\/tr>\n<\/tbody>\n<\/table>\n<div class=\"titol-tematic_autor_h amagar-res cl_gris\"><\/div>\n<table  class=\"titol_desti_ruta cl_verdfort cf_grismclar table table-hover\" >\n<tbody>\n<tr>\n<td class=\"textelliure cf_blanc cl_vermellteula b\" colspan=\"3\"><img decoding=\"async\" class=\"como\" src=\"https:\/\/tuaregviatges.es\/rutas\/seccionesRutasp\/7142.jpg\" \/><br \/>\nAutor foto: Merc\u00e8 Gay\u00e0<\/td>\n<\/tr>\n<tr>\n<td class=\"dies cf_grismmmclar\">\n<div class=\"dies_rel_6\">\n<div class=\"dies_vertical\">8 d\u00edas<\/div>\n<\/div>\n<\/td>\n<td class=\"titol_desti_6\">\n<div>\n<h4 class=\"titol_desti\"><a href=\"https:\/\/tuaregviatges.es\/asia\/viajes_a_libano\/Litoral_Mediterraneo__Mts_del_Libano_y_Valle_de_la_Bekaa-1.htm\"><span class=\"titol_desti uc\">VIAJE A L\u00cdBANO<\/span>\u00a0<span class=\"cl_vermellteula\">&gt;\u00a0<\/span><span class=\"titol_desti\">Litoral Mediterr\u00e1neo, Mts. del L\u00edbano y Valle de la Bekaa<\/span><\/a><\/h4>\n<\/div>\n<div class=\"resum cf_grismmclar\">\n<div class=\"col_desti_class\">&gt; Salida 28 Diciembre<\/div>\n<div class=\"col_desti_class\"><span class=\"cl_vermellteula b\">&gt;\u00a0<\/span>Viaje historia y arqueolog\u00eda<\/div>\n<div class=\"col_desti_class amagar-res\"><span class=\"cl_vermellteula b\">&gt;\u00a0<\/span><span class=\"f12\"><span class=\"desde\">Precio base<\/span>\u00a0930 \u20ac\u00a0+ vuelo<\/span><\/div>\n<\/div>\n<\/td>\n<\/tr>\n<\/tbody>\n<\/table>\n<div class=\"titol-tematic_autor_h amagar-res cl_gris\"><\/div>\n<table  class=\"titol_desti_ruta cl_verdfort cf_grismclar table table-hover\" >\n<tbody>\n<tr>\n<td class=\"textelliure cf_blanc cl_vermellteula b\" colspan=\"3\"><img decoding=\"async\" class=\"como\" src=\"https:\/\/tuaregviatges.es\/rutas\/seccionesRutasp\/13039.jpg\" \/><br \/>\nAutor foto: Toni Adrover<\/td>\n<\/tr>\n<tr>\n<td class=\"dies cf_grismmmclar\">\n<div class=\"dies_rel_6\">\n<div class=\"dies_vertical\">8 d\u00edas<\/div>\n<\/div>\n<\/td>\n<td class=\"titol_desti_6\">\n<div>\n<h4 class=\"titol_desti\"><a href=\"https:\/\/tuaregviatges.es\/asia\/viajes_a_jordania\/Petra__Mar_Muerto_y_Wadi_Rum-2.htm\"><span class=\"titol_desti uc\">VIAJE A JORDANIA<\/span>\u00a0<span class=\"cl_vermellteula\">&gt;\u00a0<\/span><span class=\"titol_desti\">Mar Muerto, Wadi Rum y fin de a\u00f1o en Petra<\/span><\/a><\/h4>\n<\/div>\n<div class=\"resum cf_grismmclar\">\n<div class=\"col_desti_class\"><span class=\"cl_vermellteula b\">&gt;\u00a0<\/span>Viaje historia y arqueolog\u00eda<br \/>\n&gt;\u00a0Salida 28 Diciembre &#8211; Pendiente pr\u00f3xima apertura de frontera<br \/>\n<span class=\"cl_vermellteula b\" style=\"font-family: inherit; font-size: inherit;\">&gt;\u00a0<\/span><span class=\"f12\" style=\"font-family: inherit; font-size: inherit;\"><span class=\"desde\">Precio base<\/span>\u00a0915 \u20ac\u00a0+ vuelo<\/span><\/div>\n<\/div>\n<\/td>\n<\/tr>\n<\/tbody>\n<\/table>\n<h3 class=\"apartat cl_blanc cf_verdtuareg\"><span class=\"sabermas-titol\">VIAJES DE NATURALEZA<\/span><\/h3>\n<table  class=\"titol_desti_ruta cl_verdfort cf_grismclar table table-hover\" >\n<tbody>\n<tr>\n<td class=\"textelliure cf_blanc cl_vermellteula b\" colspan=\"3\"><img decoding=\"async\" class=\"como\" src=\"https:\/\/tuaregviatges.es\/rutas\/seccionesRutasp\/17136.jpg\" \/><br \/>\nAutor foto: Casanova<\/td>\n<\/tr>\n<tr>\n<td class=\"dies cf_grismmmclar\">\n<div class=\"dies_rel_6\">\n<div class=\"dies_vertical\">16 d\u00edas<\/div>\n<\/div>\n<\/td>\n<td class=\"titol_desti_6\">\n<div>\n<h4 class=\"titol_desti\"><a href=\"https:\/\/tuaregviatges.es\/america_del_norte_y_central\/viajes_a_costa_rica\/Volcanes__Parques_Naturales__Caribe_y_Pacifico-2.htm\"><span class=\"titol_desti uc\">VIAJE A COSTA RICA<\/span>\u00a0<span class=\"cl_vermellteula\">&gt;\u00a0<\/span><span class=\"titol_desti\">Volcanes, Parques Naturales, Caribe y Pac\u00edfico<\/span><\/a><\/h4>\n<\/div>\n<div class=\"resum cf_grismmclar\">\n<div class=\"col_desti_class\"><span class=\"cl_verdfort b\">&gt; Salida 20 de Diciembre<\/span><\/div>\n<div class=\"col_desti_class\"><span class=\"cl_vermellteula b\">&gt;\u00a0<\/span>Viaje naturaleza<\/div>\n<div class=\"col_desti_class amagar-res\"><span class=\"cl_vermellteula b\">&gt;\u00a0<\/span><span class=\"f12\"><span class=\"desde\">Precio base<\/span>\u00a02.780 \u20ac\u00a0+ tasas<\/span><\/div>\n<\/div>\n<\/td>\n<\/tr>\n<\/tbody>\n<\/table>\n<div class=\"titol-tematic_autor_h amagar-res cl_gris\"><\/div>\n<table  class=\"titol_desti_ruta cl_verdfort cf_grismclar table table-hover\" >\n<tbody>\n<tr>\n<td class=\"textelliure cf_blanc cl_vermellteula b\" colspan=\"3\"><img decoding=\"async\" class=\"como\" src=\"https:\/\/tuaregviatges.es\/rutas\/seccionesRutasp\/5519.jpg\" \/><br \/>\nAutor foto: Aritz Armesto<\/td>\n<\/tr>\n<tr>\n<td class=\"dies cf_grismmmclar\">\n<div class=\"dies_rel_6\">\n<div class=\"dies_vertical\">10 d\u00edas<\/div>\n<\/div>\n<\/td>\n<td class=\"titol_desti_6\">\n<div>\n<h4 class=\"titol_desti\"><a href=\"https:\/\/tuaregviatges.es\/africa\/viajes_a_uganda\/Gorila_express-1.htm\"><span class=\"titol_desti uc\">VIAJE A UGANDA<\/span>\u00a0<span class=\"cl_vermellteula\">&gt;\u00a0<\/span><span class=\"titol_desti\">De Murchison Falls a la selva de Bwindi. Gorila trek<\/span><\/a><\/h4>\n<\/div>\n<div class=\"resum cf_grismmclar\">\n<div class=\"col_desti_class\"><span class=\"cl_verdfort b\">&gt; Salida 26 Diciembre<br \/>\n<\/span><span class=\"cl_vermellteula b\" style=\"font-family: inherit; font-size: inherit;\">&gt;\u00a0<\/span><span style=\"font-family: inherit; font-size: inherit;\">Viaje naturaleza<br \/>\n<\/span><span class=\"f12\" style=\"font-family: inherit; font-size: inherit;\"><span class=\"desde\">&gt; Precio base<\/span>\u00a02.780 \u20ac\u00a0+ tasas<\/span><\/div>\n<\/div>\n<\/td>\n<\/tr>\n<\/tbody>\n<\/table>\n<div class=\"titol-tematic_autor_h amagar-res cl_gris\"><\/div>\n<table  class=\"titol_desti_ruta cl_verdfort cf_grismclar table table-hover\" >\n<tbody>\n<tr>\n<td class=\"textelliure cf_blanc cl_vermellteula b\" colspan=\"3\"><img decoding=\"async\" class=\"como\" src=\"https:\/\/tuaregviatges.es\/rutas\/seccionesRutasp\/4103.jpg\" \/><br \/>\nAutor foto: Igancio Barco<\/td>\n<\/tr>\n<tr>\n<td class=\"dies cf_grismmmclar\">\n<div class=\"dies_rel_6\">\n<div class=\"dies_vertical\">11 d\u00edas<\/div>\n<\/div>\n<\/td>\n<td class=\"titol_desti_6\">\n<div>\n<h4 class=\"titol_desti\"><a href=\"https:\/\/tuaregviatges.es\/africa\/viajes_a_namibia\/Arenas_del_Namib__etnias_del_norte_y_vida_salvaje_en_Etosha.htm\"><span class=\"titol_desti uc\">VIAJE A NAMIBIA<\/span>\u00a0<span class=\"cl_vermellteula\">&gt;\u00a0<\/span><span class=\"titol_desti\">Lo Mejor de Namibia<\/span><\/a><\/h4>\n<\/div>\n<div class=\"resum cf_grismmclar\">\n<div class=\"col_desti_class\"><span class=\"cl_verdfort b\">&gt; Salida 23 Diciembre<br \/>\n<\/span><span class=\"cl_vermellteula b\">&gt;\u00a0<\/span>Viaje naturaleza<br \/>\n<span class=\"cl_vermellteula b\">&gt;\u00a0<\/span><span class=\"f12\"><span class=\"desde\">Precio base<\/span>\u00a02.350 \u20ac\u00a0+ vuelo<\/span><\/div>\n<\/div>\n<\/td>\n<\/tr>\n<\/tbody>\n<\/table>\n<div class=\"titol-tematic_autor_h amagar-res cl_gris\"><\/div>\n<table  class=\"titol_desti_ruta cl_verdfort cf_grismclar table table-hover\" >\n<tbody>\n<tr>\n<td class=\"textelliure cf_blanc cl_vermellteula b\" colspan=\"3\"><img decoding=\"async\" class=\"como\" src=\"https:\/\/tuaregviatges.es\/rutas\/seccionesRutasp\/10092.jpg\" \/><br \/>\nAutor foto: ATG<\/td>\n<\/tr>\n<tr>\n<td class=\"dies cf_grismmmclar\">\n<div class=\"dies_rel_6\">\n<div class=\"dies_vertical\">9 d\u00edas<\/div>\n<\/div>\n<\/td>\n<td class=\"titol_desti_6\">\n<div>\n<h4 class=\"titol_desti\"><a href=\"https:\/\/tuaregviatges.es\/africa\/viajes_a_senegal\/El_rio_Senegal_a_bordo_del_Bou_El_Mogdad.htm\"><span class=\"titol_desti uc\">VIAJE A SENEGAL<\/span>\u00a0<span class=\"cl_vermellteula\">&gt;\u00a0<\/span><span class=\"titol_desti\">El r\u00edo Senegal a bordo del Bou el Mogdad<\/span><\/a><\/h4>\n<\/div>\n<div class=\"resum cf_grismmclar\">\n<div class=\"col_desti_class\"><span class=\"cl_verdfort b\">&gt; Salidas 25 de Diciembre &#8211; 1 de Enero<\/span><\/div>\n<div class=\"col_desti_class\"><span class=\"cl_vermellteula b\">&gt;\u00a0<\/span>A bordo<\/div>\n<div class=\"col_desti_class amagar-res\"><span class=\"cl_vermellteula b\">&gt;\u00a0<\/span><span class=\"f12\"><span class=\"desde\">Precio base<\/span>\u00a01.525 \u20ac\u00a0+ tasas<\/span><\/div>\n<\/div>\n<\/td>\n<\/tr>\n<\/tbody>\n<\/table>\n<p>Si quieres saber m\u00e1s informaci\u00f3n de destinos, climas y otros aspectos relevantes a la hora de planear tu viaje en las vacaciones de navidad, te recomendamos que le des un vistazo a este post:\u00a0<a class=\"row-title\" href=\"https:\/\/tuaregviatges.es\/viajes\/donde-viajar-en-navidad\/\" aria-label=\"\u00ab\u00bfD\u00f3nde viajar en Navidad? ?\u00bb (Editar)\">\u00bfD\u00f3nde viajar en Navidad?\u00a0?<\/a><\/p>\n<p>&nbsp;<\/p>\n<p><script type=\"application\/ld+json\">\n{\n  \"@context\": \"http:\/\/schema.org\",\n  \"@type\": \"Event\",\n\"organizer\": {\n    \"@type\": \"Organization\",\n    \"name\": \"Viajes Tuareg\",\n    \"url\": \"https:\/\/tuaregviatges.es\/\"\n  },\n  \"eventAttendanceMode\": \"https:\/\/schema.org\/onlineEventAttendanceMode\",\n  \"eventStatus\": \"https:\/\/schema.org\/EventScheduled\",\n  \"name\": \"Albania saliendo de Madrid\",\n  \"description\": \"Un viaje cultural y activo en el que conoceremos las poblaciones m\u00e1s interesantes de las desconocidas rep\u00fablicas de Albania y Macedonia\",\n  \"image\": \"https:\/\/tuaregviatges.es\/europa\/viajes_a_albania\/thumbg\/viajes_a_Ruta_cultural_y_activa_por_Albania_y_Macedonia-3-1.jpg\",\n  \"url\": \"https:\/\/tuaregviatges.es\/europa\/viajes_a_albania\/Ruta_cultural_y_activa_por_Albania_y_Macedonia-3.htm\",\n  \"startDate\": \"2021-12-26\",\n  \"endDate\": \"2022-01-02\",\n  \"performer\": {\n    \"@type\": \"PerformingGroup\",\n    \"name\": \"Viaje a Albania\"\n  },\n  \"location\": {\n    \"@type\": \"Place\",\n    \"name\": \"Albania\",\n    \"address\": {\n      \"@type\": \"PostalAddress\",\n      \"streetAddress\": \"\",\n      \"addressLocality\": \"\",\n      \"postalCode\": \"\",\n      \"addressCountry\": \"AL\"\n    }\n  },\n  \"offers\": [{\n    \"@type\": \"Offer\",\n  \"name\": \"Albania saliendo de Madrid\",\n  \"description\": \"Un viaje cultural y activo en el que conoceremos las poblaciones m\u00e1s interesantes de las desconocidas rep\u00fablicas de Albania y Macedonia\",\n  \"image\": \"https:\/\/tuaregviatges.es\/europa\/viajes_a_albania\/thumbg\/viajes_a_Ruta_cultural_y_activa_por_Albania_y_Macedonia-3-1.jpg\",\n  \"url\": \"https:\/\/tuaregviatges.es\/europa\/viajes_a_albania\/Ruta_cultural_y_activa_por_Albania_y_Macedonia-3.htm\",\n    \"price\": \"990\",\n    \"priceCurrency\": \"EUR\",\n    \"validFrom\": \"2021-10-25\",\n    \"availability\": \"http:\/\/schema.org\/PreOrder\"\n  }]\n}\n<\/script><br \/>\n<script type=\"application\/ld+json\">\n{\n  \"@context\": \"http:\/\/schema.org\",\n  \"@type\": \"Event\",\n\"organizer\": {\n    \"@type\": \"Organization\",\n    \"name\": \"Viajes Tuareg\",\n    \"url\": \"https:\/\/tuaregviatges.es\/\"\n  },\n  \"eventAttendanceMode\": \"https:\/\/schema.org\/onlineEventAttendanceMode\",\n  \"eventStatus\": \"https:\/\/schema.org\/EventScheduled\",\n  \"name\": \"Sud\u00e1n faraones negros\",\n  \"description\": \"Esta ruta nos acerca a los lugares m\u00e1s atractivos de la regi\u00f3n de Nubia, siguiendo el curso del Nilo desde Khartoum.\",\n  \"image\": \"https:\/\/tuaregviatges.es\/africa\/viajes_a_sudan\/thumbg\/viajes_a_Los_Faraones_Negros__Ruta_arqueologica_y_poblados_nubios-2-2.jpg\",\n  \"url\": \"https:\/\/tuaregviatges.es\/africa\/viajes_a_sudan\/Los_Faraones_Negros__Ruta_arqueologica_y_poblados_nubios-2.htm\",\n  \"startDate\": \"2021-12-28\",\n  \"endDate\": \"2022-01-05\",\n  \"performer\": {\n    \"@type\": \"PerformingGroup\",\n    \"name\": \"Viaje a Sud\u00e1n\"\n  },\n  \"location\": {\n    \"@type\": \"Place\",\n    \"name\": \"Sud\u00e1n\",\n    \"address\": {\n      \"@type\": \"PostalAddress\",\n      \"streetAddress\": \"\",\n      \"addressLocality\": \"\",\n      \"postalCode\": \"\",\n      \"addressCountry\": \"SU\"\n    }\n  },\n  \"offers\": [{\n    \"@type\": \"Offer\",\n  \"name\": \"Sud\u00e1n faraones negros\",\n  \"description\": \"Esta ruta nos acerca a los lugares m\u00e1s atractivos de la regi\u00f3n de Nubia, siguiendo el curso del Nilo desde Khartoum.\",\n  \"image\": \"https:\/\/tuaregviatges.es\/africa\/viajes_a_sudan\/thumbg\/viajes_a_Los_Faraones_Negros__Ruta_arqueologica_y_poblados_nubios-2-2.jpg\",\n  \"url\": \"https:\/\/tuaregviatges.es\/africa\/viajes_a_sudan\/Los_Faraones_Negros__Ruta_arqueologica_y_poblados_nubios-2.htm\",\n    \"price\": \"2.250\",\n    \"priceCurrency\": \"EUR\",\n    \"validFrom\": \"2021-10-25\",\n    \"availability\": \"http:\/\/schema.org\/PreOrder\"\n  }]\n}\n<\/script><br \/>\n<script type=\"application\/ld+json\">\n{\n  \"@context\": \"http:\/\/schema.org\",\n  \"@type\": \"Event\",\n\"organizer\": {\n    \"@type\": \"Organization\",\n    \"name\": \"Viajes Tuareg\",\n    \"url\": \"https:\/\/tuaregviatges.es\/\"\n  },\n  \"eventAttendanceMode\": \"https:\/\/schema.org\/onlineEventAttendanceMode\",\n  \"eventStatus\": \"https:\/\/schema.org\/EventScheduled\",\n  \"name\": \"Costa Rica navidad\",\n  \"description\": \"Especial Navidad y Fin de a\u00f1o. Salida 24 Diciembre. Un viaje a Costa Rica a trav\u00e9s de sus m\u00e1s interesantes reservas naturales.\",\n  \"url\": \"https:\/\/tuaregviatges.es\/america_del_norte_y_central\/viajes_a_costa_rica\/Volcanes__Parques_Naturales__Caribe_y_Pacifico-1.htm\",\n  \"image\": \"https:\/\/tuaregviatges.es\/rutas\/seccionesRutasp\/1421.jpg\",\n    \"startDate\": \"2021-12-24\",\n  \"endDate\": \"2022-01-08\",\n  \"performer\": {\n    \"@type\": \"PerformingGroup\",\n    \"name\": \"Viaje a Costa Rica\"\n  },\n  \"location\": {\n    \"@type\": \"Place\",\n    \"name\": \"Costa Rica\",\n    \"address\": {\n      \"@type\": \"PostalAddress\",\n      \"streetAddress\": \"\",\n      \"addressLocality\": \"\",\n      \"postalCode\": \"\",\n      \"addressCountry\": \"CR\"\n    }\n  },\n  \"offers\": [{\n    \"@type\": \"Offer\",\n  \"name\": \"Costa Rica navidad\",\n  \"description\": \"Especial Navidad y Fin de a\u00f1o. Salida 24 Diciembre. Un viaje a Costa Rica a trav\u00e9s de sus m\u00e1s interesantes reservas naturales.\",\n  \"url\": \"https:\/\/tuaregviatges.es\/america_del_norte_y_central\/viajes_a_costa_rica\/Volcanes__Parques_Naturales__Caribe_y_Pacifico-1.htm\",\n  \"image\": \"https:\/\/tuaregviatges.es\/rutas\/seccionesRutasp\/1421.jpg\",\n    \"price\": \"3.250\",\n    \"priceCurrency\": \"EUR\",\n    \"validFrom\": \"2021-10-25\",\n    \"availability\": \"http:\/\/schema.org\/PreOrder\"\n  }]\n}\n<\/script><\/p>\n","protected":false},"excerpt":{"rendered":"<p>La Navidad es para muchos la mejor \u00e9poca del a\u00f1o para viajar. Mejor clima en algunos destinos, mejores precios en otros; cada vez m\u00e1s gente decide viajar durante las fiestas navide\u00f1as. Sin embargo,\u00a0 cambios constantes en las pol\u00edticas de fronteras de nuestros destinos han limitado mucho nuestra oferta de viajes. Nuestra parrilla, habitualemnte compuesta por [&hellip;]<\/p>\n","protected":false},"author":1,"featured_media":8712,"comment_status":"closed","ping_status":"closed","sticky":false,"template":"","format":"standard","meta":{"footnotes":""},"categories":[684,685,454],"tags":[709,502,151],"class_list":["post-11762","post","type-post","status-publish","format-standard","has-post-thumbnail","hentry","category-viajar-por-1000-euros","category-viajar-por-2000-euros","category-viajes-navidad-y-fin-de-ano","tag-fin-de-ano","tag-viajes-en-grupo","tag-viajes-navidad"],"_links":{"self":[{"href":"https:\/\/tuaregviatges.es\/viajes\/wp-json\/wp\/v2\/posts\/11762","targetHints":{"allow":["GET"]}}],"collection":[{"href":"https:\/\/tuaregviatges.es\/viajes\/wp-json\/wp\/v2\/posts"}],"about":[{"href":"https:\/\/tuaregviatges.es\/viajes\/wp-json\/wp\/v2\/types\/post"}],"author":[{"embeddable":true,"href":"https:\/\/tuaregviatges.es\/viajes\/wp-json\/wp\/v2\/users\/1"}],"replies":[{"embeddable":true,"href":"https:\/\/tuaregviatges.es\/viajes\/wp-json\/wp\/v2\/comments?post=11762"}],"version-history":[{"count":17,"href":"https:\/\/tuaregviatges.es\/viajes\/wp-json\/wp\/v2\/posts\/11762\/revisions"}],"predecessor-version":[{"id":12455,"href":"https:\/\/tuaregviatges.es\/viajes\/wp-json\/wp\/v2\/posts\/11762\/revisions\/12455"}],"wp:featuredmedia":[{"embeddable":true,"href":"https:\/\/tuaregviatges.es\/viajes\/wp-json\/wp\/v2\/media\/8712"}],"wp:attachment":[{"href":"https:\/\/tuaregviatges.es\/viajes\/wp-json\/wp\/v2\/media?parent=11762"}],"wp:term":[{"taxonomy":"category","embeddable":true,"href":"https:\/\/tuaregviatges.es\/viajes\/wp-json\/wp\/v2\/categories?post=11762"},{"taxonomy":"post_tag","embeddable":true,"href":"https:\/\/tuaregviatges.es\/viajes\/wp-json\/wp\/v2\/tags?post=11762"}],"curies":[{"name":"wp","href":"https:\/\/api.w.org\/{rel}","templated":true}]}}