{"id":11793,"date":"2020-11-10T15:29:16","date_gmt":"2020-11-10T13:29:16","guid":{"rendered":"https:\/\/tuaregviatges.es\/viajes\/?p=11793"},"modified":"2021-02-18T16:26:07","modified_gmt":"2021-02-18T14:26:07","slug":"no-hay-planeta-b-capitulo-3","status":"publish","type":"post","link":"https:\/\/tuaregviatges.es\/viajes\/no-hay-planeta-b-capitulo-3\/","title":{"rendered":"No hay planeta B &#8211; Cap\u00edtulo 3"},"content":{"rendered":"<p>Si hay algo con lo que cualquier viajer@ estar\u00e1 de acuerdo, es que el mundo que nos rodea es maravilloso. Y precisamente nosotros, que conocemos su belleza, sabemos tambi\u00e9n de la importancia de preservarlo. Pero nadie nace ense\u00f1ado, y a veces es complicado saber de qu\u00e9 modo podemos ayudar a la conservaci\u00f3n de nuestro planeta. Por ello, continuamos con \u00ab<strong>No hay planeta B<\/strong>\u00ab, una serie de publicaciones en la que trataremos de dar consejos sobre acciones que pueden ayudarnos a conservar nuestro maravilloso mundo.<!--more--><\/p>\n<h2>Cap\u00edtulo 3: Lo que hemos aprendido<\/h2>\n<p>Nunca pensamos, cuando iniciamos esta serie de publicaciones, todo <strong>lo que a\u00fan nos quedaba por aprender<\/strong>. Ha sido un a\u00f1o desastroso para muchos, tambi\u00e9n para nosotros. No obstante, aqu\u00ed estamos. Podr\u00edamos lamentarnos y quedarnos de brazos cruzados, pero nuestro car\u00e1cter nos ha empujado a seguir. Y en el camino, hemos recordado cosas que ocasiones se pierden de vista, <strong>y\u00a0hemos aprendido muchas cosas nuevas<\/strong>.<\/p>\n<h2><strong>1. El impacto positivo de vuestros viajes<\/strong><\/h2>\n<p>Ya lo sab\u00edamos. Nuestra actividad, vuestros viajes, son <strong>fundamentales para el trabajo de muchas personas<\/strong>, y de ellos dependen muchas fam\u00edlias. No solamente las nuestras (que tambi\u00e9n), pero tambi\u00e9n la de muchas personas alrededor del mundo.<\/p>\n<p>Hasta ahora, hab\u00edamos vivido situaciones en los que determinados destinos, debido a situaciones de guerra, pol\u00edticas, o a cat\u00e1strofes naturales, dejaban de recibir turismo de un d\u00eda para otro, dejando de repente a mucha gente sin posiblidad de trabajar. En ocasiones, pod\u00edamos permitirnos el lujo de echar una mano a aquellas personas que de un d\u00eda para otro se quedaban sin nada.<\/p>\n<p>Pero la situaci\u00f3n que estamos viviendo es algo sin precedentes, que afecta de modo global, y a todo el mundo; A nosotros, gu\u00edas, alojamientos, comunidades locales&#8230;, y con especial dureza a las peque\u00f1as empresas, comunidades y alojamientos locales. Nos damos cuenta, m\u00e1s que nunca, del desastre que supone detener nuestra actividad.<\/p>\n<p>De ello sacamos una clara reflexi\u00f3n; <strong>Viajar, siempre que pod\u00e1is hacerlo<\/strong>. Vuestros viajes son el pan de muchos.<\/p>\n<h2><strong>2. El impacto positivo de dejar de viajar<\/strong><\/h2>\n<p>La otra cara de la moneda es clara, y por poco que nos guste, es muy real. Detener la actividad tiene tambi\u00e9n<strong> un impacto positivo, esta vez sobre el medio ambiente<\/strong>. Y es algo que, aunque pod\u00edamos imaginarlo, esta situaci\u00f3n nos muestra de forma m\u00e1s evidente que nunca.<\/p>\n<p>En estos meses, el retroceso de la actividad humana<strong> ha permitido que la naturaleza recupere parte de su espacio<\/strong>, y nos ha acercado a un mundo que se parece mucho m\u00e1s al lugar en el que nos gustar\u00eda vivir. Es, sin duda, una oportunidad para ver con nuestros propios ojos el efecto de nuestra actividad diaria (no solamente los viajes), y de ver c\u00f3mo es el mundo si dejamos de comoportarnos c\u00f3mo venimos haciendo.<\/p>\n<p>Es por ello que es un buen momento para reflexionar, pensar en lo que hacemos bien y en aquello que podemos mejorar.<\/p>\n<h2><strong>3. La b\u00fasqueda del equilibrio<\/strong><\/h2>\n<p>Entendemos la sostenibilidad c\u00f3mo la b\u00fasqueda del equilibrio entre ambas cosas; Generar un impacto econ\u00f3mico positivo a la vez cuidamos nuestro entorno al m\u00e1ximo. Y la reflexi\u00f3n es clara, ambas cosas cosas est\u00e1n condenadas a coexistir. \u00a1No esperemos m\u00e1s!<\/p>\n<h2><strong>Sobre Tuareg Responsable<\/strong><\/h2>\n<p>En Tuareg adoptamos una postura activa en la lucha por la justicia social y la conservaci\u00f3n de nuestro entorno. La iniciativa <strong>Tuareg Responsable<\/strong> pretende promover proyectos que nos permitan aportar nuestro granito de arena para <b>hacer de nuestro mundo, un lugar mejor para todos. <a href=\"https:\/\/tuaregviatges.es\/tuareg_responsable\/?hrt=\">Saber m\u00e1s&#8230;<\/a><\/b><\/p>\n<p><img decoding=\"async\" class=\"aligncenter\" src=\"https:\/\/tuaregviatges.es\/viajes\/wp-content\/uploads\/2020\/03\/LOGO-TUAREG-RESPONSABLE-JPG-300x240.jpg\" \/><\/p>\n<p>&nbsp;<\/p>\n","protected":false},"excerpt":{"rendered":"<p>Si hay algo con lo que cualquier viajer@ estar\u00e1 de acuerdo, es que el mundo que nos rodea es maravilloso. Y precisamente nosotros, que conocemos su belleza, sabemos tambi\u00e9n de la importancia de preservarlo. Pero nadie nace ense\u00f1ado, y a veces es complicado saber de qu\u00e9 modo podemos ayudar a la conservaci\u00f3n de nuestro planeta. [&hellip;]<\/p>\n","protected":false},"author":1,"featured_media":11795,"comment_status":"closed","ping_status":"closed","sticky":false,"template":"","format":"standard","meta":{"footnotes":""},"categories":[1],"tags":[690],"class_list":["post-11793","post","type-post","status-publish","format-standard","has-post-thumbnail","hentry","category-general","tag-tuareg-responsable"],"_links":{"self":[{"href":"https:\/\/tuaregviatges.es\/viajes\/wp-json\/wp\/v2\/posts\/11793","targetHints":{"allow":["GET"]}}],"collection":[{"href":"https:\/\/tuaregviatges.es\/viajes\/wp-json\/wp\/v2\/posts"}],"about":[{"href":"https:\/\/tuaregviatges.es\/viajes\/wp-json\/wp\/v2\/types\/post"}],"author":[{"embeddable":true,"href":"https:\/\/tuaregviatges.es\/viajes\/wp-json\/wp\/v2\/users\/1"}],"replies":[{"embeddable":true,"href":"https:\/\/tuaregviatges.es\/viajes\/wp-json\/wp\/v2\/comments?post=11793"}],"version-history":[{"count":1,"href":"https:\/\/tuaregviatges.es\/viajes\/wp-json\/wp\/v2\/posts\/11793\/revisions"}],"predecessor-version":[{"id":11796,"href":"https:\/\/tuaregviatges.es\/viajes\/wp-json\/wp\/v2\/posts\/11793\/revisions\/11796"}],"wp:featuredmedia":[{"embeddable":true,"href":"https:\/\/tuaregviatges.es\/viajes\/wp-json\/wp\/v2\/media\/11795"}],"wp:attachment":[{"href":"https:\/\/tuaregviatges.es\/viajes\/wp-json\/wp\/v2\/media?parent=11793"}],"wp:term":[{"taxonomy":"category","embeddable":true,"href":"https:\/\/tuaregviatges.es\/viajes\/wp-json\/wp\/v2\/categories?post=11793"},{"taxonomy":"post_tag","embeddable":true,"href":"https:\/\/tuaregviatges.es\/viajes\/wp-json\/wp\/v2\/tags?post=11793"}],"curies":[{"name":"wp","href":"https:\/\/api.w.org\/{rel}","templated":true}]}}