{"id":12057,"date":"2021-06-23T14:41:09","date_gmt":"2021-06-23T12:41:09","guid":{"rendered":"https:\/\/tuaregviatges.es\/viajes\/?p=12057"},"modified":"2021-06-22T15:02:24","modified_gmt":"2021-06-22T13:02:24","slug":"donde-viajar-en-verano-viaje-recomendado-eslovenia","status":"publish","type":"post","link":"https:\/\/tuaregviatges.es\/viajes\/donde-viajar-en-verano-viaje-recomendado-eslovenia\/","title":{"rendered":"Verano 2021 \u00bfD\u00f3nde viajar? Viaje recomendado Eslovenia"},"content":{"rendered":"<p><strong>Eslovenia<\/strong> es un peque\u00f1o pa\u00eds con una envidiable posici\u00f3n geogr\u00e1fica entre los majestuosos Alpes y el Mediterr\u00e1neo. Conocida como la Europa en miniatura, Eslovenia posee espectaculares monta\u00f1as, exuberantes bosques y una peque\u00f1a costa.<\/p>\n<p>Con un 60% de su territorio cubierto de vegetaci\u00f3n, Eslovenia es el para\u00edso para cualquier amante de la naturaleza. Monta\u00f1as, r\u00edos, cascadas y paisajes de ensue\u00f1o, son el escenario perfecto para una infinidad de actividades al aire libre.<!--more--><\/p>\n<blockquote><p>Con las ganas de <a href=\"https:\/\/tuaregviatges.es\/viajes_verano.html\">viajar en verano<\/a>,\u00a0Eslovenia es el pa\u00eds perfecto para disfrutar de unas vacaciones sin aglomeraciones y en la naturaleza.<\/p><\/blockquote>\n<p>Adem\u00e1s, sus continuados esfuerzos para lograr un modelo tur\u00edstico sostenible, garantizan la conservaci\u00f3n de sus paisajes y hacen que <strong>Eslovenia sea uno de nuestros destinos de naturaleza favoritos<\/strong>.<\/p>\n<h3><a href=\"https:\/\/tuaregviatges.es\/europa_eslovenia.html\">Viajes Eslovenia verano<\/a><\/h3>\n<div style=\"width: 100%;\">\n<div style=\"margin-top: 20PX; width: 100%; background-color: #96a610; color: #ffffff; font-size: 20px; padding: 3px; text-align: left:;\"><span style=\"padding-left: 30px;\"><a style=\"color: #ffffff;\" title=\"Viajes a Eslovenia\" href=\"https:\/\/tuaregviatges.es\/europa\/viajes_a_eslovenia\/Lo_Mejor_de_los_Alpes_Julianos-1.htm\"><span style=\"color: #ffffff; position: aboslute;\">Trekking por los Alpes Julianos<\/span><\/a><\/span><\/div>\n<div style=\"float: RIGHT; margin-top: -100PX; width: 30%;\">\n<p><img decoding=\"async\" src=\"https:\/\/tuaregviatges.es\/rutas\/comoviajamos\/CVtrekkingG.png\" \/><\/p>\n<\/div>\n<\/div>\n<div style=\"margin-top: 20PX; margin-bottom: 10px;\"><span style=\"color: #e39219;\">&gt; <a title=\"Viajes a Eslovenia\" href=\"https:\/\/tuaregviatges.es\/europa_eslovenia.html\">Viaje a Eslovenia<\/a> en grupo reducido<\/span><br \/>\n<span style=\"color: #e39219;\"> &gt; Trekking de 8 dias<\/span><br \/>\n<span style=\"color: #e39219;\"> &gt; Salidas 10, 24 JUL<span class=\"cl_vermellteula\">\u00a0&gt;\u00a0<\/span>7, 21 AGO 2021<br \/>\n&gt; <strong>Precio a partir de 1.340\u00a0\u20ac<\/strong><\/span><\/div>\n<p>Monta\u00f1as, bosques alpinos, cuevas y r\u00edos con aguas turquesas. Observaremos la cara norte del Triglav desde el valle de Vrata y nos refrescaremos en la imponente cascada de Pericnik. Descubriremos algunos de los secretos del valle del Soca, donde el r\u00edo forma preciosas piscinas y saltos de agua en sus gargantas.<\/p>\n<blockquote><p>Una ruta que nos revelar\u00e1 los mejores caminos y rincones de los Alpes Eslovenos y del Parque Nacional de Triglav.<\/p><\/blockquote>\n<figure id=\"attachment_12061\" class=\"thumbnail wp-caption aligncenter\" style=\"width: 710px\"><a href=\"https:\/\/tuaregviatges.es\/europa_eslovenia.html\"><img loading=\"lazy\" decoding=\"async\" class=\"size-full wp-image-12061\" src=\"https:\/\/tuaregviatges.es\/viajes\/wp-content\/uploads\/2021\/06\/Slotrips.jpg\" alt=\"Senderismo por los parques naturales - Autor Slotrips\" width=\"700\" height=\"467\" srcset=\"https:\/\/tuaregviatges.es\/viajes\/wp-content\/uploads\/2021\/06\/Slotrips.jpg 700w, https:\/\/tuaregviatges.es\/viajes\/wp-content\/uploads\/2021\/06\/Slotrips-300x200.jpg 300w\" sizes=\"auto, (max-width: 700px) 100vw, 700px\" \/><\/a><figcaption class=\"caption wp-caption-text\">Senderismo por los parques naturales &#8211; Autor Slotrips<\/figcaption><\/figure>\n<div style=\"width: 100%;\">\n<div style=\"margin-top: 20PX; width: 100%; background-color: #96a610; color: #ffffff; font-size: 20px; padding: 3px; text-align: left:;\"><span style=\"padding-left: 30px;\"><a style=\"color: #ffffff;\" title=\"Viajes a Eslovenia\" href=\"https:\/\/tuaregviatges.es\/europa\/viajes_a_eslovenia\/Lo_Mejor_de_los_Alpes_Julianos.htm\"><span style=\"color: #ffffff; position: aboslute;\">Senderismo por los parques naturales<\/span><\/a><\/span><\/div>\n<div style=\"float: RIGHT; margin-top: -100PX; width: 30%;\">\n<p><img decoding=\"async\" src=\"https:\/\/tuaregviatges.es\/rutas\/comoviajamos\/CVtrekkingG.png\" \/><\/p>\n<\/div>\n<\/div>\n<div style=\"margin-top: 20PX; margin-bottom: 10px;\"><span style=\"color: #e39219;\">&gt; <a title=\"Viajes a Eslovenia\" href=\"https:\/\/tuaregviatges.es\/europa_eslovenia.html\">Viaje a Eslovenia<\/a> en grupo reducido<\/span><br \/>\n<span style=\"color: #e39219;\"> &gt; Viaje de senderismo de 8 dias<\/span><br \/>\n<span style=\"color: #e39219;\"> &gt; Salidas 17, 31 JUL<span class=\"cl_vermellteula\">\u00a0&gt;\u00a0<\/span>7, 17 AGO<span class=\"cl_vermellteula\">\u00a0&gt;\u00a0<\/span>4, 11 SEP 2021<br \/>\n&gt; Precio a partir de<strong> 1.340\u00a0\u20ac<\/strong><\/span><\/div>\n<p>Caminatas durante 6 jornadas por los m\u00e1s espectaculares parques nacionales de Eslovenia.<\/p>\n<p><strong>\u2022Bled &gt;&gt;<\/strong> En medio de un lago rodeado de monta\u00f1as; una de las ciudades m\u00e1s bonitas de Europa central.<br \/>\n<strong>\u2022Liubliana &gt;&gt;<\/strong> Una ciudad tranquila y agradable.<br \/>\n<strong>\u2022El r\u00edo Soca&gt;&gt;<\/strong>\u00a0 Dicen de sus aguas color esmeralda, que son tan claras y brillantes que da\u00f1a los ojos.<\/p>\n<figure id=\"attachment_10666\" class=\"thumbnail wp-caption aligncenter\" style=\"width: 658px\"><a href=\"https:\/\/tuaregviatges.es\/europa\/viajes_a_eslovenia\/Lo_Mejor_de_los_Alpes_Julianos.htm\"><img loading=\"lazy\" decoding=\"async\" class=\"wp-image-10666 size-large\" src=\"https:\/\/tuaregviatges.es\/viajes\/wp-content\/uploads\/2020\/05\/ESLOVENIA-BLOG-ok-1024x560.jpg\" alt=\"Noticia. Eslovenia abre sus fronteras\" width=\"648\" height=\"354\" srcset=\"https:\/\/tuaregviatges.es\/viajes\/wp-content\/uploads\/2020\/05\/ESLOVENIA-BLOG-ok-1024x560.jpg 1024w, https:\/\/tuaregviatges.es\/viajes\/wp-content\/uploads\/2020\/05\/ESLOVENIA-BLOG-ok-300x164.jpg 300w, https:\/\/tuaregviatges.es\/viajes\/wp-content\/uploads\/2020\/05\/ESLOVENIA-BLOG-ok-768x420.jpg 768w, https:\/\/tuaregviatges.es\/viajes\/wp-content\/uploads\/2020\/05\/ESLOVENIA-BLOG-ok-750x410.jpg 750w, https:\/\/tuaregviatges.es\/viajes\/wp-content\/uploads\/2020\/05\/ESLOVENIA-BLOG-ok-1140x624.jpg 1140w, https:\/\/tuaregviatges.es\/viajes\/wp-content\/uploads\/2020\/05\/ESLOVENIA-BLOG-ok.jpg 1500w\" sizes=\"auto, (max-width: 648px) 100vw, 648px\" \/><\/a><figcaption class=\"caption wp-caption-text\">Noticia. Eslovenia abre sus fronteras<\/figcaption><\/figure>\n<p><script type=\"application\/ld+json\">\n{\n  \"@context\": \"http:\/\/schema.org\",\n  \"@type\": \"BreadcrumbList\",\n  \"itemListElement\": [{\n    \"@type\": \"ListItem\",\n    \"position\": 1,\n    \"item\": {\n      \"@id\": \"https:\/\/tuaregviatges.es\",\n      \"name\": \"Viajes Tuareg\",\n      \"image\": \"https:\/\/tuaregviatges.es\/fotos\/logotuareg.png\"\n    }\n  },{\n    \"@type\": \"ListItem\",\n    \"position\": 2,\n    \"item\": {\n      \"@id\": \"https:\/\/tuaregviatges.es\/europa_eslovenia.html\",\n      \"name\": \"? Eslovenia\"\n    }\n  },{\n    \"@type\": \"ListItem\",\n    \"position\": 3,\n    \"item\": {\n      \"@id\": \"donde-viajar-en-verano-viaje-recomendado-eslovenia\",\n      \"name\": \"Viajes Verano\"\n   }\n  }\n ]\n}\n<\/script><br \/>\n<script type=\"application\/ld+json\">\n{\n  \"@context\": \"http:\/\/schema.org\",\n  \"@type\": \"Event\",\n\"organizer\": {\n    \"@type\": \"Organization\",\n    \"name\": \"Viajes Tuareg\",\n    \"url\": \"https:\/\/tuaregviatges.es\/\"\n  },\n  \"eventAttendanceMode\": \"https:\/\/schema.org\/onlineEventAttendanceMode\",\n  \"eventStatus\": \"https:\/\/schema.org\/EventScheduled\",\n  \"name\": \"Senderismo Eslovenia\",\n  \"description\": \"Caminatas durante 6 jornadas por los m\u00e1s espectaculares parques nacionales de Eslovenia, siguiendo senderos de poca dificultad t\u00e9cnica y poco desnivel\",\n  \"image\": \"https:\/\/tuaregviatges.es\/europa\/viajes_a_eslovenia\/thumbg\/viajes_a_Lo_Mejor_de_los_Alpes_Julianos-1.jpg\",\n  \"url\": \"https:\/\/tuaregviatges.es\/europa\/viajes_a_eslovenia\/Lo_Mejor_de_los_Alpes_Julianos.htm\",\n  \"startDate\": \"2021-07-17\",\n  \"endDate\": \"2021-09-19\",\n  \"performer\": {\n    \"@type\": \"PerformingGroup\",\n    \"name\": \"Viaje a Eslovenia\"\n  },\n  \"location\": {\n    \"@type\": \"Place\",\n    \"name\": \"Eslovenia\",\n    \"address\": {\n      \"@type\": \"PostalAddress\",\n      \"streetAddress\": \"\",\n      \"addressLocality\": \"\",\n      \"postalCode\": \"\",\n      \"addressCountry\": \"SI\"\n    }\n  },\n  \"offers\": [{\n    \"@type\": \"Offer\",\n  \"name\": \"Senderismo Eslovenia\",\n  \"description\": \"Caminatas durante 6 jornadas por los m\u00e1s espectaculares parques nacionales de Eslovenia, siguiendo senderos de poca dificultad t\u00e9cnica y poco desnivel\",\n  \"image\": \"https:\/\/tuaregviatges.es\/europa\/viajes_a_eslovenia\/thumbg\/viajes_a_Lo_Mejor_de_los_Alpes_Julianos-1.jpg\",\n  \"url\": \"https:\/\/tuaregviatges.es\/europa\/viajes_a_eslovenia\/Lo_Mejor_de_los_Alpes_Julianos.htm\",\n    \"price\": \"1.340\",\n    \"priceCurrency\": \"EUR\",\n    \"validFrom\": \"2021-06-01T00:00\",\n    \"availability\": \"http:\/\/schema.org\/PreOrder\"\n  }]\n}\n<\/script><br \/>\n<script type=\"application\/ld+json\">\n{\n  \"@context\": \"http:\/\/schema.org\",\n  \"@type\": \"Event\",\n\"organizer\": {\n    \"@type\": \"Organization\",\n    \"name\": \"Viajes Tuareg\",\n    \"url\": \"https:\/\/tuaregviatges.es\/\"\n  },\n  \"eventAttendanceMode\": \"https:\/\/schema.org\/onlineEventAttendanceMode\",\n  \"eventStatus\": \"https:\/\/schema.org\/EventScheduled\",\n  \"name\": \"Trekking Eslovenia\",\n  \"description\": \"Proponemos una ruta de trekking que nos revelar\u00e1 los mejores caminos y rincones de los Alpes Eslovenos y del Parque Nacional de Triglav\",\n  \"image\": \"https:\/\/tuaregviatges.es\/europa\/viajes_a_eslovenia\/thumbg\/viajes_a_Lo_Mejor_de_los_Alpes_Julianos-1-1.jpg\",\n  \"url\": \"https:\/\/tuaregviatges.es\/europa\/viajes_a_eslovenia\/Lo_Mejor_de_los_Alpes_Julianos-1.htm\",\n  \"startDate\": \"2021-07-10\",\n  \"endDate\": \"2021-08-28\",\n  \"performer\": {\n    \"@type\": \"PerformingGroup\",\n    \"name\": \"Viaje a Eslovenia\"\n  },\n  \"location\": {\n    \"@type\": \"Place\",\n    \"name\": \"Eslovenia\",\n    \"address\": {\n      \"@type\": \"PostalAddress\",\n      \"streetAddress\": \"\",\n      \"addressLocality\": \"\",\n      \"postalCode\": \"\",\n      \"addressCountry\": \"SI\"\n    }\n  },\n  \"offers\": [{\n    \"@type\": \"Offer\",\n  \"name\": \"Trekking Eslovenia\",\n    \"description\": \"Proponemos una ruta de trekking que nos revelar\u00e1 los mejores caminos y rincones de los Alpes Eslovenos y del Parque Nacional de Triglav\",\n  \"image\": \"https:\/\/tuaregviatges.es\/europa\/viajes_a_eslovenia\/thumbg\/viajes_a_Lo_Mejor_de_los_Alpes_Julianos-1-1.jpg\",\n  \"url\": \"https:\/\/tuaregviatges.es\/europa\/viajes_a_eslovenia\/Lo_Mejor_de_los_Alpes_Julianos-1.htm\",\n    \"price\": \"1.340\",\n    \"priceCurrency\": \"EUR\",\n    \"validFrom\": \"2021-06-01\",\n    \"availability\": \"http:\/\/schema.org\/PreOrder\"\n  }]\n}\n<\/script><\/p>\n<p><script type=\"application\/ld+json\">\n{\n  \"@context\": \"http:\/\/schema.org\",\n  \"@type\": \"Event\",\n  \"organizer\": {\n    \"@type\": \"Organization\",\n    \"name\": \"Viajes Tuareg\",\n    \"url\": \"https:\/\/tuaregviatges.es\/\"\n  },\n  \"eventAttendanceMode\": \"https:\/\/schema.org\/onlineEventAttendanceMode\",\n  \"eventStatus\": \"https:\/\/schema.org\/EventScheduled\",\n  \"name\": \"Eslovenia agosto\",\n  \"description\": \"Eslovenia en agosto. La ruta de Mestia a Ushguli son 5 jornadas de caminatas moderadas y trekking por los Alpes Julianos\",\n  \"image\": \"https:\/\/tuaregviatges.es\/asia\/viajes_a_georgia\/thumbg\/viajes_a_Trekking_en_el_Caucaso-2.jpg\",\n  \"url\": \"https:\/\/tuaregviatges.es\/europa_eslovenia.html\",\n  \"startDate\": \"2021-07-31\",\n  \"endDate\": \"2021-08-24\",\n  \"performer\": {\n    \"@type\": \"PerformingGroup\",\n    \"name\": \"Viaje a Eslovenia\"\n  },\n  \"location\": {\n    \"@type\": \"Place\",\n    \"name\": \"Eslovenia\",\n    \"address\": {\n      \"@type\": \"PostalAddress\",\n      \"streetAddress\": \"\",\n      \"addressLocality\": \"\",\n      \"postalCode\": \"\",\n      \"addressCountry\": \"SI\"\n    }\n  },\n  \"offers\": [{\n    \"@type\": \"Offer\",\n  \"name\": \"Eslovenia agosto\",\n  \"description\": \"Eslovenia en agosto. La ruta de Mestia a Ushguli son 5 jornadas de caminatas moderadas y trekking por los Alpes Julianos\",\n  \"image\": \"https:\/\/tuaregviatges.es\/asia\/viajes_a_georgia\/thumbg\/viajes_a_Trekking_en_el_Caucaso-2.jpg\",\n  \"url\": \"https:\/\/tuaregviatges.es\/europa_eslovenia.html\",\n    \"price\": \"1.340\",\n    \"priceCurrency\": \"EUR\",\n    \"validFrom\": \"2021-06-01T00:00\",\n    \"availability\": \"http:\/\/schema.org\/PreOrder\"\n  }]\n}\n<\/script><\/p>\n","protected":false},"excerpt":{"rendered":"<p>Eslovenia es un peque\u00f1o pa\u00eds con una envidiable posici\u00f3n geogr\u00e1fica entre los majestuosos Alpes y el Mediterr\u00e1neo. Conocida como la Europa en miniatura, Eslovenia posee espectaculares monta\u00f1as, exuberantes bosques y una peque\u00f1a costa. Con un 60% de su territorio cubierto de vegetaci\u00f3n, Eslovenia es el para\u00edso para cualquier amante de la naturaleza. Monta\u00f1as, r\u00edos, cascadas [&hellip;]<\/p>\n","protected":false},"author":1,"featured_media":10664,"comment_status":"closed","ping_status":"closed","sticky":false,"template":"","format":"standard","meta":{"footnotes":""},"categories":[458,623,20,684],"tags":[711,502,642],"class_list":["post-12057","post","type-post","status-publish","format-standard","has-post-thumbnail","hentry","category-a-pie","category-eslovenia","category-trekking","category-viajar-por-1000-euros","tag-eslovenia","tag-viajes-en-grupo","tag-viajes-verano"],"_links":{"self":[{"href":"https:\/\/tuaregviatges.es\/viajes\/wp-json\/wp\/v2\/posts\/12057","targetHints":{"allow":["GET"]}}],"collection":[{"href":"https:\/\/tuaregviatges.es\/viajes\/wp-json\/wp\/v2\/posts"}],"about":[{"href":"https:\/\/tuaregviatges.es\/viajes\/wp-json\/wp\/v2\/types\/post"}],"author":[{"embeddable":true,"href":"https:\/\/tuaregviatges.es\/viajes\/wp-json\/wp\/v2\/users\/1"}],"replies":[{"embeddable":true,"href":"https:\/\/tuaregviatges.es\/viajes\/wp-json\/wp\/v2\/comments?post=12057"}],"version-history":[{"count":7,"href":"https:\/\/tuaregviatges.es\/viajes\/wp-json\/wp\/v2\/posts\/12057\/revisions"}],"predecessor-version":[{"id":12070,"href":"https:\/\/tuaregviatges.es\/viajes\/wp-json\/wp\/v2\/posts\/12057\/revisions\/12070"}],"wp:featuredmedia":[{"embeddable":true,"href":"https:\/\/tuaregviatges.es\/viajes\/wp-json\/wp\/v2\/media\/10664"}],"wp:attachment":[{"href":"https:\/\/tuaregviatges.es\/viajes\/wp-json\/wp\/v2\/media?parent=12057"}],"wp:term":[{"taxonomy":"category","embeddable":true,"href":"https:\/\/tuaregviatges.es\/viajes\/wp-json\/wp\/v2\/categories?post=12057"},{"taxonomy":"post_tag","embeddable":true,"href":"https:\/\/tuaregviatges.es\/viajes\/wp-json\/wp\/v2\/tags?post=12057"}],"curies":[{"name":"wp","href":"https:\/\/api.w.org\/{rel}","templated":true}]}}