{"id":12086,"date":"2021-07-01T15:00:17","date_gmt":"2021-07-01T13:00:17","guid":{"rendered":"https:\/\/tuaregviatges.es\/viajes\/?p=12086"},"modified":"2021-07-01T15:00:17","modified_gmt":"2021-07-01T13:00:17","slug":"verano-donde-viajar-viaje-recomendado-trekking-en-kirguistan","status":"publish","type":"post","link":"https:\/\/tuaregviatges.es\/viajes\/verano-donde-viajar-viaje-recomendado-trekking-en-kirguistan\/","title":{"rendered":"Verano 2021 \u00bfD\u00f3nde viajar? Trekking en Kirguist\u00e1n viaje recomendado"},"content":{"rendered":"<p>Situado entre los desiertos uzbekos y las estepas kazajas, Kirguist\u00e1n es popularmente conocido como \u201cla Suiza de Asia\u201d, por albergar <strong>dos grandes cordilleras como el Tien Shan y el Pamir<\/strong>. Kirguist\u00e1n ha sido siempre tierra de n\u00f3madas y testimonio de ello son los numerosos campamentos que se montan durante los meses de verano y donde pasaremos muchas de las noches de nuestros trekkings.<!--more--><\/p>\n<div style=\"width: 100%;\">\n<div style=\"margin-top: 30PX; width: 100%; background-color: #96a610; color: #ffffff; font-size: 20px; padding: 3px; text-align: left:;\"><a style=\"color: #ffffff;\" title=\"Viaje a Uzbekist\u00e1n\" href=\"https:\/\/tuaregviatges.es\/asia\/viajes_a_kirguistan\/Kirguistan-4.htm\"> &gt;&gt; Trekking hasta el coraz\u00f3n del Tien Shan<\/a><\/div>\n<div style=\"background-color: #be6521; color: #ffffff; font-size: 14px; margin: 3px; padding: 2px 6px; width: 100%; text-align: center;\"><a style=\"color: #ffffff;\" href=\"https:\/\/tuaregviatges.es\/asia\/viajes_a_kirguistan\/Kirguistan-4.htm\">Salidas y precios<\/a><\/div>\n<div style=\"float: RIGHT; width: 30%;\">\n<p><img decoding=\"async\" src=\"https:\/\/tuaregviatges.es\/rutas\/comoviajamos\/CVtrekkingP.png\" \/><\/p>\n<\/div>\n<div style=\"margin-bottom: 10px;\"><span style=\"color: #e39219;\">&gt; Trekking Kirguist\u00e1n.<br \/>\n&gt; Viaje de 15 d\u00edas.<br \/>\n&gt; Salidas 10, 28 JUL<span class=\"cl_vermellteula\">\u00a0&gt;\u00a0<\/span>7 AGO 2021<br \/>\n&gt; <strong>A partir de 2.250\u20ac<\/strong><\/span><\/div>\n<div>Trekking en Kirguistan siguiendo el glaciar Inilcheck hasta el campo base de las cumbres imponentes del Khan Tengri (7.010m) y Pobeda (7.439m), los dos mayores picos de la Cordillera de Tien Shan.<\/div>\n<div><img decoding=\"async\" class=\"aligncenter\" src=\"https:\/\/tuaregviatges.es\/asia\/viajes_a_kirguistan\/mapa\/Kirguistan-4.jpg\" alt=\"Kirguist\u00e1n + Trekking hasta el coraz\u00f3n del Tien Shan\" \/><\/div>\n<div>\n<div style=\"width: 100%;\">\n<div style=\"margin-top: 30PX; width: 100%; background-color: #96a610; color: #ffffff; font-size: 20px; padding: 3px; text-align: left:;\"><a style=\"color: #ffffff;\" title=\"Viaje a Uzbekist\u00e1n\" href=\"https:\/\/tuaregviatges.es\/asia\/viajes_a_kirguistan\/Kirguistan-3.htm\"> &gt;&gt; Trekking Patagonia en Asia<\/a><\/div>\n<div style=\"background-color: #be6521; color: #ffffff; font-size: 14px; margin: 3px; padding: 2px 6px; width: 100%; text-align: center;\"><a style=\"color: #ffffff;\" href=\"https:\/\/tuaregviatges.es\/asia\/viajes_a_kirguistan\/Kirguistan-3.htm\">Salidas y precios<\/a><\/div>\n<div style=\"float: RIGHT; width: 30%;\">\n<p><img decoding=\"async\" src=\"https:\/\/tuaregviatges.es\/rutas\/comoviajamos\/CVtrekkingP.png\" \/><\/p>\n<\/div>\n<div style=\"margin-bottom: 10px;\"><span style=\"color: #e39219;\">&gt; Trekking Kirguist\u00e1n.<br \/>\n&gt; Viaje de 15 d\u00edas.<br \/>\n&gt; Salidas 23 JUL<span class=\"cl_vermellteula\">\u00a0&gt;\u00a0<\/span>5 AGO 2021<br \/>\n&gt; <strong>A partir de 2.300\u20ac<\/strong><\/span><\/div>\n<div>Este trekking en Kirguist\u00e1n es una buena opci\u00f3n para excursionistas con experiencia de senderismo inicial en altitudes superiores a los 3000 metros, as\u00ed como aquellos con buena condici\u00f3n f\u00edsica.<\/div>\n<div><\/div>\n<div><img decoding=\"async\" class=\"aligncenter\" src=\"https:\/\/tuaregviatges.es\/asia\/viajes_a_kirguistan\/mapa\/Kirguistan-3.jpg\" alt=\"Kirguist\u00e1n + Trekking Patagonia en Asia\" \/><\/div>\n<div>\n<div style=\"width: 100%;\">\n<div style=\"margin-top: 30PX; width: 100%; background-color: #96a610; color: #ffffff; font-size: 20px; padding: 3px; text-align: left:;\"><a style=\"color: #ffffff;\" title=\"Viaje a Uzbekist\u00e1n\" href=\"https:\/\/tuaregviatges.es\/asia\/viajes_a_kirguistan\/Kirguistan-2.htm\"> &gt;&gt; Trekking senderos del Terskey Ala Too<\/a><\/div>\n<div style=\"background-color: #be6521; color: #ffffff; font-size: 14px; margin: 3px; padding: 2px 6px; width: 100%; text-align: center;\"><a style=\"color: #ffffff;\" href=\"https:\/\/tuaregviatges.es\/asia\/viajes_a_kirguistan\/Kirguistan-2.htm\">Salidas y precios<\/a><\/div>\n<div style=\"float: RIGHT; width: 30%;\">\n<p><img decoding=\"async\" src=\"https:\/\/tuaregviatges.es\/rutas\/comoviajamos\/CVtrekkingP.png\" \/><\/p>\n<\/div>\n<div style=\"margin-bottom: 10px;\"><span style=\"color: #e39219;\">&gt; Trekking Kirguist\u00e1n.<br \/>\n&gt; Viaje de 12 d\u00edas.<br \/>\n&gt; Salidas 4\u00a0AGO 2021<br \/>\n&gt; <strong>A partir de 2.180\u20ac<\/strong><\/span><\/div>\n<div>Trekking por los desfiladeros de la cordillera del Terskei Ala Too, con unos de los paisajes de monta\u00f1a m\u00e1s espl\u00e9ndidos del Tien Shan. Caminatas diarias\u00a0 de entre 5 y 7 horas con desniveles pronunciados.<\/div>\n<div><\/div>\n<div><img decoding=\"async\" class=\"aligncenter\" src=\"https:\/\/tuaregviatges.es\/asia\/viajes_a_kirguistan\/mapa\/Kirguistan-2.jpg\" alt=\"Kirguist\u00e1n + Trekking - Los senderos del Terskey Ala Too\" \/><\/div>\n<\/div>\n<\/div>\n<blockquote>\n<div>Trekkings recomendados para personas acostumbradas a caminar por alta monta\u00f1a.<\/div>\n<\/blockquote>\n<div>\n<div style=\"width: 100%;\">\n<div class=\"col_img\">\n<div class=\"galeria_desti_g_foto\">\n<figure class=\"thumbnail wp-caption alignnone\" style=\"width: 710px\"><a class=\"galeria cboxElement\" style=\"margin: 0px; padding: 0px; text-decoration: none; color: #f7f8f7; border: none; cursor: pointer; outline: none;\" title=\"&lt;span class=cbtuaregtitol&gt;Yeti Orguz ca\u00f1on 1&lt;\/span&gt; &lt;b&gt;Autor:Carolina Ramirez&lt;\/b&gt;\" href=\"https:\/\/tuaregviatges.es\/asia_kyrgyzstan.html\"><img loading=\"lazy\" decoding=\"async\" title=\"Viajes a Kirguist\u00e1n\" src=\"https:\/\/tuaregviatges.es\/fotografia\/viajes_a_asia_kyrgyzstan-1.jpg\" alt=\"Fotos de Kirguist\u00e1n autor: Carolina Ramirez\" width=\"700\" height=\"525\" \/><\/a><figcaption class=\"caption wp-caption-text\">Trekking en Kirguist\u00e1n autor: Carolina Ramirez<\/figcaption><\/figure>\n<\/div>\n<div class=\"galeria_desti_g_foto_autor cl_gris\"><\/div>\n<\/div>\n<div class=\"col_blanc\"><\/div>\n<div class=\"col_img\">\n<div class=\"galeria_desti_g_foto\">\n<figure class=\"thumbnail wp-caption alignnone\" style=\"width: 710px\"><a class=\"galeria cboxElement\" style=\"margin: 0px; padding: 0px; text-decoration: none; color: #f7f8f7; border: none; cursor: pointer; outline: none;\" title=\"&lt;span class=cbtuaregtitol&gt;Yeti Orguz ca\u00f1on&lt;\/span&gt; &lt;b&gt;Autor:Miquel Lliberia&lt;\/b&gt;\" href=\"https:\/\/tuaregviatges.es\/asia_kyrgyzstan.html\"><img loading=\"lazy\" decoding=\"async\" title=\"Trekking en Kirguist\u00e1n\" src=\"https:\/\/tuaregviatges.es\/fotografia\/viajes_a_asia_kyrgyzstan-2.jpg\" alt=\"Trekking en Kirguist\u00e1n autor: Miquel Lliberia\" width=\"700\" height=\"413\" \/><\/a><figcaption class=\"caption wp-caption-text\">Viaje a Kirguist\u00e1n autor: Miquel Lliberia<\/figcaption><\/figure>\n<\/div>\n<div class=\"galeria_desti_g_foto_autor cl_gris\"><\/div>\n<\/div>\n<div class=\"col_blanc\"><\/div>\n<div class=\"col_img\">\n<div class=\"galeria_desti_g_foto\">\n<figure class=\"thumbnail wp-caption alignnone\" style=\"width: 710px\"><a class=\"galeria cboxElement\" style=\"margin: 0px; padding: 0px; text-decoration: none; color: #f7f8f7; border: none; cursor: pointer; outline: none;\" title=\"&lt;span class=cbtuaregtitol&gt;Poblacion local&lt;\/span&gt; &lt;b&gt;Autor:Juan M Truchuelo&lt;\/b&gt;\" href=\"https:\/\/tuaregviatges.es\/asia_kyrgyzstan.html\"><img loading=\"lazy\" decoding=\"async\" title=\"Trekking Kirguist\u00e1n\" src=\"https:\/\/tuaregviatges.es\/fotografia\/viajes_a_asia_kyrgyzstan-3.jpg\" alt=\"Trekking Kirguist\u00e1n autor: Juan M Truchuelo\" width=\"700\" height=\"388\" \/><\/a><figcaption class=\"caption wp-caption-text\">Kirguist\u00e1n autor: Juan M Truchuelo<\/figcaption><\/figure>\n<\/div>\n<div class=\"galeria_desti_g_foto_autor cl_gris\"><\/div>\n<\/div>\n<div class=\"col_img\">\n<div class=\"galeria_desti_g_foto\">\n<figure class=\"thumbnail wp-caption alignnone\" style=\"width: 710px\"><a class=\"galeria cboxElement\" style=\"margin: 0px; padding: 0px; text-decoration: none; color: #f7f8f7; border: none; cursor: pointer; outline: none;\" title=\"&lt;span class=cbtuaregtitol&gt;Son Kul&lt;\/span&gt; &lt;b&gt;Autor:Josep M Riera&lt;\/b&gt;\" href=\"https:\/\/tuaregviatges.es\/asia_kyrgyzstan.html\"><img loading=\"lazy\" decoding=\"async\" title=\"Trekking en Kirguist\u00e1n \" src=\"https:\/\/tuaregviatges.es\/fotografia\/viajes_a_asia_kyrgyzstan-4.jpg\" alt=\"Trekking en Kirguist\u00e1n autor: Josep M Riera\" width=\"700\" height=\"467\" \/><\/a><figcaption class=\"caption wp-caption-text\">Trekking en Kirguist\u00e1n autor: Josep M Riera<\/figcaption><\/figure>\n<\/div>\n<div class=\"galeria_desti_g_foto_autor cl_gris\"><\/div>\n<\/div>\n<div class=\"col_blanc\"><\/div>\n<div class=\"col_img\">\n<div class=\"galeria_desti_g_foto\">\n<figure class=\"thumbnail wp-caption alignnone\" style=\"width: 710px\"><a class=\"galeria cboxElement\" style=\"margin: 0px; padding: 0px; text-decoration: none; color: #f7f8f7; border: none; cursor: pointer; outline: none;\" title=\"&lt;span class=cbtuaregtitol&gt;Yety Oguz&lt;\/span&gt; &lt;b&gt;Autor:Magaly Barreiro&lt;\/b&gt;\" href=\"https:\/\/tuaregviatges.es\/asia_kyrgyzstan.html\"><img loading=\"lazy\" decoding=\"async\" title=\"Trekking en Kirguist\u00e1n\" src=\"https:\/\/tuaregviatges.es\/fotografia\/viajes_a_asia_kyrgyzstan-6.jpg\" alt=\"Trekking en Kirguist\u00e1n autor: Magaly Barreiro\" width=\"700\" height=\"420\" \/><\/a><figcaption class=\"caption wp-caption-text\">Kirguist\u00e1n autor: Magaly Barreiro<\/figcaption><\/figure>\n<\/div>\n<div class=\"galeria_desti_g_foto_autor cl_gris\"><\/div>\n<\/div>\n<div class=\"col_img\">\n<div class=\"galeria_desti_g_foto\">\n<figure class=\"thumbnail wp-caption alignnone\" style=\"width: 710px\"><a class=\"galeria cboxElement\" style=\"margin: 0px; padding: 0px; text-decoration: none; color: #f7f8f7; border: none; cursor: pointer; outline: none;\" title=\"&lt;span class=cbtuaregtitol&gt;Kyrgyzstan&lt;\/span&gt; &lt;b&gt;Autor:Magaly Barreiro&lt;\/b&gt;\" href=\"https:\/\/tuaregviatges.es\/asia_kyrgyzstan.html\"><img loading=\"lazy\" decoding=\"async\" title=\"Trekking en Kirguist\u00e1n\" src=\"https:\/\/tuaregviatges.es\/fotografia\/viajes_a_asia_kyrgyzstan-7.jpg\" alt=\"Trekking en Kirguist\u00e1n autor: Magaly Barreiro\" width=\"700\" height=\"318\" \/><\/a><figcaption class=\"caption wp-caption-text\">Trekking en Kirguist\u00e1n autor: Magaly Barreiro<\/figcaption><\/figure>\n<figure class=\"thumbnail wp-caption alignnone\" style=\"width: 710px\"><a href=\"https:\/\/tuaregviatges.es\/asia_kyrgyzstan.html\"><img loading=\"lazy\" decoding=\"async\" title=\"Trekking Kirguist\u00e1n\" src=\"https:\/\/tuaregviatges.es\/rutas\/galeria\/13723.jpg\" alt=\"Trekking Kirguist\u00e1n - Autor Ak Sai Travel\" width=\"700\" height=\"467\" \/><\/a><figcaption class=\"caption wp-caption-text\">Trekking Kirguist\u00e1n &#8211; Autor Ak Sai Travel<\/figcaption><\/figure>\n<div class=\"col_img\">\n<div class=\"gdf_autor cl_gris\"><\/div>\n<\/div>\n<div class=\"col_blanc\"><\/div>\n<div class=\"col_img\">\n<div class=\"gdf\">\n<figure class=\"thumbnail wp-caption alignnone\" style=\"width: 710px\"><a href=\"https:\/\/tuaregviatges.es\/asia_kyrgyzstan.html\"><img loading=\"lazy\" decoding=\"async\" title=\"Trekking Kirguist\u00e1n \" src=\"https:\/\/tuaregviatges.es\/rutas\/galeria\/13722.jpg\" alt=\"Trekking Kirguist\u00e1n - Autor Ak Sai Travel\" width=\"700\" height=\"467\" \/><\/a><figcaption class=\"caption wp-caption-text\">Trekking Kirguist\u00e1n &#8211; Autor Ak Sai Travel<\/figcaption><\/figure>\n<\/div>\n<div class=\"gdf_autor cl_gris\"><\/div>\n<\/div>\n<div class=\"col_blanc\"><\/div>\n<div class=\"col_img\">\n<div class=\"gdf\">\n<figure class=\"thumbnail wp-caption alignnone\" style=\"width: 710px\"><a href=\"https:\/\/tuaregviatges.es\/asia_kyrgyzstan.html\"><img loading=\"lazy\" decoding=\"async\" title=\"Trekking Kirguist\u00e1n\" src=\"https:\/\/tuaregviatges.es\/rutas\/galeria\/13721.jpg\" alt=\"Trekking Kirguist\u00e1n - Autor Ak Sai Travel\" width=\"700\" height=\"469\" \/><\/a><figcaption class=\"caption wp-caption-text\">Trekking Kirguist\u00e1n &#8211; Autor Ak Sai Travel<\/figcaption><\/figure>\n<\/div>\n<\/div>\n<div class=\"col_img\">\n<div class=\"gdf\"><\/div>\n<\/div>\n<\/div>\n<\/div>\n<\/div>\n<\/div>\n<\/div>\n<\/div>\n<\/div>\n","protected":false},"excerpt":{"rendered":"<p>Situado entre los desiertos uzbekos y las estepas kazajas, Kirguist\u00e1n es popularmente conocido como \u201cla Suiza de Asia\u201d, por albergar dos grandes cordilleras como el Tien Shan y el Pamir. Kirguist\u00e1n ha sido siempre tierra de n\u00f3madas y testimonio de ello son los numerosos campamentos que se montan durante los meses de verano y donde [&hellip;]<\/p>\n","protected":false},"author":1,"featured_media":4354,"comment_status":"closed","ping_status":"closed","sticky":false,"template":"","format":"standard","meta":{"footnotes":""},"categories":[602,685,257],"tags":[396,13,642],"class_list":["post-12086","post","type-post","status-publish","format-standard","has-post-thumbnail","hentry","category-kyrgyzstan","category-viajar-por-2000-euros","category-viajes-verano","tag-kyrgyzstan","tag-trekking","tag-viajes-verano"],"_links":{"self":[{"href":"https:\/\/tuaregviatges.es\/viajes\/wp-json\/wp\/v2\/posts\/12086","targetHints":{"allow":["GET"]}}],"collection":[{"href":"https:\/\/tuaregviatges.es\/viajes\/wp-json\/wp\/v2\/posts"}],"about":[{"href":"https:\/\/tuaregviatges.es\/viajes\/wp-json\/wp\/v2\/types\/post"}],"author":[{"embeddable":true,"href":"https:\/\/tuaregviatges.es\/viajes\/wp-json\/wp\/v2\/users\/1"}],"replies":[{"embeddable":true,"href":"https:\/\/tuaregviatges.es\/viajes\/wp-json\/wp\/v2\/comments?post=12086"}],"version-history":[{"count":12,"href":"https:\/\/tuaregviatges.es\/viajes\/wp-json\/wp\/v2\/posts\/12086\/revisions"}],"predecessor-version":[{"id":12098,"href":"https:\/\/tuaregviatges.es\/viajes\/wp-json\/wp\/v2\/posts\/12086\/revisions\/12098"}],"wp:featuredmedia":[{"embeddable":true,"href":"https:\/\/tuaregviatges.es\/viajes\/wp-json\/wp\/v2\/media\/4354"}],"wp:attachment":[{"href":"https:\/\/tuaregviatges.es\/viajes\/wp-json\/wp\/v2\/media?parent=12086"}],"wp:term":[{"taxonomy":"category","embeddable":true,"href":"https:\/\/tuaregviatges.es\/viajes\/wp-json\/wp\/v2\/categories?post=12086"},{"taxonomy":"post_tag","embeddable":true,"href":"https:\/\/tuaregviatges.es\/viajes\/wp-json\/wp\/v2\/tags?post=12086"}],"curies":[{"name":"wp","href":"https:\/\/api.w.org\/{rel}","templated":true}]}}