{"id":12594,"date":"2026-04-25T09:01:27","date_gmt":"2026-04-25T07:01:27","guid":{"rendered":"https:\/\/tuaregviatges.es\/viajes\/?p=12594"},"modified":"2026-04-25T23:13:52","modified_gmt":"2026-04-25T21:13:52","slug":"viajar-a-japon-en-primavera-sakura-en-japon","status":"publish","type":"post","link":"https:\/\/tuaregviatges.es\/viajes\/viajar-a-japon-en-primavera-sakura-en-japon\/","title":{"rendered":"\u00daltimas plazas para viajar a Jap\u00f3n | Sakura en Jap\u00f3n 2026"},"content":{"rendered":"<blockquote><p>\u00bfCu\u00e1l es la mejor \u00e9poca para viajar a Jap\u00f3n?, sin duda es la Sakura (primavera).<\/p><\/blockquote>\n<p>Si tienes la suerte de tener unos d\u00edas de vacaciones esta primavera, conocer la Sakura en Jap\u00f3n es una opci\u00f3n que no puedes dejar de lado. \u00daltimas plazas para viajar a Jap\u00f3n en primavera. M\u00e1s econ\u00f3mico que en verano, temperaturas m\u00e1s agradables y una naturaleza que nos brinda un espect\u00e1culo \u00fanico. <!--more--><\/p>\n<figure id=\"attachment_10312\" class=\"thumbnail wp-caption aligncenter\" style=\"width: 1243px\"><img loading=\"lazy\" decoding=\"async\" class=\"size-full wp-image-10312\" src=\"https:\/\/tuaregviatges.es\/viajes\/wp-content\/uploads\/2020\/02\/Sakura.jpg\" alt=\"Sakura viaje a Jap\u00f3n\" width=\"1233\" height=\"860\" srcset=\"https:\/\/tuaregviatges.es\/viajes\/wp-content\/uploads\/2020\/02\/Sakura.jpg 1233w, https:\/\/tuaregviatges.es\/viajes\/wp-content\/uploads\/2020\/02\/Sakura-300x209.jpg 300w, https:\/\/tuaregviatges.es\/viajes\/wp-content\/uploads\/2020\/02\/Sakura-768x536.jpg 768w, https:\/\/tuaregviatges.es\/viajes\/wp-content\/uploads\/2020\/02\/Sakura-1024x714.jpg 1024w\" sizes=\"auto, (max-width: 1233px) 100vw, 1233px\" \/><figcaption class=\"caption wp-caption-text\">Sakura viaje a Jap\u00f3n<\/figcaption><\/figure>\n<h3>Ultimas plazas para viajar a Jap\u00f3n en mayo.<\/h3>\n<p>Arquitectura futurista y neones en Osaka, el Jap\u00f3n tradicional de Kioto, la espiritualidad de Koyasan, los paisajes del Monte Fuji y la gran metr\u00f3polis de Tokio. Las principales atracciones de Jap\u00f3n reunidas en un viaje guiado por Asaki nuestra gu\u00eda (japonesa de alma mediterr\u00e1nea) que nos ense\u00f1ar\u00e1 el Jap\u00f3n de los japoneses, ofreciendo las claves culturales desde una perspectiva cercana al viajero espa\u00f1ol.<\/p>\n<blockquote><p>Nos acompa\u00f1a tambi\u00e9n la fot\u00f3grafa Ariadna Arn\u00e9s que nos invitar\u00e1 a mirar el pa\u00eds desde una perspectiva fotogr\u00e1fica.<\/p><\/blockquote>\n<p style=\"text-align: center; margin: 20px;\"><a href=\"https:\/\/tuaregviatges.es\/asia\/viajes_a_japon\/Isla_de_Honshu_Ciudades_imperiales_y_alpes-6.htm\"><span style=\"background-color: #96a610; color: #ffffff; padding: 10px 20px; border-radius: 25px;\" title=\"Viajar a Albania en julio\">Salida y precios<\/span><\/a><\/p>\n<figure class=\"thumbnail wp-caption aligncenter\" style=\"width: 710px\"><img loading=\"lazy\" decoding=\"async\" title=\"\u00daltimas plazas Jap\u00f3n | Daniel Ill\" src=\"https:\/\/tuaregviatges.es\/asia\/viajes_a_japon\/fotografia\/viajes_a_Isla_de_Honshu_Ciudades_imperiales_y_alpes-6-13.jpg\" alt=\"\u00daltimas plazas Jap\u00f3n | Daniel Ill\" width=\"700\" height=\"525\" \/><figcaption class=\"caption wp-caption-text\">\u00daltimas plazas Jap\u00f3n | Daniel Ill<\/figcaption><\/figure>\n<h3>La Sakura en Jap\u00f3n<\/h3>\n<p>A finales de marzo-principios de abril llega uno de los momentos m\u00e1s importantes de la vida japonesa; la &#8216;sakura&#8217;, considerada desde hace mucho tiempo un s\u00edmbolo de belleza ef\u00edmera, una met\u00e1fora de la vida, brillante y hermosa, pero fr\u00e1gil y pasajera.<\/p>\n<p><strong>\u00bfPorqu\u00e9 la Sakura es la mejor \u00e9poca para viajar a Jap\u00f3n?<br \/>\n<\/strong>Durante la Sakura en Jap\u00f3n es la ocasi\u00f3n ideal para pasear bajo la frondosidad de flores con delicados tonos rosas y, sobre todo, para beber, comer, charlar y cantar. En los parques se extienden los manteles, a veces desde las primeras horas del d\u00eda, para celebrar un feliz banquete con amigos y vecinos.<\/p>\n<blockquote><p>Para aquellos que hacen del paisaje uno de los atractivos del viaje, la mejor \u00e9poca para viajar a Jap\u00f3n es la primavera.<\/p><\/blockquote>\n<figure id=\"attachment_4568\" class=\"thumbnail wp-caption aligncenter\" style=\"width: 960px\"><img loading=\"lazy\" decoding=\"async\" class=\"size-full wp-image-4568\" src=\"https:\/\/tuaregviatges.es\/viajes\/wp-content\/uploads\/2016\/07\/Japon-Shirakawago-casas-estilo-gassho-zukuri-Angeles-Aldariz.jpg\" alt=\"Casa de estilo gassho-zukuri en Shirakawago, Jap\u00f3n | Foto \u00a9 Angeles Aldariz\" width=\"950\" height=\"712\" srcset=\"https:\/\/tuaregviatges.es\/viajes\/wp-content\/uploads\/2016\/07\/Japon-Shirakawago-casas-estilo-gassho-zukuri-Angeles-Aldariz.jpg 950w, https:\/\/tuaregviatges.es\/viajes\/wp-content\/uploads\/2016\/07\/Japon-Shirakawago-casas-estilo-gassho-zukuri-Angeles-Aldariz-300x225.jpg 300w, https:\/\/tuaregviatges.es\/viajes\/wp-content\/uploads\/2016\/07\/Japon-Shirakawago-casas-estilo-gassho-zukuri-Angeles-Aldariz-768x576.jpg 768w\" sizes=\"auto, (max-width: 950px) 100vw, 950px\" \/><figcaption class=\"caption wp-caption-text\">Casa de estilo gassho-zukuri Jap\u00f3n | Angeles Aldariz<\/figcaption><\/figure>\n<p><strong>El Shunbun-no-hi<\/strong><br \/>\nLa Sakura tiene su punto de partida con el equinoccio de primavera (Shunbun-no-hi), un evento tradicional que se remonta a la antig\u00fcedad. Tiene una conexi\u00f3n religiosa y un ritual que involucra espiritualidad, adoraci\u00f3n de antepasados \u200b\u200by alabanza por la naturaleza.<\/p>\n<p>A pesar de ser una de las fiestas m\u00e1s importantes de Jap\u00f3n, la fecha de celebraci\u00f3n est\u00e1 determinada por el NAOJ (National Astronomical Observatory of Japan), y puede caer entre el 17 y el 24 de marzo debido a los a\u00f1os bisiestos.<\/p>\n<p>Adem\u00e1s de su naturaleza exuberante, Jap\u00f3n tiene templos monumentales, jardines paradisiacos,\u00a0 lagos buc\u00f3licos y montes m\u00edticos; tambi\u00e9n hay ciudades futuristas, como Tokyo y Kyoto.<\/p>\n<blockquote><p>Urbes plagadas de ne\u00f3n que nos remiten a un mundo electr\u00f3nico antag\u00f3nico a los templos milenarios.<\/p><\/blockquote>\n<figure class=\"thumbnail wp-caption aligncenter\" style=\"width: 710px\"><img loading=\"lazy\" decoding=\"async\" title=\"Sakura en Jap\u00f3n | Autor Arian Tarbal\" src=\"https:\/\/tuaregviatges.es\/rutas\/galeria\/7799.jpg\" alt=\"Sakura en Jap\u00f3n | Autor Arian Tarbal\" width=\"700\" height=\"464\" \/><figcaption class=\"caption wp-caption-text\">Sakura en Jap\u00f3n | Autor Arian Tarbal<\/figcaption><\/figure>\n<h3>Tokyo<\/h3>\n<p><strong>TeamLab Borderless \u2013 Odaiba<br \/>\n<\/strong>Aqu\u00ed el arte digital 3D no tiene fronteras, las obras fluyen libremente de una sala a otra. Pi\u00e9rdete en un campo interminable de l\u00e1mparas que parpadean con el movimiento humano en el \u201cBosque de l\u00e1mparas resonantes\u00bb. Pasea sin rumbo por un misterioso jard\u00edn de alegres colores en el \u201cBosque de flores y personas: Perdido, sumergido y renacido\u201d. D\u00e9jate rodear de mariposas revoloteando en \u201cAleteo de mariposas sin fronteras, Nido flotante\u201d<\/p>\n<p><strong>Tokyo Skytree \u2013 Sumida-Ku<br \/>\n<\/strong>Vistas de 360 grados de Tokio desde lo alto de las nubes. Elev\u00e1ndose sobre el paisaje urbano, la TOKYO SKYTREE es la nueva atracci\u00f3n de la capital, y a fecha de 2018, la torre m\u00e1s alta del mundo. Con exactamente 634 metros de altura, esta gigantesca torre sobresale en el horizonte de Tokio.<\/p>\n<p><strong>Yayoi Kusama Museum<br \/>\n<\/strong>Para todos los amantes del arte de Yayoi Kusama, fue inaugurado en 2017 con el objetivo de difundir y promover su obra. El museo presenta las principales obras desde los primeros a\u00f1os de Kusama hasta la actualidad. A trav\u00e9s de diversas actividades y eventos -incluyendo conferencias, publicaciones y exposiciones de ef\u00edmera y documentaci\u00f3n-, su objetivo es honrar los innumerables logros de la artista.<\/p>\n<p><strong>Museo Ghibli \u2013 Mitaka<br \/>\n<\/strong>Un museo no tan solo para los m\u00e1s peque\u00f1os sino tambi\u00e9n para todos los fans del Studio Ghibli en el que Totoro nos dar\u00e1 la bienvenida.<\/p>\n<figure id=\"attachment_5742\" class=\"thumbnail wp-caption aligncenter\" style=\"width: 760px\"><img loading=\"lazy\" decoding=\"async\" class=\"size-full wp-image-5742\" src=\"https:\/\/tuaregviatges.es\/viajes\/wp-content\/uploads\/2017\/06\/Japon-Tertulias...-Regina-Ferrer.jpg\" alt=\"Japon Tertulias... - Regina Ferrer\" width=\"750\" height=\"600\" srcset=\"https:\/\/tuaregviatges.es\/viajes\/wp-content\/uploads\/2017\/06\/Japon-Tertulias...-Regina-Ferrer.jpg 750w, https:\/\/tuaregviatges.es\/viajes\/wp-content\/uploads\/2017\/06\/Japon-Tertulias...-Regina-Ferrer-300x240.jpg 300w\" sizes=\"auto, (max-width: 750px) 100vw, 750px\" \/><figcaption class=\"caption wp-caption-text\">Japon Tertulias&#8230; &#8211; Regina Ferrer<\/figcaption><\/figure>\n<h3>Tokio de la mano de un tokiota<\/h3>\n<p>Nuestros gu\u00edas locales nos indican algunos de sus lugares preferidos y otras curiosidades, que no suelen ser habituales en las visitas de la ciudad.<\/p>\n<blockquote><p>La ciudad se prepara para volver a recibir a los visitantes; la primavera de 2022 parece ser la fecha coincidiendo con la Sakura, los d\u00edas en los que florecen los cerezos.<\/p><\/blockquote>\n<p>Pasear por Tokio es sumergirse en una arquitectura innovadora, a veces minimalista, otras rozando lo extravagante. Adem\u00e1s de los atrevidos edificios de las marcas de moda de Ginza y Omotesando, lugares como La Catedral de Santa Mar\u00eda sede de la Archidi\u00f3cesis cat\u00f3lica, o el Museo Nezu son un excelente ejemplo de espacios modernos y funcionales.<\/p>\n<p>Las gu\u00edas de viaje recomiendan visitar los templos de Asakusa, y la zona comercial de Omotesando, y tienen raz\u00f3n, lo merecen. Pero a poca distancia podemos encontrar ese Tokio popular que constituye el alma de la ciudad.<\/p>\n<p style=\"text-align: center;\"><a style=\"background-color: #96a610; color: #fff; padding: 5px 15px; border-radius: 15px; width: 200px; text-align: center;\" href=\"https:\/\/tuaregviatges.es\/articulos\/Tokio-2022-La-ciudad-de-la-mano-de-un-tokiota.html\" target=\"_blank\" rel=\"noopener\"> Tokio de la mano de un Tokiota<\/a><\/p>\n<h3><img loading=\"lazy\" decoding=\"async\" class=\"aligncenter size-full wp-image-8667\" src=\"https:\/\/tuaregviatges.es\/viajes\/wp-content\/uploads\/2019\/04\/Takoyaki.jpg\" alt=\"Mejor comida callejera Japonesa\" width=\"1200\" height=\"629\" srcset=\"https:\/\/tuaregviatges.es\/viajes\/wp-content\/uploads\/2019\/04\/Takoyaki.jpg 1200w, https:\/\/tuaregviatges.es\/viajes\/wp-content\/uploads\/2019\/04\/Takoyaki-300x157.jpg 300w, https:\/\/tuaregviatges.es\/viajes\/wp-content\/uploads\/2019\/04\/Takoyaki-768x403.jpg 768w, https:\/\/tuaregviatges.es\/viajes\/wp-content\/uploads\/2019\/04\/Takoyaki-1024x537.jpg 1024w\" sizes=\"auto, (max-width: 1200px) 100vw, 1200px\" \/><\/h3>\n<h3>Transportes<\/h3>\n<p>Para la realizaci\u00f3n de nuestro intinerario del viaje a Jap\u00f3n en la Sakura, los traslados son en transportes p\u00fablicos o privados (buses privados, buses p\u00fablicos, ferry, telecabina, telef\u00e9rico, trenes expr\u00e9s y tren bala). <strong>En el precio del viaje est\u00e1 incluido el Japan Rail Pass de 14 d\u00edas<\/strong>. Todos los transportes que se pueden hacer con estos pases, se har\u00e1n con ellos, el resto se har\u00e1 con transportes contratados o p\u00fablicos asistidos por nuestros gu\u00edas. Para los tramos en tren, los equipajes se transportan aparte seg\u00fan nueva normativa y se encuentra en el hotel de destino a la llegada de los viajeros.<\/p>\n<blockquote><p>Las visitas recomendadas en los d\u00edas libres son f\u00e1ciles de realizar con el Japan Rail Pass y no implican ning\u00fan cargo extra.<\/p><\/blockquote>\n<p><strong>Env\u00edo de equipaje <\/strong><br \/>\nCon el fin de hacer un poco m\u00e1s c\u00f3modos algunos d\u00edas de visitas, hay que preparar equipajes para 1-2 d\u00edas en la mochila del d\u00eda a d\u00eda. El resto del equipaje se encuentra en el hotel de destino previsto. Los hoteles en Jap\u00f3n ofrecen amenities de cuidado personal en sus ba\u00f1os incluido jab\u00f3n, champ\u00fa, peine y cepillo de dientes.<\/p>\n<blockquote><p>La ubicaci\u00f3n de los alojamientos, a escasa distancia a pie de las respectivas estaciones, hace que los traslados sean f\u00e1ciles y no dependan de transportes p\u00fablicos.<\/p><\/blockquote>\n<figure id=\"attachment_4567\" class=\"thumbnail wp-caption aligncenter\" style=\"width: 960px\"><img loading=\"lazy\" decoding=\"async\" class=\"size-full wp-image-4567\" src=\"https:\/\/tuaregviatges.es\/viajes\/wp-content\/uploads\/2016\/07\/japon-pueblo-shirakawago-Angeles-Aldariz.jpg\" alt=\"Panor\u00e1mica sobre Shirakawago, Jap\u00f3n | Foto \u00a9 Angeles Aldariz\" width=\"950\" height=\"713\" srcset=\"https:\/\/tuaregviatges.es\/viajes\/wp-content\/uploads\/2016\/07\/japon-pueblo-shirakawago-Angeles-Aldariz.jpg 950w, https:\/\/tuaregviatges.es\/viajes\/wp-content\/uploads\/2016\/07\/japon-pueblo-shirakawago-Angeles-Aldariz-300x225.jpg 300w, https:\/\/tuaregviatges.es\/viajes\/wp-content\/uploads\/2016\/07\/japon-pueblo-shirakawago-Angeles-Aldariz-768x576.jpg 768w\" sizes=\"auto, (max-width: 950px) 100vw, 950px\" \/><figcaption class=\"caption wp-caption-text\">Panor\u00e1mica sobre Shirakawago, Jap\u00f3n | Foto \u00a9 Angeles Aldariz<\/figcaption><\/figure>\n<h3>Nuestros viajes a Jap\u00f3n<\/h3>\n<section style=\"width: 100%; border: 1px solid #BE6521; border-radius: 10px; text-align: left; margin-top: 20px;\">\n<div style=\"margin-top: -20px; background: #BE6521; color: #ffffff; border-radius: 10px 10px 0px 0px; min-height: 40px;\">\n<div style=\"margin: 0 15px;\">\n<h2 style=\"border-radius: 10px 10px 0px 0px; padding: 5px 0px; line-height: 1;\"><a style=\"color: #ffffff; font-family: 'Amatic SC', sans-serif;\" href=\"https:\/\/tuaregviatges.es\/asia\/viajes_a_japon\/Isla_de_Honshu_Ciudades_imperiales_y_alpes-6.htm\">Osaka, Kioto, Monte Fuji y Tokio<\/a><\/h2>\n<\/div>\n<div style=\"height: 33vh; margin: 0; background: url('https:\/\/tuaregviatges.es\/asia\/viajes_a_japon\/fotografia\/viajes_a_Isla_de_Honshu_Ciudades_imperiales_y_alpes-5-35.jpg') center; background-repeat: no-repeat; background-size: cover; max-height: 600px;\"><\/div>\n<\/div>\n<div style=\"width: auto; color: #be6521; padding-left: 10px; line-height: 1.5; margin-top: -20px; padding-top: 0px;\">\n<div><a style=\"color: #be6521; padding-right: 10px; font-weight: bolder; font-size: 20px; font-family: 'Amatic SC', sans-serif;\" href=\"https:\/\/tuaregviatges.es\/asia_japon.html\"><br \/>\n<img decoding=\"async\" class=\"ico-place\" style=\"height: 35px; width: 35; margin: -10px; margin-right: 3px;\" src=\"https:\/\/tuaregviatges.es\/iconos\/place.svg\" \/>Jap\u00f3n<\/a><\/div>\n<div>\n<div style=\"color: #000000;\"><span style=\"color: #96a610;\">\u2714\ufe0f Viaje de 15 d\u00edas<\/span><br \/>\n<span style=\"color: #96a610;\">\u2714\ufe0f Salida 21 MAY 2026<\/span><br \/>\n<span style=\"color: #96a610;\">\u2714\ufe0f Precio a partir de<strong> 5450\u20ac<\/strong><\/span><\/div>\n<div><\/div>\n<div style=\"color: #000000;\"><em>Las principales atracciones de Jap\u00f3n reunidas en un viaje guiado por Asaki, nuestra gu\u00eda (japonesa de alma mediterr\u00e1nea) y por Ariadna Arn\u00e9s, coordinadora del taller de fotograf\u00eda\u00a0<\/em><\/div>\n<p style=\"text-align: center; margin: 20px;\"><a href=\"https:\/\/tuaregviatges.es\/asia\/viajes_a_japon\/Isla_de_Honshu_Ciudades_imperiales_y_alpes-6.htm\"><span style=\"background-color: #96a610; color: #ffffff; padding: 10px 20px; border-radius: 25px;\" title=\"Viajar a Albania en julio\">+Info del viaje<\/span><\/a><\/p>\n<p><img decoding=\"async\" class=\"aligncenter\" src=\"https:\/\/tuaregviatges.es\/asia\/viajes_a_japon\/mapa\/Isla_de_Honshu_Ciudades_imperiales_y_alpes-6.jpg\" alt=\"Jap\u00f3n + Osaka, Kioto, Monte Fuji y Tokio\" \/><\/p>\n<\/div>\n<\/div>\n<\/section>\n<blockquote><p><a href=\"https:\/\/tuaregviatges.es\/viajes\/primavera-mejor-epoca-para-viajar-a-japon\/\">\u00bfCu\u00e1l es la mejor \u00e9poca para viajar a Jap\u00f3n?<\/a>, sin duda es la Sakura (primavera).<\/p><\/blockquote>\n<section style=\"width: 100%; border: 1px solid #BE6521; border-radius: 10px; text-align: left; margin-top: 20px;\">\n<div style=\"margin-top: -20px; background: #BE6521; color: #ffffff; border-radius: 10px 10px 0px 0px; min-height: 40px;\">\n<div style=\"margin: 0 15px;\">\n<h2 style=\"border-radius: 10px 10px 0px 0px; padding: 5px 0px; line-height: 1;\"><a style=\"color: #ffffff; font-family: 'Amatic SC', sans-serif;\" href=\"https:\/\/tuaregviatges.es\/asia\/viajes_a_japon\/Isla_de_Honshu_Treneando_con_el_Japan_Rail_Pass-3.htm\">Honshu a tu aire Tokyo &#8211; Tokyo<\/a><\/h2>\n<\/div>\n<div style=\"height: 40vh; margin: 0; background: url('https:\/\/tuaregviatges.es\/asia\/viajes_a_japon\/fotografia\/viajes_a_Isla_de_Honshu_Ciudades_imperiales_y_alpes-4-21.jpg') center; background-repeat: no-repeat; background-size: cover; max-height: 600px;\"><\/div>\n<\/div>\n<div style=\"width: auto; color: #be6521; padding-left: 10px; line-height: 1.5; margin-top: -20px; padding-top: 0px;\">\n<div><a style=\"color: #be6521; padding-right: 10px; font-weight: bolder; font-size: 20px; font-family: 'Amatic SC', sans-serif;\" href=\"https:\/\/tuaregviatges.es\/asia_japon.html\"><br \/>\n<img decoding=\"async\" class=\"ico-place\" style=\"height: 35px; width: 35; margin: -10px; margin-right: 3px;\" src=\"https:\/\/tuaregviatges.es\/iconos\/place.svg\" \/>Jap\u00f3n<\/a><\/div>\n<div>\n<div style=\"color: #000000;\"><span style=\"color: #96a610;\">\u2714\ufe0f Viaje de 10 d\u00edas<\/span><br \/>\n<span style=\"color: #96a610;\">\u2714\ufe0f Salidas todos los martes 2026<\/span><br \/>\n<span style=\"color: #96a610;\">\u2714\ufe0f Precio a partir de<strong> 2.200\u20ac + vuelos<\/strong><\/span><\/div>\n<div><\/div>\n<div style=\"color: #000000;\"><em>Viaje a Jap\u00f3n a tu aire, con los transportes y alojamientos preparados mediante el sistema Rail Pass, un bono de transporte de 7 jornadas. Conoce de primera mano Tokio, Kyoto y las principales ciudades y santuarios de Jap\u00f3n.\u00a0<\/em><\/div>\n<p style=\"text-align: center; margin: 20px;\"><a href=\"https:\/\/tuaregviatges.es\/asia\/viajes_a_japon\/Isla_de_Honshu_Treneando_con_el_Japan_Rail_Pass-3.htm\"><span style=\"background-color: #96a610; color: #ffffff; padding: 10px 20px; border-radius: 25px;\" title=\"Viajar a Albania en julio\">+Info del viaje<\/span><\/a><\/p>\n<p><img loading=\"lazy\" decoding=\"async\" class=\"aligncenter\" src=\"https:\/\/tuaregviatges.es\/asia\/viajes_a_japon\/mapa\/Isla_de_Honshu_Treneando_con_el_Japan_Rail_Pass-3.jpg\" alt=\"Jap\u00f3n + Honshu a tu aire Tokyo -Tokyo 2026-27\" width=\"679\" height=\"679\" \/><\/p>\n<\/div>\n<\/div>\n<\/section>\n<section style=\"width: 100%; border: 1px solid #BE6521; border-radius: 10px; text-align: left; margin-top: 20px;\">\n<div style=\"margin-top: -20px; background: #BE6521; color: #ffffff; border-radius: 10px 10px 0px 0px; min-height: 40px;\">\n<div style=\"margin: 0 15px;\">\n<h2 style=\"border-radius: 10px 10px 0px 0px; padding: 5px 0px; line-height: 1;\"><a style=\"color: #ffffff; font-family: 'Amatic SC', sans-serif;\" href=\"https:\/\/tuaregviatges.es\/asia\/viajes_a_japon\/Isla_de_Honshu_Treneando_con_el_Japan_Rail_Pass-2.htm\">Honshu a tu aire Tokyo-Kyoto<\/a><\/h2>\n<\/div>\n<div style=\"height: 40vh; margin: 0; background: url('https:\/\/tuaregviatges.es\/asia\/viajes_a_japon\/fotografia\/viajes_a_Isla_de_Honshu_Ciudades_imperiales_y_alpes-3-16.jpg') center; background-repeat: no-repeat; background-size: cover; max-height: 600px;\"><\/div>\n<\/div>\n<div style=\"width: auto; color: #be6521; padding-left: 10px; line-height: 1.5; margin-top: -20px; padding-top: 0px;\">\n<div><a style=\"color: #be6521; padding-right: 10px; font-weight: bolder; font-size: 20px; font-family: 'Amatic SC', sans-serif;\" href=\"https:\/\/tuaregviatges.es\/asia_japon.html\"><br \/>\n<img decoding=\"async\" class=\"ico-place\" style=\"height: 35px; width: 35; margin: -10px; margin-right: 3px;\" src=\"https:\/\/tuaregviatges.es\/iconos\/place.svg\" \/>Jap\u00f3n<\/a><\/div>\n<div>\n<div style=\"color: #000000;\"><span style=\"color: #96a610;\">\u2714\ufe0f Viaje de 11 d\u00edas<\/span><br \/>\n<span style=\"color: #96a610;\">\u2714\ufe0f Salidas semanales 2026<\/span><br \/>\n<span style=\"color: #96a610;\">\u2714\ufe0f Precio a partir de<strong> 2.300\u20ac + vuelos<\/strong><\/span><\/div>\n<div><\/div>\n<div style=\"color: #000000;\"><em>Jap\u00f3n, pa\u00eds de contrastes, donde lo \u00faltimo de Occidente se funde con lo m\u00e1s tradicional de Oriente. Viaje en grupo reducido para conocer la esencia del pa\u00eds del Sol Naciente con gu\u00edas de habla castellana.\u00a0<\/em><\/div>\n<p style=\"text-align: center; margin: 20px;\"><a href=\"https:\/\/tuaregviatges.es\/asia\/viajes_a_japon\/Isla_de_Honshu_Treneando_con_el_Japan_Rail_Pass-2.htm\"><span style=\"background-color: #96a610; color: #ffffff; padding: 10px 20px; border-radius: 25px;\" title=\"Viajar a Albania en julio\">+Info del viaje<\/span><\/a><\/p>\n<p><img loading=\"lazy\" decoding=\"async\" class=\"aligncenter\" src=\"https:\/\/tuaregviatges.es\/asia\/viajes_a_japon\/mapa\/Isla_de_Honshu_Treneando_con_el_Japan_Rail_Pass-2.jpg\" alt=\"Jap\u00f3n + Honshu a tu aire Tokyo-Kyoto 2026-27\" width=\"677\" height=\"677\" \/><\/p>\n<\/div>\n<\/div>\n<\/section>\n<p><script type=\"application\/ld+json\">\n\t\t\t\t\t\t\t\t\t\t{\n\t\t\t\t\t\t\t\t\t\t\t\t\"@context\": \"https:\/\/schema.org\",\n\t\t\t\t\t\t\t\t\t\t\t\t\"@type\": \"TravelAction\",\n\t\t\t\t\t\t\t\t\t\t\t\t\"fromLocation\": {\n\t\t\t\t\t\t\t\t\t\t\t\t\"@type\": \"Country\",\n\t\t\t\t\t\t\t\t\t\t\t\t\"@list\": [\n\t\t\t\t\t\t\t\t\t\t\t\t\t{\"name\": \"Spain\"}\n\t\t\t\t\t\t\t\t\t\t\t\t  ]\n\t\t\t\t\t\t\t\t\t\t\t\t  },\n\t\t\t\t\t\t\t\t\t\t\t\t\"toLocation\": {\n\t\t\t\t\t\t\t\t\t\t\t\t\"@type\": \"Country\",\n\t\t\t\t\t\t\t\t\t\t\t\t\"name\": \"Jap\u00f3n\"\n\t\t\t\t\t\t\t\t\t\t\t\t},\n\t\t\t\t\t\t\t\t\t\t\t\"location\": {\n\t\t\t\t\t\t\t\t\t\t\t\"@type\": \"Product\",\n\t\t\t\t\t\t\t\t\t\t\t\"name\": \"Jap\u00f3n\",\n\t\t\t\t\t\t\t\t\t\t\t\"url\": \"https:\/\/tuaregviatges.es\/asia_japon.html\",\n\t\t\t\t\t\t\t\t\t\t\t\"description\": \"Viaje a Jap\u00f3n que discurre por las grandes ciudades de Tokyo, Kyoto y Osaka, la tranquila Miyajima  y la regi\u00f3n conocida como los Alpes japoneses. Isla de Honshu, Ciudades imperiales y Alpes. Tokyo, Kyoto, Osaka e Hiroshima. \",\n\t\t\t\t\t\t\t\t\t\t\t \"aggregateRating\":\n\t\t\t\t\t\t\t\t\t\t\t\t\t\t\t\t\t{\"@type\": \"AggregateRating\",\n\t\t\t\t\t\t\t\t\t\t\t\t\t\t\t\t\t \"ratingValue\": \"4.5242718446602\",\n\t\t\t\t\t\t\t\t\t\t\t\t\t\t\t\t\t \"reviewCount\": \"103\"\n\t\t\t\t\t\t\t\t\t\t\t\t\t\t\t\t\t},\n\t\t\t\t\t\t\t\t\t\t\t\"photo\": {\n\t\t\t\t\t\t\t\t\t\t\t\"@list\": [\n\t\t\t\t\t\t\t\t\t\t\t\t\t{\"url\": \"https:\/\/tuaregviatges.es\/rutas\/seccionesRutas\/16502.jpg\"}\n\t\t\t\t\t\t\t\t\t\t\t\t\t]\n\t\t\t\t\t\t\t\t\t\t\t\t}\n\t\t\t\t\t\t\t\t\t\t\t}\n\t\t\t\t\t\t\t\t\t\t\t}\n\t\t\t\t\t\t\t\t\t\t\t<\/script><\/p>\n","protected":false},"excerpt":{"rendered":"<p>\u00bfCu\u00e1l es la mejor \u00e9poca para viajar a Jap\u00f3n?, sin duda es la Sakura (primavera). Si tienes la suerte de tener unos d\u00edas de vacaciones esta primavera, conocer la Sakura en Jap\u00f3n es una opci\u00f3n que no puedes dejar de lado. \u00daltimas plazas para viajar a Jap\u00f3n en primavera. M\u00e1s econ\u00f3mico que en verano, temperaturas [&hellip;]<\/p>\n","protected":false},"author":1,"featured_media":8831,"comment_status":"closed","ping_status":"closed","sticky":false,"template":"","format":"standard","meta":{"footnotes":""},"categories":[600,460],"tags":[260,699,502],"class_list":["post-12594","post","type-post","status-publish","format-standard","has-post-thumbnail","hentry","category-japon","category-viajes-fotograficos","tag-japon","tag-sakura","tag-viajes-en-grupo"],"_links":{"self":[{"href":"https:\/\/tuaregviatges.es\/viajes\/wp-json\/wp\/v2\/posts\/12594","targetHints":{"allow":["GET"]}}],"collection":[{"href":"https:\/\/tuaregviatges.es\/viajes\/wp-json\/wp\/v2\/posts"}],"about":[{"href":"https:\/\/tuaregviatges.es\/viajes\/wp-json\/wp\/v2\/types\/post"}],"author":[{"embeddable":true,"href":"https:\/\/tuaregviatges.es\/viajes\/wp-json\/wp\/v2\/users\/1"}],"replies":[{"embeddable":true,"href":"https:\/\/tuaregviatges.es\/viajes\/wp-json\/wp\/v2\/comments?post=12594"}],"version-history":[{"count":26,"href":"https:\/\/tuaregviatges.es\/viajes\/wp-json\/wp\/v2\/posts\/12594\/revisions"}],"predecessor-version":[{"id":16267,"href":"https:\/\/tuaregviatges.es\/viajes\/wp-json\/wp\/v2\/posts\/12594\/revisions\/16267"}],"wp:featuredmedia":[{"embeddable":true,"href":"https:\/\/tuaregviatges.es\/viajes\/wp-json\/wp\/v2\/media\/8831"}],"wp:attachment":[{"href":"https:\/\/tuaregviatges.es\/viajes\/wp-json\/wp\/v2\/media?parent=12594"}],"wp:term":[{"taxonomy":"category","embeddable":true,"href":"https:\/\/tuaregviatges.es\/viajes\/wp-json\/wp\/v2\/categories?post=12594"},{"taxonomy":"post_tag","embeddable":true,"href":"https:\/\/tuaregviatges.es\/viajes\/wp-json\/wp\/v2\/tags?post=12594"}],"curies":[{"name":"wp","href":"https:\/\/api.w.org\/{rel}","templated":true}]}}