{"id":12916,"date":"2023-06-16T18:55:41","date_gmt":"2023-06-16T16:55:41","guid":{"rendered":"https:\/\/tuaregviatges.es\/viajes\/?p=12916"},"modified":"2023-06-16T18:59:54","modified_gmt":"2023-06-16T16:59:54","slug":"viajes-a-medida-descubre-el-mundo-a-tu-ritmo","status":"publish","type":"post","link":"https:\/\/tuaregviatges.es\/viajes\/viajes-a-medida-descubre-el-mundo-a-tu-ritmo\/","title":{"rendered":"Viajes a medida: Descubre el mundo a tu ritmo."},"content":{"rendered":"<p>Tenemos <strong>m\u00e1s de 200 destinos<\/strong> preparadas por todo el mundo que podemos adaptar a tus gustos. Sabemos que viajar con un grupo de gente que no conoces a alguna gente le puede resultar algo incomodo o, por otra parte, quieres <strong>viajar con tu familia o amigos<\/strong>, esta ser\u00eda una buena opci\u00f3n.<\/p>\n<blockquote><p>Los <a href=\"https:\/\/tuaregviatges.es\/viajes_a_medida.php\">viajes a medida<\/a> te permiten tener una mayor libertad y hacerlo a tu gusto, a tu propio ritmo.<\/p><\/blockquote>\n<p><!--more--><\/p>\n<figure id=\"attachment_12924\" class=\"thumbnail wp-caption aligncenter\" style=\"width: 1210px\"><img loading=\"lazy\" decoding=\"async\" class=\"wp-image-12924 size-full\" src=\"https:\/\/tuaregviatges.es\/viajes\/wp-content\/uploads\/2022\/04\/grupo-e1686934309835.jpg\" alt=\"Ushguli \u00a9 Luis Diaz Davila\" width=\"1200\" height=\"415\" srcset=\"https:\/\/tuaregviatges.es\/viajes\/wp-content\/uploads\/2022\/04\/grupo-e1686934309835.jpg 1200w, https:\/\/tuaregviatges.es\/viajes\/wp-content\/uploads\/2022\/04\/grupo-e1686934309835-300x104.jpg 300w, https:\/\/tuaregviatges.es\/viajes\/wp-content\/uploads\/2022\/04\/grupo-e1686934309835-1024x354.jpg 1024w, https:\/\/tuaregviatges.es\/viajes\/wp-content\/uploads\/2022\/04\/grupo-e1686934309835-768x266.jpg 768w\" sizes=\"auto, (max-width: 1200px) 100vw, 1200px\" \/><figcaption class=\"caption wp-caption-text\">Ushguli \u00a9 Luis Diaz Davila<\/figcaption><\/figure>\n<h3>\u00bfPor qu\u00e9<strong>\u00a0hacer un viaje a medida?<\/strong><\/h3>\n<p>Por nuestra larga trayectoria en el sector tur\u00edstico, sabemos que cada cliente tiene inquietudes, expectativas y motivaciones diferentes a la hora de organizar su viaje. Conocemos de primera mano los dolores de cabeza que provoca llevar a cabo la planificaci\u00f3n de cualquier viaje y m\u00e1s a\u00fan si se trata de pa\u00edses tan ex\u00f3ticos y remotos como los que tenemos en el itinerario.<\/p>\n<p>Por esta raz\u00f3n querremos ahorrarte el tiempo de preparar el viaje, nos ocupamos nosotros, <strong>tu solo pide y disfruta<\/strong>. Cuidamos cada uno de nuestros itinerarios como si fuera \u00fanico, dedicando el tiempo necesario para lograr el \u00e9xito de tu viaje personalizado.<\/p>\n<p><strong>Viajes Tuareg tiene un equipo de corresponsales en m\u00e1s de 80 pa\u00edses<\/strong>, con los que mantenemos condiciones especiales que pueden aplicarse a los viajes a medida. Si no conocemos alg\u00fan lugar espec\u00edfico, confiamos en nuestros corresponsales para que nos propongan las mejores opciones. <strong>Buscamos las mejores opciones para ti<\/strong>, tanto en vuelos, hoteles y actividades.<\/p>\n<p>De esta manera <strong>evitaras imprevistos y podr\u00e1s disfrutar del viaje con total seguridad<\/strong> sabiendo que no estas solo y que tienes nuestro equipo detr\u00e1s para ayudarte en cualquier situaci\u00f3n.<\/p>\n<p><img loading=\"lazy\" decoding=\"async\" class=\"aligncenter wp-image-12923 size-full\" src=\"https:\/\/tuaregviatges.es\/viajes\/wp-content\/uploads\/2022\/04\/senderisme-e1686934364417.jpg\" alt=\"senderismo-viaje-autoguiado\" width=\"1200\" height=\"415\" srcset=\"https:\/\/tuaregviatges.es\/viajes\/wp-content\/uploads\/2022\/04\/senderisme-e1686934364417.jpg 1200w, https:\/\/tuaregviatges.es\/viajes\/wp-content\/uploads\/2022\/04\/senderisme-e1686934364417-300x104.jpg 300w, https:\/\/tuaregviatges.es\/viajes\/wp-content\/uploads\/2022\/04\/senderisme-e1686934364417-1024x354.jpg 1024w, https:\/\/tuaregviatges.es\/viajes\/wp-content\/uploads\/2022\/04\/senderisme-e1686934364417-768x266.jpg 768w\" sizes=\"auto, (max-width: 1200px) 100vw, 1200px\" \/><\/p>\n<h3><strong>\u00bfCu\u00e1ndo hacer un viaje a medida?<\/strong><\/h3>\n<blockquote><p>Eso es lo bueno, como no dependes de otra gente y tu pones las condiciones, <strong>tu eliges cuando salir. <\/strong><\/p><\/blockquote>\n<p>Escoge el d\u00eda de salida de tu viaje, el destino al que quieres ir, el tipo de alojamientos, las actividades que quieras realizar, los lugares que quieres visitar, \u2026. Ponemos todo nuestro conocimiento y estructura para ofrecerte el mejor <a href=\"https:\/\/tuaregviatges.es\/viajes_a_medida.php\">viaje a medida<\/a> posible. Te ayudaremos con cualquier cosa que necesites desde que llegas hasta que te vas.<\/p>\n<h3>\u00bfQu\u00e9<strong> tipos de viajes a medida ofrecemos?<\/strong><\/h3>\n<p><img loading=\"lazy\" decoding=\"async\" class=\"alignnone wp-image-12919 size-full\" src=\"https:\/\/tuaregviatges.es\/viajes\/wp-content\/uploads\/2022\/04\/fly-drive-e1686934392341.jpg\" alt=\"\" width=\"1200\" height=\"415\" srcset=\"https:\/\/tuaregviatges.es\/viajes\/wp-content\/uploads\/2022\/04\/fly-drive-e1686934392341.jpg 1200w, https:\/\/tuaregviatges.es\/viajes\/wp-content\/uploads\/2022\/04\/fly-drive-e1686934392341-300x104.jpg 300w, https:\/\/tuaregviatges.es\/viajes\/wp-content\/uploads\/2022\/04\/fly-drive-e1686934392341-1024x354.jpg 1024w, https:\/\/tuaregviatges.es\/viajes\/wp-content\/uploads\/2022\/04\/fly-drive-e1686934392341-768x266.jpg 768w\" sizes=\"auto, (max-width: 1200px) 100vw, 1200px\" \/><\/p>\n<h3><strong>Viajes Fly &amp; Drive personalizados<\/strong><\/h3>\n<section class=\"paisos-sec\">\n<div><a href=\"https:\/\/tuaregviatges.es\/america_del_norte_y_central\/viajes_a_mexico\/Ballenas_en_Baja_California__mariposas_Monarca_en_Michoacan_y_Barrancas_del_Cobre.htm\">M\u00e9xico<\/a><\/div>\n<div><a href=\"https:\/\/tuaregviatges.es\/asia\/viajes_a_india\/India_en_privado.htm\">India<\/a><\/div>\n<div><a href=\"https:\/\/tuaregviatges.es\/america_del_norte_y_central\/viajes_a_cuba\/Cuba_individual.htm\">Cuba<\/a><\/div>\n<div><a href=\"https:\/\/tuaregviatges.es\/america_del_norte_y_central\/viajes_a_cuba\/Cuba_individual.htm\">Cuba II<\/a><\/div>\n<div><a href=\"https:\/\/tuaregviatges.es\/america_del_norte_y_central\/viajes_a_costa_rica\/Programa_Fly___Drive_a_medida_.htm\">Costa Rica<\/a><\/div>\n<div><a href=\"https:\/\/tuaregviatges.es\/africa\/viajes_a_namibia\/Fly_and_Drive.htm\">Namibia<\/a><\/div>\n<div><a href=\"https:\/\/tuaregviatges.es\/asia\/viajes_a_japon\/Isla_de_Honshu_Treneando_con_el_Japan_Rail_Pass-1.htm\">Jap\u00f3n<\/a><\/div>\n<div><a href=\"https:\/\/tuaregviatges.es\/asia\/viajes_a_japon\/Isla_de_Honshu_Treneando_con_el_Japan_Rail_Pass.htm\">Jap\u00f3n II<\/a><\/div>\n<\/section>\n<p>Un viaje \u201cfly &amp; drive\u201d es un viaje combinado que incluye vuelos y el uso de un coche de alquiler para recorrer un circuito o itinerario predise\u00f1ado sin depender de un gu\u00eda.Hay pa\u00edses que se descubren mejor en coche parando all\u00e1 donde se desee, el tiempo que se considere oportuno. Ad\u00e9ntrate en profundidad en los pa\u00edses, ve por donde nadie antes haya ido. Os dejamos unos ejemplos de viajes Fly &amp; Drive:<\/p>\n<h4>Destacados viajes fly &amp; drive<\/h4>\n<section style=\"width: 100%; border: 1px solid #BE6521; border-radius: 10px; text-align: left; margin-top: 20px;\">\n<div style=\"margin-top: -20px; background: #BE6521; padding-left: 15px; color: #ffffff; border-radius: 10px 10px 0px 0px;\">\n<h2 style=\"border-radius: 10px 10px 0px 0px; padding: 5px 0px; line-height: 1;\"><a href=\"https:\/\/tuaregviatges.es\/america_del_norte_y_central\/viajes_a_cuba\/Cuba_individual.htm\"><span style=\"color: #ffffff; font-size: 24px;\">Cuba en viaje privado y con estilo<\/span><\/a><\/h2>\n<\/div>\n<div style=\"width: auto; color: #be6521; padding-left: 10px;\">\u2714\ufe0f <a style=\"color: #be6521;\" href=\"https:\/\/tuaregviatges.es\/america_cuba.html\">Cuba<\/a><br \/>\n\u2714\ufe0f Viaje de 11 d\u00edas<br \/>\n\u2714\ufe0f Salidas diarias<br \/>\n\u2714\ufe0f <strong>A partir de 2100\u20ac<\/strong><\/p>\n<div>\n<p style=\"text-align: center; margin: 20px;\"><a href=\"https:\/\/tuaregviatges.es\/america_del_norte_y_central\/viajes_a_cuba\/Cuba_individual.htm\"><span style=\"background-color: #96a610; color: #ffffff; padding: 10px 20px; border-radius: 25px;\">M\u00e1s info viaje a Cuba<\/span><\/a><\/p>\n<\/div>\n<\/div>\n<p><img decoding=\"async\" class=\"aligncenter\" src=\"https:\/\/tuaregviatges.es\/america_del_norte_y_central\/viajes_a_cuba\/mapa\/Cuba_individual.jpg\" alt=\"Cuba + De Vi\u00f1ales a Trinidad y los Cayos en viaje privado y con estilo\" \/><\/p>\n<\/section>\n<section class=\"paisos-sec\">\n<div><a href=\"https:\/\/tuaregviatges.es\/america_del_norte_y_central\/viajes_a_mexico\/Ballenas_en_Baja_California__mariposas_Monarca_en_Michoacan_y_Barrancas_del_Cobre.htm\">M\u00e9xico<\/a><\/div>\n<div><a href=\"https:\/\/tuaregviatges.es\/asia\/viajes_a_india\/India_en_privado.htm\">India<\/a><\/div>\n<div><a href=\"https:\/\/tuaregviatges.es\/america_del_norte_y_central\/viajes_a_cuba\/Cuba_individual.htm\">Cuba<\/a><\/div>\n<div><a href=\"https:\/\/tuaregviatges.es\/america_del_norte_y_central\/viajes_a_cuba\/Cuba_individual.htm\">Cuba II<\/a><\/div>\n<div><a href=\"https:\/\/tuaregviatges.es\/america_del_norte_y_central\/viajes_a_costa_rica\/Programa_Fly___Drive_a_medida_.htm\">Costa Rica<\/a><\/div>\n<div><a href=\"https:\/\/tuaregviatges.es\/africa\/viajes_a_namibia\/Fly_and_Drive.htm\">Namibia<\/a><\/div>\n<div><a href=\"https:\/\/tuaregviatges.es\/asia\/viajes_a_japon\/Isla_de_Honshu_Treneando_con_el_Japan_Rail_Pass-1.htm\">Jap\u00f3n<\/a><\/div>\n<div><a href=\"https:\/\/tuaregviatges.es\/asia\/viajes_a_japon\/Isla_de_Honshu_Treneando_con_el_Japan_Rail_Pass.htm\">Jap\u00f3n II<\/a><\/div>\n<\/section>\n<p>Un viaje \u201cfly &amp; drive\u201d es un viaje combinado que incluye vuelos y el uso de un coche de alquiler para recorrer un circuito o itinerario predise\u00f1ado sin depender de un gu\u00eda.Hay pa\u00edses que se descubren mejor en coche parando all\u00e1 donde se desee, el tiempo que se considere oportuno. Ad\u00e9ntrate en profundidad en los pa\u00edses, ve por donde nadie antes haya ido. Os dejamos unos ejemplos de viajes Fly &amp; Drive:<\/p>\n<h4>Destacados viajes fly &amp; drive<\/h4>\n<section style=\"width: 100%; border: 1px solid #BE6521; border-radius: 10px; text-align: left; margin-top: 20px;\">\n<div style=\"margin-top: -20px; background: #BE6521; padding-left: 15px; color: #ffffff; border-radius: 10px 10px 0px 0px;\">\n<h2 style=\"border-radius: 10px 10px 0px 0px; padding: 5px 0px; line-height: 1;\"><a href=\"https:\/\/tuaregviatges.es\/america_del_norte_y_central\/viajes_a_cuba\/Cuba_individual.htm\"><span style=\"color: #ffffff; font-size: 24px;\">Cuba en viaje privado y con estilo<\/span><\/a><\/h2>\n<\/div>\n<div style=\"width: auto; color: #be6521; padding-left: 10px;\">\u2714\ufe0f <a style=\"color: #be6521;\" href=\"https:\/\/tuaregviatges.es\/america_cuba.html\">Cuba<\/a><br \/>\n\u2714\ufe0f Viaje de 11 d\u00edas<br \/>\n\u2714\ufe0f Salidas diarias<br \/>\n\u2714\ufe0f <strong>A partir de 2100\u20ac<\/strong><\/p>\n<div>\n<p style=\"text-align: center; margin: 20px;\"><a href=\"https:\/\/tuaregviatges.es\/america_del_norte_y_central\/viajes_a_cuba\/Cuba_individual.htm\"><span style=\"background-color: #96a610; color: #ffffff; padding: 10px 20px; border-radius: 25px;\">M\u00e1s info viaje a Cuba<\/span><\/a><\/p>\n<\/div>\n<\/div>\n<p><img decoding=\"async\" class=\"aligncenter\" src=\"https:\/\/tuaregviatges.es\/america_del_norte_y_central\/viajes_a_cuba\/mapa\/Cuba_individual.jpg\" alt=\"Cuba + De Vi\u00f1ales a Trinidad y los Cayos en viaje privado y con estilo\" \/><\/p>\n<\/section>\n<section style=\"width: 100%; border: 1px solid #BE6521; border-radius: 10px; text-align: left; margin-top: 20px;\">\n<div style=\"margin-top: -20px; background: #BE6521; padding-left: 15px; color: #ffffff; border-radius: 10px 10px 0px 0px;\">\n<h2 style=\"border-radius: 10px 10px 0px 0px; padding: 5px 0px; line-height: 1;\"><a href=\"https:\/\/tuaregviatges.es\/america_del_norte_y_central\/viajes_a_costa_rica\/Programa_Fly___Drive_a_medida_.htm\"><span style=\"color: #ffffff; font-size: 24px;\">Costa Rica Fly &amp; Drive a medida<\/span><\/a><\/h2>\n<\/div>\n<div style=\"width: auto; color: #be6521; padding-left: 10px;\">\u2714\ufe0f <a style=\"color: #be6521;\" href=\"https:\/\/tuaregviatges.es\/america_costarica.html\">Costa Rica<\/a><br \/>\n\u2714\ufe0f Viaje de 16 d\u00edas<br \/>\n\u2714\ufe0f Salidas diarias<br \/>\n\u2714\ufe0f <strong>A partir de 2300\u20ac<\/strong><\/p>\n<div>\n<p style=\"text-align: center; margin: 20px;\"><a href=\"https:\/\/tuaregviatges.es\/america_del_norte_y_central\/viajes_a_costa_rica\/Programa_Fly___Drive_a_medida_.htm\"><span style=\"background-color: #96a610; color: #ffffff; padding: 10px 20px; border-radius: 25px;\">Info viaje a Costa Rica<\/span><\/a><\/p>\n<\/div>\n<\/div>\n<p><img decoding=\"async\" class=\"aligncenter\" src=\"https:\/\/tuaregviatges.es\/america_del_norte_y_central\/viajes_a_costa_rica\/mapa\/Programa_Fly___Drive_a_medida_.jpg\" alt=\"Costa Rica + Programa Fly &amp; Drive a medida\" \/><\/p>\n<\/section>\n<section style=\"width: 100%; border: 1px solid #BE6521; border-radius: 10px; text-align: left; margin-top: 20px;\">\n<div style=\"margin-top: -20px; background: #BE6521; padding-left: 15px; color: #ffffff; border-radius: 10px 10px 0px 0px;\">\n<h2 style=\"border-radius: 10px 10px 0px 0px; padding: 5px 0px; line-height: 1;\"><a href=\"https:\/\/tuaregviatges.es\/asia\/viajes_a_japon\/Isla_de_Honshu_Treneando_con_el_Japan_Rail_Pass-1.htm\"><span style=\"color: #ffffff; font-size: 24px;\">Isla de Honshu a tu aire Tokyo-Kyoto<\/span><\/a><\/h2>\n<\/div>\n<div style=\"width: auto; color: #be6521; padding-left: 10px;\">\u2714\ufe0f <a style=\"color: #be6521;\" href=\"https:\/\/tuaregviatges.es\/america_costarica.html\">Jap\u00f3n<\/a><br \/>\n\u2714\ufe0f Viaje de 11\u00a0 o 14 d\u00edas<br \/>\n\u2714\ufe0f Salidas los martes desde Tokyo<br \/>\n\u2714\ufe0f <strong>A partir de 1200\u20ac+vuelo<\/strong><\/p>\n<div>\n<p style=\"text-align: center; margin: 20px;\"><a href=\"https:\/\/tuaregviatges.es\/asia\/viajes_a_japon\/Isla_de_Honshu_Treneando_con_el_Japan_Rail_Pass-1.htm\"><span style=\"background-color: #96a610; color: #ffffff; padding: 10px 20px; border-radius: 25px;\">Info viaje a Costa Rica<\/span><\/a><\/p>\n<\/div>\n<\/div>\n<p><img decoding=\"async\" class=\"aligncenter\" src=\"https:\/\/tuaregviatges.es\/asia\/viajes_a_japon\/mapa\/Isla_de_Honshu_Treneando_con_el_Japan_Rail_Pass-1.jpg\" alt=\"Jap\u00f3n + Isla de Honshu a tu aire Tokyo-Kyoto\" \/><\/p>\n<\/section>\n<h3><strong>Viajes en bicicleta a medida<\/strong><\/h3>\n<p>La bicicleta es una forma de viajar lento, que permite ver, oler y o\u00edr todo lo que pasa alrededor, experimentando intensamente cada metro recorrido. Pedalear por algunos de los lugares m\u00e1s hermosos del planeta es una experiencia verdaderamente satisfactoria.\u00a0\u00danicamente hay que encontrar el lugar y el nivel adecuados a nuestra experiencia con la bicicleta y nuestra forma f\u00edsica.<\/p>\n<p>Ofrecemos varios itinerarios donde se recorre la mayor\u00eda del trayecto en bici:<\/p>\n<section class=\"paisos-sec\">\n<div><a href=\"https:\/\/tuaregviatges.es\/europa\/viajes_a_austria\/Danubio_en_bicicleta.htm\">Austria, Alemania y Suiza<\/a><\/div>\n<div><a href=\"https:\/\/tuaregviatges.es\/europa\/viajes_a_italia\/Italia.htm\">Italia<\/a><\/div>\n<div><a href=\"https:\/\/tuaregviatges.es\/europa\/viajes_a_belgica\/Belgica.htm\">Belgica<\/a><\/div>\n<div><a href=\"https:\/\/tuaregviatges.es\/europa\/viajes_a_austria\/Danubio_en_bicicleta-3.htm\">Austria y Alemania<\/a><\/div>\n<div><a href=\"https:\/\/tuaregviatges.es\/europa\/viajes_a_lituania\/BALTICS_I_POLONIA.htm\">Lituania, Letonia y Estonia<\/a><\/div>\n<\/section>\n<h4>Destacados viajes en bicicleta a medida<\/h4>\n<section style=\"width: 100%; border: 1px solid #BE6521; border-radius: 10px; text-align: left; margin-top: 20px;\">\n<div style=\"margin-top: -20px; background: #BE6521; padding-left: 15px; color: #ffffff; border-radius: 10px 10px 0px 0px;\">\n<h2 style=\"border-radius: 10px 10px 0px 0px; padding: 5px 0px; line-height: 1;\"><a href=\"https:\/\/tuaregviatges.es\/europa\/viajes_a_austria\/Danubio_en_bicicleta.htm\"><span style=\"color: #ffffff; font-size: 24px;\">En bicicleta por el Lago Constanza<\/span><\/a><\/h2>\n<\/div>\n<div style=\"width: auto; color: #be6521; padding-left: 10px;\">\u2714\ufe0f <a style=\"color: #be6521;\" href=\"https:\/\/tuaregviatges.es\/viajes_alemania.html\">Austria, Alemania y Suiza<\/a><br \/>\n\u2714\ufe0f Viaje de 8 d\u00edas<br \/>\n\u2714\ufe0f Salidas diarias<br \/>\n\u2714\ufe0f <strong>A partir de 1160\u20ac<\/strong><\/p>\n<div>\n<p style=\"text-align: center; margin: 20px;\"><a href=\"https:\/\/tuaregviatges.es\/europa\/viajes_a_austria\/Danubio_en_bicicleta.htm\"><span style=\"background-color: #96a610; color: #ffffff; padding: 10px 20px; border-radius: 25px;\">M\u00e1s info Danubio en bici<\/span><\/a><\/p>\n<\/div>\n<\/div>\n<p><img decoding=\"async\" class=\"aligncenter\" src=\"https:\/\/tuaregviatges.es\/europa\/viajes_a_austria\/mapa\/Danubio_en_bicicleta.jpg\" alt=\"Austria, Alemania y Suiza + En bicicleta por el Lago Constanza\" \/><\/p>\n<\/section>\n<section style=\"width: 100%; border: 1px solid #BE6521; border-radius: 10px; text-align: left; margin-top: 20px;\">\n<div style=\"margin-top: -20px; background: #BE6521; padding-left: 15px; color: #ffffff; border-radius: 10px 10px 0px 0px;\">\n<h2 style=\"border-radius: 10px 10px 0px 0px; padding: 5px 0px; line-height: 1;\"><a href=\"https:\/\/tuaregviatges.es\/europa\/viajes_a_austria\/Danubio_en_bicicleta-3.htm\"><span style=\"color: #ffffff; font-size: 24px;\">El Danubio cl\u00e1sico. De Passau a Viena en Bicicleta<\/span><\/a><\/h2>\n<\/div>\n<div style=\"width: auto; color: #be6521; padding-left: 10px;\">\u2714\ufe0f <a style=\"color: #be6521;\" href=\"https:\/\/tuaregviatges.es\/viajes_alemania.html\">Austria y Alemania<\/a><br \/>\n\u2714\ufe0f Viaje de 8 d\u00edas<br \/>\n\u2714\ufe0f Salidas diarias<br \/>\n\u2714\ufe0f <strong>A partir de 840\u20ac<\/strong><\/p>\n<div>\n<p style=\"text-align: center; margin: 20px;\"><a href=\"https:\/\/tuaregviatges.es\/europa\/viajes_a_austria\/Danubio_en_bicicleta-3.htm\"><span style=\"background-color: #96a610; color: #ffffff; padding: 10px 20px; border-radius: 25px;\">M\u00e1s info viaje en bici<\/span><\/a><\/p>\n<\/div>\n<\/div>\n<p><img decoding=\"async\" class=\"aligncenter\" src=\"https:\/\/tuaregviatges.es\/europa\/viajes_a_austria\/mapa\/Danubio_en_bicicleta-3.jpg\" alt=\"Austria y Alemania + El Danubio cl\u00e1sico. De Passau a Viena en Bicicleta\" \/><\/p>\n<\/section>\n<section style=\"width: 100%; border: 1px solid #BE6521; border-radius: 10px; text-align: left; margin-top: 20px;\">\n<div style=\"margin-top: -20px; background: #BE6521; padding-left: 15px; color: #ffffff; border-radius: 10px 10px 0px 0px;\">\n<h2 style=\"border-radius: 10px 10px 0px 0px; padding: 5px 0px; line-height: 1;\"><a href=\"https:\/\/tuaregviatges.es\/europa\/viajes_a_lituania\/BALTICS_I_POLONIA.htm\"><span style=\"color: #ffffff; font-size: 24px;\">Ciclismo en el B\u00e1ltico<\/span><\/a><\/h2>\n<\/div>\n<div style=\"width: auto; color: #be6521; padding-left: 10px;\">\u2714\ufe0f <a style=\"color: #be6521;\" href=\"https:\/\/tuaregviatges.es\/europa_estonia.html\">Lituania, Letonia y Estonia<\/a><br \/>\n\u2714\ufe0f Viaje de 8 d\u00edas<br \/>\n\u2714\ufe0f Salidas diarias<br \/>\n\u2714\ufe0f <strong>A partir de 1599\u20ac<\/strong><\/p>\n<div>\n<p style=\"text-align: center; margin: 20px;\"><a href=\"https:\/\/tuaregviatges.es\/europa\/viajes_a_lituania\/BALTICS_I_POLONIA.htm\"><span style=\"background-color: #96a610; color: #ffffff; padding: 10px 20px; border-radius: 25px;\">M\u00e1s info viaje en bici<\/span><\/a><\/p>\n<\/div>\n<\/div>\n<p><img decoding=\"async\" class=\"aligncenter\" src=\"https:\/\/tuaregviatges.es\/europa\/viajes_a_lituania\/mapa\/BALTICS_I_POLONIA.jpg\" alt=\"Lituania, Letonia y Estonia + Ciclismo en el B\u00e1ltico\" \/><\/p>\n<\/section>\n<h3><strong>Rutas de senderismo a medida<\/strong><\/h3>\n<p>Tenemos much\u00edsimas rutas de trekking y senderismo en nuestro cat\u00e1logo. La gran mayor\u00eda de ellas pueden servir de base y modificarse para realizar tu viaje a medida. Escoge tu destino y entra en contacto con nosotros para dise\u00f1ar tu itinerario.<\/p>\n<figure id=\"attachment_7662\" class=\"thumbnail wp-caption aligncenter\" style=\"width: 2140px\"><img loading=\"lazy\" decoding=\"async\" class=\"size-full wp-image-7662\" src=\"https:\/\/tuaregviatges.es\/viajes\/wp-content\/uploads\/2018\/10\/Trekking-hacia-la-base-del-circo-del-Cerro-Fitz-Roy.jpg\" alt=\"Trekking hacia la base del circo del Cerro Fitz Roy\" width=\"2130\" height=\"1598\" srcset=\"https:\/\/tuaregviatges.es\/viajes\/wp-content\/uploads\/2018\/10\/Trekking-hacia-la-base-del-circo-del-Cerro-Fitz-Roy.jpg 2130w, https:\/\/tuaregviatges.es\/viajes\/wp-content\/uploads\/2018\/10\/Trekking-hacia-la-base-del-circo-del-Cerro-Fitz-Roy-300x225.jpg 300w, https:\/\/tuaregviatges.es\/viajes\/wp-content\/uploads\/2018\/10\/Trekking-hacia-la-base-del-circo-del-Cerro-Fitz-Roy-768x576.jpg 768w, https:\/\/tuaregviatges.es\/viajes\/wp-content\/uploads\/2018\/10\/Trekking-hacia-la-base-del-circo-del-Cerro-Fitz-Roy-1024x768.jpg 1024w\" sizes=\"auto, (max-width: 2130px) 100vw, 2130px\" \/><figcaption class=\"caption wp-caption-text\">Trekking hacia la base del circo del Cerro Fitz Roy<\/figcaption><\/figure>\n<p>Ad\u00e9ntrate a las profundidades de los parques naturales y descubre los parajes m\u00e1s bonitos de cada pa\u00eds. El senderismo es una actividad que requiere esfuerzo, pero la satisfacci\u00f3n de llegar al punto de destino rodeados de tanta belleza es algo inolvidable.<\/p>\n<h3><strong>Rutas de viajes en grupo<\/strong><\/h3>\n<figure id=\"attachment_8972\" class=\"thumbnail wp-caption aligncenter\" style=\"width: 722px\"><img loading=\"lazy\" decoding=\"async\" class=\"size-full wp-image-8972\" src=\"https:\/\/tuaregviatges.es\/viajes\/wp-content\/uploads\/2019\/05\/FAMILIA-CON-NINOS-EN-TANZANIA.jpg\" alt=\"FAMILIA CON NI\u00f1OS EN TANZANIA\" width=\"712\" height=\"400\" srcset=\"https:\/\/tuaregviatges.es\/viajes\/wp-content\/uploads\/2019\/05\/FAMILIA-CON-NINOS-EN-TANZANIA.jpg 712w, https:\/\/tuaregviatges.es\/viajes\/wp-content\/uploads\/2019\/05\/FAMILIA-CON-NINOS-EN-TANZANIA-300x169.jpg 300w\" sizes=\"auto, (max-width: 712px) 100vw, 712px\" \/><figcaption class=\"caption wp-caption-text\">Fam\u00edlia con ni\u00f1os en Tanzania<\/figcaption><\/figure>\n<p>Cualquier de nuestros destinos tienes la oportunidad de realizarlos a tu gusto. Visita lo que m\u00e1s te plazca y crea tu propia ruta por todo el pa\u00eds.<\/p>\n","protected":false},"excerpt":{"rendered":"<p>Tenemos m\u00e1s de 200 destinos preparadas por todo el mundo que podemos adaptar a tus gustos. Sabemos que viajar con un grupo de gente que no conoces a alguna gente le puede resultar algo incomodo o, por otra parte, quieres viajar con tu familia o amigos, esta ser\u00eda una buena opci\u00f3n. Los viajes a medida [&hellip;]<\/p>\n","protected":false},"author":8,"featured_media":12927,"comment_status":"closed","ping_status":"closed","sticky":false,"template":"","format":"standard","meta":{"footnotes":""},"categories":[678,461,1],"tags":[17,689],"class_list":["post-12916","post","type-post","status-publish","format-standard","has-post-thumbnail","hentry","category-viajes-destinos","category-viajes-excepcionales","category-general","tag-viajes","tag-viajes-a-medida"],"_links":{"self":[{"href":"https:\/\/tuaregviatges.es\/viajes\/wp-json\/wp\/v2\/posts\/12916","targetHints":{"allow":["GET"]}}],"collection":[{"href":"https:\/\/tuaregviatges.es\/viajes\/wp-json\/wp\/v2\/posts"}],"about":[{"href":"https:\/\/tuaregviatges.es\/viajes\/wp-json\/wp\/v2\/types\/post"}],"author":[{"embeddable":true,"href":"https:\/\/tuaregviatges.es\/viajes\/wp-json\/wp\/v2\/users\/8"}],"replies":[{"embeddable":true,"href":"https:\/\/tuaregviatges.es\/viajes\/wp-json\/wp\/v2\/comments?post=12916"}],"version-history":[{"count":16,"href":"https:\/\/tuaregviatges.es\/viajes\/wp-json\/wp\/v2\/posts\/12916\/revisions"}],"predecessor-version":[{"id":13734,"href":"https:\/\/tuaregviatges.es\/viajes\/wp-json\/wp\/v2\/posts\/12916\/revisions\/13734"}],"wp:featuredmedia":[{"embeddable":true,"href":"https:\/\/tuaregviatges.es\/viajes\/wp-json\/wp\/v2\/media\/12927"}],"wp:attachment":[{"href":"https:\/\/tuaregviatges.es\/viajes\/wp-json\/wp\/v2\/media?parent=12916"}],"wp:term":[{"taxonomy":"category","embeddable":true,"href":"https:\/\/tuaregviatges.es\/viajes\/wp-json\/wp\/v2\/categories?post=12916"},{"taxonomy":"post_tag","embeddable":true,"href":"https:\/\/tuaregviatges.es\/viajes\/wp-json\/wp\/v2\/tags?post=12916"}],"curies":[{"name":"wp","href":"https:\/\/api.w.org\/{rel}","templated":true}]}}