{"id":12990,"date":"2022-05-17T12:54:02","date_gmt":"2022-05-17T10:54:02","guid":{"rendered":"https:\/\/tuaregviatges.es\/viajes\/?p=12990"},"modified":"2022-05-17T12:54:02","modified_gmt":"2022-05-17T10:54:02","slug":"ya-tenemos-finalistas-concurso-de-fotografia-2020-21","status":"publish","type":"post","link":"https:\/\/tuaregviatges.es\/viajes\/ya-tenemos-finalistas-concurso-de-fotografia-2020-21\/","title":{"rendered":"\u00a1Ya tenemos finalistas! Concurso de fotograf\u00eda 2020-21"},"content":{"rendered":"<blockquote><p>\u00a1\u00a1\u00a1Ya tenemos las fotos finalistas!!!<\/p><\/blockquote>\n<p>Esta \u00faltima selecci\u00f3n ha sido todav\u00eda m\u00e1s complicada y se nos han quedado fuera im\u00e1genes espl\u00e9ndidas que merec\u00edan, sin duda, estar en la lista. Pero tambi\u00e9n estamos convencidos de que las finalistas no decepcionan<\/p>\n<p>Como explicamos en las bases del concurso, somos nosotros \u2013las trece personas que trabajamos en Viajes Tuareg- los que nos ocupamos de estas primeras eliminatorias, con lo cual no existe un criterio \u00fanico: algunos compa\u00f1eros valoran la calidad, otros la originalidad o la historia que cuenta cada imagen&#8230; hay otras maneras de hacerlo, pero nos parece que esta disparidad da m\u00e1s oportunidades a todos los participantes de nuestro concurso.<!--more--><\/p>\n<p>El siguiente paso es entregar las im\u00e1genes finalistas al jurado de calidad para que decida los premios; ahora la democracia popular deja paso al despotismo ilustrado de los profesionales\u00a0 de fotograf\u00eda.<\/p>\n<p>Y no queremos terminar nuestra tarea sin mencionar nuestras favoritas; las fotos m\u00e1s votadas en la oficina han sido:<\/p>\n<p><strong>1 &#8211; Preparando te camino a Debba de Isabel Mart\u00ednez<\/strong><br \/>\nViaje a Sud\u00e1n, salida 4 de diciembre 2021<\/p>\n<p><img decoding=\"async\" src=\"https:\/\/tuaregviatges.es\/concurso\/2021\/Sudan-preparando_te_camino_a_Debba.jpg\" \/><\/p>\n<p><strong>2 &#8211; Reflexes de Anna Comellas<\/strong><br \/>\nViaje a Tanzania, agosto de 2020<\/p>\n<p><img decoding=\"async\" src=\"https:\/\/tuaregviatges.es\/concurso\/2021\/Tanzania_Reflexes_Anna_Comellas_03.JPG\" \/><\/p>\n<p><strong>3 &#8211; Muralla de N\u00faria Bach<\/strong><br \/>\nViaje Uzbekist\u00e1n y Kirguist\u00e1n, salida 29 de julio de 2021<\/p>\n<p><img decoding=\"async\" src=\"https:\/\/tuaregviatges.es\/concurso\/wp-content\/uploads\/2022\/05\/Uzbekistan-Muralla-Jiva-Nuria-Bach-1.jpg\" alt=\"Uzbekist\u00e1n - Muralla de Jiva \u00a9 Nuria Bach\" \/><\/p>\n<p>Muchas gracias a todos. Nosotros hemos disfrutado de verdad viendo el mundo a trav\u00e9s de la mirada de los concursantes, y estamos seguros de que los no-participantes podr\u00e9is revivir buenos momentos a trav\u00e9s de las im\u00e1genes de vuestros compa\u00f1eros de viaje.<\/p>\n<p style=\"text-align: center; margin: 20px;\"><a href=\"https:\/\/tuaregviatges.es\/concurso\/concurso-de-fotografia-20-21\/finalistas\/\"><span style=\"background-color: #96a610; color: #ffffff; padding: 10px 20px; border-radius: 25px;\">Ver las 23 fotos finalistas<\/span><\/a><\/p>\n","protected":false},"excerpt":{"rendered":"<p>\u00a1\u00a1\u00a1Ya tenemos las fotos finalistas!!! Esta \u00faltima selecci\u00f3n ha sido todav\u00eda m\u00e1s complicada y se nos han quedado fuera im\u00e1genes espl\u00e9ndidas que merec\u00edan, sin duda, estar en la lista. Pero tambi\u00e9n estamos convencidos de que las finalistas no decepcionan Como explicamos en las bases del concurso, somos nosotros \u2013las trece personas que trabajamos en Viajes [&hellip;]<\/p>\n","protected":false},"author":1,"featured_media":12993,"comment_status":"closed","ping_status":"closed","sticky":false,"template":"","format":"standard","meta":{"footnotes":""},"categories":[456,460,1],"tags":[412,649,229],"class_list":["post-12990","post","type-post","status-publish","format-standard","has-post-thumbnail","hentry","category-concurso-de-fotografia","category-viajes-fotograficos","category-general","tag-concurso-de-video","tag-fotografia","tag-viajes-fotograficos"],"_links":{"self":[{"href":"https:\/\/tuaregviatges.es\/viajes\/wp-json\/wp\/v2\/posts\/12990","targetHints":{"allow":["GET"]}}],"collection":[{"href":"https:\/\/tuaregviatges.es\/viajes\/wp-json\/wp\/v2\/posts"}],"about":[{"href":"https:\/\/tuaregviatges.es\/viajes\/wp-json\/wp\/v2\/types\/post"}],"author":[{"embeddable":true,"href":"https:\/\/tuaregviatges.es\/viajes\/wp-json\/wp\/v2\/users\/1"}],"replies":[{"embeddable":true,"href":"https:\/\/tuaregviatges.es\/viajes\/wp-json\/wp\/v2\/comments?post=12990"}],"version-history":[{"count":1,"href":"https:\/\/tuaregviatges.es\/viajes\/wp-json\/wp\/v2\/posts\/12990\/revisions"}],"predecessor-version":[{"id":12994,"href":"https:\/\/tuaregviatges.es\/viajes\/wp-json\/wp\/v2\/posts\/12990\/revisions\/12994"}],"wp:featuredmedia":[{"embeddable":true,"href":"https:\/\/tuaregviatges.es\/viajes\/wp-json\/wp\/v2\/media\/12993"}],"wp:attachment":[{"href":"https:\/\/tuaregviatges.es\/viajes\/wp-json\/wp\/v2\/media?parent=12990"}],"wp:term":[{"taxonomy":"category","embeddable":true,"href":"https:\/\/tuaregviatges.es\/viajes\/wp-json\/wp\/v2\/categories?post=12990"},{"taxonomy":"post_tag","embeddable":true,"href":"https:\/\/tuaregviatges.es\/viajes\/wp-json\/wp\/v2\/tags?post=12990"}],"curies":[{"name":"wp","href":"https:\/\/api.w.org\/{rel}","templated":true}]}}