{"id":13005,"date":"2026-04-01T16:04:31","date_gmt":"2026-04-01T14:04:31","guid":{"rendered":"https:\/\/tuaregviatges.es\/viajes\/?p=13005"},"modified":"2026-04-17T23:29:36","modified_gmt":"2026-04-17T21:29:36","slug":"ultimas-plazas-para-viajar-en-junio","status":"publish","type":"post","link":"https:\/\/tuaregviatges.es\/viajes\/ultimas-plazas-para-viajar-en-junio\/","title":{"rendered":"\u00daltimas plazas para viajar en junio 2026"},"content":{"rendered":"<blockquote><p>\u00daltimas plazas con salida en el mes de junio para viajar en grupos reducidos.<\/p><\/blockquote>\n<p>Todav\u00eda tenemos plazas disponibles para viajar en junio en muchos de nuestros viajes. Sin embargo, otros viajes m\u00e1s buscados est\u00e1n completos o disponen de pocas plazas. Si tienes unos d\u00edas de vacaciones y quieres conocer un destino que se aleje de las rutas habituales de turismo, comprueba que tu destino no sea uno de ellos.<\/p>\n<blockquote><p><!--more--><br \/>\n<img loading=\"lazy\" decoding=\"async\" class=\"aligncenter wp-image-16227 size-full\" src=\"https:\/\/tuaregviatges.es\/viajes\/wp-content\/uploads\/2026\/04\/cetaceos-e1776460620209.jpg\" alt=\"\" width=\"1078\" height=\"1348\" \/><br \/>\n\u00a1No te pierdas la oportunidad de explorar destinos \u00fanicos con nuestros \u00faltimos cupos disponibles para junio!<\/p><\/blockquote>\n<p>Sum\u00e9rgete en la belleza natural de las Azores, descubre la rica historia y cultura de Albania y Macedonia, o avent\u00farate en emocionantes caminatas por la Grecia continental. Y para los amantes de las tradiciones, vive la experiencia inolvidable del Inti Raymi en Per\u00fa.<\/p>\n<blockquote><p>Consulta los precios y fechas de salida, y prep\u00e1rate para viajar en junio.<\/p><\/blockquote>\n<p>&nbsp;<\/p>\n<h3>\u00daltimas plazas para viajar en junio<\/h3>\n<section id=\"grecia\" style=\"width: 100%; border: 1px solid #BE6521; border-radius: 10px; text-align: left; margin-top: 20px;\">\n<div style=\"margin-top: -20px; background: #BE6521; color: #ffffff; border-radius: 10px 10px 0px 0px; min-height: 40px;\">\n<div style=\"margin: 0 15px;\">\n<h2 style=\"border-radius: 10px 10px 0px 0px; padding: 5px 0px; line-height: 1;\"><a style=\"color: #ffffff; font-family: 'Amatic SC', sans-serif;\" href=\"https:\/\/tuaregviatges.es\/europa\/viajes_a_grecia\/Creta_en_grupo.htm\">Creta, explorando la isla del Minotauro<\/a><\/h2>\n<\/div>\n<div style=\"height: 33vh; margin: 0; background: url('https:\/\/tuaregviatges.es\/articulos\/wp-content\/uploads\/Creta2.jpg'); background-repeat: no-repeat; background-size: cover; max-height: 600px;\"><\/div>\n<\/div>\n<div style=\"width: auto; color: #be6521; padding-left: 10px; line-height: 1.5; margin-top: -20px; padding-top: 0px;\">\n<div><a style=\"color: #be6521; padding-right: 10px; font-weight: bolder; font-size: 20px; font-family: 'Amatic SC', sans-serif;\" href=\"https:\/\/tuaregviatges.es\/europa_grecia.html\"><br \/>\n<img decoding=\"async\" class=\"ico-place\" style=\"height: 35px; width: 35; margin: -10px; margin-right: 3px;\" src=\"https:\/\/tuaregviatges.es\/iconos\/place.svg\" \/>Grecia<\/a><\/div>\n<div>\n<div style=\"color: #000000;\"><span style=\"color: #96a610;\">\u2714\ufe0f Viaje de 8 d\u00edas<\/span><br \/>\n<span style=\"color: #96a610;\">\u2714\ufe0f Salida 16\u00a0 JUN 2024<\/span><br \/>\n<span style=\"color: #96a610;\">\u2714\ufe0f Precio a partir de<strong> 1580\u20ac<\/strong><\/span><\/div>\n<div><\/div>\n<div style=\"color: #000000;\"><em> Un viaje cultural y de senderismo que recorre la Grecia m\u00e1s desconocida.<br \/>\n<\/em><\/div>\n<p style=\"text-align: center; margin: 20px;\"><a href=\"https:\/\/tuaregviatges.es\/europa\/viajes_a_grecia\/Creta_en_grupo.htm\"><span style=\"background-color: #96a610; color: #ffffff; padding: 10px 20px; border-radius: 25px;\" title=\"Viajar a Albania en julio\">+Info del viaje<\/span><\/a><\/p>\n<p><img decoding=\"async\" class=\"aligncenter\" src=\"https:\/\/tuaregviatges.es\/europa\/viajes_a_grecia\/mapa\/Creta_en_grupo.jpg\" alt=\"Grecia + Creta, explorando la isla del Minotauro\" \/><\/p>\n<\/div>\n<\/div>\n<\/section>\n<p>&nbsp;<\/p>\n<section id=\"albania\" style=\"width: 100%; border: 1px solid #BE6521; border-radius: 10px; text-align: left; margin-top: 20px;\">\n<div style=\"margin-top: -20px; background: #BE6521; color: #ffffff; border-radius: 10px 10px 0px 0px; min-height: 40px;\">\n<div style=\"margin: 0 15px;\">\n<h2 style=\"border-radius: 10px 10px 0px 0px; padding: 5px 0px; line-height: 1;\"><a style=\"color: #ffffff; font-family: 'Amatic SC', sans-serif;\" href=\"https:\/\/tuaregviatges.es\/europa\/viajes_a_albania\/Ruta_cultural_y_activa_por_Albania_y_Macedonia.htm\">Los desconocidos valles del Norte, la Albania cl\u00e1sica y Macedonia<\/a><\/h2>\n<\/div>\n<div style=\"height: auto; margin: 0;\"><img decoding=\"async\" style=\"width: 100%; height: auto;\" src=\"https:\/\/tuaregviatges.es\/rutas\/seccionesRutas\/21098.jpg\" \/><\/div>\n<\/div>\n<div style=\"width: auto; color: #be6521; padding-left: 10px; line-height: 1.5; margin-top: -2rem;\">\n<div><a style=\"color: #be6521; padding-right: 10px; font-weight: bolder; font-size: 20px; font-family: 'Amatic SC', sans-serif;\" href=\"https:\/\/tuaregviatges.es\/europa_albania.html\"><br \/>\n<img decoding=\"async\" class=\"ico-place\" style=\"height: 35px; width: 35; margin: -10px; margin-right: 3px;\" src=\"https:\/\/tuaregviatges.es\/iconos\/place.svg\" \/>Albania<\/a><\/div>\n<div>\n<div style=\"color: #000000;\"><span style=\"color: #96a610;\">\u2714\ufe0f Viaje de 12 d\u00edas<\/span><br \/>\n<span style=\"color: #96a610;\">\u2714\ufe0f Salidas 9, 23 jun 2026<\/span><br \/>\n<span style=\"color: #96a610;\">\u2714\ufe0f Precio a partir de<strong> 1440\u20ac<\/strong><\/span><\/div>\n<div><\/div>\n<div style=\"color: #000000;\"><em>Una combinaci\u00f3n din\u00e1mica y agradable para conocer la historia pasada y reciente de Albania y Macedonia, as\u00ed como disfrutar de fant\u00e1sticos paisajes en primavera.<\/em><\/div>\n<p style=\"text-align: center; margin: 20px;\"><a href=\"https:\/\/tuaregviatges.es\/europa\/viajes_a_albania\/Ruta_cultural_y_activa_por_Albania_y_Macedonia.htm\"><span style=\"background-color: #96a610; color: #ffffff; padding: 10px 20px; border-radius: 25px;\" title=\"Viajar a Albania en julio\">+Info del viaje<\/span><\/a><\/p>\n<p><img decoding=\"async\" class=\"aligncenter\" src=\"https:\/\/tuaregviatges.es\/europa\/viajes_a_albania\/mapa\/Ruta_cultural_y_activa_por_Albania_y_Macedonia.jpg\" alt=\"Albania y Macedonia + Los desconocidos valles del norte, la Albania cl\u00e1sica y Macedonia\" \/><\/p>\n<\/div>\n<\/div>\n<\/section>\n<p>&nbsp;<\/p>\n<section style=\"width: 100%; border: 1px solid #BE6521; border-radius: 10px; text-align: left; margin-top: 20px;\">\n<div style=\"margin-top: -20px; background: #BE6521; color: #ffffff; border-radius: 10px 10px 0px 0px; min-height: 40px;\">\n<div style=\"margin: 0 15px;\">\n<h2 style=\"border-radius: 10px 10px 0px 0px; padding: 5px 0px; line-height: 1;\"><a style=\"color: #ffffff; font-family: 'Amatic SC', sans-serif;\" href=\"https:\/\/tuaregviatges.es\/america_del_sur\/viajes_a_brasil\/Expedicion_selva_amazonica.htm\">Amazonas y Nordeste &#8211; Proyecto Puranga Flow<\/a><\/h2>\n<\/div>\n<div style=\"height: auto; margin: 0;\"><img decoding=\"async\" style=\"width: 100%; height: auto;\" src=\"https:\/\/tuaregviatges.es\/america_del_sur\/viajes_a_brasil\/fotografia\/viajes_a_Expedicion_selva_amazonica-6.jpg\" \/><\/div>\n<\/div>\n<div style=\"width: auto; color: #be6521; padding-left: 10px; line-height: 1.5; margin-top: -2rem;\">\n<div><a style=\"color: #be6521; padding-right: 10px; font-weight: bolder; font-size: 20px; font-family: 'Amatic SC', sans-serif;\" href=\"https:\/\/tuaregviatges.es\/america_peru.html\"><br \/>\n<img decoding=\"async\" class=\"ico-place\" style=\"height: 35px; width: 35; margin: -10px; margin-right: 3px;\" src=\"https:\/\/tuaregviatges.es\/iconos\/place.svg\" \/>Brasil<\/a><\/div>\n<div>\n<div style=\"color: #000000;\"><span style=\"color: #96a610;\">\u2714\ufe0f Viaje de 14 d\u00edas<\/span><br \/>\n<span style=\"color: #96a610;\">\u2714\ufe0f Salidas 10 jun<span class=\"lt\">\u00a0|\u00a0<\/span>9 sep 2026<\/span><br \/>\n<span style=\"color: #96a610;\">\u2714\ufe0f Precio a partir de<strong> 3850\u20ac<\/strong><\/span><\/div>\n<div><\/div>\n<\/div>\n<div><img decoding=\"async\" class=\"aligncenter\" src=\"https:\/\/tuaregviatges.es\/america_del_sur\/viajes_a_brasil\/mapa\/Expedicion_selva_amazonica.jpg\" alt=\"Brasil + Amazonas y Nordeste - Proyecto Puranga Flow\" \/><\/div>\n<div>\n<div><\/div>\n<p style=\"text-align: center; margin: 20px;\"><a href=\"https:\/\/tuaregviatges.es\/america_del_sur\/viajes_a_brasil\/Expedicion_selva_amazonica.htm\"><span style=\"background-color: #96a610; color: #ffffff; padding: 10px 20px; border-radius: 25px;\" title=\"Viajar al Amazonas en verano\">+Info del viaje<\/span><\/a><\/p>\n<\/div>\n<\/div>\n<\/section>\n<p>&nbsp;<\/p>\n<section id=\"albania-trekking\" style=\"width: 100%; border: 1px solid #BE6521; border-radius: 10px; text-align: left; margin-top: 20px;\">\n<div style=\"margin-top: -20px; background: #BE6521; color: #ffffff; border-radius: 10px 10px 0px 0px; min-height: 40px;\">\n<div style=\"margin: 0 15px;\">\n<h2 style=\"border-radius: 10px 10px 0px 0px; padding: 5px 0px; line-height: 1;\"><a style=\"color: #ffffff; font-family: 'Amatic SC', sans-serif;\" href=\"https:\/\/tuaregviatges.es\/europa\/viajes_a_albania\/Trekking_por_los_Alpes_Dinaricos.htm\">Trekking en los Alpes Din\u00e1ricos<\/a><\/h2>\n<\/div>\n<div style=\"height: auto; margin: 0;\"><img decoding=\"async\" style=\"width: 100%; height: auto;\" src=\"https:\/\/tuaregviatges.es\/rutas\/seccionesRutas\/19784.jpg\" \/><\/div>\n<\/div>\n<div style=\"width: auto; color: #be6521; padding-left: 10px; line-height: 1.5; margin-top: -2rem;\">\n<div><a style=\"color: #be6521; padding-right: 10px; font-weight: bolder; font-size: 20px; font-family: 'Amatic SC', sans-serif;\" href=\"https:\/\/tuaregviatges.es\/europa_albania.html\"><br \/>\n<img decoding=\"async\" class=\"ico-place\" style=\"height: 35px; width: 35; margin: -10px; margin-right: 3px;\" src=\"https:\/\/tuaregviatges.es\/iconos\/place.svg\" \/>Albania<\/a><\/div>\n<div>\n<div style=\"color: #000000;\"><span style=\"color: #96a610;\">\u2714\ufe0f Viaje de 10 d\u00edas<\/span><br \/>\n<span style=\"color: #96a610;\">\u2714\ufe0f Salida 23 JUN 2026<\/span><br \/>\n<span style=\"color: #96a610;\">\u2714\ufe0f Precio a partir de<strong> 1280\u20ac<\/strong><\/span><\/div>\n<div><\/div>\n<div style=\"color: #000000;\"><em>Una impresionante ruta de trekking que nos lleva a recorrer la regi\u00f3n monta\u00f1osa del norte de Albania y sur de Montenegro. Exploraremos a pie los Alpes Din\u00e1ricos, descubriendo monta\u00f1as y valles remotos, en un \u00e1rea multicultural habitada por albaneses y eslavos. <\/em><\/div>\n<p style=\"text-align: center; margin: 20px;\"><a href=\"https:\/\/tuaregviatges.es\/europa\/viajes_a_albania\/Trekking_por_los_Alpes_Dinaricos.htm\"><span style=\"background-color: #96a610; color: #ffffff; padding: 10px 20px; border-radius: 25px;\" title=\"Viajar a Albania en julio\">+Info del viaje<\/span><\/a><\/p>\n<p><img decoding=\"async\" class=\"aligncenter\" src=\"https:\/\/tuaregviatges.es\/europa\/viajes_a_albania\/mapa\/Trekking_por_los_Alpes_Dinaricos.jpg\" alt=\"Albania y Montenegro + Trekking por los Alpes Din\u00e1ricos\" \/><\/p>\n<\/div>\n<\/div>\n<\/section>\n<p>&nbsp;<\/p>\n<section id=\"azores\" style=\"width: 100%; border: 1px solid #BE6521; border-radius: 10px; text-align: left; margin-top: 20px;\">\n<div style=\"margin-top: -20px; background: #BE6521; color: #ffffff; border-radius: 10px 10px 0px 0px; min-height: 40px;\">\n<div style=\"margin: 0 15px;\">\n<h2 style=\"border-radius: 10px 10px 0px 0px; padding: 5px 0px; line-height: 1;\"><a style=\"color: #ffffff; font-family: 'Amatic SC', sans-serif;\" href=\"https:\/\/tuaregviatges.es\/europa\/viajes_a_azores\/Azores.htm\">Senderismo en Sao Miguel<\/a><\/h2>\n<\/div>\n<div style=\"height: auto; margin: 0;\"><img decoding=\"async\" style=\"width: 100%; height: auto;\" src=\"https:\/\/tuaregviatges.es\/rutas\/seccionesRutas\/18603.jpg\" \/><\/div>\n<\/div>\n<div style=\"width: auto; color: #be6521; padding-left: 10px; line-height: 1.5; margin-top: -2rem;\">\n<div><a style=\"color: #be6521; padding-right: 10px; font-weight: bolder; font-size: 20px; font-family: 'Amatic SC', sans-serif;\" href=\"https:\/\/tuaregviatges.es\/viajes_azores.html\"><br \/>\n<img decoding=\"async\" class=\"ico-place\" style=\"height: 35px; width: 35; margin: -10px; margin-right: 3px;\" src=\"https:\/\/tuaregviatges.es\/iconos\/place.svg\" \/>Azores<\/a><\/div>\n<div>\n<div style=\"color: #000000;\"><span style=\"color: #96a610;\">\u2714\ufe0f Viaje de 8 d\u00edas<\/span><br \/>\n<span style=\"color: #96a610;\">\u2714\ufe0f Salida 20 JUN 2026<\/span><br \/>\n<span style=\"color: #96a610;\">\u2714\ufe0f Precio a partir de<strong> 1745\u20ac<\/strong><\/span><\/div>\n<div><\/div>\n<div style=\"color: #000000;\"><em>Diferentes tonos de verde cubren las monta\u00f1as formadas por volcanes y campos, contrastando con los azules de los lagos y el mar.<\/em><\/div>\n<p style=\"text-align: center; margin: 20px;\"><a href=\"https:\/\/tuaregviatges.es\/europa\/viajes_a_azores\/Azores.htm\"><span style=\"background-color: #96a610; color: #ffffff; padding: 10px 20px; border-radius: 25px;\" title=\"Viajar a Albania en julio\">+Info del viaje<\/span><\/a><\/p>\n<p><img loading=\"lazy\" decoding=\"async\" class=\"aligncenter\" src=\"https:\/\/tuaregviatges.es\/europa\/viajes_a_azores\/mapa\/Azores.jpg\" alt=\"Azores + Senderismo en Sao Miguel \" width=\"746\" height=\"746\" \/><\/p>\n<\/div>\n<\/div>\n<\/section>\n<p>&nbsp;<\/p>\n<section id=\"semana-santa\" style=\"width: 100%; border: 1px solid #BE6521; border-radius: 10px; text-align: left; margin-top: 20px;\">\n<div style=\"margin-top: -20px; background: #BE6521; color: #ffffff; border-radius: 10px 10px 0px 0px; min-height: 40px;\">\n<div style=\"margin: 0 15px;\">\n<h2 style=\"border-radius: 10px 10px 0px 0px; padding: 5px 0px; line-height: 1;\"><a style=\"color: #ffffff; font-family: 'Amatic SC', sans-serif;\" href=\"https:\/\/tuaregviatges.es\/america_del_sur\/viajes_a_peru\/Travesia_Arequipa-Titicaca-Cuzco-2.htm\">Per\u00fa especial Inti Raymi<\/a><\/h2>\n<\/div>\n<div style=\"height: auto; margin: 0;\"><img decoding=\"async\" style=\"width: 100%; height: auto;\" src=\"https:\/\/tuaregviatges.es\/rutas\/seccionesRutas\/22512.jpg\" \/><\/div>\n<\/div>\n<div style=\"width: auto; color: #be6521; padding-left: 10px; line-height: 1.5; margin-top: -2rem;\">\n<div><a style=\"color: #be6521; padding-right: 10px; font-weight: bolder; font-size: 20px; font-family: 'Amatic SC', sans-serif;\" href=\"https:\/\/tuaregviatges.es\/africa_argelia.html\"><br \/>\n<img decoding=\"async\" class=\"ico-place\" style=\"height: 35px; width: 35; margin: -10px; margin-right: 3px;\" src=\"https:\/\/tuaregviatges.es\/iconos\/place.svg\" \/>Per\u00fa<\/a><\/div>\n<div>\n<div style=\"color: #000000;\"><span style=\"color: #96a610;\">\u2714\ufe0f Viaje de 17 d\u00edas<\/span><br \/>\n<span style=\"color: #96a610;\">\u2714\ufe0f Salida 14 JUN 2026<\/span><br \/>\n<span style=\"color: #96a610;\">\u2714\ufe0f Precio a partir de<strong> 3255\u20ac<\/strong><\/span><\/div>\n<div><\/div>\n<div style=\"color: #000000;\"><em>La gran Fiesta del Sol inca, que tiene lugar cada solsticio de invierno, una celebraci\u00f3n ancestral en el coraz\u00f3n de Cuzco. Sitios arqueol\u00f3gicos incas, poblados, y mercados ind\u00edgenas, culminan con el ascenso al Machu Picchu.<\/em><\/div>\n<p style=\"text-align: center; margin: 20px;\"><a href=\"https:\/\/tuaregviatges.es\/america_del_sur\/viajes_a_peru\/Travesia_Arequipa-Titicaca-Cuzco-2.htm\"><span style=\"background-color: #96a610; color: #ffffff; padding: 10px 20px; border-radius: 25px;\" title=\"Viajar a Albania en julio\">+Info del viaje<\/span><\/a><\/p>\n<p><img loading=\"lazy\" decoding=\"async\" class=\"aligncenter\" src=\"https:\/\/tuaregviatges.es\/america_del_sur\/viajes_a_peru\/mapa\/Travesia_Arequipa-Titicaca-Cuzco-2.jpg\" alt=\"Per\u00fa + Especial Inti Raymi\" width=\"677\" height=\"677\" \/><\/p>\n<\/div>\n<\/div>\n<\/section>\n<p>Si no has encontrado tu destino, o quieres hacer un viaje a medida, consulta nuestra parrilla de viajes donde encontraras decenas de opciones para viajar en junio.<\/p>\n<p style=\"text-align: center; margin: 20px;\"><a href=\"https:\/\/tuaregviatges.es\/viajes_junio.html\"><span style=\"background-color: #96a610; color: #ffffff; padding: 10px 20px; border-radius: 25px;\">Viajes en junio<\/span><\/a><\/p>\n<p style=\"text-align: center; margin: 20px;\"><a href=\"https:\/\/tuaregviatges.es\/viajes_a_medida.php\"><span style=\"background-color: #96a610; color: #ffffff; padding: 10px 20px; border-radius: 25px;\">Viajes a medida<\/span><\/a><\/p>\n","protected":false},"excerpt":{"rendered":"<p>\u00daltimas plazas con salida en el mes de junio para viajar en grupos reducidos. Todav\u00eda tenemos plazas disponibles para viajar en junio en muchos de nuestros viajes. Sin embargo, otros viajes m\u00e1s buscados est\u00e1n completos o disponen de pocas plazas. Si tienes unos d\u00edas de vacaciones y quieres conocer un destino que se aleje de [&hellip;]<\/p>\n","protected":false},"author":1,"featured_media":10360,"comment_status":"closed","ping_status":"closed","sticky":false,"template":"","format":"standard","meta":{"footnotes":""},"categories":[616,591],"tags":[150,636],"class_list":["post-13005","post","type-post","status-publish","format-standard","has-post-thumbnail","hentry","category-albania","category-peru","tag-ultimas-plazas","tag-viajes-en-junio"],"_links":{"self":[{"href":"https:\/\/tuaregviatges.es\/viajes\/wp-json\/wp\/v2\/posts\/13005","targetHints":{"allow":["GET"]}}],"collection":[{"href":"https:\/\/tuaregviatges.es\/viajes\/wp-json\/wp\/v2\/posts"}],"about":[{"href":"https:\/\/tuaregviatges.es\/viajes\/wp-json\/wp\/v2\/types\/post"}],"author":[{"embeddable":true,"href":"https:\/\/tuaregviatges.es\/viajes\/wp-json\/wp\/v2\/users\/1"}],"replies":[{"embeddable":true,"href":"https:\/\/tuaregviatges.es\/viajes\/wp-json\/wp\/v2\/comments?post=13005"}],"version-history":[{"count":12,"href":"https:\/\/tuaregviatges.es\/viajes\/wp-json\/wp\/v2\/posts\/13005\/revisions"}],"predecessor-version":[{"id":16262,"href":"https:\/\/tuaregviatges.es\/viajes\/wp-json\/wp\/v2\/posts\/13005\/revisions\/16262"}],"wp:featuredmedia":[{"embeddable":true,"href":"https:\/\/tuaregviatges.es\/viajes\/wp-json\/wp\/v2\/media\/10360"}],"wp:attachment":[{"href":"https:\/\/tuaregviatges.es\/viajes\/wp-json\/wp\/v2\/media?parent=13005"}],"wp:term":[{"taxonomy":"category","embeddable":true,"href":"https:\/\/tuaregviatges.es\/viajes\/wp-json\/wp\/v2\/categories?post=13005"},{"taxonomy":"post_tag","embeddable":true,"href":"https:\/\/tuaregviatges.es\/viajes\/wp-json\/wp\/v2\/tags?post=13005"}],"curies":[{"name":"wp","href":"https:\/\/api.w.org\/{rel}","templated":true}]}}