{"id":13642,"date":"2023-06-07T19:57:31","date_gmt":"2023-06-07T17:57:31","guid":{"rendered":"https:\/\/tuaregviatges.es\/viajes\/?p=13642"},"modified":"2023-06-07T19:58:05","modified_gmt":"2023-06-07T17:58:05","slug":"convocado-en-mesa-electoral-que-sucede-con-mi-viaje","status":"publish","type":"post","link":"https:\/\/tuaregviatges.es\/viajes\/convocado-en-mesa-electoral-que-sucede-con-mi-viaje\/","title":{"rendered":"Convocado en mesa electoral \u00bfQu\u00e9 sucede con mi viaje?"},"content":{"rendered":"<p>El anuncio de elecciones anticipadas nos ha cogido a todos por sorpresa; muchos hab\u00edamos decidio viajar en la segunda quinzena de julio y ya ten\u00edamos las vacaciones reservadas o est\u00e1bamos terminando de decidir el destino de nuestro viaje. Sea cual sea tu caso, puedes estar tranquil@ si tienes pensado <a href=\"https:\/\/tuaregviatges.es\/\">viajar con Tuareg<\/a>.<\/p>\n<h4>Si me convocan como miembro de una mesa, \u00bfpuedo cancelar mi viaje?<\/h4>\n<p><!--more--><\/p>\n<p>Puedes cancelar tu viaje, aunque debes tener en cuenta que ser\u00edan de aplicaci\u00f3n las condiciones generales y las particulares referentes a la anulaci\u00f3n del viaje por parte del viajero, siendo de aplicaci\u00f3n los gastos de anulaci\u00f3n que se deriven de las mismas. Es decir, la cancelaci\u00f3n del viaje por este motivo SI genera unos gastos de anulaci\u00f3n. Te explicamos las posibilidades que tienes para gestionar esta circunstancia.<\/p>\n<section class=\"elementor-section elementor-top-section elementor-element elementor-element-395deeb elementor-section-boxed elementor-section-height-default elementor-section-height-default\" data-id=\"395deeb\" data-element_type=\"section\">\n<div class=\"elementor-container elementor-column-gap-default\">\n<div class=\"elementor-column elementor-col-100 elementor-top-column elementor-element elementor-element-debde78\" data-id=\"debde78\" data-element_type=\"column\">\n<div class=\"elementor-widget-wrap elementor-element-populated\">\n<div class=\"elementor-element elementor-element-2246038 animated-slow elementor-widget elementor-widget-text-editor animated fadeInUp\" data-id=\"2246038\" data-element_type=\"widget\" data-settings=\"{&quot;_animation&quot;:&quot;fadeInUp&quot;}\" data-widget_type=\"text-editor.default\">\n<div class=\"elementor-widget-container\">\n<blockquote><p>Viajar con Tuareg supone un plus de tranquilidad ante lo inesperado<\/p><\/blockquote>\n<\/div>\n<\/div>\n<\/div>\n<\/div>\n<\/div>\n<\/section>\n<h4><img loading=\"lazy\" decoding=\"async\" class=\"aligncenter wp-image-13710 size-full\" src=\"https:\/\/tuaregviatges.es\/viajes\/wp-content\/uploads\/2023\/06\/eleciones-e1686160637562.jpg\" alt=\"\" width=\"1200\" height=\"259\" srcset=\"https:\/\/tuaregviatges.es\/viajes\/wp-content\/uploads\/2023\/06\/eleciones-e1686160637562.jpg 1200w, https:\/\/tuaregviatges.es\/viajes\/wp-content\/uploads\/2023\/06\/eleciones-e1686160637562-300x65.jpg 300w, https:\/\/tuaregviatges.es\/viajes\/wp-content\/uploads\/2023\/06\/eleciones-e1686160637562-1024x221.jpg 1024w, https:\/\/tuaregviatges.es\/viajes\/wp-content\/uploads\/2023\/06\/eleciones-e1686160637562-768x166.jpg 768w\" sizes=\"auto, (max-width: 1200px) 100vw, 1200px\" \/><\/h4>\n<h4>\u00bfPuedo seguir adelante con mi viaje?<\/h4>\n<p>Es lo que todos queremos, seguir adelante con nuestros planes. Para ello podemos presentar alegaciones a la Junta Electoral, solicitando ser eximidos de la mesa electoral.<\/p>\n<p>La Junta Electoral Central dispone de una relaci\u00f3n de supuestos que son causas de impedimento para formar parte de las mesas electorales, entre los que no se menciona la contrataci\u00f3n de un viaje con anterioridad a ser designado miembro de una mesa electoral. A pesar de ello, y aunque cada junta puede resolver las alegaciones de distinto modo, la experiencia nos dice que <strong>muchos viajeros quedan exentos de ir a la mesa electoral<\/strong> cuando alegan (y pueden demostrar) que tienen <strong>un viaje contratado<\/strong> con anterioridad a ser notificados.<\/p>\n<p>Si quieres realizar las alegaciones pertinentes, te ayudaremos facilit\u00e1ndote la documentaci\u00f3n acreditativa correspondiente para que puedas presentarla a la Junta electoral solicitando la exenci\u00f3n de tus obligaciones. La Junta electoral decidir\u00e1 si acepta o no la excusa presentada.<\/p>\n<h4>\u00bfY si la Junta electoral deniega mi petici\u00f3n?<\/h4>\n<p>Tu seguro de viaje cubrir\u00eda, hasta el l\u00edmite contratado, la cancelaci\u00f3n por este motivo. Las personas que han reservado un viaje en grupo con Tuareg disponen de un seguro de viaje que incluye coberturas por la cancelaci\u00f3n del viaje (AXA VIPPLUS), entre otras la siguiente:<\/p>\n<p>\u201cEl Asegurador se har\u00e1 cargo hasta el l\u00edmite m\u00e1ximo indicado en condiciones particulares y certificado de seguro, de los gastos reales de anulaci\u00f3n del viaje, contractualmente debidos al organizador del mismo cuando el Asegurado anule su viaje antes de la salida por motivos de: \u2026\/\u2026<\/p>\n<ul>\n<li>3. Convocatoria como miembro de una mesa electoral, que obligue a asistir durante las fechas del viaje. El hecho generador que provoque la anulaci\u00f3n de viaje deber\u00e1 ser siempre posterior a la contrataci\u00f3n de la p\u00f3liza<\/li>\n<\/ul>\n<h4>\u00a1No te quedes sin votar!<\/h4>\n<p>Recuerda que si vas a estar de viaje en esas fechas, puedes votar por correo. No lo dejes para el \u00faltimo momento\u2026<\/p>\n","protected":false},"excerpt":{"rendered":"<p>El anuncio de elecciones anticipadas nos ha cogido a todos por sorpresa; muchos hab\u00edamos decidio viajar en la segunda quinzena de julio y ya ten\u00edamos las vacaciones reservadas o est\u00e1bamos terminando de decidir el destino de nuestro viaje. Sea cual sea tu caso, puedes estar tranquil@ si tienes pensado viajar con Tuareg. Si me convocan [&hellip;]<\/p>\n","protected":false},"author":1,"featured_media":13711,"comment_status":"closed","ping_status":"closed","sticky":false,"template":"","format":"standard","meta":{"footnotes":""},"categories":[48,171],"tags":[691,659],"class_list":["post-13642","post","type-post","status-publish","format-standard","has-post-thumbnail","hentry","category-especialista","category-noticias","tag-noticias","tag-viatges-tuareg"],"_links":{"self":[{"href":"https:\/\/tuaregviatges.es\/viajes\/wp-json\/wp\/v2\/posts\/13642","targetHints":{"allow":["GET"]}}],"collection":[{"href":"https:\/\/tuaregviatges.es\/viajes\/wp-json\/wp\/v2\/posts"}],"about":[{"href":"https:\/\/tuaregviatges.es\/viajes\/wp-json\/wp\/v2\/types\/post"}],"author":[{"embeddable":true,"href":"https:\/\/tuaregviatges.es\/viajes\/wp-json\/wp\/v2\/users\/1"}],"replies":[{"embeddable":true,"href":"https:\/\/tuaregviatges.es\/viajes\/wp-json\/wp\/v2\/comments?post=13642"}],"version-history":[{"count":4,"href":"https:\/\/tuaregviatges.es\/viajes\/wp-json\/wp\/v2\/posts\/13642\/revisions"}],"predecessor-version":[{"id":13713,"href":"https:\/\/tuaregviatges.es\/viajes\/wp-json\/wp\/v2\/posts\/13642\/revisions\/13713"}],"wp:featuredmedia":[{"embeddable":true,"href":"https:\/\/tuaregviatges.es\/viajes\/wp-json\/wp\/v2\/media\/13711"}],"wp:attachment":[{"href":"https:\/\/tuaregviatges.es\/viajes\/wp-json\/wp\/v2\/media?parent=13642"}],"wp:term":[{"taxonomy":"category","embeddable":true,"href":"https:\/\/tuaregviatges.es\/viajes\/wp-json\/wp\/v2\/categories?post=13642"},{"taxonomy":"post_tag","embeddable":true,"href":"https:\/\/tuaregviatges.es\/viajes\/wp-json\/wp\/v2\/tags?post=13642"}],"curies":[{"name":"wp","href":"https:\/\/api.w.org\/{rel}","templated":true}]}}