{"id":14371,"date":"2026-01-26T09:23:38","date_gmt":"2026-01-26T07:23:38","guid":{"rendered":"https:\/\/tuaregviatges.es\/viajes\/?p=14371"},"modified":"2026-03-10T20:46:55","modified_gmt":"2026-03-10T18:46:55","slug":"viajar-a-peru-en-junio-especial-inti-raymi","status":"publish","type":"post","link":"https:\/\/tuaregviatges.es\/viajes\/viajar-a-peru-en-junio-especial-inti-raymi\/","title":{"rendered":"Viaje destacado en junio | Per\u00fa Especial Inti Raymi"},"content":{"rendered":"<p>Hace un par de a\u00f1os le pedimos a nuestros especialistas en Sudam\u00e9rica que dise\u00f1aran el viaje ideal para junio. El resultado fue este <strong>viaje a Per\u00fa<\/strong> para conocer la ceremonia ancestral inca conocida como Inti Raymi, que se celebra cada solsticio de invierno en el coraz\u00f3n de Cuzco.<\/p>\n<blockquote><p>Viaje con salida el 14 de junio para conocer el \u00ab<strong>Inti Raymi<\/strong>\u00bb que rinde honor a Inti, el Dios Sol. <!--more--><\/p><\/blockquote>\n<p><img loading=\"lazy\" decoding=\"async\" class=\"aligncenter\" src=\"https:\/\/tuaregviatges.es\/america_del_sur\/viajes_a_peru\/mapa\/Travesia_Arequipa-Titicaca-Cuzco-2.jpg\" alt=\"Per\u00fa + Especial Inti Raymi\" width=\"677\" height=\"683\" \/><\/p>\n<p>&nbsp;<\/p>\n<blockquote><p>Un viaje cultural en el que se mezclan tradiciones incas y espectaculares paisajes andinos.<\/p><\/blockquote>\n<h3>Celebraci\u00f3n Inti Raymi<\/h3>\n<p>El Inti Raymi, la fiesta del sol (en quechua \u00bbInti\u00bb=sol y \u00bbRaymi\u00bb=fiesta o ceremonia), fue originalmente una ceremonia religiosa inca en honor a Inti, el dios sol. Marca el solsticio de invierno en los pa\u00edses andinos del hemisferio sur. En la \u00e9poca de los Incas, el <strong>Inti Raymi<\/strong> era la m\u00e1s importante de las cuatro fiestas que se realizaban en Cuzco, capital del imperio. Indicaba el comienzo del a\u00f1o as\u00ed como el origen m\u00edtico del Inca y duraba 9 d\u00edas durante los cuales se realizaban danzas y sacrificios. El \u00faltimo<b>\u00a0<strong>Inti Raymi<\/strong> <\/b>en presencia del emperador Inca se realiz\u00f3 en 1535, antes de que fuera prohibido por los espa\u00f1oles. Sin embargo, la fiesta continu\u00f3 celebr\u00e1ndose en secreto por los pueblos ind\u00edgenas de los Andes.<\/p>\n<blockquote><p>Una fiesta de agradecimiento al sol por las cosechas y para pedir bendiciones para el a\u00f1o nuevo.<\/p><\/blockquote>\n<figure class=\"thumbnail wp-caption aligncenter\" style=\"width: 710px\"><img loading=\"lazy\" decoding=\"async\" title=\"Viaje a Per\u00fa | Autor Soraya L\u00f3pez\" src=\"https:\/\/tuaregviatges.es\/america_del_sur\/viajes_a_peru\/fotografia\/viajes_a_Travesia_Arequipa-Titicaca-Cuzco-2-20.jpg\" alt=\"Viaje a Per\u00fa | Autor Soraya L\u00f3pez\" width=\"700\" height=\"525\" \/><figcaption class=\"caption wp-caption-text\">Viaje a Per\u00fa | Autor Soraya L\u00f3pez<\/figcaption><\/figure>\n<blockquote><p>El centro de la ceremonia es la fortaleza de Sacsayhuam\u00e1n.<\/p><\/blockquote>\n<p>Hoy, el <strong>Inti Raymi<\/strong> adquiere un car\u00e1cter diferente. El espect\u00e1culo est\u00e1 dirigido tanto a turistas como a cusque\u00f1os, para quienes representa un referente de su conciencia local y pertenencia cultural. Por estas razones atrae entusiasmo y participaci\u00f3n masiva. Las celebraciones modernas de Inti Raymi var\u00edan de un lugar a otro. Sin embargo, la mayor\u00eda de las celebraciones incluyen una ceremonia para agradecer al sol por las cosechas, bailes y m\u00fasica tradicionales y una fogata. En Cuzco, la celebraci\u00f3n del Inti Raymi comienza en la Plaza de Armas donde <strong>El Inca<\/strong> da un discurso a la multitud. Luego, la procesi\u00f3n se traslada a la explanada de Sacsayhuam\u00e1n, una antigua fortaleza inca, donde se lleva a cabo la ceremonia principal. El Inca ofrece sacrificios al sol y enciende una gran fogata.<\/p>\n<h3>Empieza la funci\u00f3n<\/h3>\n<figure class=\"thumbnail wp-caption alignnone\" style=\"width: 2140px\"><img loading=\"lazy\" decoding=\"async\" title=\"Viajar a Per\u00fa en junio | Especial Inti Raymi archivo Tuareg\" src=\"https:\/\/tuaregviatges.es\/rutas\/seccionesRutas\/23586.jpg\" alt=\"Viajar a Per\u00fa en junio | Especial Inti Raymi archivo Tuareg\" width=\"2130\" height=\"860\" \/><figcaption class=\"caption wp-caption-text\">Viajar a Per\u00fa | Especial Inti Raymi archivo Tuareg<\/figcaption><\/figure>\n<p>El espectaculo, en el que participan miles de personas, comienza frente al Qorikancha, donde el \u00bbInca\u00bb realiza una invocaci\u00f3n al Sol. Los espectadores, por su parte, esperan en la explanada de Sacsayhuam\u00e1n, hacia donde se dirige de inmediato la procesi\u00f3n. Al ritmo de instrumentos ancestrales y c\u00e1nticos que evocan a la Pachamama (Madre Tierra), la procesi\u00f3n se pone en marcha. El \u00abInca\u00bb es llevado en una litera dorada por representantes de las cuatro naciones del Tahuantinsuyo: Chinchaysuyo, Antisuyo, Contisuyo y Collasuyo. Cada grupo, con sus coloridos trajes y danzas tradicionales, aporta un toque \u00fanico a la ceremonia.<\/p>\n<p data-sourcepos=\"15:1-15:235\">Luego se procede al \u201csacrificio\u201d de una alpaca y el \u201cInca\u201d invoca a su padre el Sol. El coraz\u00f3n del Inti Raymi palpita en la explanada de Sacsayhuam\u00e1n. El \u00abInca\u00bb, con solemnidad, ofrenda al Sol la llama blanca, s\u00edmbolo de pureza. El humo de la ofrenda se eleva hacia el cielo, llevando consigo las plegarias del pueblo.<\/p>\n<blockquote><p>Los participantes se toman muy en serio su papel y el espect\u00e1culo es un derroche de color, m\u00fasica y baile.<\/p><\/blockquote>\n<h3>Cuando se celebra el Inti Raymi<\/h3>\n<p>El Inti Raymi se celebra cada 24 de junio, coincidiendo con el solsticio de invierno en el hemisferio sur. En Per\u00fa, esta fecha es feriado nacional, especialmente en la ciudad de Cuzco, donde se lleva a cabo la principal celebraci\u00f3n.<\/p>\n<figure class=\"thumbnail wp-caption alignnone\" style=\"width: 2140px\"><img loading=\"lazy\" decoding=\"async\" title=\"Per\u00fa Especial Inti Raymi | Laia Mirabet\" src=\"https:\/\/tuaregviatges.es\/rutas\/seccionesRutas\/18368.jpg\" alt=\"Per\u00fa Especial Inti Raymi | Laia Mirabet\" width=\"2130\" height=\"860\" \/><figcaption class=\"caption wp-caption-text\">Per\u00fa Inti Raymi | Laia Mirabet<\/figcaption><\/figure>\n<h3>Donde se celebra el Inti Raymi<\/h3>\n<p>El centro de la ceremonia se desarrolla en la fortaleza de Sacsayhuam\u00e1n a escasos 2 km de Cuzco. Cabe destacar que, si bien el <strong>Inti Raymi<\/strong> se celebra principalmente en la capital inca, tambi\u00e9n se realizan eventos y ceremonias en otras ciudades y comunidades andinas de Per\u00fa, Bolivia, Ecuador, Chile y Argentina.<\/p>\n<blockquote><p>En los \u00faltimos a\u00f1os, <strong>Inti Raymi<\/strong> ha resurgido como una importante celebraci\u00f3n cultural. Ahora se celebra en todo el mundo por personas de ascendencia andina.<\/p><\/blockquote>\n<h3>Viaje a Per\u00fa especial Inti Raymi<\/h3>\n<section id=\"semana-santa\" style=\"width: 100%; border: 1px solid #BE6521; border-radius: 10px; text-align: left; margin-top: 20px;\">\n<div style=\"margin-top: -20px; background: #BE6521; color: #ffffff; border-radius: 10px 10px 0px 0px; min-height: 40px;\">\n<div style=\"margin: 0 15px;\">\n<h2 style=\"border-radius: 10px 10px 0px 0px; padding: 5px 0px; line-height: 1;\"><a style=\"color: #ffffff; font-family: 'Amatic SC', sans-serif;\" href=\"https:\/\/tuaregviatges.es\/america_del_sur\/viajes_a_peru\/Travesia_Arequipa-Titicaca-Cuzco-2.htm\">Per\u00fa especial Inti Raymi<\/a><\/h2>\n<\/div>\n<div style=\"height: auto; margin: 0;\"><img decoding=\"async\" style=\"width: 100%; height: auto;\" src=\"https:\/\/tuaregviatges.es\/rutas\/seccionesRutas\/22512.jpg\" \/><\/div>\n<\/div>\n<div style=\"width: auto; color: #be6521; padding-left: 10px; line-height: 1.5; margin-top: -2rem;\">\n<div><a style=\"color: #be6521; padding-right: 10px; font-weight: bolder; font-size: 20px; font-family: 'Amatic SC', sans-serif;\" href=\"https:\/\/tuaregviatges.es\/america_peru.html\"><br \/>\n<img decoding=\"async\" class=\"ico-place\" style=\"height: 35px; width: 35; margin: -10px; margin-right: 3px;\" src=\"https:\/\/tuaregviatges.es\/iconos\/place.svg\" \/>Per\u00fa<\/a><\/div>\n<div>\n<div style=\"color: #000000;\"><span style=\"color: #96a610;\">\u2714\ufe0f Viaje de 17 d\u00edas<\/span><br \/>\n<span style=\"color: #96a610;\">\u2714\ufe0f Salida 14 JUN 2026<\/span><br \/>\n<span style=\"color: #96a610;\">\u2714\ufe0f Precio a partir de<strong> 3255\u20ac<\/strong><\/span><\/div>\n<div><\/div>\n<div style=\"color: #000000;\"><em>La gran Fiesta del Sol inca, que tiene lugar cada solsticio de invierno, una celebraci\u00f3n ancestral en el coraz\u00f3n de Cuzco. Sitios arqueol\u00f3gicos incas, poblados, y mercados ind\u00edgenas, culminan con el ascenso al Machu Picchu.<\/em><\/div>\n<p style=\"text-align: center; margin: 20px;\"><a href=\"https:\/\/tuaregviatges.es\/america_del_sur\/viajes_a_peru\/Travesia_Arequipa-Titicaca-Cuzco-2.htm\"><span style=\"background-color: #96a610; color: #ffffff; padding: 10px 20px; border-radius: 25px;\" title=\"Viajar a Albania en julio\">+Info del viaje<\/span><\/a><\/p>\n<\/div>\n<\/div>\n<\/section>\n<p><script type=\"application\/ld+json\"><br \/>\n{ \"@context\": \"https:\/\/schema.org\",<br \/>\n  \"@type\": \"Trip\",<br \/>\n  \"name\": \"viaje a Per\u00fa - Especial Inti Raymi\",<br \/>\n  \"description\": \"El Inti Raymi, una ceremonia ancestral inca, se celebra cada solsticio de invierno en el coraz\u00f3n de Cuzco, desde donde visitaremos los principales yacimientos arqueol\u00f3gicos incas y los parajes andinos m\u00e1s espectaculares. A partir de Arequipa se inicia la traves\u00eda hacia el Ca\u00f1\u00f3n del Colca, visitando las fuentes del r\u00edo Amazonas y se sigue hasta el lago Titicaca para pernoctar en la isla de Amantan\u00ed. La ruta contin\u00faa a trav\u00e9s de los Andes hasta Cuzco y el Valle Sagrado, para ascender hasta el Machu Picchu.\",<br \/>\n  \"url\": \"https:\/\/tuaregviatges.es\/america_del_sur\/viajes_a_peru\/Travesia_Arequipa-Titicaca-Cuzco-2.htm\",<br \/>\n  \"image\": \"https:\/\/tuaregviatges.es\/rutas\/seccionesRutas\/23586.jpg\",<br \/>\n  \"category\": \"Per\u00fa\",<br \/>\n  \"touristType\": \"Aventura y Naturaleza\",<br \/>\n  \"itinerary\": {<br \/>\n    \"@type\": \"ItemList\",<br \/>\n   \"itemListElement\": [<br \/>\n{ \"@type\": \"ListItem\", \"position\": 1, \"name\": \"D\u00eda 1: Vuelo ciudad de origen - Lima\" },<br \/>\n{ \"@type\": \"ListItem\", \"position\": 2, \"name\": \"D\u00eda 2: Visita de Lima\" },<br \/>\n{ \"@type\": \"ListItem\", \"position\": 3, \"name\": \"D\u00eda 3: Vuelo Lima - Arequipa \" },<br \/>\n{ \"@type\": \"ListItem\", \"position\": 4, \"name\": \"D\u00eda 4: Arequipa: Actvidades opcionales\" },<br \/>\n{ \"@type\": \"ListItem\", \"position\": 5, \"name\": \"D\u00eda 5: Arequipa - Chivay (Ca\u00f1\u00f3n del Colca)\" },<br \/>\n{ \"@type\": \"ListItem\", \"position\": 6, \"name\": \"D\u00eda 6: Chivay - Traves\u00eda del altiplano a Puno\" },<br \/>\n{ \"@type\": \"ListItem\", \"position\": 7, \"name\": \"D\u00eda 7: Puno - Islas Uros - Isla Amantan\u00ed (lago Titicaca)\" },<br \/>\n{ \"@type\": \"ListItem\", \"position\": 8, \"name\": \"D\u00eda 8: Isla Amantan\u00ed - Taquile - Puno\" },<br \/>\n{ \"@type\": \"ListItem\", \"position\": 9, \"name\": \"D\u00eda 9: Traves\u00eda transandina Puno - Cuzco\" },<br \/>\n{ \"@type\": \"ListItem\", \"position\": 10, \"name\": \"D\u00eda 10: Cuzco. Visita de la ciudad y ruinas aleda\u00f1as\" },<br \/>\n{ \"@type\": \"ListItem\", \"position\": 11, \"name\": \"D\u00eda 11: Cuzco: Festival del sol Inti Raymi\" },<br \/>\n{ \"@type\": \"ListItem\", \"position\": 12, \"name\": \"D\u00eda 12: Valle Sagrado: Cuzco - Pisaq - Ollantaytambo - Urubamba\" },<br \/>\n{ \"@type\": \"ListItem\", \"position\": 13, \"name\": \"D\u00eda 13: Urubamba - Machu Picchu - Cuzco\" },<br \/>\n{ \"@type\": \"ListItem\", \"position\": 14, \"name\": \"D\u00eda 14: Cuzco. Opci\u00f3n monta\u00f1a Vinicunca\" },<br \/>\n{ \"@type\": \"ListItem\", \"position\": 15, \"name\": \"D\u00eda 15: Cuzco. Opci\u00f3n Laguna Humantay\" },<br \/>\n{ \"@type\": \"ListItem\", \"position\": 16, \"name\": \"D\u00eda 16: Vuelo Cuzco - Lima - Ciudad de origen\" },<br \/>\n{ \"@type\": \"ListItem\", \"position\": 17, \"name\": \"D\u00eda 17: Ciudad de origen\" }]},<br \/>\n  \"offers\": {<br \/>\n    \"@type\": \"Offer\",<br \/>\n    \"priceCurrency\": \"EUR\",<br \/>\n    \"price\": \"3.255\",<br \/>\n    \"validFrom\": \"2025-01-01\",<br \/>\n    \"availability\": \"https:\/\/schema.org\/PreOrder\",<br \/>\n    \"description\": \"El Inti Raymi, una ceremonia ancestral inca, se celebra cada solsticio de invierno en el coraz\u00f3n de Cuzco, desde donde visitaremos los principales yacimientos arqueol\u00f3gicos incas y los parajes andinos m\u00e1s espectaculares. A partir de Arequipa se inicia la traves\u00eda hacia el Ca\u00f1\u00f3n del Colca, visitando las fuentes del r\u00edo Amazonas y se sigue hasta el lago Titicaca para pernoctar en la isla de Amantan\u00ed. La ruta contin\u00faa a trav\u00e9s de los Andes hasta Cuzco y el Valle Sagrado, para ascender hasta el Machu Picchu.\",<br \/>\n    \"url\": \"https:\/\/tuaregviatges.es\/paginas\/reservas\/?codirel=10498\"},<br \/>\n  \"duration\": \"P17D\",<br \/>\n  \"aggregateRating\": {<br \/>\n    \"@type\": \"AggregateRating\",<br \/>\n\t\t\t \"ratingValue\": \"4.6451612903226\",<br \/>\n\t\t\t \"reviewCount\": \"62\",<br \/>\n\t\t\t \"url\": \"https:\/\/tuaregviatges.es\/america_del_sur\/viajes_a_peru\/Travesia_Arequipa-Titicaca-Cuzco-2_opiniones.htm\"},<br \/>\n  \"provider\": {<br \/>\n    \"@type\": \"Organization\",<br \/>\n    \"name\": \"Tuareg Viajes\",<br \/>\n    \"url\": \"https:\/\/tuaregviatges.es\"}<br \/>\n}<\/p>\n<p>\n<\/script><\/p>\n","protected":false},"excerpt":{"rendered":"<p>Hace un par de a\u00f1os le pedimos a nuestros especialistas en Sudam\u00e9rica que dise\u00f1aran el viaje ideal para junio. El resultado fue este viaje a Per\u00fa para conocer la ceremonia ancestral inca conocida como Inti Raymi, que se celebra cada solsticio de invierno en el coraz\u00f3n de Cuzco. Viaje con salida el 14 de junio [&hellip;]<\/p>\n","protected":false},"author":1,"featured_media":8394,"comment_status":"closed","ping_status":"closed","sticky":false,"template":"","format":"standard","meta":{"footnotes":""},"categories":[183,591,461],"tags":[636],"class_list":["post-14371","post","type-post","status-publish","format-standard","has-post-thumbnail","hentry","category-viajes_america","category-peru","category-viajes-excepcionales","tag-viajes-en-junio"],"_links":{"self":[{"href":"https:\/\/tuaregviatges.es\/viajes\/wp-json\/wp\/v2\/posts\/14371","targetHints":{"allow":["GET"]}}],"collection":[{"href":"https:\/\/tuaregviatges.es\/viajes\/wp-json\/wp\/v2\/posts"}],"about":[{"href":"https:\/\/tuaregviatges.es\/viajes\/wp-json\/wp\/v2\/types\/post"}],"author":[{"embeddable":true,"href":"https:\/\/tuaregviatges.es\/viajes\/wp-json\/wp\/v2\/users\/1"}],"replies":[{"embeddable":true,"href":"https:\/\/tuaregviatges.es\/viajes\/wp-json\/wp\/v2\/comments?post=14371"}],"version-history":[{"count":12,"href":"https:\/\/tuaregviatges.es\/viajes\/wp-json\/wp\/v2\/posts\/14371\/revisions"}],"predecessor-version":[{"id":16095,"href":"https:\/\/tuaregviatges.es\/viajes\/wp-json\/wp\/v2\/posts\/14371\/revisions\/16095"}],"wp:featuredmedia":[{"embeddable":true,"href":"https:\/\/tuaregviatges.es\/viajes\/wp-json\/wp\/v2\/media\/8394"}],"wp:attachment":[{"href":"https:\/\/tuaregviatges.es\/viajes\/wp-json\/wp\/v2\/media?parent=14371"}],"wp:term":[{"taxonomy":"category","embeddable":true,"href":"https:\/\/tuaregviatges.es\/viajes\/wp-json\/wp\/v2\/categories?post=14371"},{"taxonomy":"post_tag","embeddable":true,"href":"https:\/\/tuaregviatges.es\/viajes\/wp-json\/wp\/v2\/tags?post=14371"}],"curies":[{"name":"wp","href":"https:\/\/api.w.org\/{rel}","templated":true}]}}