{"id":14420,"date":"2026-04-10T09:42:33","date_gmt":"2026-04-10T07:42:33","guid":{"rendered":"https:\/\/tuaregviatges.es\/viajes\/?p=14420"},"modified":"2026-04-10T17:25:17","modified_gmt":"2026-04-10T15:25:17","slug":"mejores-viajes-para-viajar-en-mayo","status":"publish","type":"post","link":"https:\/\/tuaregviatges.es\/viajes\/mejores-viajes-para-viajar-en-mayo\/","title":{"rendered":"\u00daltimas plazas para viajar en Mayo"},"content":{"rendered":"<p>Con mayo a la vuelta de la esquina, todav\u00eda nos quedan plazas en algunos de nuestros viajes. Si a\u00fan no te has decidido, aqu\u00ed te dejamos tres destinos con plazas disponibles para viajar en mayo. Desde el sudeste asi\u00e1tico hasta la Europa desconocida.<\/p>\n<blockquote><p>\u00daltimas plazas para viajar en mayo en uno de nuestros grupos reducidos.<br \/>\n<!--more--><\/p><\/blockquote>\n<figure id=\"attachment_7411\" class=\"thumbnail wp-caption aligncenter\" style=\"width: 1090px\"><img loading=\"lazy\" decoding=\"async\" class=\"size-full wp-image-7411\" src=\"https:\/\/tuaregviatges.es\/viajes\/wp-content\/uploads\/2018\/09\/que_ver_en_albania_-info-slider804.jpg\" alt=\"Gjirokaster - Uno de los secretos de Albania. Foto archivo Tuareg\" width=\"1080\" height=\"550\" srcset=\"https:\/\/tuaregviatges.es\/viajes\/wp-content\/uploads\/2018\/09\/que_ver_en_albania_-info-slider804.jpg 1080w, https:\/\/tuaregviatges.es\/viajes\/wp-content\/uploads\/2018\/09\/que_ver_en_albania_-info-slider804-300x153.jpg 300w, https:\/\/tuaregviatges.es\/viajes\/wp-content\/uploads\/2018\/09\/que_ver_en_albania_-info-slider804-768x391.jpg 768w, https:\/\/tuaregviatges.es\/viajes\/wp-content\/uploads\/2018\/09\/que_ver_en_albania_-info-slider804-1024x521.jpg 1024w\" sizes=\"auto, (max-width: 1080px) 100vw, 1080px\" \/><figcaption class=\"caption wp-caption-text\">Gjirokaster &#8211; Secretos de Albania. Foto Tuareg<\/figcaption><\/figure>\n<h1 class=\"entry-title\">\u00daltimas plazas en mayo<\/h1>\n<section class=\"paisos-sec\">\n<div><a href=\"#moldavia\">Moldavia<\/a><\/div>\n<div><a href=\"#albania\">Albania y Macedonia<\/a><\/div>\n<div><a href=\"#vietnam\">Vietnam<\/a><\/div>\n<div><a href=\"#georgia\">Georgia y Armenia<\/a><\/div>\n<div><a href=\"#japon\">Jap\u00f3n<\/a><\/div>\n<p>&nbsp;<\/p>\n<\/section>\n<p>Viajar en mayo es viajar con menos turistas, disfrutando de los destinos con m\u00e1s tranquilidad. Adem\u00e1s, el clima es agradable en la mayor\u00eda de los destinos,\u00a0 sin el calor del verano, con mejores precios y mayor disponibilidad de plazas.<\/p>\n<h1 class=\"entry-title\">\u00daltimas plazas viaje a Moldavia<\/h1>\n<p>Moldavia es uno de los pa\u00edses m\u00e1s desconocidos de Europa, donde la huella del pasado sovi\u00e9tico convive con un presente que mira hacia Europa; Arquitectura funcionalista, fortalezas a orillas del Dni\u00e9ster y mercados donde la vida cotidiana se muestra sin artificios.<\/p>\n<section id=\"moldavia\" style=\"width: 100%; border: 1px solid #BE6521; border-radius: 10px; text-align: left; margin-top: 20px;\">\n<div style=\"margin-top: -20px; background: #BE6521; color: #ffffff; border-radius: 10px 10px 0px 0px; min-height: 40px;\">\n<div style=\"margin: 0 15px;\">\n<h2 style=\"border-radius: 10px 10px 0px 0px; padding: 5px 0px; line-height: 1;\"><a style=\"color: #ffffff; font-family: 'Amatic SC', sans-serif;\" href=\"https:\/\/tuaregviatges.es\/europa\/viajes_a_moldavia\/Descubriendo_Moldavia.htm\">Los secretos de Europa<\/a><\/h2>\n<\/div>\n<div style=\"height: 33vh; margin: 0; background: url('https:\/\/tuaregviatges.es\/europa\/viajes_a_moldavia\/fotografia\/viajes_a_Descubriendo_Moldavia-13.jpg'); background-repeat: no-repeat; background-size: cover; max-height: 600px;\"><\/div>\n<\/div>\n<div style=\"width: auto; color: #be6521; padding-left: 10px; line-height: 1.5; margin-top: -20px; padding-top: 0px;\">\n<div><a style=\"color: #be6521; padding-right: 10px; font-weight: bolder; font-size: 20px; font-family: 'Amatic SC', sans-serif;\" href=\"https:\/\/tuaregviatges.es\/viajes_moldavia.html\"><br \/>\n<img decoding=\"async\" class=\"ico-place\" style=\"height: 35px; width: 35; margin: -10px; margin-right: 3px;\" src=\"https:\/\/tuaregviatges.es\/iconos\/place.svg\" \/>Moldavia<\/a><\/div>\n<div>\n<div style=\"color: #000000;\"><span style=\"color: #96a610;\">\u2714\ufe0f Viaje de 8 d\u00edas<\/span><br \/>\n<span style=\"color: #96a610;\">\u2714\ufe0f Salidas de 3 MAY 2026<\/span><br \/>\n<span style=\"color: #96a610;\">\u2714\ufe0f Precio a partir de<strong> 1360\u20ac<\/strong><\/span><\/div>\n<div><\/div>\n<div style=\"color: #000000;\"><em> El viaje combina cultura y naturaleza, con caminatas accesibles que nos permitir\u00e1n disfrutar de algunos de los paisajes m\u00e1s representativos de Moldavia.<br \/>\n<\/em><\/div>\n<p style=\"text-align: center; margin: 20px;\"><a href=\"https:\/\/tuaregviatges.es\/europa\/viajes_a_moldavia\/Descubriendo_Moldavia.htm\"><span style=\"background-color: #96a610; color: #ffffff; padding: 10px 20px; border-radius: 25px;\" title=\"Viajar a Moldavia en mayo\">+Info del viaje<\/span><\/a><\/p>\n<p><img loading=\"lazy\" decoding=\"async\" class=\"aligncenter\" src=\"https:\/\/tuaregviatges.es\/europa\/viajes_a_moldavia\/mapa\/Descubriendo_Moldavia.jpg\" alt=\"Moldavia + Los secretos de Europa\" width=\"694\" height=\"694\" \/><\/p>\n<\/div>\n<\/div>\n<\/section>\n<p>&nbsp;<\/p>\n<h1 class=\"entry-title\">\u00daltimas plazas viaje a Albania y Macedonia<\/h1>\n<p>\u00bfQui\u00e9n dijo que los tesoros m\u00e1s emocionantes est\u00e1n siempre a la vista? En mayo, te invitamos a descubrir los secretos mejor guardados de Europa en Albania y Macedonia. Desde los valles alpinos del norte hasta las antiguas ruinas que salpican el paisaje, cada rinc\u00f3n de esta regi\u00f3n rebosa de historia y autenticidad. Sum\u00e9rgete en la cultura local, degusta la deliciosa gastronom\u00eda balc\u00e1nica y d\u00e9jate sorprender por la hospitalidad de sus habitantes.<\/p>\n<section id=\"albania\" style=\"width: 100%; border: 1px solid #BE6521; border-radius: 10px; text-align: left; margin-top: 20px;\">\n<div style=\"margin-top: -20px; background: #BE6521; color: #ffffff; border-radius: 10px 10px 0px 0px; min-height: 40px;\">\n<div style=\"margin: 0 15px;\">\n<h2 style=\"border-radius: 10px 10px 0px 0px; padding: 5px 0px; line-height: 1;\"><a style=\"color: #ffffff; font-family: 'Amatic SC', sans-serif;\" href=\"https:\/\/tuaregviatges.es\/europa\/viajes_a_albania\/Ruta_cultural_y_activa_por_Albania_y_Macedonia.htm\">Ruta cultural y activa por Albania y Macedonia<\/a><\/h2>\n<\/div>\n<div style=\"height: auto; margin: 0;\"><img decoding=\"async\" style=\"width: 100%; height: auto;\" src=\"https:\/\/tuaregviatges.es\/rutas\/seccionesRutas\/19784.jpg\" \/><\/div>\n<\/div>\n<div style=\"width: auto; color: #be6521; padding-left: 10px; line-height: 1.5; margin-top: -2rem;\">\n<div><a style=\"color: #be6521; padding-right: 10px; font-weight: bolder; font-size: 20px; font-family: 'Amatic SC', sans-serif;\" href=\"https:\/\/tuaregviatges.es\/europa_albania.html\"><br \/>\n<img decoding=\"async\" class=\"ico-place\" style=\"height: 35px; width: 35; margin: -10px; margin-right: 3px;\" src=\"https:\/\/tuaregviatges.es\/iconos\/place.svg\" \/>Albania<\/a><\/div>\n<div>\n<div style=\"color: #000000;\"><span style=\"color: #96a610;\">\u2714\ufe0f Viaje de 12 d\u00edas<\/span><br \/>\n<span style=\"color: #96a610;\">\u2714\ufe0f Salida 5, 19 may<span class=\"lt\">\u00a0|\u00a0<\/span>9, 23 jun 2026<\/span><br \/>\n<span style=\"color: #96a610;\">\u2714\ufe0f Precio a partir de<strong> 1440\u20ac<\/strong><\/span><\/div>\n<div><\/div>\n<div style=\"color: #000000;\"><em>Una combinaci\u00f3n din\u00e1mica y agradable para conocer la historia pasada y reciente de Albania y Macedonia, as\u00ed como disfrutar de fant\u00e1sticos paisajes en primavera.<\/em><\/div>\n<p style=\"text-align: center; margin: 20px;\"><a href=\"https:\/\/tuaregviatges.es\/europa\/viajes_a_albania\/Ruta_cultural_y_activa_por_Albania_y_Macedonia.htm\"><span style=\"background-color: #96a610; color: #ffffff; padding: 10px 20px; border-radius: 25px;\" title=\"Viajar a Albania en mayo\">+Info del viaje<\/span><\/a><\/p>\n<p><img decoding=\"async\" class=\"aligncenter\" src=\"https:\/\/tuaregviatges.es\/europa\/viajes_a_albania\/mapa\/Ruta_cultural_y_activa_por_Albania_y_Macedonia.jpg\" alt=\"Albania y Macedonia + Los desconocidos valles del norte, la Albania cl\u00e1sica y Macedonia\" \/><\/p>\n<\/div>\n<\/div>\n<\/section>\n<h1 class=\"entry-title\">\u00daltimas plazas viaje a Vietnam<\/h1>\n<p>Un viaje intenso y activo, en el que vamos a buscar el Vietnam rural en las monta\u00f1as de Sapa y en el Delta del Mekong, combinando visitas en las bulliciosas ciudades de Hanoi y Ho Chi Minh.<\/p>\n<section id=\"vietnam\" style=\"width: 100%; border: 1px solid #BE6521; border-radius: 10px; text-align: left; margin-top: 20px;\">\n<div style=\"margin-top: -20px; background: #BE6521; color: #ffffff; border-radius: 10px 10px 0px 0px; min-height: 40px;\">\n<div style=\"margin: 0 15px;\">\n<h2 style=\"border-radius: 10px 10px 0px 0px; padding: 5px 0px; line-height: 1;\"><a style=\"color: #ffffff; font-family: 'Amatic SC', sans-serif;\" href=\"https:\/\/tuaregviatges.es\/asia\/viajes_a_vietnam\/Vietnam_de_norte_a_sur__el_Mekong_y_Angkor-3.htm\">Minor\u00edas del norte, Ha Long y Delta del Mekong<\/a><\/h2>\n<\/div>\n<div style=\"height: 33vh; margin: 0; background: url('https:\/\/tuaregviatges.es\/rutas\/seccionesRutas\/20170.jpg'); background-repeat: no-repeat; background-size: cover; max-height: 600px;\"><\/div>\n<\/div>\n<div style=\"width: auto; color: #be6521; padding-left: 10px; line-height: 1.5; margin-top: -20px; padding-top: 0px;\">\n<div><a style=\"color: #be6521; padding-right: 10px; font-weight: bolder; font-size: 20px; font-family: 'Amatic SC', sans-serif;\" href=\"https:\/\/tuaregviatges.es\/asia_vietnam.html\"><br \/>\n<img decoding=\"async\" class=\"ico-place\" style=\"height: 35px; width: 35; margin: -10px; margin-right: 3px;\" src=\"https:\/\/tuaregviatges.es\/iconos\/place.svg\" \/>Vietnam<\/a><\/div>\n<div>\n<div style=\"color: #000000;\"><span style=\"color: #96a610;\">\u2714\ufe0f Viaje de 16 d\u00edas<\/span><br \/>\n<span style=\"color: #96a610;\">\u2714\ufe0f Salida<span class=\"lt\">\u00a0<\/span>16 MAY\u00a02026<\/span><br \/>\n<span style=\"color: #96a610;\">\u2714\ufe0f Precio a partir de<strong> 1900\u20ac + vuelo<\/strong><\/span><\/div>\n<div><\/div>\n<div style=\"color: #000000;\"><em>Las visitas en las bulliciosas ciudades de Hanoi y Ho Chi Minh, donde la actividad en las calles ocupa las 24 horas del d\u00eda, nos dar\u00e1n otra visi\u00f3n del pa\u00eds. El viaje termina en Camboya, en los templos de Angkor.<br \/>\n<\/em><\/div>\n<p style=\"text-align: center; margin: 20px;\"><a href=\"https:\/\/tuaregviatges.es\/asia\/viajes_a_vietnam\/Vietnam_de_norte_a_sur__el_Mekong_y_Angkor-3.htm\"><span style=\"background-color: #96a610; color: #ffffff; padding: 10px 20px; border-radius: 25px;\" title=\"Viajar a Vietnam en mayo\">+Info del viaje<\/span><\/a><\/p>\n<p><img loading=\"lazy\" decoding=\"async\" class=\"aligncenter\" src=\"https:\/\/tuaregviatges.es\/asia\/viajes_a_vietnam\/mapa\/Vietnam_de_norte_a_sur__el_Mekong_y_Angkor-3.jpg\" alt=\"Vietnam + Minor\u00edas del norte, Ha Long y Delta del Mekong - 2026 - \" width=\"700\" height=\"700\" \/><\/p>\n<\/div>\n<\/div>\n<\/section>\n<h1 id=\"georgia\" class=\"entry-title\">\u00daltimas plazas viaje a Georgia y Armenia<\/h1>\n<p>Un viaje hist\u00f3rico y cultural a trav\u00e9s de las monta\u00f1as del gran y peque\u00f1o C\u00e1ucaso, que nos har\u00e1 disfrutar de uno de los paisajes m\u00e1s espectaculares repletos de desfiladeros, r\u00edos y lagos y donde tendremos tambi\u00e9n la oportunidad de visitar algunas de las ciudades m\u00e1s antiguas del mundo.<\/p>\n<section style=\"width: 100%; border: 1px solid #BE6521; border-radius: 10px; text-align: left; margin-top: 20px;\">\n<div style=\"margin-top: -20px; background: #BE6521; color: #ffffff; border-radius: 10px 10px 0px 0px; min-height: 40px;\">\n<div style=\"margin: 0 15px;\">\n<h2 style=\"border-radius: 10px 10px 0px 0px; padding: 5px 0px; line-height: 1;\"><a style=\"color: #ffffff; font-family: 'Amatic SC', sans-serif;\" href=\"https:\/\/tuaregviatges.es\/asia\/viajes_a_georgia\/Los_paises_del_Caucaso.htm\">Viaje cultural por el peque\u00f1o y gran C\u00e1ucaso<\/a><\/h2>\n<\/div>\n<div style=\"height: auto; margin: 0;\"><img decoding=\"async\" style=\"width: 100%; height: auto;\" src=\"https:\/\/tuaregviatges.es\/asia\/viajes_a_georgia\/fotografia\/viajes_a_Los_paises_del_Caucaso-11.jpg\" \/><\/div>\n<\/div>\n<div style=\"width: auto; color: #be6521; padding-left: 10px; line-height: 1.5; margin-top: -2rem;\">\n<div><a style=\"color: #be6521; padding-right: 10px; font-weight: bolder; font-size: 20px; font-family: 'Amatic SC', sans-serif;\" href=\"https:\/\/tuaregviatges.es\/asia_georgia.html\"><br \/>\n<img decoding=\"async\" class=\"ico-place\" style=\"height: 35px; width: 35; margin: -10px; margin-right: 3px;\" src=\"https:\/\/tuaregviatges.es\/iconos\/place.svg\" \/>Georgia<\/a><\/div>\n<div>\n<div style=\"color: #000000;\"><span style=\"color: #96a610;\">\u2714\ufe0f Viaje de 14 d\u00edas<\/span><br \/>\n<span style=\"color: #96a610;\">\u2714\ufe0f Salidas 16 MAY 2026<\/span><br \/>\n<span style=\"color: #96a610;\">\u2714\ufe0f Precio a partir de<strong> 2100\u20ac<\/strong><\/span><\/div>\n<div><\/div>\n<div style=\"color: #000000;\"><em>Un viaje hist\u00f3rico y cultural a trav\u00e9s de las monta\u00f1as del gran y peque\u00f1o C\u00e1ucaso, con paisajes espectaculares y algunas de las ciudades m\u00e1s antiguas del mundo.<\/em><\/div>\n<p style=\"text-align: center; margin: 20px;\"><a href=\"https:\/\/tuaregviatges.es\/asia\/viajes_a_georgia\/Los_paises_del_Caucaso.htm\"><span style=\"background-color: #96a610; color: #ffffff; padding: 10px 20px; border-radius: 25px;\" title=\"Viajes a Armenia\">+Info del viaje<\/span><\/a><\/p>\n<p><img loading=\"lazy\" decoding=\"async\" class=\"aligncenter\" src=\"https:\/\/tuaregviatges.es\/asia\/viajes_a_georgia\/mapa\/Los_paises_del_Caucaso.jpg\" alt=\"Georgia y Armenia + Viaje cultural por el peque\u00f1o y gran C\u00e1ucaso\" width=\"890\" height=\"890\" \/><\/p>\n<\/div>\n<\/div>\n<\/section>\n<p>&nbsp;<\/p>\n<h1 id=\"japon\" class=\"entry-title\">\u00daltimas plazas viaje a Jap\u00f3n<\/h1>\n<p>Las principales atracciones de Jap\u00f3n reunidas en un viaje guiado por Asaki nuestra gu\u00eda (japonesa de alma mediterr\u00e1nea) que nos ense\u00f1ar\u00e1 el <strong>Jap\u00f3n de los japoneses<\/strong>, ofreciendo las claves culturales desde una perspectiva cercana al viajero espa\u00f1ol. Nos acompa\u00f1a tambi\u00e9n la fot\u00f3grafa Ariadna Arn\u00e9s que nos invitar\u00e1 a mirar el pa\u00eds desde una perspectiva fotogr\u00e1fica.<\/p>\n<section style=\"width: 100%; border: 1px solid #BE6521; border-radius: 10px; text-align: left; margin-top: 20px;\">\n<div style=\"margin-top: -20px; background: #BE6521; color: #ffffff; border-radius: 10px 10px 0px 0px; min-height: 40px;\">\n<div style=\"margin: 0 15px;\">\n<h2 style=\"border-radius: 10px 10px 0px 0px; padding: 5px 0px; line-height: 1;\"><a style=\"color: #ffffff; font-family: 'Amatic SC', sans-serif;\" href=\"https:\/\/tuaregviatges.es\/asia\/viajes_a_japon\/Isla_de_Honshu_Ciudades_imperiales_y_alpes-6.htm\">Osaka, Kioto, Monte Fuji y Tokio<\/a><\/h2>\n<\/div>\n<div style=\"height: auto; margin: 0;\"><img decoding=\"async\" style=\"width: 100%; height: auto;\" src=\"https:\/\/tuaregviatges.es\/asia\/viajes_a_japon\/fotografia\/viajes_a_Isla_de_Honshu_Ciudades_imperiales_y_alpes-2-28.jpg\" \/><\/div>\n<\/div>\n<div style=\"width: auto; color: #be6521; padding-left: 10px; line-height: 1.5; margin-top: -2rem;\">\n<div><a style=\"color: #be6521; padding-right: 10px; font-weight: bolder; font-size: 20px; font-family: 'Amatic SC', sans-serif;\" href=\"https:\/\/tuaregviatges.es\/asia_japon.html\"><br \/>\n<img decoding=\"async\" class=\"ico-place\" style=\"height: 35px; width: 35; margin: -10px; margin-right: 3px;\" src=\"https:\/\/tuaregviatges.es\/iconos\/place.svg\" \/>Jap\u00f3n<\/a><\/div>\n<div>\n<div style=\"color: #000000;\"><span style=\"color: #96a610;\">\u2714\ufe0f Viaje de 15 d\u00edas<\/span><br \/>\n<span style=\"color: #96a610;\">\u2714\ufe0f Salida \u00fanica 21 MAY 2026<\/span><br \/>\n<span style=\"color: #96a610;\">\u2714\ufe0f Precio a partir de<strong> 5450\u20ac<\/strong><\/span><\/div>\n<div><\/div>\n<div style=\"color: #000000;\"><em>Las principales atracciones de Jap\u00f3n reunidas en un viaje guiado por Asaki nuestra gu\u00eda (japonesa de alma mediterr\u00e1nea) que nos ense\u00f1ar\u00e1 el Jap\u00f3n de los japoneses.<\/em><\/div>\n<p style=\"text-align: center; margin: 20px;\"><a href=\"https:\/\/tuaregviatges.es\/asia\/viajes_a_japon\/Isla_de_Honshu_Ciudades_imperiales_y_alpes-6.htm\"><span style=\"background-color: #96a610; color: #ffffff; padding: 10px 20px; border-radius: 25px;\" title=\"Viajes a Jap\u00f3n\">+Info del viaje<\/span><\/a><\/p>\n<p><img decoding=\"async\" class=\"aligncenter\" src=\"https:\/\/tuaregviatges.es\/asia\/viajes_a_japon\/mapa\/Isla_de_Honshu_Ciudades_imperiales_y_alpes-6.jpg\" alt=\"Jap\u00f3n + Osaka, Kioto, Monte Fuji y Tokio\" \/><\/p>\n<\/div>\n<\/div>\n<\/section>\n<p>&nbsp;<\/p>\n","protected":false},"excerpt":{"rendered":"<p>Con mayo a la vuelta de la esquina, todav\u00eda nos quedan plazas en algunos de nuestros viajes. Si a\u00fan no te has decidido, aqu\u00ed te dejamos tres destinos con plazas disponibles para viajar en mayo. Desde el sudeste asi\u00e1tico hasta la Europa desconocida. \u00daltimas plazas para viajar en mayo en uno de nuestros grupos reducidos.<\/p>\n","protected":false},"author":1,"featured_media":3766,"comment_status":"closed","ping_status":"closed","sticky":false,"template":"","format":"standard","meta":{"footnotes":""},"categories":[616,600,613],"tags":[11,687],"class_list":["post-14420","post","type-post","status-publish","format-standard","has-post-thumbnail","hentry","category-albania","category-japon","category-vietnam","tag-senderismo","tag-viajes-en-mayo"],"_links":{"self":[{"href":"https:\/\/tuaregviatges.es\/viajes\/wp-json\/wp\/v2\/posts\/14420","targetHints":{"allow":["GET"]}}],"collection":[{"href":"https:\/\/tuaregviatges.es\/viajes\/wp-json\/wp\/v2\/posts"}],"about":[{"href":"https:\/\/tuaregviatges.es\/viajes\/wp-json\/wp\/v2\/types\/post"}],"author":[{"embeddable":true,"href":"https:\/\/tuaregviatges.es\/viajes\/wp-json\/wp\/v2\/users\/1"}],"replies":[{"embeddable":true,"href":"https:\/\/tuaregviatges.es\/viajes\/wp-json\/wp\/v2\/comments?post=14420"}],"version-history":[{"count":12,"href":"https:\/\/tuaregviatges.es\/viajes\/wp-json\/wp\/v2\/posts\/14420\/revisions"}],"predecessor-version":[{"id":16197,"href":"https:\/\/tuaregviatges.es\/viajes\/wp-json\/wp\/v2\/posts\/14420\/revisions\/16197"}],"wp:featuredmedia":[{"embeddable":true,"href":"https:\/\/tuaregviatges.es\/viajes\/wp-json\/wp\/v2\/media\/3766"}],"wp:attachment":[{"href":"https:\/\/tuaregviatges.es\/viajes\/wp-json\/wp\/v2\/media?parent=14420"}],"wp:term":[{"taxonomy":"category","embeddable":true,"href":"https:\/\/tuaregviatges.es\/viajes\/wp-json\/wp\/v2\/categories?post=14420"},{"taxonomy":"post_tag","embeddable":true,"href":"https:\/\/tuaregviatges.es\/viajes\/wp-json\/wp\/v2\/tags?post=14420"}],"curies":[{"name":"wp","href":"https:\/\/api.w.org\/{rel}","templated":true}]}}