{"id":14452,"date":"2026-04-08T16:58:41","date_gmt":"2026-04-08T14:58:41","guid":{"rendered":"https:\/\/tuaregviatges.es\/viajes\/?p=14452"},"modified":"2026-04-11T18:27:23","modified_gmt":"2026-04-11T16:27:23","slug":"viajar-en-primavera-6-lugares-que-no-te-puedes-perder","status":"publish","type":"post","link":"https:\/\/tuaregviatges.es\/viajes\/viajar-en-primavera-6-lugares-que-no-te-puedes-perder\/","title":{"rendered":"Viajar por Europa en primavera | 6 lugares que no te puedes perder"},"content":{"rendered":"<p>En primavera, Europa despierta tras el invierno y ofrece su cara m\u00e1s agradable. Las temperaturas suaves permiten recorrer ciudades, pasear por pueblos medievales o descubrir castillos en los Carpatos sin el calor del verano.<\/p>\n<blockquote><p>Desde caminatas por los antiguos monasterios de Creta hasta la Europa desconocida en Moldavia. <!--more--><\/p><\/blockquote>\n<h3><img loading=\"lazy\" decoding=\"async\" class=\"aligncenter size-full wp-image-13710\" src=\"https:\/\/tuaregviatges.es\/viajes\/wp-content\/uploads\/2023\/06\/eleciones-e1686160637562.jpg\" alt=\"\" width=\"1200\" height=\"259\" srcset=\"https:\/\/tuaregviatges.es\/viajes\/wp-content\/uploads\/2023\/06\/eleciones-e1686160637562.jpg 1200w, https:\/\/tuaregviatges.es\/viajes\/wp-content\/uploads\/2023\/06\/eleciones-e1686160637562-300x65.jpg 300w, https:\/\/tuaregviatges.es\/viajes\/wp-content\/uploads\/2023\/06\/eleciones-e1686160637562-1024x221.jpg 1024w, https:\/\/tuaregviatges.es\/viajes\/wp-content\/uploads\/2023\/06\/eleciones-e1686160637562-768x166.jpg 768w\" sizes=\"auto, (max-width: 1200px) 100vw, 1200px\" \/><\/h3>\n<h3 class=\"entry-title \">Conociendo Europa en primavera<\/h3>\n<p data-start=\"0\" data-end=\"543\">Las temperaturas suaves invitan a recorrer ciudades como Heraklion o Chania en <strong data-start=\"192\" data-end=\"223\">Creta<\/strong>, pasear por pueblos medievales en <strong data-start=\"258\" data-end=\"269\">Ruman\u00eda<\/strong> o descubrir monasterios en <strong data-start=\"297\" data-end=\"309\">Bulgaria<\/strong>. Adem\u00e1s, la naturaleza est\u00e1 en su mejor momento: desde los paisajes verdes de <strong data-start=\"412\" data-end=\"424\">Moldavia<\/strong> hasta los parques nacionales de los Balcanes, todo luce m\u00e1s vivo y accesible.<\/p>\n<figure id=\"attachment_12787\" class=\"thumbnail wp-caption aligncenter\" style=\"width: 710px\"><img loading=\"lazy\" decoding=\"async\" class=\"wp-image-12787 size-full\" src=\"https:\/\/tuaregviatges.es\/viajes\/wp-content\/uploads\/2022\/02\/20424-e1775924714333.jpg\" alt=\"Viaje a Letonia | Autor Silvia Marc\u00f3\" width=\"700\" height=\"525\" \/><figcaption class=\"caption wp-caption-text\">Viaje a Letonia | Autor Silvia Marc\u00f3<\/figcaption><\/figure>\n<p data-start=\"545\" data-end=\"1080\" data-is-last-node=\"\" data-is-only-node=\"\">Menos viajeros respecto a los meses estivales, se traduce en visitas m\u00e1s tranquilas y una experiencia m\u00e1s aut\u00e9ntica. Es tambi\u00e9n una \u00e9poca perfecta para combinar cultura y naturaleza, alternando caminatas, visitas hist\u00f3ricas y experiencias locales sin los sofocos de la temporada alta.<\/p>\n<blockquote>\n<p data-start=\"545\" data-end=\"1080\" data-is-last-node=\"\" data-is-only-node=\"\">La primavera ofrece el equilibrio ideal entre clima, paisaje y ritmo de viaje para disfrutar de Europa con mayor comodidad.<\/p>\n<\/blockquote>\n<h3 class=\"entry-title \">6 lugares que no te puedes perder<\/h3>\n<p>Itinerario, fechas de salida y todo lo que necesitas saber para conocer alguno de nuestros destinos destacados para viajar durante esta primavera de 2026.<\/p>\n<section id=\"creta\" style=\"width: 100%; border: 1px solid #BE6521; border-radius: 10px; text-align: left; margin-top: 20px;\">\n<div style=\"margin-top: -20px; background: #BE6521; color: #ffffff; border-radius: 10px 10px 0px 0px; min-height: 40px;\">\n<div style=\"margin: 0 15px;\">\n<h2 style=\"border-radius: 10px 10px 0px 0px; padding: 5px 0px; line-height: 1;\"><a style=\"color: #ffffff; font-family: 'Amatic SC', sans-serif;\" href=\"https:\/\/tuaregviatges.es\/europa\/viajes_a_grecia\/Creta_en_grupo.htm\">Creta, explorando la isla del Minotauro<\/a><\/h2>\n<\/div>\n<div style=\"height: auto; margin: 0;\"><img decoding=\"async\" style=\"width: 100%; height: auto;\" src=\"https:\/\/tuaregviatges.es\/europa\/viajes_a_grecia\/fotografia\/viajes_a_Creta_en_grupo-6.jpg\" \/><\/div>\n<\/div>\n<div style=\"width: auto; color: #be6521; padding-left: 10px; line-height: 1.5; margin-top: -2rem;\">\n<div><a style=\"color: #be6521; padding-right: 10px; font-weight: bolder; font-size: 20px; font-family: 'Amatic SC', sans-serif;\" href=\"https:\/\/tuaregviatges.es\/europa_grecia.html\"><br \/>\n<img decoding=\"async\" class=\"ico-place\" style=\"height: 35px; width: 35; margin: -10px; margin-right: 3px;\" src=\"https:\/\/tuaregviatges.es\/iconos\/place.svg\" \/>Grecia<\/a><\/div>\n<div>\n<div style=\"color: #000000;\"><span style=\"color: #96a610;\">\u2714\ufe0f Viaje de 8 d\u00edas<\/span><br \/>\n<span style=\"color: #96a610;\">\u2714\ufe0f Salidas 16 JUN <span class=\"lt\">|\u00a0<\/span>1 SEP 2026<\/span><br \/>\n<span style=\"color: #96a610;\">\u2714\ufe0f Precio a partir de<strong> 1580\u20ac<\/strong><\/span><\/div>\n<div><\/div>\n<div style=\"color: #000000;\"><em>En el coraz\u00f3n del Mediterr\u00e1neo, Creta conserva el legado de todas las grandes civilizaciones que pasaron por ella. Desde los vestigios minoicos del legendario Palacio de Knossos hasta las fortalezas venecianas de Rethymno y Chania, esta isla nos invita a un viaje donde historia, naturaleza y tradici\u00f3n se entrelazan.<br \/>\n<\/em><\/div>\n<p style=\"text-align: center; margin: 20px;\"><a href=\"https:\/\/tuaregviatges.es\/europa\/viajes_a_grecia\/Creta_en_grupo.htm\"><span style=\"background-color: #96a610; color: #ffffff; padding: 10px 20px; border-radius: 25px;\" title=\"Viajes a Grecia en oto\u00f1o\">+Info del viaje<\/span><\/a><\/p>\n<p><img loading=\"lazy\" decoding=\"async\" class=\"aligncenter\" src=\"https:\/\/tuaregviatges.es\/europa\/viajes_a_grecia\/mapa\/Creta_en_grupo.jpg\" alt=\"Grecia + Creta. Ruta naturalista por la Gran isla del Mediterr\u00e1neo\" width=\"910\" height=\"910\" \/><\/p>\n<\/div>\n<\/div>\n<\/section>\n<p>&nbsp;<\/p>\n<section id=\"buslgaria\" style=\"width: 100%; border: 1px solid #BE6521; border-radius: 10px; text-align: left; margin-top: 20px;\">\n<div style=\"margin-top: -20px; background: #BE6521; color: #ffffff; border-radius: 10px 10px 0px 0px; min-height: 40px;\">\n<div style=\"margin: 0 15px;\">\n<h2 style=\"border-radius: 10px 10px 0px 0px; padding: 5px 0px; line-height: 1;\"><a style=\"color: #ffffff; font-family: 'Amatic SC', sans-serif;\" href=\"https:\/\/tuaregviatges.es\/europa\/viajes_a_bulgaria\/Monasterios_Ortodoxos_y_pueblos_medievales.htm\">Bulgaria cl\u00e1sica y parques nacionales del sur<\/a><\/h2>\n<\/div>\n<div style=\"height: 50vh; margin: 0; background: url('https:\/\/tuaregviatges.es\/europa\/viajes_a_bulgaria\/fotografia\/viajes_a_Monasterios_Ortodoxos_y_pueblos_medievales-9.jpg'); background-repeat: no-repeat; background-size: cover; max-height: 600px; background-position: center;\"><\/div>\n<\/div>\n<div style=\"width: auto; color: #be6521; padding-left: 10px; line-height: 1.5; margin-top: -20px; padding-top: 0px;\">\n<div><a style=\"color: #be6521; padding-right: 10px; font-weight: bolder; font-size: 20px; font-family: 'Amatic SC', sans-serif;\" href=\"https:\/\/tuaregviatges.es\/asia_japon.html\"><br \/>\n<img decoding=\"async\" class=\"ico-place\" style=\"height: 35px; width: 35; margin: -10px; margin-right: 3px;\" src=\"https:\/\/tuaregviatges.es\/iconos\/place.svg\" \/>Bulgaria<\/a><\/div>\n<div>\n<div style=\"color: #000000;\"><span style=\"color: #96a610;\">\u2714\ufe0f Viaje de 8 d\u00edas<\/span><br \/>\n<span style=\"color: #96a610;\">\u2714\ufe0f Salidas 1, 22 jun\u00a02026<\/span><br \/>\n<span style=\"color: #96a610;\">\u2714\ufe0f Precio a partir de<strong> 178o\u20ac<\/strong><\/span><\/div>\n<div><\/div>\n<div style=\"color: #000000;\"><em>Un viaje que combina la historia y cultura de Bulgaria con la naturaleza y aire libre. Realizamos caminatas por los balcanes y descubrimos sus monasterios.<\/em><\/div>\n<p style=\"text-align: center; margin: 20px;\"><a href=\"https:\/\/tuaregviatges.es\/europa\/viajes_a_bulgaria\/Monasterios_Ortodoxos_y_pueblos_medievales.htm\"><span style=\"background-color: #96a610; color: #ffffff; padding: 10px 20px; border-radius: 25px;\" title=\"Viajar a Bulgaria en primavera\">+Info del viaje<\/span><\/a><\/p>\n<p><img decoding=\"async\" class=\"aligncenter\" src=\"https:\/\/tuaregviatges.es\/europa\/viajes_a_bulgaria\/mapa\/Monasterios_Ortodoxos_y_pueblos_medievales-2.jpg\" alt=\"Bulgaria + Especial Festival de Surva\" \/><\/p>\n<\/div>\n<\/div>\n<\/section>\n<p>&nbsp;<\/p>\n<section id=\"rumania\" style=\"width: 100%; border: 1px solid #BE6521; border-radius: 10px; text-align: left; margin-top: 20px;\">\n<div style=\"margin-top: -20px; background: #BE6521; color: #ffffff; border-radius: 10px 10px 0px 0px; min-height: 40px;\">\n<div style=\"margin: 0 15px;\">\n<h2 style=\"border-radius: 10px 10px 0px 0px; padding: 5px 0px; line-height: 1;\"><a style=\"color: #ffffff; font-family: 'Amatic SC', sans-serif;\" href=\"https:\/\/tuaregviatges.es\/europa\/viajes_a_rumania\/Cultura_y_naturaleza.htm\">A trav\u00e9s de los C\u00e1rpatos Rumanos: Castillos, osos y bisontes<\/a><\/h2>\n<\/div>\n<div style=\"height: 33vh; margin: 0; background: url('https:\/\/tuaregviatges.es\/rutas\/seccionesRutas\/23457.jpg'); background-repeat: no-repeat; background-size: cover; max-height: 600px;\"><\/div>\n<\/div>\n<div style=\"width: auto; color: #be6521; padding-left: 10px; line-height: 1.5; margin-top: -20px; padding-top: 0px;\">\n<div><a style=\"color: #be6521; padding-right: 10px; font-weight: bolder; font-size: 20px; font-family: 'Amatic SC', sans-serif;\" href=\"https:\/\/tuaregviatges.es\/viajes_rumania.html\"><br \/>\n<img decoding=\"async\" class=\"ico-place\" style=\"height: 35px; width: 35; margin: -10px; margin-right: 3px;\" src=\"https:\/\/tuaregviatges.es\/iconos\/place.svg\" \/>Ruman\u00eda<\/a><\/div>\n<div>\n<div style=\"color: #000000;\"><span style=\"color: #96a610;\">\u2714\ufe0f Viaje de 12 d\u00edas<\/span><br \/>\n<span style=\"color: #96a610;\">\u2714\ufe0f Salidas 2, 30 jun<span class=\"lt\">\u00a0|\u00a0<\/span>4 ago<span class=\"lt\">\u00a0|\u00a0<\/span>1 sep 2025<\/span><br \/>\n<span style=\"color: #96a610;\">\u2714\ufe0f Precio a partir de<strong> 1790\u20ac<\/strong><\/span><\/div>\n<div><\/div>\n<div style=\"color: #000000;\"><em> Combinando visitas culturales y naturaleza, viajamos a trav\u00e9s de los C\u00e1rpatos rumanos dispuestos a descubrir la historia pasada y reciente del pa\u00eds, su cultura, su fauna, y sus incre\u00edbles paisajes.<br \/>\n<\/em><\/div>\n<p style=\"text-align: center; margin: 20px;\"><a href=\"https:\/\/tuaregviatges.es\/europa\/viajes_a_rumania\/Cultura_y_naturaleza.htm\"><span style=\"background-color: #96a610; color: #ffffff; padding: 10px 20px; border-radius: 25px;\" title=\"Viajar a Rumania en primavera\">+Info del viaje<\/span><\/a><\/p>\n<p><img decoding=\"async\" class=\"aligncenter\" src=\"https:\/\/tuaregviatges.es\/europa\/viajes_a_rumania\/mapa\/Cultura_y_naturaleza.jpg\" alt=\"Ruman\u00eda + A trav\u00e9s de los C\u00e1rpatos rumanos; Castillos, osos y bisontes\" \/><\/p>\n<\/div>\n<\/div>\n<\/section>\n<p>&nbsp;<\/p>\n<section id=\"moldavia\" style=\"width: 100%; border: 1px solid #BE6521; border-radius: 10px; text-align: left; margin-top: 20px;\">\n<div style=\"margin-top: -20px; background: #BE6521; color: #ffffff; border-radius: 10px 10px 0px 0px; min-height: 40px;\">\n<div style=\"margin: 0 15px;\">\n<h2 style=\"border-radius: 10px 10px 0px 0px; padding: 5px 0px; line-height: 1;\"><a style=\"color: #ffffff; font-family: 'Amatic SC', sans-serif;\" href=\"https:\/\/tuaregviatges.es\/europa\/viajes_a_moldavia\/Descubriendo_Moldavia.htm\">Los secretos de Europa<\/a><\/h2>\n<\/div>\n<div style=\"height: 33vh; margin: 0; background: url('https:\/\/tuaregviatges.es\/europa\/viajes_a_moldavia\/fotografia\/viajes_a_Descubriendo_Moldavia-13.jpg'); background-repeat: no-repeat; background-size: cover; max-height: 600px;\"><\/div>\n<\/div>\n<div style=\"width: auto; color: #be6521; padding-left: 10px; line-height: 1.5; margin-top: -20px; padding-top: 0px;\">\n<div><a style=\"color: #be6521; padding-right: 10px; font-weight: bolder; font-size: 20px; font-family: 'Amatic SC', sans-serif;\" href=\"https:\/\/tuaregviatges.es\/viajes_moldavia.html\"><br \/>\n<img decoding=\"async\" class=\"ico-place\" style=\"height: 35px; width: 35; margin: -10px; margin-right: 3px;\" src=\"https:\/\/tuaregviatges.es\/iconos\/place.svg\" \/>Moldavia<\/a><\/div>\n<div>\n<div style=\"color: #000000;\"><span style=\"color: #96a610;\">\u2714\ufe0f Viaje de 8 d\u00edas<\/span><br \/>\n<span style=\"color: #96a610;\">\u2714\ufe0f Salidas de 3 MAY 7 JUN 2026<\/span><br \/>\n<span style=\"color: #96a610;\">\u2714\ufe0f Precio a partir de<strong> 1360\u20ac<\/strong><\/span><\/div>\n<div><\/div>\n<div style=\"color: #000000;\"><em> El viaje combina cultura y naturaleza, con caminatas accesibles que nos permitir\u00e1n disfrutar de algunos de los paisajes m\u00e1s representativos de Moldavia.<br \/>\n<\/em><\/div>\n<p style=\"text-align: center; margin: 20px;\"><a href=\"https:\/\/tuaregviatges.es\/europa\/viajes_a_moldavia\/Descubriendo_Moldavia.htm\"><span style=\"background-color: #96a610; color: #ffffff; padding: 10px 20px; border-radius: 25px;\" title=\"Viajar a Moldavia en mayo\">+Info del viaje<\/span><\/a><\/p>\n<p><img loading=\"lazy\" decoding=\"async\" class=\"aligncenter\" src=\"https:\/\/tuaregviatges.es\/europa\/viajes_a_moldavia\/mapa\/Descubriendo_Moldavia.jpg\" alt=\"Moldavia + Los secretos de Europa\" width=\"694\" height=\"694\" \/><\/p>\n<\/div>\n<\/div>\n<\/section>\n<p>&nbsp;<\/p>\n<section id=\"albania\" style=\"width: 100%; border: 1px solid #BE6521; border-radius: 10px; text-align: left; margin-top: 20px;\">\n<div style=\"margin-top: -20px; background: #BE6521; color: #ffffff; border-radius: 10px 10px 0px 0px; min-height: 40px;\">\n<div style=\"margin: 0 15px;\">\n<h2 style=\"border-radius: 10px 10px 0px 0px; padding: 5px 0px; line-height: 1;\"><a style=\"color: #ffffff; font-family: 'Amatic SC', sans-serif;\" href=\"https:\/\/tuaregviatges.es\/europa\/viajes_a_albania\/Ruta_cultural_y_activa_por_Albania_y_Macedonia.htm\">Los desconocidos valles del Norte, la Albania cl\u00e1sica y Macedonia<\/a><\/h2>\n<\/div>\n<div style=\"height: auto; margin: 0;\"><img decoding=\"async\" style=\"width: 100%; height: auto;\" src=\"https:\/\/tuaregviatges.es\/viajes\/wp-content\/uploads\/2025\/08\/Albania-Macedonia-e1756223221448.jpg\" \/><\/div>\n<\/div>\n<div style=\"width: auto; color: #be6521; padding-left: 10px; line-height: 1.5; margin-top: -2rem;\">\n<div><a style=\"color: #be6521; padding-right: 10px; font-weight: bolder; font-size: 20px; font-family: 'Amatic SC', sans-serif;\" href=\"https:\/\/tuaregviatges.es\/europa_albania.html\"><br \/>\n<img decoding=\"async\" class=\"ico-place\" style=\"height: 35px; width: 35; margin: -10px; margin-right: 3px;\" src=\"https:\/\/tuaregviatges.es\/iconos\/place.svg\" \/>Albania<\/a><\/div>\n<div>\n<div style=\"color: #000000;\"><span style=\"color: #96a610;\">\u2714\ufe0f Viaje de 12 d\u00edas<\/span><br \/>\n<span style=\"color: #96a610;\">\u2714\ufe0f Salidas 5, 19 may<span class=\"lt\">\u00a0|\u00a0<\/span>9, 23 jun 2026<\/span><br \/>\n<span style=\"color: #96a610;\">\u2714\ufe0f Precio a partir de<strong> 1440\u20ac<\/strong><\/span><\/div>\n<div><\/div>\n<div style=\"color: #000000;\"><em>Una combinaci\u00f3n din\u00e1mica y agradable para conocer la historia pasada y reciente de Albania y Macedonia, as\u00ed como disfrutar de fant\u00e1sticos paisajes en primavera.<\/em><\/div>\n<p style=\"text-align: center; margin: 20px;\"><a href=\"https:\/\/tuaregviatges.es\/europa\/viajes_a_albania\/Ruta_cultural_y_activa_por_Albania_y_Macedonia.htm\"><span style=\"background-color: #96a610; color: #ffffff; padding: 10px 20px; border-radius: 25px;\" title=\"Viajar a Albania\">+Info del viaje<\/span><\/a><\/p>\n<p><img decoding=\"async\" class=\"aligncenter\" src=\"https:\/\/tuaregviatges.es\/europa\/viajes_a_albania\/mapa\/Ruta_cultural_y_activa_por_Albania_y_Macedonia.jpg\" alt=\"Albania y Macedonia + Los desconocidos valles del norte, la Albania cl\u00e1sica y Macedonia\" \/><\/p>\n<\/div>\n<\/div>\n<\/section>\n<p>&nbsp;<\/p>\n<section id=\"letonia\" style=\"width: 100%; border: 1px solid #BE6521; border-radius: 10px; text-align: left; margin-top: 20px;\">\n<div style=\"margin-top: -20px; background: #BE6521; color: #ffffff; border-radius: 10px 10px 0px 0px; min-height: 40px;\">\n<div style=\"margin: 0 15px;\">\n<h2 style=\"border-radius: 10px 10px 0px 0px; padding: 5px 0px; line-height: 1;\"><a style=\"color: #ffffff; font-family: 'Amatic SC', sans-serif;\" href=\"https:\/\/tuaregviatges.es\/europa\/viajes_a_letonia\/Republicas_Balticas_Fly_Drive-3.htm\">Multiactividad en el parque de Gauja<\/a><\/h2>\n<\/div>\n<div style=\"height: auto; margin: 0;\"><img decoding=\"async\" style=\"width: 100%; height: auto;\" src=\"https:\/\/tuaregviatges.es\/europa\/viajes_a_letonia\/fotografia\/viajes_a_Republicas_Balticas_Fly_Drive-3-2.jpg\" \/><\/div>\n<\/div>\n<div style=\"width: auto; color: #be6521; padding-left: 10px; line-height: 1.5; margin-top: -2rem;\">\n<div><a style=\"color: #be6521; padding-right: 10px; font-weight: bolder; font-size: 20px; font-family: 'Amatic SC', sans-serif;\" href=\"https:\/\/tuaregviatges.es\/europa_letonia.html\"><br \/>\n<img decoding=\"async\" class=\"ico-place\" style=\"height: 35px; width: 35; margin: -10px; margin-right: 3px;\" src=\"https:\/\/tuaregviatges.es\/iconos\/place.svg\" \/>Letonia<\/a><\/div>\n<div>\n<div style=\"color: #000000;\"><span style=\"color: #96a610;\">\u2714\ufe0f Viaje de 8 d\u00edas<\/span><br \/>\n<span style=\"color: #96a610;\">\u2714\ufe0f Salidas 25 may<span class=\"lt\">\u00a0|\u00a0<\/span>15, 29 jun<span class=\"lt\">\u00a0|\u00a0<\/span>13, 27 jul<span class=\"lt\">\u00a0|\u00a0<\/span>10, 24 ago<span class=\"lt\">\u00a0|\u00a0<\/span>7, 21 sep 2025<\/span><br \/>\n<span style=\"color: #96a610;\">\u2714\ufe0f Precio a partir de <strong>1450\u20ac<\/strong><\/span><\/div>\n<div><\/div>\n<div style=\"color: #000000;\"><em>La ruta combina caminatas con el descenso en canoa por el r\u00edo. La visita del parque se combina con el paso por poblaciones con un patrimonio monumental destacable.<\/em><\/div>\n<p style=\"text-align: center; margin: 20px;\"><a href=\"https:\/\/tuaregviatges.es\/europa\/viajes_a_letonia\/Republicas_Balticas_Fly_Drive-3.htm\"><span style=\"background-color: #96a610; color: #ffffff; padding: 10px 20px; border-radius: 25px;\" title=\"Viajar a los Paises Balticos\">+Info del viaje<\/span><\/a><\/p>\n<p><img decoding=\"async\" class=\"aligncenter\" src=\"https:\/\/tuaregviatges.es\/europa\/viajes_a_letonia\/mapa\/Republicas_Balticas_Fly_Drive-3.jpg\" alt=\"Letonia + Multiactividad en el parque de Gauja\" \/><\/p>\n<\/div>\n<\/div>\n<\/section>\n<p>&nbsp;<\/p>\n","protected":false},"excerpt":{"rendered":"<p>En primavera, Europa despierta tras el invierno y ofrece su cara m\u00e1s agradable. Las temperaturas suaves permiten recorrer ciudades, pasear por pueblos medievales o descubrir castillos en los Carpatos sin el calor del verano. Desde caminatas por los antiguos monasterios de Creta hasta la Europa desconocida en Moldavia.<\/p>\n","protected":false},"author":1,"featured_media":15308,"comment_status":"closed","ping_status":"closed","sticky":false,"template":"","format":"standard","meta":{"footnotes":""},"categories":[459,461],"tags":[502,687],"class_list":["post-14452","post","type-post","status-publish","format-standard","has-post-thumbnail","hentry","category-viajar-solo","category-viajes-excepcionales","tag-viajes-en-grupo","tag-viajes-en-mayo"],"_links":{"self":[{"href":"https:\/\/tuaregviatges.es\/viajes\/wp-json\/wp\/v2\/posts\/14452","targetHints":{"allow":["GET"]}}],"collection":[{"href":"https:\/\/tuaregviatges.es\/viajes\/wp-json\/wp\/v2\/posts"}],"about":[{"href":"https:\/\/tuaregviatges.es\/viajes\/wp-json\/wp\/v2\/types\/post"}],"author":[{"embeddable":true,"href":"https:\/\/tuaregviatges.es\/viajes\/wp-json\/wp\/v2\/users\/1"}],"replies":[{"embeddable":true,"href":"https:\/\/tuaregviatges.es\/viajes\/wp-json\/wp\/v2\/comments?post=14452"}],"version-history":[{"count":14,"href":"https:\/\/tuaregviatges.es\/viajes\/wp-json\/wp\/v2\/posts\/14452\/revisions"}],"predecessor-version":[{"id":16199,"href":"https:\/\/tuaregviatges.es\/viajes\/wp-json\/wp\/v2\/posts\/14452\/revisions\/16199"}],"wp:featuredmedia":[{"embeddable":true,"href":"https:\/\/tuaregviatges.es\/viajes\/wp-json\/wp\/v2\/media\/15308"}],"wp:attachment":[{"href":"https:\/\/tuaregviatges.es\/viajes\/wp-json\/wp\/v2\/media?parent=14452"}],"wp:term":[{"taxonomy":"category","embeddable":true,"href":"https:\/\/tuaregviatges.es\/viajes\/wp-json\/wp\/v2\/categories?post=14452"},{"taxonomy":"post_tag","embeddable":true,"href":"https:\/\/tuaregviatges.es\/viajes\/wp-json\/wp\/v2\/tags?post=14452"}],"curies":[{"name":"wp","href":"https:\/\/api.w.org\/{rel}","templated":true}]}}