{"id":14716,"date":"2024-06-30T14:26:51","date_gmt":"2024-06-30T12:26:51","guid":{"rendered":"https:\/\/tuaregviatges.es\/viajes\/?p=14716"},"modified":"2025-06-25T22:27:25","modified_gmt":"2025-06-25T20:27:25","slug":"ultimas-plazas-senderismo-en-europa-julio","status":"publish","type":"post","link":"https:\/\/tuaregviatges.es\/viajes\/ultimas-plazas-senderismo-en-europa-julio\/","title":{"rendered":"\u00daltimas plazas Senderismo en Europa julio"},"content":{"rendered":"<p>\u00a1\u00daltimas plazas disponibles para nuestros viajes de senderismo en Europa este mes de julio. No te pierdas la oportunidad de explorar paisajes impresionantes, descubrir senderos secretos y vivir una experiencia \u00fanica en contacto con la naturaleza. Las rutas est\u00e1n dise\u00f1adas para todos los niveles, as\u00ed que no importa si eres principiante o experto, \u00a1tenemos algo para ti! <!--more--><\/p>\n<h2 class=\"entry-title\">\u00daltimas plazas para hacer Senderismo en julio<\/h2>\n<p>En el mes de julio, ya solo nos quedan plazas en algunos de nuestros viajes de trekking y senderismo por Europa. Si a\u00fan no has elegido tu destino, te ofrecemos varias opciones. Puedes unirte al viaje de <strong>senderismo en Sao Miguel<\/strong>, en las Azores, con salida el 7 de julio, o al trekking por los impresionantes <strong>Alpes Din\u00e1ricos en Albania y Montenegro<\/strong>, programado para el 16 de julio.<\/p>\n<section id=\"Azores\" style=\"width: 100%; border: 1px solid #BE6521; border-radius: 10px; text-align: left; margin-top: 20px;\">\n<div style=\"margin-top: -20px; background: #BE6521; color: #ffffff; border-radius: 10px 10px 0px 0px; min-height: 40px;\">\n<div style=\"margin: 0 15px;\">\n<h2 style=\"border-radius: 10px 10px 0px 0px; padding: 5px 0px; line-height: 1;\"><a style=\"color: #ffffff; font-family: 'Amatic SC', sans-serif;\" href=\"https:\/\/tuaregviatges.es\/europa\/viajes_a_azores\/Azores.htm\">Senderismo en Sao Miguel<\/a><\/h2>\n<\/div>\n<div style=\"height: auto; margin: 0;\"><img decoding=\"async\" style=\"width: 100%; height: auto;\" src=\"https:\/\/tuaregviatges.es\/rutas\/seccionesRutas\/17393.jpg\" \/><\/div>\n<\/div>\n<div style=\"width: auto; color: #be6521; padding-left: 10px; line-height: 1.5; margin-top: -2rem;\">\n<div><a style=\"color: #be6521; padding-right: 10px; font-weight: bolder; font-size: 20px; font-family: 'Amatic SC', sans-serif;\" href=\"https:\/\/tuaregviatges.es\/viajes_azores.html\"><br \/>\n<img decoding=\"async\" class=\"ico-place\" style=\"height: 35px; width: 35; margin: -10px; margin-right: 3px;\" src=\"https:\/\/tuaregviatges.es\/iconos\/place.svg\" \/>Azores<\/a><\/div>\n<div>\n<div style=\"color: #000000;\"><span style=\"color: #96a610;\">\u2714\ufe0f Viaje de 8 d\u00edas<\/span><br \/>\n<span style=\"color: #96a610;\">\u2714\ufe0f Salida<span class=\"lt\">\u00a0<\/span>7, <strong><span style=\"color: #ff0000;\"><del>21<\/del><\/span><\/strong> jul 2024<\/span><br \/>\n<span style=\"color: #96a610;\">\u2714\ufe0f Precio a partir de<strong> 1320\u20ac<\/strong><\/span><\/div>\n<div><\/div>\n<div style=\"color: #000000;\"><em>CEste programa te permitir\u00e1 recorrer algunos de los mejores senderos de Sao Miguel, caminando desde el litoral hasta el interior, cruzando bosques de enebros y laurisilva y observando lagos, cascadas, casas t\u00edpicas y molinos.<\/em><\/div>\n<p style=\"text-align: center; margin: 20px;\"><a href=\"https:\/\/tuaregviatges.es\/europa\/viajes_a_azores\/Azores.htm\"><span style=\"background-color: #96a610; color: #ffffff; padding: 10px 20px; border-radius: 25px;\" title=\"Viajar a Albania en julio\">+Info del viaje<\/span><\/a><\/p>\n<p><img decoding=\"async\" class=\"aligncenter\" src=\"https:\/\/tuaregviatges.es\/europa\/viajes_a_azores\/mapa\/Azores.jpg\" alt=\"Azores + Senderismo en Sao Miguel \" \/><\/p>\n<\/div>\n<\/div>\n<\/section>\n<p>&nbsp;<\/p>\n<section id=\"Alpes-dinaricos\" style=\"width: 100%; border: 1px solid #BE6521; border-radius: 10px; text-align: left; margin-top: 20px;\">\n<div style=\"margin-top: -20px; background: #BE6521; color: #ffffff; border-radius: 10px 10px 0px 0px; min-height: 40px;\">\n<div style=\"margin: 0 15px;\">\n<h2 style=\"border-radius: 10px 10px 0px 0px; padding: 5px 0px; line-height: 1;\"><a style=\"color: #ffffff; font-family: 'Amatic SC', sans-serif;\" href=\"https:\/\/tuaregviatges.es\/europa\/viajes_a_albania\/Trekking_por_los_Alpes_Dinaricos.htm\">Trekking en los Alpes Din\u00e1ricos<\/a><\/h2>\n<\/div>\n<div style=\"height: auto; margin: 0;\"><img decoding=\"async\" style=\"width: 100%; height: auto;\" src=\"https:\/\/tuaregviatges.es\/rutas\/seccionesRutas\/19784.jpg\" \/><\/div>\n<\/div>\n<div style=\"width: auto; color: #be6521; padding-left: 10px; line-height: 1.5; margin-top: -2rem;\">\n<div><a style=\"color: #be6521; padding-right: 10px; font-weight: bolder; font-size: 20px; font-family: 'Amatic SC', sans-serif;\" href=\"https:\/\/tuaregviatges.es\/europa_albania.html\"><br \/>\n<img decoding=\"async\" class=\"ico-place\" style=\"height: 35px; width: 35; margin: -10px; margin-right: 3px;\" src=\"https:\/\/tuaregviatges.es\/iconos\/place.svg\" \/>Albania<\/a><\/div>\n<div>\n<div style=\"color: #000000;\"><span style=\"color: #96a610;\">\u2714\ufe0f Viaje de 8 d\u00edas<\/span><br \/>\n<span style=\"color: #96a610;\">\u2714\ufe0f Salidas <strong><del><span style=\"color: #ff0000;\">2<\/span><\/del><\/strong>, 16 JUL\u00a0 2024<\/span><br \/>\n<span style=\"color: #96a610;\">\u2714\ufe0f Precio a partir de<strong> 1190\u20ac<\/strong><\/span><\/div>\n<div><\/div>\n<div style=\"color: #000000;\"><em>Una impresionante ruta de trekking que nos lleva a recorrer la regi\u00f3n monta\u00f1osa del norte de Albania y sur de Montenegro. Exploraremos a pie los Alpes Din\u00e1ricos, descubriendo monta\u00f1as y valles remotos, en un \u00e1rea multicultural habitada por albaneses y eslavos. <\/em><\/div>\n<p style=\"text-align: center; margin: 20px;\"><a href=\"https:\/\/tuaregviatges.es\/europa\/viajes_a_albania\/Trekking_por_los_Alpes_Dinaricos.htm\"><span style=\"background-color: #96a610; color: #ffffff; padding: 10px 20px; border-radius: 25px;\" title=\"Viajar a Albania en julio\">+Info del viaje<\/span><\/a><\/p>\n<p><img decoding=\"async\" class=\"aligncenter\" src=\"https:\/\/tuaregviatges.es\/europa\/viajes_a_albania\/mapa\/Trekking_por_los_Alpes_Dinaricos.jpg\" alt=\"Albania y Montenegro + Trekking por los Alpes Din\u00e1ricos\" \/><\/p>\n<\/div>\n<\/div>\n<\/section>\n<p>&nbsp;<\/p>\n<p>Adem\u00e1s, tenemos disponibles plazas para el <strong>viaje cl\u00e1sico a Bulgaria<\/strong>, que incluye visitas a los parques nacionales del sur, donde podr\u00e1s maravillarte con su rica biodiversidad y paisajes monta\u00f1osos. Si prefieres descubrir <strong>Hungr\u00eda m\u00e1s all\u00e1 de Budapest<\/strong>, nuestro viaje cultural y natural te llevar\u00e1 a explorar las maravillas ocultas del pa\u00eds, desde sus encantadores pueblos hasta sus impresionantes reservas naturales.<\/p>\n<section id=\"Bulgaria\" style=\"width: 100%; border: 1px solid #BE6521; border-radius: 10px; text-align: left; margin-top: 20px;\">\n<div style=\"margin-top: -20px; background: #BE6521; color: #ffffff; border-radius: 10px 10px 0px 0px; min-height: 40px;\">\n<div style=\"margin: 0 15px;\">\n<h2 style=\"border-radius: 10px 10px 0px 0px; padding: 5px 0px; line-height: 1;\"><a style=\"color: #ffffff; font-family: 'Amatic SC', sans-serif;\" href=\"https:\/\/tuaregviatges.es\/europa\/viajes_a_bulgaria\/Trekking_en_los_Balcanes__Montes_de_Rila__Pirin_y_Rodopes.htm\">Bulgaria cl\u00e1sica y parques nacionales del sur<\/a><\/h2>\n<\/div>\n<div style=\"height: auto; margin: 0;\"><img decoding=\"async\" style=\"width: 100%; height: auto;\" src=\"https:\/\/tuaregviatges.es\/rutas\/seccionesRutas\/21895.jpg\" \/><\/div>\n<\/div>\n<div style=\"width: auto; color: #be6521; padding-left: 10px; line-height: 1.5; margin-top: -2rem;\">\n<div><a style=\"color: #be6521; padding-right: 10px; font-weight: bolder; font-size: 20px; font-family: 'Amatic SC', sans-serif;\" href=\"https:\/\/tuaregviatges.es\/europa_bulgaria.html\"><br \/>\n<img decoding=\"async\" class=\"ico-place\" style=\"height: 35px; width: 35; margin: -10px; margin-right: 3px;\" src=\"https:\/\/tuaregviatges.es\/iconos\/place.svg\" \/>Bulgaria<\/a><\/div>\n<div>\n<div style=\"color: #000000;\"><span style=\"color: #96a610;\">\u2714\ufe0f Viaje de 10 d\u00edas<\/span><br \/>\n<span style=\"color: #96a610;\">\u2714\ufe0f Salidas <span class=\"lt\">\u00a0<\/span>21 JUL\u00a02024<\/span><br \/>\n<span style=\"color: #96a610;\">\u2714\ufe0f Precio a partir de<strong> 1580\u20ac<\/strong><\/span><\/div>\n<div><\/div>\n<div style=\"color: #000000;\"><em>Un viaje equilibrado entre caminatas relajadas y experiencias culturales, que nos llevar\u00e1 a desvelar el encanto de ciudades, monasterios medievales, exuberantes bosques y la autenticidad de la vida tradicional de los pueblos de Bulgaria.<\/em><\/div>\n<p style=\"text-align: center; margin: 20px;\"><a href=\"https:\/\/tuaregviatges.es\/europa\/viajes_a_bulgaria\/Trekking_en_los_Balcanes__Montes_de_Rila__Pirin_y_Rodopes.htm\"><span style=\"background-color: #96a610; color: #ffffff; padding: 10px 20px; border-radius: 25px;\" title=\"Viajar a Albania en julio\">+Info del viaje<\/span><\/a><\/p>\n<p><img decoding=\"async\" class=\"aligncenter\" src=\"https:\/\/tuaregviatges.es\/europa\/viajes_a_bulgaria\/mapa\/Trekking_en_los_Balcanes__Montes_de_Rila__Pirin_y_Rodopes.jpg\" alt=\"Bulgaria + Bulgaria cl\u00e1sica y parques nacionales del sur\" \/><\/p>\n<\/div>\n<\/div>\n<\/section>\n<p>&nbsp;<\/p>\n<section id=\"Bulgaria\" style=\"width: 100%; border: 1px solid #BE6521; border-radius: 10px; text-align: left; margin-top: 20px;\">\n<div style=\"margin-top: -20px; background: #BE6521; color: #ffffff; border-radius: 10px 10px 0px 0px; min-height: 40px;\">\n<div style=\"margin: 0 15px;\">\n<h2 style=\"border-radius: 10px 10px 0px 0px; padding: 5px 0px; line-height: 1;\"><a style=\"color: #ffffff; font-family: 'Amatic SC', sans-serif;\" href=\"https:\/\/tuaregviatges.es\/europa\/viajes_a_hungria\/Cultura_y_senderismo.htm\">Cultura y naturaleza m\u00e1s all\u00e1 de Budapest<\/a><\/h2>\n<\/div>\n<div style=\"height: auto; margin: 0;\"><img decoding=\"async\" style=\"width: 100%; height: auto;\" src=\"https:\/\/tuaregviatges.es\/rutas\/seccionesRutas\/21578.jpg\" \/><\/div>\n<\/div>\n<div style=\"width: auto; color: #be6521; padding-left: 10px; line-height: 1.5; margin-top: -2rem;\">\n<div><a style=\"color: #be6521; padding-right: 10px; font-weight: bolder; font-size: 20px; font-family: 'Amatic SC', sans-serif;\" href=\"https:\/\/tuaregviatges.es\/viajes_hungria.html\"><br \/>\n<img decoding=\"async\" class=\"ico-place\" style=\"height: 35px; width: 35; margin: -10px; margin-right: 3px;\" src=\"https:\/\/tuaregviatges.es\/iconos\/place.svg\" \/>Hungr\u00eda<\/a><\/div>\n<div>\n<div style=\"color: #000000;\"><span style=\"color: #96a610;\">\u2714\ufe0f Viaje de 8 d\u00edas<\/span><br \/>\n<span style=\"color: #96a610;\">\u2714\ufe0f Salida 22 JUL 2024<\/span><br \/>\n<span style=\"color: #96a610;\">\u2714\ufe0f Precio a partir de<strong> 1540\u20ac<\/strong><\/span><\/div>\n<div><\/div>\n<div style=\"color: #000000;\"><em>Una ruta para descubrir los tesoros de un pa\u00eds con una intensa historia pasada y reciente, y con maravillosos enclaves naturales.<\/em><\/div>\n<p style=\"text-align: center; margin: 20px;\"><a href=\"https:\/\/tuaregviatges.es\/europa\/viajes_a_hungria\/Cultura_y_senderismo.htm\"><span style=\"background-color: #96a610; color: #ffffff; padding: 10px 20px; border-radius: 25px;\" title=\"Viajar a Albania en julio\">+Info del viaje<\/span><\/a><\/p>\n<p><img decoding=\"async\" class=\"aligncenter\" src=\"https:\/\/tuaregviatges.es\/europa\/viajes_a_hungria\/mapa\/Cultura_y_senderismo.jpg\" alt=\"Hungr\u00eda + Cultura y naturaleza m\u00e1s all\u00e1 de Budapest. \" \/><\/p>\n<\/div>\n<\/div>\n<\/section>\n<p>&nbsp;<\/p>\n<p>Otra opci\u00f3n fascinante es explorar los desconocidos valles del <strong>norte de Albania y la cl\u00e1sica Macedonia<\/strong>, un recorrido lleno de historia y naturaleza, donde cada paso te acercar\u00e1 m\u00e1s a la esencia de estos lugares. Para quienes desean aventurarse en los rincones b\u00e1lticos menos conocidos, ofrecemos caminatas de verano por <strong>Lituania, Letonia y Estonia<\/strong>, un viaje que te permitir\u00e1 descubrir la belleza y serenidad de estos pa\u00edses, con sus bosques, lagos y pintorescos pueblos.<\/p>\n<section id=\"Albania\" style=\"width: 100%; border: 1px solid #BE6521; border-radius: 10px; text-align: left; margin-top: 20px;\">\n<div style=\"margin-top: -20px; background: #BE6521; color: #ffffff; border-radius: 10px 10px 0px 0px; min-height: 40px;\">\n<div style=\"margin: 0 15px;\">\n<h2 style=\"border-radius: 10px 10px 0px 0px; padding: 5px 0px; line-height: 1;\"><a style=\"color: #ffffff; font-family: 'Amatic SC', sans-serif;\" href=\"https:\/\/tuaregviatges.es\/europa\/viajes_a_albania\/Ruta_cultural_y_activa_por_Albania_y_Macedonia.htm\">Los desconocidos valles del Norte, la Albania cl\u00e1sica y Macedonia<\/a><\/h2>\n<\/div>\n<div style=\"height: auto; margin: 0;\"><img decoding=\"async\" style=\"width: 100%; height: auto;\" src=\"https:\/\/tuaregviatges.es\/rutas\/seccionesRutas\/21098.jpg\" \/><\/div>\n<\/div>\n<div style=\"width: auto; color: #be6521; padding-left: 10px; line-height: 1.5; margin-top: -2rem;\">\n<div><a style=\"color: #be6521; padding-right: 10px; font-weight: bolder; font-size: 20px; font-family: 'Amatic SC', sans-serif;\" href=\"https:\/\/tuaregviatges.es\/europa_albania.html\"><br \/>\n<img decoding=\"async\" class=\"ico-place\" style=\"height: 35px; width: 35; margin: -10px; margin-right: 3px;\" src=\"https:\/\/tuaregviatges.es\/iconos\/place.svg\" \/>Albania<\/a><\/div>\n<div>\n<div style=\"color: #000000;\"><span style=\"color: #96a610;\">\u2714\ufe0f Viaje de 8 d\u00edas<\/span><br \/>\n<span style=\"color: #96a610;\">\u2714\ufe0f Salidas <strong><span style=\"color: #ff0000;\"><del>2<\/del><\/span><\/strong>, <strong><span style=\"color: #ff0000;\"><del>16<\/del><\/span><\/strong>, 23, <strong><span style=\"color: #ff0000;\"><del>30<\/del><\/span><\/strong> JUL 2024<\/span><br \/>\n<span style=\"color: #96a610;\">\u2714\ufe0f Precio a partir de<strong> 1380\u20ac<\/strong><\/span><\/div>\n<div><\/div>\n<div style=\"color: #000000;\"><em>Una combinaci\u00f3n din\u00e1mica y agradable para conocer la historia pasada y reciente de Albania y Macedonia, as\u00ed como disfrutar de fant\u00e1sticos paisajes en primavera.<\/em><\/div>\n<p style=\"text-align: center; margin: 20px;\"><a href=\"https:\/\/tuaregviatges.es\/europa\/viajes_a_albania\/Ruta_cultural_y_activa_por_Albania_y_Macedonia.htm\"><span style=\"background-color: #96a610; color: #ffffff; padding: 10px 20px; border-radius: 25px;\" title=\"Viajar a Albania en julio\">+Info del viaje<\/span><\/a><\/p>\n<p><img decoding=\"async\" class=\"aligncenter\" src=\"https:\/\/tuaregviatges.es\/europa\/viajes_a_albania\/mapa\/Ruta_cultural_y_activa_por_Albania_y_Macedonia.jpg\" alt=\"Albania y Macedonia + Los desconocidos valles del norte, la Albania cl\u00e1sica y Macedonia\" \/><\/p>\n<\/div>\n<\/div>\n<\/section>\n<p>&nbsp;<\/p>\n<section id=\"Baltico\" style=\"width: 100%; border: 1px solid #BE6521; border-radius: 10px; text-align: left; margin-top: 20px;\">\n<div style=\"margin-top: -20px; background: #BE6521; color: #ffffff; border-radius: 10px 10px 0px 0px; min-height: 40px;\">\n<div style=\"margin: 0 15px;\">\n<h2 style=\"border-radius: 10px 10px 0px 0px; padding: 5px 0px; line-height: 1;\"><a style=\"color: #ffffff; font-family: 'Amatic SC', sans-serif;\" href=\"https:\/\/tuaregviatges.es\/europa\/viajes_a_lituania\/Paises_Balticos_-1.htm\">Disfrutando el verano b\u00e1ltico<\/a><\/h2>\n<\/div>\n<div style=\"height: auto; margin: 0;\"><img decoding=\"async\" style=\"width: 100%; height: auto;\" src=\"https:\/\/tuaregviatges.es\/rutas\/seccionesRutas\/17918.jpg\" \/><\/div>\n<\/div>\n<div style=\"width: auto; color: #be6521; padding-left: 10px; line-height: 1.5; margin-top: -2rem;\">\n<div><a style=\"color: #be6521; padding-right: 10px; font-weight: bolder; font-size: 20px; font-family: 'Amatic SC', sans-serif;\" href=\"https:\/\/tuaregviatges.es\/europa_estonia.html\"><br \/>\n<img decoding=\"async\" class=\"ico-place\" style=\"height: 35px; width: 35; margin: -10px; margin-right: 3px;\" src=\"https:\/\/tuaregviatges.es\/iconos\/place.svg\" \/>Lituania, Letonia y Estonia<\/a><\/div>\n<div>\n<div style=\"color: #000000;\"><span style=\"color: #96a610;\">\u2714\ufe0f Viaje de 15 d\u00edas<\/span><br \/>\n<span style=\"color: #96a610;\">\u2714\ufe0f Salidas <strong><del><span style=\"color: #ff0000;\">4<\/span><\/del><\/strong>, 25 jul 2024<\/span><br \/>\n<span style=\"color: #96a610;\">\u2714\ufe0f Precio a partir de<strong> 2210\u20ac<\/strong><\/span><\/div>\n<div><\/div>\n<div style=\"color: #000000;\"><em>La amable climatolog\u00eda que encontramos en los b\u00e1lticos durante el verano invita a descubrir su patrimonio cultural, capitales y principales parques nacionales. De sur a norte, recorreremos ruinas de fortalezas medievales escondidas en densos bosques.<\/em><\/div>\n<p style=\"text-align: center; margin: 20px;\"><a href=\"https:\/\/tuaregviatges.es\/europa\/viajes_a_lituania\/Paises_Balticos_-1.htm\"><span style=\"background-color: #96a610; color: #ffffff; padding: 10px 20px; border-radius: 25px;\" title=\"Viajar a Albania en julio\">+Info del viaje<\/span><\/a><\/p>\n<p><img decoding=\"async\" class=\"aligncenter\" src=\"https:\/\/tuaregviatges.es\/europa\/viajes_a_lituania\/mapa\/Paises_Balticos_-1.jpg\" alt=\"Lituania, Letonia y Estonia + Caminatas de verano en desconocidos rincones b\u00e1lticos\" \/><\/p>\n<\/div>\n<\/div>\n<\/section>\n<p>&nbsp;<\/p>\n<p>La mayor\u00eda de nuestros viajes de trekking y senderismo por Europa incluyen caminatas con un nivel de dificultad b\u00e1sico, accesibles para cualquier persona en una condici\u00f3n f\u00edsica razonable. Sin embargo, algunos recorridos, como el trekking por los <strong>Alpes Din\u00e1ricos en Albania y Montenegro<\/strong>, se clasifican como \u00abtrekkings\u00bb y est\u00e1n dirigidos a personas en buena forma f\u00edsica y acostumbradas a caminar por la monta\u00f1a.<\/p>\n","protected":false},"excerpt":{"rendered":"<p>\u00a1\u00daltimas plazas disponibles para nuestros viajes de senderismo en Europa este mes de julio. No te pierdas la oportunidad de explorar paisajes impresionantes, descubrir senderos secretos y vivir una experiencia \u00fanica en contacto con la naturaleza. Las rutas est\u00e1n dise\u00f1adas para todos los niveles, as\u00ed que no importa si eres principiante o experto, \u00a1tenemos algo [&hellip;]<\/p>\n","protected":false},"author":1,"featured_media":14462,"comment_status":"closed","ping_status":"closed","sticky":false,"template":"","format":"standard","meta":{"footnotes":""},"categories":[458,20,160],"tags":[385,13,150],"class_list":["post-14716","post","type-post","status-publish","format-standard","has-post-thumbnail","hentry","category-a-pie","category-trekking","category-ultimas-plazas-2","tag-europa","tag-trekking","tag-ultimas-plazas"],"_links":{"self":[{"href":"https:\/\/tuaregviatges.es\/viajes\/wp-json\/wp\/v2\/posts\/14716","targetHints":{"allow":["GET"]}}],"collection":[{"href":"https:\/\/tuaregviatges.es\/viajes\/wp-json\/wp\/v2\/posts"}],"about":[{"href":"https:\/\/tuaregviatges.es\/viajes\/wp-json\/wp\/v2\/types\/post"}],"author":[{"embeddable":true,"href":"https:\/\/tuaregviatges.es\/viajes\/wp-json\/wp\/v2\/users\/1"}],"replies":[{"embeddable":true,"href":"https:\/\/tuaregviatges.es\/viajes\/wp-json\/wp\/v2\/comments?post=14716"}],"version-history":[{"count":6,"href":"https:\/\/tuaregviatges.es\/viajes\/wp-json\/wp\/v2\/posts\/14716\/revisions"}],"predecessor-version":[{"id":15538,"href":"https:\/\/tuaregviatges.es\/viajes\/wp-json\/wp\/v2\/posts\/14716\/revisions\/15538"}],"wp:featuredmedia":[{"embeddable":true,"href":"https:\/\/tuaregviatges.es\/viajes\/wp-json\/wp\/v2\/media\/14462"}],"wp:attachment":[{"href":"https:\/\/tuaregviatges.es\/viajes\/wp-json\/wp\/v2\/media?parent=14716"}],"wp:term":[{"taxonomy":"category","embeddable":true,"href":"https:\/\/tuaregviatges.es\/viajes\/wp-json\/wp\/v2\/categories?post=14716"},{"taxonomy":"post_tag","embeddable":true,"href":"https:\/\/tuaregviatges.es\/viajes\/wp-json\/wp\/v2\/tags?post=14716"}],"curies":[{"name":"wp","href":"https:\/\/api.w.org\/{rel}","templated":true}]}}