{"id":15875,"date":"2025-12-06T14:32:53","date_gmt":"2025-12-06T12:32:53","guid":{"rendered":"https:\/\/tuaregviatges.es\/viajes\/?p=15875"},"modified":"2025-12-04T15:15:31","modified_gmt":"2025-12-04T13:15:31","slug":"viajar-a-japon-en-mayo-el-japon-de-los-japoneses","status":"publish","type":"post","link":"https:\/\/tuaregviatges.es\/viajes\/viajar-a-japon-en-mayo-el-japon-de-los-japoneses\/","title":{"rendered":"Viajar a Jap\u00f3n en mayo | El Jap\u00f3n de los japoneses"},"content":{"rendered":"<blockquote><p>Una mirada alternativa al Jap\u00f3n de siempre. Viaje con salida el 21 de mayo para descubrir el Jap\u00f3n m\u00e1s aunt\u00e9ntico.<\/p><\/blockquote>\n<p>Acompa\u00f1ados por <strong>Asaki<\/strong>, nuestra gu\u00eda japonesa \u2014con un castellano impecable y una sensibilidad sorprendentemente mediterr\u00e1nea\u2014, y <strong>Ariadna<\/strong> como coordinadora fotogr\u00e1fica, tendremos la oportunidad de conocer, entender y captar la esencia de los lugares que visitemos.<\/p>\n<p><!--more--><\/p>\n<figure class=\"thumbnail wp-caption aligncenter\" style=\"width: 710px\"><img loading=\"lazy\" decoding=\"async\" title=\"Viajar a Jap\u00f3n en mayo | Petra Gento\" src=\"https:\/\/tuaregviatges.es\/asia\/viajes_a_japon\/fotografia\/viajes_a_Isla_de_Honshu_Ciudades_imperiales_y_alpes-6-25.jpg\" alt=\"Viajar a Jap\u00f3n en mayo | Petra Gento\" width=\"700\" height=\"467\" \/><figcaption class=\"caption wp-caption-text\">Viajar a Jap\u00f3n en mayo | Petra Gento<\/figcaption><\/figure>\n<h1 class=\"entry-title\">Viajar a Jap\u00f3n en mayo<\/h1>\n<p>Mayo es una \u00e9poca ideal para viajar a Jap\u00f3n con un clima templado y agradable, justo antes de las lluvias. Adem\u00e1s, los d\u00edas son soleados y las noches m\u00e1s frescas, lo que permite disfrutar c\u00f3modamente de actividades al aire libre y eventos culturales.<\/p>\n<p>En este mes se combinan temperaturas suaves (entre 15\u202f\u00b0C y 25\u202f\u00b0C) con paisajes verdes y floridos, ofreciendo un ambiente perfecto para explorar tanto ciudades como las areas m\u00e1s rurales.<\/p>\n<p>Temperaturas medias y precipitaciones durante le mes de mayo en las diferentes ciudades del itinerario:<\/p>\n<figure class=\"wp-block-table\">\n<table  class=\" table table-hover\" >\n<tbody>\n<tr>\n<th>Ciudad<\/th>\n<th>M\u00e1x(\u00b0C)<\/th>\n<th>M\u00edn (\u00b0C)<\/th>\n<th>Prec.(mm)<\/th>\n<\/tr>\n<tr>\n<td>Osaka<\/td>\n<td>24<\/td>\n<td>15<\/td>\n<td>140<\/td>\n<\/tr>\n<tr>\n<td>Kioto<\/td>\n<td>24<\/td>\n<td>14<\/td>\n<td>160<\/td>\n<\/tr>\n<tr>\n<td>Koyasan<\/td>\n<td>19<\/td>\n<td>11<\/td>\n<td>180<\/td>\n<\/tr>\n<tr>\n<td>Ine<\/td>\n<td>22<\/td>\n<td>14<\/td>\n<td>140<\/td>\n<\/tr>\n<tr>\n<td>Mishima<\/td>\n<td>23<\/td>\n<td>14<\/td>\n<td>130<\/td>\n<\/tr>\n<tr>\n<td>Fujikawaguchiko<\/td>\n<td>20<\/td>\n<td>9<\/td>\n<td>120<\/td>\n<\/tr>\n<tr>\n<td>Hakone<\/td>\n<td>20<\/td>\n<td>12<\/td>\n<td>180<\/td>\n<\/tr>\n<tr>\n<td>Kamakura<\/td>\n<td>22<\/td>\n<td>16<\/td>\n<td>140<\/td>\n<\/tr>\n<tr>\n<td>Tokio<\/td>\n<td>23.5<\/td>\n<td>14.5<\/td>\n<td>130<\/td>\n<\/tr>\n<\/tbody>\n<\/table>\n<\/figure>\n<figure class=\"thumbnail wp-caption aligncenter\" style=\"width: 710px\"><img loading=\"lazy\" decoding=\"async\" title=\"Viajar a Jap\u00f3n en mayo | Neus Frexa\" src=\"https:\/\/tuaregviatges.es\/asia\/viajes_a_japon\/fotografia\/viajes_a_Isla_de_Honshu_Ciudades_imperiales_y_alpes-6-9.jpg\" alt=\"Viajar a Jap\u00f3n en mayo | Neus Frexa\" width=\"700\" height=\"525\" \/><figcaption class=\"caption wp-caption-text\">Viajar a Jap\u00f3n en mayo | Neus Frexa<\/figcaption><\/figure>\n<h1 class=\"entry-title\">Taller fotogr\u00e1fico en Jap\u00f3n<\/h1>\n<p>Asaki es nuestra gu\u00eda japonesa con alma mediterr\u00e1nea: cercana, alegre y con un castellano perfecto, capaz de revelar el Jap\u00f3n aut\u00e9ntico m\u00e1s all\u00e1 de lo tur\u00edstico. Ariadna Arn\u00e9s, fot\u00f3grafa y editora, acompa\u00f1a el viaje con un taller creativo que ense\u00f1a a observar y narrar visualmente cada experiencia. Juntas convierten el recorrido en una inmersi\u00f3n cultural y art\u00edstica, combinando sensibilidad local y mirada est\u00e9tica.<\/p>\n<p>En colaboraci\u00f3n con la Societat Nova Geogr\u00e0fica (<a href=\"https:\/\/www.instagram.com\/lageografica\/\">@lageogr\u00e0fica<\/a>) hemos dise\u00f1ado una ruta para descubrir Jap\u00f3n desde una perspectiva cercana al viajero espa\u00f1ol.<\/p>\n<p style=\"text-align: left;\">En este v\u00eddeo podemos ver unas pinceladas de lo que nos espera.<\/p>\n<p>&nbsp;<\/p>\n<blockquote class=\"instagram-media\" style=\"background: #FFF; border: 0; border-radius: 3px; box-shadow: 0 0 1px 0 rgba(0,0,0,0.5),0 1px 10px 0 rgba(0,0,0,0.15); margin: 1px; max-width: 540px; min-width: 326px; padding: 0; width: calc(100% - 2px);\" data-instgrm-captioned=\"\" data-instgrm-permalink=\"https:\/\/www.instagram.com\/reel\/DRcP4i-jG7F\/?utm_source=ig_embed&amp;utm_campaign=loading\" data-instgrm-version=\"14\">\n<div style=\"padding: 16px;\">\n<p>&nbsp;<\/p>\n<div style=\"display: flex; flex-direction: row; align-items: center;\">\n<div style=\"background-color: #f4f4f4; border-radius: 50%; flex-grow: 0; height: 40px; margin-right: 14px; width: 40px;\"><\/div>\n<div style=\"display: flex; flex-direction: column; flex-grow: 1; justify-content: center;\">\n<div style=\"background-color: #f4f4f4; border-radius: 4px; flex-grow: 0; height: 14px; margin-bottom: 6px; width: 100px;\"><\/div>\n<div style=\"background-color: #f4f4f4; border-radius: 4px; flex-grow: 0; height: 14px; width: 60px;\"><\/div>\n<\/div>\n<\/div>\n<div style=\"padding: 19% 0;\"><\/div>\n<div style=\"display: block; height: 50px; margin: 0 auto 12px; width: 50px;\"><\/div>\n<div style=\"padding-top: 8px;\">\n<div style=\"color: #3897f0; font-family: Arial,sans-serif; font-size: 14px; font-style: normal; font-weight: 550; line-height: 18px;\">Ver essa foto no Instagram<\/div>\n<\/div>\n<div style=\"padding: 12.5% 0;\"><\/div>\n<div style=\"display: flex; flex-direction: row; margin-bottom: 14px; align-items: center;\">\n<div>\n<div style=\"background-color: #f4f4f4; border-radius: 50%; height: 12.5px; width: 12.5px; transform: translateX(0px) translateY(7px);\"><\/div>\n<div style=\"background-color: #f4f4f4; height: 12.5px; transform: rotate(-45deg) translateX(3px) translateY(1px); width: 12.5px; flex-grow: 0; margin-right: 14px; margin-left: 2px;\"><\/div>\n<div style=\"background-color: #f4f4f4; border-radius: 50%; height: 12.5px; width: 12.5px; transform: translateX(9px) translateY(-18px);\"><\/div>\n<\/div>\n<div style=\"margin-left: 8px;\">\n<div style=\"background-color: #f4f4f4; border-radius: 50%; flex-grow: 0; height: 20px; width: 20px;\"><\/div>\n<div style=\"width: 0; height: 0; border-top: 2px solid transparent; border-left: 6px solid #f4f4f4; border-bottom: 2px solid transparent; transform: translateX(16px) translateY(-4px) rotate(30deg);\"><\/div>\n<\/div>\n<div style=\"margin-left: auto;\">\n<div style=\"width: 0px; border-top: 8px solid #F4F4F4; border-right: 8px solid transparent; transform: translateY(16px);\"><\/div>\n<div style=\"background-color: #f4f4f4; flex-grow: 0; height: 12px; width: 16px; transform: translateY(-4px);\"><\/div>\n<div style=\"width: 0; height: 0; border-top: 8px solid #F4F4F4; border-left: 8px solid transparent; transform: translateY(-4px) translateX(8px);\"><\/div>\n<\/div>\n<\/div>\n<div style=\"display: flex; flex-direction: column; flex-grow: 1; justify-content: center; margin-bottom: 24px;\">\n<div style=\"background-color: #f4f4f4; border-radius: 4px; flex-grow: 0; height: 14px; margin-bottom: 6px; width: 224px;\"><\/div>\n<div style=\"background-color: #f4f4f4; border-radius: 4px; flex-grow: 0; height: 14px; width: 144px;\"><\/div>\n<\/div>\n<p>&nbsp;<\/p>\n<p style=\"color: #c9c8cd; font-family: Arial,sans-serif; font-size: 14px; line-height: 17px; margin-bottom: 0; margin-top: 8px; overflow: hidden; padding: 8px 0 7px; text-align: center; text-overflow: ellipsis; white-space: nowrap;\"><a style=\"color: #c9c8cd; font-family: Arial,sans-serif; font-size: 14px; font-style: normal; font-weight: normal; line-height: 17px; text-decoration: none;\" href=\"https:\/\/www.instagram.com\/reel\/DRcP4i-jG7F\/?utm_source=ig_embed&amp;utm_campaign=loading\" target=\"_blank\" rel=\"noopener\">Uma publica\u00e7\u00e3o compartilhada por Viajes Tuareg (@viajestuareg)<\/a><\/p>\n<\/div>\n<\/blockquote>\n<p><script async src=\"\/\/www.instagram.com\/embed.js\"><\/script><\/p>\n<h1 class=\"entry-title\">Osaka, Kioto, Monte Fuji y Tokio<\/h1>\n<p>Osaka futurista, Kioto tradicional, la espiritualidad de Koyasan, los paisajes del Monte Fuji y la metr\u00f3polis de Tokio. Un viaje guiado por Asaki, que acerca la cultura japonesa al viajero espa\u00f1ol, acompa\u00f1ado por la fot\u00f3grafa Ariadna Arn\u00e9s para descubrir el pa\u00eds desde una mirada art\u00edstica.<\/p>\n<section style=\"width: 100%; border: 1px solid #BE6521; border-radius: 10px; text-align: left; margin-top: 20px;\">\n<div style=\"margin-top: -20px; background: #BE6521; color: #ffffff; border-radius: 10px 10px 0px 0px; min-height: 40px;\">\n<div style=\"margin: 0 15px;\">\n<h2 style=\"border-radius: 10px 10px 0px 0px; padding: 5px 0px; line-height: 1;\"><a style=\"color: #ffffff; font-family: 'Amatic SC', sans-serif;\" href=\"https:\/\/tuaregviatges.es\/asia\/viajes_a_japon\/Isla_de_Honshu_Ciudades_imperiales_y_alpes-6.htm\">Osaka, Kioto, Monte Fuji y Tokio<\/a><\/h2>\n<\/div>\n<div style=\"height: auto; margin: 0;\"><img decoding=\"async\" style=\"width: 100%; height: auto;\" src=\"https:\/\/tuaregviatges.es\/asia\/viajes_a_japon\/fotografia\/viajes_a_Isla_de_Honshu_Ciudades_imperiales_y_alpes-6-10.jpg\" \/><\/div>\n<\/div>\n<div style=\"width: auto; color: #be6521; padding-left: 10px; line-height: 1.5; margin-top: -2rem;\">\n<div><a style=\"color: #be6521; padding-right: 10px; font-weight: bolder; font-size: 20px; font-family: 'Amatic SC', sans-serif;\" href=\"https:\/\/tuaregviatges.es\/asia_japon.html\"><br \/>\n<img decoding=\"async\" class=\"ico-place\" style=\"height: 35px; width: 35; margin: -10px; margin-right: 3px;\" src=\"https:\/\/tuaregviatges.es\/iconos\/place.svg\" \/>Jap\u00f3n<\/a><\/div>\n<div>\n<div style=\"color: #000000;\"><span style=\"color: #96a610;\">\u2714\ufe0f Viaje de 15 d\u00edas<\/span><br \/>\n<span style=\"color: #96a610;\">\u2714\ufe0f Salida \u00fanica 21 MAY 2026<\/span><br \/>\n<span style=\"color: #96a610;\">\u2714\ufe0f Precio a partir de<strong> 5800\u20ac<\/strong><\/span><\/div>\n<div><\/div>\n<div style=\"color: #000000;\"><em>Osaka futurista, Kioto tradicional, la espiritualidad de Koyasan, los paisajes del Fuji y la energ\u00eda de Tokio. Un viaje \u00fanico con gu\u00eda local y taller fotogr\u00e1fico para descubrir el Jap\u00f3n m\u00e1s aut\u00e9ntico. <\/em><\/div>\n<p style=\"text-align: center; margin: 20px;\"><a href=\"https:\/\/tuaregviatges.es\/asia\/viajes_a_japon\/Isla_de_Honshu_Ciudades_imperiales_y_alpes-6.htm\"><span style=\"background-color: #96a610; color: #ffffff; padding: 10px 20px; border-radius: 25px;\" title=\"Viajes a Georgia\">+Info del viaje<\/span><\/a><\/p>\n<p><img decoding=\"async\" class=\"aligncenter\" src=\"https:\/\/tuaregviatges.es\/asia\/viajes_a_japon\/mapa\/Isla_de_Honshu_Ciudades_imperiales_y_alpes-6.jpg\" alt=\"Jap\u00f3n + Osaka, Kioto, Monte Fuji y Tokio\" \/><\/p>\n<\/div>\n<\/div>\n<\/section>\n<p>&nbsp;<\/p>\n","protected":false},"excerpt":{"rendered":"<p>Una mirada alternativa al Jap\u00f3n de siempre. Viaje con salida el 21 de mayo para descubrir el Jap\u00f3n m\u00e1s aunt\u00e9ntico. Acompa\u00f1ados por Asaki, nuestra gu\u00eda japonesa \u2014con un castellano impecable y una sensibilidad sorprendentemente mediterr\u00e1nea\u2014, y Ariadna como coordinadora fotogr\u00e1fica, tendremos la oportunidad de conocer, entender y captar la esencia de los lugares que visitemos.<\/p>\n","protected":false},"author":1,"featured_media":8667,"comment_status":"closed","ping_status":"closed","sticky":false,"template":"","format":"standard","meta":{"footnotes":""},"categories":[600,460],"tags":[260,229],"class_list":["post-15875","post","type-post","status-publish","format-standard","has-post-thumbnail","hentry","category-japon","category-viajes-fotograficos","tag-japon","tag-viajes-fotograficos"],"_links":{"self":[{"href":"https:\/\/tuaregviatges.es\/viajes\/wp-json\/wp\/v2\/posts\/15875","targetHints":{"allow":["GET"]}}],"collection":[{"href":"https:\/\/tuaregviatges.es\/viajes\/wp-json\/wp\/v2\/posts"}],"about":[{"href":"https:\/\/tuaregviatges.es\/viajes\/wp-json\/wp\/v2\/types\/post"}],"author":[{"embeddable":true,"href":"https:\/\/tuaregviatges.es\/viajes\/wp-json\/wp\/v2\/users\/1"}],"replies":[{"embeddable":true,"href":"https:\/\/tuaregviatges.es\/viajes\/wp-json\/wp\/v2\/comments?post=15875"}],"version-history":[{"count":9,"href":"https:\/\/tuaregviatges.es\/viajes\/wp-json\/wp\/v2\/posts\/15875\/revisions"}],"predecessor-version":[{"id":16170,"href":"https:\/\/tuaregviatges.es\/viajes\/wp-json\/wp\/v2\/posts\/15875\/revisions\/16170"}],"wp:featuredmedia":[{"embeddable":true,"href":"https:\/\/tuaregviatges.es\/viajes\/wp-json\/wp\/v2\/media\/8667"}],"wp:attachment":[{"href":"https:\/\/tuaregviatges.es\/viajes\/wp-json\/wp\/v2\/media?parent=15875"}],"wp:term":[{"taxonomy":"category","embeddable":true,"href":"https:\/\/tuaregviatges.es\/viajes\/wp-json\/wp\/v2\/categories?post=15875"},{"taxonomy":"post_tag","embeddable":true,"href":"https:\/\/tuaregviatges.es\/viajes\/wp-json\/wp\/v2\/tags?post=15875"}],"curies":[{"name":"wp","href":"https:\/\/api.w.org\/{rel}","templated":true}]}}