{"id":16641,"date":"2026-09-02T18:14:19","date_gmt":"2026-09-02T16:14:19","guid":{"rendered":"https:\/\/tuaregviatges.es\/viajes\/?p=16641"},"modified":"2026-09-02T18:14:19","modified_gmt":"2026-09-02T16:14:19","slug":"por-que-no-es-buena-idea-viajar-al-desierto-en-verano","status":"publish","type":"post","link":"https:\/\/tuaregviatges.es\/viajes\/por-que-no-es-buena-idea-viajar-al-desierto-en-verano\/","title":{"rendered":"\u00bfPor qu\u00e9 no es buena idea viajar al desierto en verano?"},"content":{"rendered":"<p>Cuando pensamos en <strong>viajar al desierto<\/strong> solemos pensar en dunas, oasis, noches al aire libre y largos recorridos por paisajes que no se parecen a los de casa. Pero hay una cuesti\u00f3n importante a tener en cuenta antes de elegir las fechas: en verano, el calor puede ser extremo.<\/p>\n<blockquote><p>Y esto no lo sabemos solo por los term\u00f3metros. Lo hemos vivido.<\/p><\/blockquote>\n<p><!--more--><\/p>\n<p><img loading=\"lazy\" decoding=\"async\" class=\"wp-image-16642 size-full alignnone\" src=\"https:\/\/tuaregviatges.es\/viajes\/wp-content\/uploads\/2026\/09\/789594870_1528937262607153_5596389556877250786_n-e1788363848420.jpg\" alt=\"Viaje al desierto\" width=\"1080\" height=\"1305\" srcset=\"https:\/\/tuaregviatges.es\/viajes\/wp-content\/uploads\/2026\/09\/789594870_1528937262607153_5596389556877250786_n-e1788363848420.jpg 1080w, https:\/\/tuaregviatges.es\/viajes\/wp-content\/uploads\/2026\/09\/789594870_1528937262607153_5596389556877250786_n-e1788363848420-248x300.jpg 248w, https:\/\/tuaregviatges.es\/viajes\/wp-content\/uploads\/2026\/09\/789594870_1528937262607153_5596389556877250786_n-e1788363848420-847x1024.jpg 847w, https:\/\/tuaregviatges.es\/viajes\/wp-content\/uploads\/2026\/09\/789594870_1528937262607153_5596389556877250786_n-e1788363848420-768x928.jpg 768w\" sizes=\"auto, (max-width: 1080px) 100vw, 1080px\" \/><\/p>\n<h3>Cuando todav\u00eda viaj\u00e1bamos a Libia en septiembre<\/h3>\n<p>Hace a\u00f1os, cuando todav\u00eda organiz\u00e1bamos viajes a Libia, durante la \u00e9poca de Gadafi.\u00a0Una de aquellas rutas atravesaba el desierto desde <strong>Ghadames hasta Ghat<\/strong> y continuaba despu\u00e9s por el Hoggar. Hac\u00edamos coincidir nuestra llegada a Ghat, en el sur de Libia, cerca de la frontera con Argelia, con un festival tuareg que se celebraba en la zona.<\/p>\n<p>El festival inclu\u00eda una carrera de camellos. Las mujeres se situaban en la l\u00ednea de llegada mientras, a lo lejos, aparec\u00edan los jinetes tuareg con los camellos al galope. La carrera consist\u00eda en llegar primero hasta donde ellas esperaban. Velozes y furiosos, versi\u00f3n tuareg.<\/p>\n<p>Todo el mundo se concentraba alrededor de la llegada. Y todo el mundo estaba all\u00ed, en pi\u00e9, bajo el sol, con temperaturas que pod\u00edan rondar los <strong>50 \u00baC<\/strong>.\u00a0Para los tuaregs, aquello no parec\u00eda especialmente extraordinario. Era septiembre y, para ellos, el verano estaba llegando a su fin. Estaban acostumbrados a esas condiciones y nadie parec\u00eda darle demasiada importancia al calor.<\/p>\n<p>Para nosotros era otra historia.<\/p>\n<blockquote><p>En una salida a mediados de septiembre llegamos a tener 55 \u00baC durante el d\u00eda.<\/p><\/blockquote>\n<figure class=\"thumbnail wp-caption alignnone\" style=\"width: 1554px\"><img loading=\"lazy\" decoding=\"async\" src=\"https:\/\/tuaregviatges.es\/viajes\/wp-content\/uploads\/2018\/04\/mufta.jpg\" alt=\"Mufta | Archivo Tuareg\" width=\"1544\" height=\"1024\" \/><figcaption class=\"caption wp-caption-text\">Mufta | Archivo Tuareg<\/figcaption><\/figure>\n<h3>Una situaci\u00f3n que no olvidamos<\/h3>\n<p>Durante una de aquellas traves\u00edas, uno de los viajeros sufri\u00f3 un <strong>golpe de calor<\/strong>.\u00a0Est\u00e1bamos en pleno desierto, al sur de Libia, y no hab\u00eda ning\u00fan lugar donde buscar sombra. No hab\u00eda \u00e1rboles, edificios ni ning\u00fan tipo de refugio. Solo el veh\u00edculo y el terreno alrededor.<\/p>\n<p>La primera opci\u00f3n era meterlo dentro del coche, pero el veh\u00edculo llevaba horas al sol y el interior estaba todav\u00eda m\u00e1s caliente.<\/p>\n<p>Los tuaregs que nos acompa\u00f1aban encontraron entonces una soluci\u00f3n que puede resultar dif\u00edcil de imaginar: <strong>cavaron un agujero en el suelo, debajo del veh\u00edculo, y lo colocaron all\u00ed para protegerlo del sol directo<\/strong>.<\/p>\n<p>Y no era solo por la sombra. La arena de la superficie, despu\u00e9s de horas bajo el sol, puede alcanzar temperaturas de 60 \u00baC o m\u00e1s. A esas temperaturas, caminar descalzo sobre ella resulta pr\u00e1cticamente imposible.<\/p>\n<figure id=\"attachment_7106\" class=\"thumbnail wp-caption aligncenter\" style=\"width: 710px\"><img loading=\"lazy\" decoding=\"async\" class=\"size-full wp-image-7106\" src=\"https:\/\/tuaregviatges.es\/viajes\/wp-content\/uploads\/2018\/08\/Pedro-Martin.jpg\" alt=\"Viajes al desierto | Autor Pedro Martin\" width=\"700\" height=\"471\" srcset=\"https:\/\/tuaregviatges.es\/viajes\/wp-content\/uploads\/2018\/08\/Pedro-Martin.jpg 700w, https:\/\/tuaregviatges.es\/viajes\/wp-content\/uploads\/2018\/08\/Pedro-Martin-300x202.jpg 300w\" sizes=\"auto, (max-width: 700px) 100vw, 700px\" \/><figcaption class=\"caption wp-caption-text\">Viajes al desierto | Autor Pedro Martin<\/figcaption><\/figure>\n<p>Al cavar unos cent\u00edmetros, consiguieron dos cosas: protegerlo del sol y alejarlo de la capa superficial de arena, que era la que hab\u00eda acumulado m\u00e1s calor. A poca profundidad, el suelo estaba bastante m\u00e1s fresco.\u00a0Aquella escena se nos qued\u00f3 grabada. Los tuaregs estaban all\u00ed como cualquier otro d\u00eda de septiembre, esperando la llegada de los camellos, mientras nosotros comprob\u00e1bamos hasta qu\u00e9 punto 50 \u00baC en medio del S\u00e1hara pueden cambiar las cosas.<\/p>\n<blockquote><p>Actualmente ya no viajamos a Libia, pero aquella experiencia fu\u00e9 una de las razones por las que nuestros viajes al desierto comienzan en octubre.<\/p><\/blockquote>\n<h3>En verano, la vida en el desierto se adapta al calor<\/h3>\n<p>Durante los meses m\u00e1s calurosos, las horas centrales del d\u00eda no son el momento para salir a caminar o realizar actividades innecesarias al sol. La actividad se concentra a primera hora de la ma\u00f1ana y cuando empieza a bajar la temperatura por la tarde.<\/p>\n<blockquote><p>Quienes viven en estas regiones saben c\u00f3mo convivir con las altas temperaturas.<\/p><\/blockquote>\n<figure id=\"attachment_7064\" class=\"thumbnail wp-caption aligncenter\" style=\"width: 832px\"><img loading=\"lazy\" decoding=\"async\" class=\"wp-image-7064\" src=\"https:\/\/tuaregviatges.es\/viajes\/wp-content\/uploads\/2018\/08\/17376.jpg\" alt=\"Viaje a Argelia TASSILI Autor:David Cartanya\" width=\"822\" height=\"499\" \/><figcaption class=\"caption wp-caption-text\">TASSILI Autor:David Cartanya<\/figcaption><\/figure>\n<p>El viajero, sin embargo, llega al S\u00e1hara con otro objetivo. Quiere aprovechar el d\u00eda para conocer el territorio, caminar, visitar poblaciones, llegar hasta un oasis o recorrer las dunas.<\/p>\n<h3>\u00bfQu\u00e9 ocurre si viajamos al desierto en verano?<\/h3>\n<p>Las temperaturas pueden superar los 40 \u00baC con facilidad en muchas zonas y, dependiendo del lugar y de las condiciones, alcanzar valores mucho mayores. Esto puede obligar a modificar completamente el programa del viaje. Las caminatas tienen que ser m\u00e1s cortas, las visitas se realizan a primera hora o al final de la tarde y durante las horas centrales del d\u00eda hay que buscar refugio.<\/p>\n<blockquote><p>Y entonces aparece una pregunta sencilla: \u00bfpara qu\u00e9 ir al desierto si durante buena parte del d\u00eda no podemos disfrutar de \u00e9l?<\/p><\/blockquote>\n<h3>\u00bfY por la noche?<\/h3>\n<p>Es cierto que el desierto puede tener grandes diferencias de temperatura entre el d\u00eda y la noche. Pero durante el verano las noches tambi\u00e9n pueden ser muy calurosas.<\/p>\n<figure id=\"attachment_7107\" class=\"thumbnail wp-caption aligncenter\" style=\"width: 710px\"><img loading=\"lazy\" decoding=\"async\" class=\"size-full wp-image-7107\" src=\"https:\/\/tuaregviatges.es\/viajes\/wp-content\/uploads\/2018\/08\/Xavier-Vallcorba.jpg\" alt=\"El contacto con la cultura Tuareg, sentados en la arena, a la luz de la hoguera y bajo un cielo infinito de estrellas.\" width=\"700\" height=\"467\" srcset=\"https:\/\/tuaregviatges.es\/viajes\/wp-content\/uploads\/2018\/08\/Xavier-Vallcorba.jpg 700w, https:\/\/tuaregviatges.es\/viajes\/wp-content\/uploads\/2018\/08\/Xavier-Vallcorba-300x200.jpg 300w\" sizes=\"auto, (max-width: 700px) 100vw, 700px\" \/><figcaption class=\"caption wp-caption-text\">Cultura Tuareg | Foto archivo<\/figcaption><\/figure>\n<p>Si uno de los atractivos del viaje es dormir en una haima, cenar al aire libre junto al fuego o simplemente sentarse a contemplar el cielo, hacerlo con una temperatura agradable cambia mucho las cosas.<\/p>\n<blockquote><p>En oto\u00f1o, invierno y primavera las noches suelen ofrecer mejores condiciones.<\/p><\/blockquote>\n<h3>\u00bfCu\u00e1ndo es mejor viajar al desierto?<\/h3>\n<p>No existe una \u00fanica fecha v\u00e1lida para todos los desiertos. Las temperaturas cambian mucho seg\u00fan la regi\u00f3n y tambi\u00e9n hay diferencias entre el S\u00e1hara marroqu\u00ed, argelino, mauritano o las zonas m\u00e1s meridionales.<\/p>\n<blockquote><p>Pero, en general, <strong>octubre empieza a ser un buen momento para viajar al desierto<\/strong>.<\/p><\/blockquote>\n<p>Durante los meses de oto\u00f1o, invierno y primavera las temperaturas son m\u00e1s adecuadas para caminar y realizar las actividades que forman parte de nuestros viajes al desierto.<\/p>\n<h3>Nuestros viajes al desierto del Sahara<\/h3>\n<section id=\"mauritania\" style=\"width: 100%; border: 1px solid #BE6521; border-radius: 10px; text-align: left; margin-top: 20px;\">\n<div style=\"margin-top: -20px; background: #BE6521; color: #ffffff; border-radius: 10px 10px 0px 0px; min-height: 40px;\">\n<div style=\"margin: 0 15px;\">\n<h2 style=\"border-radius: 10px 10px 0px 0px; padding: 5px 0px; line-height: 1;\"><a style=\"color: #ffffff; font-family: 'Amatic SC', sans-serif;\" href=\"https:\/\/tuaregviatges.es\/africa\/viajes_a_mauritania\/Mauritania.htm\">Oasis del Adrar y costa Atl\u00e1ntica<\/a><\/h2>\n<\/div>\n<div style=\"height: auto; margin: 0;\"><img decoding=\"async\" style=\"width: 100%; height: auto;\" src=\"https:\/\/tuaregviatges.es\/africa\/viajes_a_mauritania\/fotografia\/viajes_a_Mauritania-1-9.jpg\" alt=\"Viaje al desierto de Mauritania\" \/><\/div>\n<\/div>\n<div style=\"width: auto; color: #be6521; padding-left: 10px; line-height: 1.5; margin-top: -2rem;\">\n<div><a style=\"color: #be6521; padding-right: 10px; font-weight: bolder; font-size: 20px; font-family: 'Amatic SC', sans-serif;\" href=\"https:\/\/tuaregviatges.es\/africa_mauritania.html\"><br \/>\n<img decoding=\"async\" class=\"ico-place\" style=\"height: 35px; width: 35; margin: -10px; margin-right: 3px;\" src=\"https:\/\/tuaregviatges.es\/iconos\/place.svg\" \/>Mauritania<\/a><\/div>\n<div style=\"color: #000000;\"><span style=\"color: #96a610;\">\u2714\ufe0f Viaje de 10 d\u00edas<\/span><br \/>\n<span style=\"color: #96a610;\">\u2714\ufe0f Salidas 2, 30 oct<span class=\"lt\"> | <\/span>14 nov<span class=\"lt\"> | <\/span>4, 27 dic 2026<\/span><br \/>\n<span style=\"color: #96a610;\">\u2714\ufe0f Precio a partir de<strong> 2030\u20ac<\/strong><\/span><\/div>\n<div style=\"color: #000000;\"><em>Un recorrido por el Adrar entre dunas, oasis, antiguas ciudades caravaneras y la costa atl\u00e1ntica de Mauritania.<\/em><\/div>\n<p style=\"text-align: center; margin: 20px;\"><a href=\"https:\/\/tuaregviatges.es\/africa\/viajes_a_mauritania\/Mauritania.htm\"><span style=\"background-color: #96a610; color: #ffffff; padding: 10px 20px; border-radius: 25px;\" title=\"Viajes a Mauritania\">Ver viaje<\/span><\/a><\/p>\n<p><img loading=\"lazy\" decoding=\"async\" class=\"aligncenter\" src=\"https:\/\/tuaregviatges.es\/africa\/viajes_a_mauritania\/mapa\/Mauritania-1.jpg\" alt=\"Mauritania + Oasis del Adrar y costa Atl\u00e1ntica\" width=\"911\" height=\"911\" \/><\/p>\n<\/div>\n<\/section>\n<p>&nbsp;<\/p>\n<section id=\"argelia\" style=\"width: 100%; border: 1px solid #BE6521; border-radius: 10px; text-align: left; margin-top: 20px;\">\n<div style=\"margin-top: -20px; background: #BE6521; color: #ffffff; border-radius: 10px 10px 0px 0px; min-height: 40px;\">\n<div style=\"margin: 0 15px;\">\n<h2 style=\"border-radius: 10px 10px 0px 0px; padding: 5px 0px; line-height: 1;\"><a style=\"color: #ffffff; font-family: 'Amatic SC', sans-serif;\" href=\"https:\/\/tuaregviatges.es\/africa\/viajes_a_argelia\/Argelia.htm\">El Tadrart. Laberintos de piedra y arena<\/a><\/h2>\n<\/div>\n<div style=\"height: auto; margin: 0;\"><img decoding=\"async\" style=\"width: 100%; height: auto;\" src=\"https:\/\/tuaregviatges.es\/africa\/viajes_a_argelia\/fotografia\/viajes_a_Argelia-5.jpg\" alt=\"Viaje al desierto del Tadrart en Argelia\" \/><\/div>\n<\/div>\n<div style=\"width: auto; color: #be6521; padding-left: 10px; line-height: 1.5; margin-top: -2rem;\">\n<div><a style=\"color: #be6521; padding-right: 10px; font-weight: bolder; font-size: 20px; font-family: 'Amatic SC', sans-serif;\" href=\"https:\/\/tuaregviatges.es\/africa_argelia.html\"><br \/>\n<img decoding=\"async\" class=\"ico-place\" style=\"height: 35px; width: 35; margin: -10px; margin-right: 3px;\" src=\"https:\/\/tuaregviatges.es\/iconos\/place.svg\" \/>Argelia<\/a><\/div>\n<div style=\"color: #000000;\"><span style=\"color: #96a610;\">\u2714\ufe0f Viaje de 9 d\u00edas<\/span><br \/>\n<span style=\"color: #96a610;\">\u2714\ufe0f Salidas 2 oct<span class=\"lt\"> | <\/span>4, 26 dic 2026<span class=\"lt\"> | <\/span>29 ene<span class=\"lt\"> | <\/span>9 abr 2027<\/span><br \/>\n<span style=\"color: #96a610;\">\u2714\ufe0f Precio a partir de<strong> 1690\u20ac<\/strong><\/span><\/div>\n<div style=\"color: #000000;\"><em>El Tadrart combina dunas rojas, ca\u00f1ones y formaciones de piedra que aparecen a lo largo del recorrido.<\/em><\/div>\n<p style=\"text-align: center; margin: 20px;\"><a href=\"https:\/\/tuaregviatges.es\/africa\/viajes_a_argelia\/Argelia.htm\"><span style=\"background-color: #96a610; color: #ffffff; padding: 10px 20px; border-radius: 25px;\" title=\"Viajes Argelia\">+Info del viaje<\/span><\/a><\/p>\n<p><img decoding=\"async\" class=\"aligncenter\" src=\"https:\/\/tuaregviatges.es\/africa\/viajes_a_argelia\/mapa\/Argelia.jpg\" alt=\"Argelia + El Tadrart. Laberintos de piedra y arena\" \/><\/p>\n<\/div>\n<\/section>\n<p>&nbsp;<\/p>\n<section id=\"argelia-2\" style=\"width: 100%; border: 1px solid #BE6521; border-radius: 10px; text-align: left; margin-top: 20px;\">\n<div style=\"margin-top: -20px; background: #BE6521; color: #ffffff; border-radius: 10px 10px 0px 0px; min-height: 40px;\">\n<div style=\"margin: 0 15px;\">\n<h2 style=\"border-radius: 10px 10px 0px 0px; padding: 5px 0px; line-height: 1;\"><a style=\"color: #ffffff; font-family: 'Amatic SC', sans-serif;\" href=\"https:\/\/tuaregviatges.es\/africa\/viajes_a_argelia\/Argelia-1.htm\">Tadrart, Essendilene y el Oasis de Ihrir<\/a><\/h2>\n<\/div>\n<div style=\"height: auto; margin: 0;\"><img decoding=\"async\" style=\"width: 100%; height: auto;\" src=\"https:\/\/tuaregviatges.es\/africa\/viajes_a_argelia\/fotografia\/viajes_a_Argelia-1-8.jpg\" alt=\"Tadrart, Essendilene y Oasis de Ihrir\" \/><\/div>\n<\/div>\n<div style=\"width: auto; color: #be6521; padding-left: 10px; line-height: 1.5; margin-top: -2rem;\">\n<div><a style=\"color: #be6521; padding-right: 10px; font-weight: bolder; font-size: 20px; font-family: 'Amatic SC', sans-serif;\" href=\"https:\/\/tuaregviatges.es\/africa_argelia.html\"><br \/>\n<img decoding=\"async\" class=\"ico-place\" style=\"height: 35px; width: 35; margin: -10px; margin-right: 3px;\" src=\"https:\/\/tuaregviatges.es\/iconos\/place.svg\" \/>Argelia<\/a><\/div>\n<div style=\"color: #000000;\"><span style=\"color: #96a610;\">\u2714\ufe0f Viaje de 13 d\u00edas<\/span><br \/>\n<span style=\"color: #96a610;\">\u2714\ufe0f Salidas 1 nov 2026<span class=\"lt\"> | <\/span>6 mar 2027<\/span><br \/>\n<span style=\"color: #96a610;\">\u2714\ufe0f Precio a partir de<strong> 1990\u20ac<\/strong><\/span><\/div>\n<div style=\"color: #000000;\"><em>Un viaje de contrastes: el paisaje de roca y arena del Tadrart deja paso a los oasis de Essendilene e Ihrir.<\/em><\/div>\n<p style=\"text-align: center; margin: 20px;\"><a href=\"https:\/\/tuaregviatges.es\/africa\/viajes_a_argelia\/Argelia-1.htm\"><span style=\"background-color: #96a610; color: #ffffff; padding: 10px 20px; border-radius: 25px;\" title=\"Viajes Argelia\">Ver viaje<\/span><\/a><\/p>\n<p><img decoding=\"async\" class=\"aligncenter\" src=\"https:\/\/tuaregviatges.es\/africa\/viajes_a_argelia\/mapa\/Argelia-1.jpg\" alt=\"Argelia + Tadrart, Essendilene y el Oasis de Ihrir\" \/><\/p>\n<\/div>\n<\/section>\n<p>&nbsp;<\/p>\n<section id=\"argelia-3\" style=\"width: 100%; border: 1px solid #BE6521; border-radius: 10px; text-align: left; margin-top: 20px;\">\n<div style=\"margin-top: -20px; background: #BE6521; color: #ffffff; border-radius: 10px 10px 0px 0px; min-height: 40px;\">\n<div style=\"margin: 0 15px;\">\n<h2 style=\"border-radius: 10px 10px 0px 0px; padding: 5px 0px; line-height: 1;\"><a style=\"color: #ffffff; font-family: 'Amatic SC', sans-serif;\" href=\"https:\/\/tuaregviatges.es\/africa\/viajes_a_argelia\/Cultural_y_arqueologico-1.htm\">Ruta de la Saoura<\/a><\/h2>\n<\/div>\n<div style=\"height: auto; margin: 0;\"><img decoding=\"async\" style=\"width: 100%; height: auto;\" src=\"https:\/\/tuaregviatges.es\/africa\/viajes_a_argelia\/fotografia\/viajes_a_Cultural_y_arqueologico-1-18.jpg\" alt=\"Ruta de la Saoura en Argelia\" \/><\/div>\n<\/div>\n<div style=\"width: auto; color: #be6521; padding-left: 10px; line-height: 1.5; margin-top: -2rem;\">\n<div><a style=\"color: #be6521; padding-right: 10px; font-weight: bolder; font-size: 20px; font-family: 'Amatic SC', sans-serif;\" href=\"https:\/\/tuaregviatges.es\/africa_argelia.html\"><br \/>\n<img decoding=\"async\" class=\"ico-place\" style=\"height: 35px; width: 35; margin: -10px; margin-right: 3px;\" src=\"https:\/\/tuaregviatges.es\/iconos\/place.svg\" \/>Argelia<\/a><\/div>\n<div style=\"color: #000000;\"><span style=\"color: #96a610;\">\u2714\ufe0f Viaje de 9 d\u00edas<\/span><br \/>\n<span style=\"color: #96a610;\">\u2714\ufe0f Salidas 13 nov<span class=\"lt\"> | <\/span>26 dic 2026<span class=\"lt\"> | <\/span>26 mar 2027<\/span><br \/>\n<span style=\"color: #96a610;\">\u2714\ufe0f Precio a partir de<strong> 1890\u20ac<\/strong><\/span><\/div>\n<div style=\"color: #000000;\"><em>Recuperamos un antiguo proyecto, un viaje que atraviesa los grandes espacios del Erg Occidental hasta llegar a Gharda\u00efa, en el valle del M\u2019Zab.<\/em><\/div>\n<p style=\"text-align: center; margin: 20px;\"><a href=\"https:\/\/tuaregviatges.es\/africa\/viajes_a_argelia\/Cultural_y_arqueologico-1.htm\"><span style=\"background-color: #96a610; color: #ffffff; padding: 10px 20px; border-radius: 25px;\" title=\"Viajes Argelia\">Ver viaje<\/span><\/a><\/p>\n<p><img decoding=\"async\" class=\"aligncenter\" src=\"https:\/\/tuaregviatges.es\/africa\/viajes_a_argelia\/mapa\/Cultural_y_arqueologico-1.jpg\" alt=\"Argelia + Ruta de la Saoura\" \/><\/p>\n<\/div>\n<\/section>\n<p>&nbsp;<\/p>\n<section id=\"egipto\" style=\"width: 100%; border: 1px solid #BE6521; border-radius: 10px; text-align: left; margin-top: 20px;\">\n<div style=\"margin-top: -20px; background: #BE6521; color: #ffffff; border-radius: 10px 10px 0px 0px; min-height: 40px;\">\n<div style=\"margin: 0 15px;\">\n<h2 style=\"border-radius: 10px 10px 0px 0px; padding: 5px 0px; line-height: 1;\"><a style=\"color: #ffffff; font-family: 'Amatic SC', sans-serif;\" href=\"https:\/\/tuaregviatges.es\/africa\/viajes_a_egipto\/Senderismo_en_el_Desierto_Blanco.htm\">Traves\u00eda del desierto occidental y el Gran Mar de arena<\/a><\/h2>\n<\/div>\n<div style=\"height: auto; margin: 0;\"><img decoding=\"async\" style=\"width: 100%; height: auto;\" src=\"https:\/\/tuaregviatges.es\/africa\/viajes_a_egipto\/fotografia\/viajes_a_Senderismo_en_el_Desierto_Blanco-2.jpg\" alt=\"Traves\u00eda del desierto occidental de Egipto\" \/><\/div>\n<\/div>\n<div style=\"width: auto; color: #be6521; padding-left: 10px; line-height: 1.5; margin-top: -2rem;\">\n<div><a style=\"color: #be6521; padding-right: 10px; font-weight: bolder; font-size: 20px; font-family: 'Amatic SC', sans-serif;\" href=\"https:\/\/tuaregviatges.es\/africa_egipto.html\"><br \/>\n<img decoding=\"async\" class=\"ico-place\" style=\"height: 35px; width: 35; margin: -10px; margin-right: 3px;\" src=\"https:\/\/tuaregviatges.es\/iconos\/place.svg\" \/>Egipto<\/a><\/div>\n<div style=\"color: #000000;\"><span style=\"color: #96a610;\">\u2714\ufe0f Viaje de 9 d\u00edas<\/span><br \/>\n<span style=\"color: #96a610;\">\u2714\ufe0f Salidas de OCT a MAR<\/span><br \/>\n<span style=\"color: #96a610;\">\u2714\ufe0f Precio a partir de <strong>2140\u20ac<\/strong><\/span><\/div>\n<div style=\"color: #000000;\"><em>Un \u00e1rea remota en la que encontramos dunas, formaciones geol\u00f3gicas y restos arqueol\u00f3gicos.<\/em><\/div>\n<p style=\"text-align: center; margin: 20px;\"><a href=\"https:\/\/tuaregviatges.es\/africa\/viajes_a_egipto\/Senderismo_en_el_Desierto_Blanco.htm\"><span style=\"background-color: #96a610; color: #ffffff; padding: 10px 20px; border-radius: 25px;\" title=\"Viajes a Egipto\">+Info del viaje<\/span><\/a><\/p>\n<p><img loading=\"lazy\" decoding=\"async\" class=\"aligncenter\" src=\"https:\/\/tuaregviatges.es\/africa\/viajes_a_egipto\/mapa\/Senderismo_en_el_Desierto_Blanco.jpg\" alt=\"Egipto + Traves\u00eda del desierto occidental y el Gran Mar de arena\" width=\"896\" height=\"896\" \/><\/p>\n<\/div>\n<\/section>\n<p>&nbsp;<\/p>\n<section id=\"chad\" style=\"width: 100%; border: 1px solid #BE6521; border-radius: 10px; text-align: left; margin-top: 20px;\">\n<div style=\"margin-top: -20px; background: #BE6521; color: #ffffff; border-radius: 10px 10px 0px 0px; min-height: 40px;\">\n<div style=\"margin: 0 15px;\">\n<h2 style=\"border-radius: 10px 10px 0px 0px; padding: 5px 0px; line-height: 1;\"><a style=\"color: #ffffff; font-family: 'Amatic SC', sans-serif;\" href=\"https:\/\/tuaregviatges.es\/africa\/viajes_a_chad\/El_Ennedi-1.htm\">Expedici\u00f3n al desierto del Ennedi<\/a><\/h2>\n<\/div>\n<div style=\"height: auto; margin: 0;\"><img decoding=\"async\" style=\"width: 100%; height: auto;\" src=\"https:\/\/tuaregviatges.es\/africa\/viajes_a_chad\/fotografia\/viajes_a_El_Ennedi-1-6.jpg\" alt=\"Expedici\u00f3n al desierto del Ennedi en Chad\" \/><\/div>\n<\/div>\n<div style=\"width: auto; color: #be6521; padding-left: 10px; line-height: 1.5; margin-top: -2rem;\">\n<div><a style=\"color: #be6521; padding-right: 10px; font-weight: bolder; font-size: 20px; font-family: 'Amatic SC', sans-serif;\" href=\"https:\/\/tuaregviatges.es\/africa_chad.html\"><br \/>\n<img decoding=\"async\" class=\"ico-place\" style=\"height: 35px; width: 35; margin: -10px; margin-right: 3px;\" src=\"https:\/\/tuaregviatges.es\/iconos\/place.svg\" \/>Chad<\/a><\/div>\n<div style=\"color: #000000;\"><span style=\"color: #96a610;\">\u2714\ufe0f Viaje de 15 d\u00edas<\/span><br \/>\n<span style=\"color: #96a610;\">\u2714\ufe0f Salidas 26 oct<span class=\"lt\"> | <\/span>23 nov<span class=\"lt\"> | <\/span>19 dic 2025<span class=\"lt\"> | <\/span>1, 22 feb 2026<\/span><br \/>\n<span style=\"color: #96a610;\">\u2714\ufe0f Precio a partir de <strong>4560\u20ac<\/strong><\/span><\/div>\n<div style=\"color: #000000;\"><em>La guelta de Archei, el altiplano del Ennedi, los grandes arenales y los lagos de Ounianga forman parte de esta ruta por uno de los desiertos m\u00e1s remotos.<\/em><\/div>\n<p style=\"text-align: center; margin: 20px;\"><a href=\"https:\/\/tuaregviatges.es\/africa\/viajes_a_chad\/El_Ennedi-1.htm\"><span style=\"background-color: #96a610; color: #ffffff; padding: 10px 20px; border-radius: 25px;\" title=\"Viajes al Chad\">+Info del viaje<\/span><\/a><\/p>\n<p><img loading=\"lazy\" decoding=\"async\" class=\"aligncenter\" src=\"https:\/\/tuaregviatges.es\/africa\/viajes_a_chad\/mapa\/El_Ennedi-1.jpg\" alt=\"Chad + Expedici\u00f3n al desierto del Ennedi\" width=\"881\" height=\"881\" \/><\/p>\n<\/div>\n<\/section>\n<p>&nbsp;<\/p>\n<section id=\"marruecos\" style=\"width: 100%; border: 1px solid #BE6521; border-radius: 10px; text-align: left; margin-top: 20px;\">\n<div style=\"margin-top: -20px; background: #BE6521; color: #ffffff; border-radius: 10px 10px 0px 0px; min-height: 40px;\">\n<div style=\"margin: 0 15px;\">\n<h2 style=\"border-radius: 10px 10px 0px 0px; padding: 5px 0px; line-height: 1;\"><a style=\"color: #ffffff; font-family: 'Amatic SC', sans-serif;\" href=\"https:\/\/tuaregviatges.es\/africa\/viajes_a_marruecos\/Senderismo_en_el_valle_del_Draa.htm\">Senderismo en el valle del Draa<\/a><\/h2>\n<\/div>\n<div style=\"height: auto; margin: 0;\"><img decoding=\"async\" style=\"width: 100%; height: auto;\" src=\"https:\/\/tuaregviatges.es\/africa\/viajes_a_marruecos\/fotografia\/viajes_a_Senderismo_en_el_valle_del_Draa-6.jpg\" alt=\"Senderismo en el valle del Draa\" \/><\/div>\n<\/div>\n<div style=\"width: auto; color: #be6521; padding-left: 10px; line-height: 1.5; margin-top: -2rem;\">\n<div><a style=\"color: #be6521; padding-right: 10px; font-weight: bolder; font-size: 20px; font-family: 'Amatic SC', sans-serif;\" href=\"https:\/\/tuaregviatges.es\/africa_marruecos.html\"><br \/>\n<img decoding=\"async\" class=\"ico-place\" style=\"height: 35px; width: 35; margin: -10px; margin-right: 3px;\" src=\"https:\/\/tuaregviatges.es\/iconos\/place.svg\" \/>Marruecos<\/a><\/div>\n<div style=\"color: #000000;\"><span style=\"color: #96a610;\">\u2714\ufe0f Viaje de 8 d\u00edas<\/span><br \/>\n<span style=\"color: #96a610;\">\u2714\ufe0f Salidas de octubre a abril<\/span><br \/>\n<span style=\"color: #96a610;\">\u2714\ufe0f Precio en preparaci\u00f3n<\/span><\/div>\n<div style=\"color: #000000;\"><em>El valle del Draa combina palmerales, campos cultivados, kasbahs y ksours de adobe a lo largo de uno de los grandes oasis del sur de Marruecos.<\/em><\/div>\n<p style=\"text-align: center; margin: 20px;\"><a href=\"https:\/\/tuaregviatges.es\/africa\/viajes_a_marruecos\/Senderismo_en_el_valle_del_Draa.htm\"><span style=\"background-color: #96a610; color: #ffffff; padding: 10px 20px; border-radius: 25px;\" title=\"Viajes a Marruecos\">+Info del viaje<\/span><\/a><\/p>\n<p><img loading=\"lazy\" decoding=\"async\" class=\"aligncenter\" src=\"https:\/\/tuaregviatges.es\/africa\/viajes_a_marruecos\/mapa\/Senderismo_en_el_valle_del_Draa.jpg\" alt=\"Marruecos + Senderismo en el valle del Draa\" width=\"812\" height=\"841\" \/><\/p>\n<\/div>\n<\/section>\n<p>&nbsp;<\/p>\n<blockquote><p>Un viaje al desierto no deber\u00eda consistir \u00fanicamente en aguantar el calor. Deber\u00eda permitirnos caminar, conocer los paisajes, hablar con la gente que vive all\u00ed, llegar a un oasis, montar el campamento y terminar el d\u00eda mirando las estrellas.<\/p><\/blockquote>\n","protected":false},"excerpt":{"rendered":"<p>Cuando pensamos en viajar al desierto solemos pensar en dunas, oasis, noches al aire libre y largos recorridos por paisajes que no se parecen a los de casa. Pero hay una cuesti\u00f3n importante a tener en cuenta antes de elegir las fechas: en verano, el calor puede ser extremo. Y esto no lo sabemos solo [&hellip;]<\/p>\n","protected":false},"author":1,"featured_media":16645,"comment_status":"closed","ping_status":"closed","sticky":false,"template":"","format":"standard","meta":{"footnotes":""},"categories":[663,717,563,733],"tags":[665],"class_list":["post-16641","post","type-post","status-publish","format-standard","has-post-thumbnail","hentry","category-argelia","category-egipto","category-marruecos","category-mauritania","tag-viajes-desierto"],"_links":{"self":[{"href":"https:\/\/tuaregviatges.es\/viajes\/wp-json\/wp\/v2\/posts\/16641","targetHints":{"allow":["GET"]}}],"collection":[{"href":"https:\/\/tuaregviatges.es\/viajes\/wp-json\/wp\/v2\/posts"}],"about":[{"href":"https:\/\/tuaregviatges.es\/viajes\/wp-json\/wp\/v2\/types\/post"}],"author":[{"embeddable":true,"href":"https:\/\/tuaregviatges.es\/viajes\/wp-json\/wp\/v2\/users\/1"}],"replies":[{"embeddable":true,"href":"https:\/\/tuaregviatges.es\/viajes\/wp-json\/wp\/v2\/comments?post=16641"}],"version-history":[{"count":2,"href":"https:\/\/tuaregviatges.es\/viajes\/wp-json\/wp\/v2\/posts\/16641\/revisions"}],"predecessor-version":[{"id":16644,"href":"https:\/\/tuaregviatges.es\/viajes\/wp-json\/wp\/v2\/posts\/16641\/revisions\/16644"}],"wp:featuredmedia":[{"embeddable":true,"href":"https:\/\/tuaregviatges.es\/viajes\/wp-json\/wp\/v2\/media\/16645"}],"wp:attachment":[{"href":"https:\/\/tuaregviatges.es\/viajes\/wp-json\/wp\/v2\/media?parent=16641"}],"wp:term":[{"taxonomy":"category","embeddable":true,"href":"https:\/\/tuaregviatges.es\/viajes\/wp-json\/wp\/v2\/categories?post=16641"},{"taxonomy":"post_tag","embeddable":true,"href":"https:\/\/tuaregviatges.es\/viajes\/wp-json\/wp\/v2\/tags?post=16641"}],"curies":[{"name":"wp","href":"https:\/\/api.w.org\/{rel}","templated":true}]}}