{"id":1689,"date":"2013-12-11T13:46:52","date_gmt":"2013-12-11T12:46:52","guid":{"rendered":"http:\/\/www.tuareg.com\/blog\/?p=1689"},"modified":"2018-06-21T13:30:27","modified_gmt":"2018-06-21T12:30:27","slug":"depresion-del-danakil","status":"publish","type":"post","link":"https:\/\/tuaregviatges.es\/viajes\/depresion-del-danakil\/","title":{"rendered":"Viaje fotogr\u00e1fico a la depresi\u00f3n del Danakil. \u00daltimas noticias."},"content":{"rendered":"<p style=\"padding-left: 30px;\"><em>\u00abM\u00e1s que un <a title=\"Viajes fotogr\u00e1ficos\" href=\"http:\/\/www.tuaregviatges.es\/viajes_fotograficos.html\">viaje fotogr\u00e1fico<\/a> es una experiencia personal y fotogr\u00e1fica. Es imposible un sitio donde poder sacar mejores fotograf\u00edas.\u00bb<br \/>\n<\/em><\/p>\n<p>As\u00ed define este viaje <strong>Juancho Pozuelo<\/strong>, gu\u00eda\/fot\u00f3grafo acompa\u00f1ante en este viaje.<\/p>\n<p>El grupo ha llegado al <strong>lago\u00a0Afrera<\/strong> y despu\u00e9s de dormir en un entorno espectacular, han partido hacia el <strong>volc\u00e1n Erta Ale<\/strong>.<\/p>\n<p style=\"padding-left: 30px;\"><em>\u00abDespu\u00e9s de ver los primeros vestigios de lava y de cinco horas botando por una pista, llegamos al lago Afrera y a sus minas de sal. Esta noche toca dormir justo donde la foto publicada el pasado d\u00eda 5 de Noviembre, hacer fotos nocturnas y ba\u00f1arnos en el salad\u00edsimo lago Afrera\u00bb<\/em><\/p>\n<figure id=\"attachment_5021\" class=\"thumbnail wp-caption aligncenter\" style=\"width: 1110px\"><a href=\"http:\/\/tuaregviatges.es\/viajes\/etiopia-ruta-fotografica-la-depresion-del-danakil\/etiopia-pau-toneu-viajes-tuareg\/\" rel=\"attachment wp-att-5021\"><img loading=\"lazy\" decoding=\"async\" class=\"size-full wp-image-5021\" src=\"http:\/\/tuaregviatges.es\/viajes\/wp-content\/uploads\/2017\/03\/Etiopia-Pau-Toneu-viajes-tuareg.jpg\" alt=\"Etiopia | Foto \u00a9 Pau Toneu\" width=\"1100\" height=\"730\" srcset=\"https:\/\/tuaregviatges.es\/viajes\/wp-content\/uploads\/2017\/03\/Etiopia-Pau-Toneu-viajes-tuareg.jpg 1100w, https:\/\/tuaregviatges.es\/viajes\/wp-content\/uploads\/2017\/03\/Etiopia-Pau-Toneu-viajes-tuareg-300x199.jpg 300w, https:\/\/tuaregviatges.es\/viajes\/wp-content\/uploads\/2017\/03\/Etiopia-Pau-Toneu-viajes-tuareg-768x510.jpg 768w, https:\/\/tuaregviatges.es\/viajes\/wp-content\/uploads\/2017\/03\/Etiopia-Pau-Toneu-viajes-tuareg-1024x680.jpg 1024w\" sizes=\"auto, (max-width: 1100px) 100vw, 1100px\" \/><\/a><figcaption class=\"caption wp-caption-text\">Etiopia | Foto \u00a9 Pau Toneu<\/figcaption><\/figure>\n<p><!--more-->La expedici\u00f3n fotogr\u00e1fica en <a title=\"Viajes Etiop\u00eda\" href=\"http:\/\/www.tuaregviatges.es\/africa_etiopia.html\">Etiop\u00eda <\/a>sigue seg\u00fan lo planeado y Juancho nos mantiene al corriente de todo, a la vez que nos env\u00eda estas maravillosas im\u00e1genes:<\/p>\n<p style=\"padding-left: 30px;\"><em>\u00abEstamos en Kombolcha, digamos que el \u00faltimo vestigio de ciudad antes de adentrarnos en el Danakil. El mercado de Sembete es muy colorido y ruidoso.\u00bb<\/em><\/p>\n<p style=\"padding-left: 30px;\"><em>\u00abEn el mercado de Bati, donde ya vemos algunos puestos de sal, aqu\u00ed hay que ser muy respetuosos con las fotos, esta gente tiene car\u00e1cter. Todav\u00eda no hay gente Afar.\u00bb<\/em><\/p>\n<p>Ver m\u00e1s <a title=\"Viajes a Etiop\u00eda\" href=\"http:\/\/www.tuaregviatges.es\/africa_etiopia.html\">viajes a Etiop\u00eda<\/a><\/p>\n","protected":false},"excerpt":{"rendered":"<p>\u00abM\u00e1s que un viaje fotogr\u00e1fico es una experiencia personal y fotogr\u00e1fica. Es imposible un sitio donde poder sacar mejores fotograf\u00edas.\u00bb As\u00ed define este viaje Juancho Pozuelo, gu\u00eda\/fot\u00f3grafo acompa\u00f1ante en este viaje. El grupo ha llegado al lago\u00a0Afrera y despu\u00e9s de dormir en un entorno espectacular, han partido hacia el volc\u00e1n Erta Ale. \u00abDespu\u00e9s de ver [&hellip;]<\/p>\n","protected":false},"author":1,"featured_media":0,"comment_status":"open","ping_status":"open","sticky":false,"template":"single-rutas.php","format":"standard","meta":{"footnotes":""},"categories":[4,560,460],"tags":[71,152,229],"class_list":["post-1689","post","type-post","status-publish","format-standard","hentry","category-destinos_africa","category-etiopia","category-viajes-fotograficos","tag-africa-2","tag-etiopia","tag-viajes-fotograficos"],"_links":{"self":[{"href":"https:\/\/tuaregviatges.es\/viajes\/wp-json\/wp\/v2\/posts\/1689","targetHints":{"allow":["GET"]}}],"collection":[{"href":"https:\/\/tuaregviatges.es\/viajes\/wp-json\/wp\/v2\/posts"}],"about":[{"href":"https:\/\/tuaregviatges.es\/viajes\/wp-json\/wp\/v2\/types\/post"}],"author":[{"embeddable":true,"href":"https:\/\/tuaregviatges.es\/viajes\/wp-json\/wp\/v2\/users\/1"}],"replies":[{"embeddable":true,"href":"https:\/\/tuaregviatges.es\/viajes\/wp-json\/wp\/v2\/comments?post=1689"}],"version-history":[{"count":2,"href":"https:\/\/tuaregviatges.es\/viajes\/wp-json\/wp\/v2\/posts\/1689\/revisions"}],"predecessor-version":[{"id":6671,"href":"https:\/\/tuaregviatges.es\/viajes\/wp-json\/wp\/v2\/posts\/1689\/revisions\/6671"}],"wp:attachment":[{"href":"https:\/\/tuaregviatges.es\/viajes\/wp-json\/wp\/v2\/media?parent=1689"}],"wp:term":[{"taxonomy":"category","embeddable":true,"href":"https:\/\/tuaregviatges.es\/viajes\/wp-json\/wp\/v2\/categories?post=1689"},{"taxonomy":"post_tag","embeddable":true,"href":"https:\/\/tuaregviatges.es\/viajes\/wp-json\/wp\/v2\/tags?post=1689"}],"curies":[{"name":"wp","href":"https:\/\/api.w.org\/{rel}","templated":true}]}}