{"id":1806,"date":"2014-03-22T11:18:43","date_gmt":"2014-03-22T11:18:43","guid":{"rendered":"http:\/\/www.tuareg.com\/blog\/?p=1806"},"modified":"2019-01-27T19:20:54","modified_gmt":"2019-01-27T17:20:54","slug":"todavia-quedan-plazas-libres-en-semana-santa","status":"publish","type":"post","link":"https:\/\/tuaregviatges.es\/viajes\/todavia-quedan-plazas-libres-en-semana-santa\/","title":{"rendered":"Todav\u00eda quedan plazas libres en Semana Santa"},"content":{"rendered":"<p>Ya quedan pocos d\u00edas para<a href=\"https:\/\/tuaregviatges.es\/viajes_semana_santa.html\"> <strong>Semana Santa 2019<\/strong><\/a>, pero todav\u00eda nos quedan plazas en algunos destinos. Para quien se decide a \u00faltima hora tenemos algunas opciones donde hay plazas libres.<\/p>\n<p>\u00a1Escoge tu tem\u00e1tica y decide tu destino <strong><a href=\"https:\/\/tuaregviatges.es\/viajes_semana_santa.html\" title=\"Viajes en Semana Santa\">clikando aqu\u00ed<\/a><\/strong>!<\/p>\n<p><strong>ARQUEOLOG\u00cdA, OASIS Y DESIERTOS\u00a0<\/strong><\/p>\n<p><strong><a title=\"Viajes a Sud\u00e1n\" href=\"http:\/\/tuaregviatges.es\/Africa\/viajes_a_sudan\/Los_Faraones_Negros__Ruta_arqueologica_y_poblados_nubios.htm\">SUD\u00c1N. Nubia y el Nilo<\/a><\/strong>\u00a0&gt;&gt; Viaje con salida el 11 de abril.\u00a011 d\u00edas<br \/>\nUuna riqueza arqueol\u00f3gica espectacular y \u00a0una poblaci\u00f3n verdaderamente hospitalaria nos acompa\u00f1an remontando el Nilo desde\u00a0Khartoum.<\/p>\n<p><a href=\"http:\/\/tuaregviatges.es\/asia\/viajes_a_oman\/Secreto_de_Arabia-1.htm\"><strong>OM\u00c1N. El Secreto de Arabia<\/strong>\u00a0<\/a>&gt;&gt;\u00a0Viaje con salida el 9 de abril. 9 d\u00edas<br \/>\nUn viaje a trav\u00e9s monta\u00f1as de hasta 3000 m. ,\u00a0enormes dunas que llegan hasta el mar y el \u00cdndico como tel\u00f3n de fondo.<\/p>\n<p><!--more--><\/p>\n<figure id=\"attachment_4453\" class=\"thumbnail wp-caption alignnone\" style=\"width: 960px\"><a href=\"http:\/\/tuaregviatges.es\/viajes\/wp-content\/uploads\/2014\/03\/Sudan-Djebel-Barkal-Albert-Ferrer.jpg\"><img loading=\"lazy\" decoding=\"async\" class=\"size-full wp-image-4453\" src=\"http:\/\/tuaregviatges.es\/viajes\/wp-content\/uploads\/2014\/03\/Sudan-Djebel-Barkal-Albert-Ferrer.jpg\" alt=\"Sud\u00e1n - Jebel Barkal. Foto Albert Ferrer\" width=\"950\" height=\"633\" srcset=\"https:\/\/tuaregviatges.es\/viajes\/wp-content\/uploads\/2014\/03\/Sudan-Djebel-Barkal-Albert-Ferrer.jpg 950w, https:\/\/tuaregviatges.es\/viajes\/wp-content\/uploads\/2014\/03\/Sudan-Djebel-Barkal-Albert-Ferrer-300x200.jpg 300w, https:\/\/tuaregviatges.es\/viajes\/wp-content\/uploads\/2014\/03\/Sudan-Djebel-Barkal-Albert-Ferrer-768x512.jpg 768w\" sizes=\"auto, (max-width: 950px) 100vw, 950px\" \/><\/a><figcaption class=\"caption wp-caption-text\">Sud\u00e1n &#8211; Jebel Barkal. Foto Albert Ferrer<\/figcaption><\/figure>\n<p><strong>VIAJES ACTIVOS: A PIE Y EN KAYAK<\/strong><\/p>\n<p><strong><a href=\"http:\/\/tuaregviatges.es\/europa\/viajes_a_portugal\/Senderismo_en__los_caminos_del_agua.htm\">MADEIRA&gt;Senderismo en los Caminos del Agua<\/a>\u00a0\u00a0&gt;&gt; <\/strong>Viaje con salida el 12 de abril<br \/>\nLas monta\u00f1as y barrancos de la isla con espl\u00e9ndidas vistas al mar. Acogedoras \u201cpousadas\u201d al final de cada etapa.<\/p>\n<p><strong><a href=\"http:\/\/tuaregviatges.es\/asia\/viajes_a_oman\/Kayak_por_los_fiordos_de_Oman.htm\">OM\u00c1N&gt;Kayak en los fiordos de Mussandam<\/a><\/strong>.<strong>\u00a0 &gt;&gt;\u00a0<\/strong>Viaje con salida el 12 de abril<br \/>\nAguas cristalinas, nosotros y nuestro kayak; pr\u00e1cticamente nadie m\u00e1s alrededor. Irresistible incluso para los que nunca han remado.<\/p>\n<p><a href=\"http:\/\/tuaregviatges.es\/asia\/viajes_a_jordania\/Petra__Mar_Muerto_y_Wadi_Rum.htm\"><strong>JORDANIA&gt;Caminatas en Petra y Wadi Rum<\/strong><\/a>\u00a0<strong>\u00a0 &gt;&gt;\u00a0<\/strong>Viaje con salida el 12 de abril<br \/>\nPetra y las visitas imprescindibles de Jordania combinadas con recorridos a pie por el Wadi Rum y Dana.<br \/>\n<iframe loading=\"lazy\" src=\"\/\/www.youtube.com\/embed\/V1VGIj9ut4c?list=UUg8OATo6BOFxEj7LGNx-0og\" width=\"560\" height=\"315\" frameborder=\"0\" allowfullscreen=\"allowfullscreen\"><\/iframe><\/p>\n<p><strong>CULTURA Y AVENTURA ALREDEDOR DEL MUNDO<\/strong><\/p>\n<p><strong><a href=\"http:\/\/tuaregviatges.es\/africa\/viajes_a_etiopia\/Ruta_historica_Las_ciudades_del_norte.htm\">ETIOP\u00cdA. Pascua y ruta hist\u00f3rica<\/a>\u00a0<\/strong><br \/>\nCoincidimos con la celebraci\u00f3n de la Pascua en Lalibela y completamos el viaje siguiendo la ruta hist\u00f3rica. 12 abr, 10 d\u00edas.<\/p>\n<p><a href=\"http:\/\/tuaregviatges.es\/africa\/viajes_a_senegal\/Los_reinos_perdidos_del_Rio_Senegal.htm\"><strong>SENEGAL. Los reinos perdidos del R\u00edo Senegal<\/strong><\/a><br \/>\nRemontamos el r\u00edo Senegal en una piragua acondicionada.\u00a0Dakar, St. Louis\u00a0 completan el recorrido. 12 abr, 9 d\u00edas.<\/p>\n<p><strong><a href=\"http:\/\/tuaregviatges.es\/Africa\/viajes_a_camerun\/Pigmeos__mercados_del_norte_y_las_chefferies_de_las_tierras_altas.htm\">CAMER\u00daN. El Tr\u00f3pico y la Costa Atl\u00e1ntica<br \/>\n<\/a><\/strong>Ruta de car\u00e1cter \u00e9tnico por el litoral y el oeste del pa\u00eds. 12 abril. 10 d\u00edas<\/p>\n<p><strong><a href=\"http:\/\/tuaregviatges.es\/asia\/viajes_a_libano\/Litoral_Mediterraneo__Mts_del_Libano_y_Valle_de_la_Bekaa.htm\">L\u00cdBANO. Montes del L\u00edbanod, valle de la Bekka y costa mediterranea.<br \/>\n<\/a><\/strong>Naturaleza y arqueolog\u00eda en uno de los lugares donde se est\u00e1 escribiendo la historia actual. 13 abril. 8 d\u00edas<\/p>\n<p><strong><a href=\"http:\/\/tuaregviatges.es\/europa\/viajes_a_bulgaria\/Monasterios_Ortodoxos_y_pueblos_medievales.htm\">BULGARIA. Montes y monasterios de Rila y Pirin<br \/>\n<\/a><\/strong>Naturaleza y cultura en un viaje corto y din\u00e1mico por el suroeste de Bulgaria. 12 abril. 9 d\u00edas<\/p>\n<figure class=\"thumbnail wp-caption aligncenter\" style=\"width: 660px\"><a href=\"http:\/\/www.tuaregviatges.es\/articulos\/SEMANA_SANTA_2014_Ultimas_plazas.html\"><img decoding=\"async\" src=\"http:\/\/www.tuaregviatges.es\/articulos\/fotografia\/semana_santa_2014_ultimas_plazas-foto-1-4.jpg\" alt=\"CULTURA Y AVENTURA ALREDEDOR DEL MUNDO\" width=\"650\" \/><\/a><figcaption class=\"caption wp-caption-text\">CULTURA Y AVENTURA ALREDEDOR DEL MUNDO<\/figcaption><\/figure>\n<h2>Ver todos nuestros <a title=\"Viajes Semana Santa\" href=\"http:\/\/www.tuaregviatges.es\/viajes_semana_santa.html\" target=\"_blank\" rel=\"noopener\">viajes en Semana Santa 2019<\/a><\/h2>\n","protected":false},"excerpt":{"rendered":"<p>Ya quedan pocos d\u00edas para Semana Santa 2019, pero todav\u00eda nos quedan plazas en algunos destinos. Para quien se decide a \u00faltima hora tenemos algunas opciones donde hay plazas libres. \u00a1Escoge tu tem\u00e1tica y decide tu destino clikando aqu\u00ed! ARQUEOLOG\u00cdA, OASIS Y DESIERTOS\u00a0 SUD\u00c1N. Nubia y el Nilo\u00a0&gt;&gt; Viaje con salida el 11 de abril.\u00a011 [&hellip;]<\/p>\n","protected":false},"author":1,"featured_media":2052,"comment_status":"open","ping_status":"open","sticky":false,"template":"","format":"standard","meta":{"footnotes":""},"categories":[246],"tags":[153,245,150,124,17],"class_list":["post-1806","post","type-post","status-publish","format-standard","has-post-thumbnail","hentry","category-viajes-semana-santa","tag-oman","tag-sudan","tag-ultimas-plazas","tag-viajar","tag-viajes"],"_links":{"self":[{"href":"https:\/\/tuaregviatges.es\/viajes\/wp-json\/wp\/v2\/posts\/1806","targetHints":{"allow":["GET"]}}],"collection":[{"href":"https:\/\/tuaregviatges.es\/viajes\/wp-json\/wp\/v2\/posts"}],"about":[{"href":"https:\/\/tuaregviatges.es\/viajes\/wp-json\/wp\/v2\/types\/post"}],"author":[{"embeddable":true,"href":"https:\/\/tuaregviatges.es\/viajes\/wp-json\/wp\/v2\/users\/1"}],"replies":[{"embeddable":true,"href":"https:\/\/tuaregviatges.es\/viajes\/wp-json\/wp\/v2\/comments?post=1806"}],"version-history":[{"count":2,"href":"https:\/\/tuaregviatges.es\/viajes\/wp-json\/wp\/v2\/posts\/1806\/revisions"}],"predecessor-version":[{"id":8251,"href":"https:\/\/tuaregviatges.es\/viajes\/wp-json\/wp\/v2\/posts\/1806\/revisions\/8251"}],"wp:featuredmedia":[{"embeddable":true,"href":"https:\/\/tuaregviatges.es\/viajes\/wp-json\/"}],"wp:attachment":[{"href":"https:\/\/tuaregviatges.es\/viajes\/wp-json\/wp\/v2\/media?parent=1806"}],"wp:term":[{"taxonomy":"category","embeddable":true,"href":"https:\/\/tuaregviatges.es\/viajes\/wp-json\/wp\/v2\/categories?post=1806"},{"taxonomy":"post_tag","embeddable":true,"href":"https:\/\/tuaregviatges.es\/viajes\/wp-json\/wp\/v2\/tags?post=1806"}],"curies":[{"name":"wp","href":"https:\/\/api.w.org\/{rel}","templated":true}]}}