{"id":1885,"date":"2024-07-16T09:41:29","date_gmt":"2024-07-16T07:41:29","guid":{"rendered":"http:\/\/www.tuareg.com\/blog\/?p=1885"},"modified":"2024-08-06T16:41:49","modified_gmt":"2024-08-06T14:41:49","slug":"ultimas-plazas-para-viajar-en-julio","status":"publish","type":"post","link":"https:\/\/tuaregviatges.es\/viajes\/ultimas-plazas-para-viajar-en-julio\/","title":{"rendered":"\u00daltimas plazas para viajar a finales de Julio"},"content":{"rendered":"<p>Para los que teng\u00e1is vacaciones de \u00faltima hora y quer\u00e1is un destino alternativo y de aventura, os dejamos una selecci\u00f3n de las \u00faltimas plazas disponibles para viajar en julio.<\/p>\n<p>Hoy todav\u00eda disponemos de plazas, pero no sabemos hasta cuando podremos mantener los vuelos y alojamientos. Solo ten\u00e9is que escoger vuestro viaje;\u00a0<strong>la confirmaci\u00f3n es (casi) inmediata\u00a0<\/strong><!--more--><\/p>\n<h3>Lo que queda para este verano<\/h3>\n<p>A un lado del ring est\u00e1 Viajes Tuareg, peleando por mantener los asientos de avi\u00f3n y habitaciones que todav\u00eda est\u00e1n sin vender. En el rinc\u00f3n opuesto, compa\u00f1\u00edas a\u00e9reas y hoteles, pidiendo el cierre final de los viajes.<\/p>\n<p>Todav\u00eda disponemos de plazas en los viajes de esta lista; hasta cuando, no lo sabemos. Si est\u00e1s decidiendo tus vacaciones de este verano y ves una ruta que te encaja, <strong>haz la reserva lo antes posible<\/strong>.<\/p>\n<h3><a title=\"\u00daltimas plazas para viajar en julio\" href=\"https:\/\/tuaregviatges.es\/viajes\/ultimas-plazas-para-viajar-en-julio\/\">\u00daltimas plazas para viajar en julio<\/a><\/h3>\n<p>&nbsp;<\/p>\n<table  class=\" table table-hover\" style=\"margin-left: -10px; width: 100%; padding: 0px;\">\n<tbody>\n<tr>\n<td style=\"widht: 10px; padding: 0px; margin: 0px;\"><\/td>\n<td>Viaje<\/td>\n<td>D\u00edas<\/td>\n<td>Precio<\/td>\n<\/tr>\n<tr>\n<td>1<\/td>\n<td><a href=\"https:\/\/tuaregviatges.es\/america_del_norte_y_central\/viajes_a_alaska\/El_Gran_Norte-2.htm\">Canad\u00e1<\/a><\/td>\n<td>9 y 12<\/td>\n<td><strong>2.990\u20ac\u00a0<\/strong><\/td>\n<\/tr>\n<tr>\n<td>2<\/td>\n<td><a href=\"https:\/\/tuaregviatges.es\/europa\/viajes_a_albania\/Ruta_cultural_y_activa_por_Albania_y_Macedonia.htm\">Albania y Macedonia<\/a><\/td>\n<td>12<\/td>\n<td><strong>1.380\u20ac<\/strong><\/td>\n<\/tr>\n<tr>\n<td>3<\/td>\n<td><a href=\"https:\/\/tuaregviatges.es\/africa\/viajes_a_uganda\/Gorila_express.htm\">Uganda<\/a><\/td>\n<td>10<\/td>\n<td><strong>3.195\u20ac<\/strong><\/td>\n<\/tr>\n<tr>\n<td>4<\/td>\n<td><a href=\"https:\/\/tuaregviatges.es\/asia\/viajes_a_india\/Regiones_del_Himalaya_Darjeeling__Sikkim_y_Bhutan.htm\">India y Bhutan<\/a><\/td>\n<td>13<\/td>\n<td><strong>3.790\u20ac<\/strong><\/td>\n<\/tr>\n<tr>\n<td>5<\/td>\n<td><a href=\"https:\/\/tuaregviatges.es\/africa\/viajes_a_marruecos\/Senderismo_en_el_Valle_Feliz.htm\">Marruecos<\/a><\/td>\n<td>8<\/td>\n<td><strong>785\u20ac<\/strong><\/td>\n<\/tr>\n<\/tbody>\n<\/table>\n<p>Para los de \u00faltima hora, para los indecisos, para parejas, para los que voy solo y no s\u00e9 d\u00f3nde ir&#8230; Os dejamos esta selecci\u00f3n con las \u00faltimas plazas para viajar en julio, viajes en grupo que tienen la salida garantizada y en los que todav\u00eda hay disponibilidad de plazas.<\/p>\n<section class=\"paisos-sec\">\n<div><a href=\"#canada\">Canada<\/a><\/div>\n<div><a href=\"#albania\">Albania y Macedonia<\/a><\/div>\n<div><a href=\"#uganda\">Uganda<\/a><\/div>\n<\/section>\n<blockquote><p>Viajes en grupos reducidos para personas que viajan solas, en pareja o con amigos.<\/p><\/blockquote>\n<section id=\"canada\" style=\"width: 100%; border: 1px solid #BE6521; border-radius: 10px; text-align: left; margin-top: 20px;\">\n<div style=\"margin-top: -20px; background: #BE6521; color: #ffffff; border-radius: 10px 10px 0px 0px; min-height: 40px;\">\n<div style=\"margin: 0 15px;\">\n<h2 style=\"border-radius: 10px 10px 0px 0px; padding: 5px 0px; line-height: 1;\"><a style=\"color: #ffffff;\" href=\"https:\/\/tuaregviatges.es\/america_del_norte_y_central\/viajes_a_alaska\/El_Gran_Norte-2.htm\">Ruta Kenai N.P. y extensi\u00f3n opcional a Denali N.P.<\/a><\/h2>\n<\/div>\n<div style=\"height: 33vh; margin: 0; background: url('https:\/\/tuaregviatges.es\/rutas\/seccionesRutas\/14497.jpg'); background-repeat: no-repeat; background-size: cover; max-height: 600px;\"><\/div>\n<\/div>\n<div style=\"width: auto; color: #be6521; padding-left: 10px; line-height: 1.5; margin-top: -20px; padding-top: 0px;\">\n<div><a style=\"color: #be6521; padding-right: 10px; font-weight: bolder; font-size: 18px;\" href=\"https:\/\/tuaregviatges.es\/america_canada.html\"><br \/>\n<img decoding=\"async\" class=\"ico-place\" style=\"height: 35px; width: 35; margin: -10px; margin-right: 3px;\" src=\"https:\/\/tuaregviatges.es\/iconos\/place.svg\" \/>Canad\u00e1<\/a><\/div>\n<div>\n<div style=\"color: #000000;\"><span style=\"color: #96a610;\">\u2714\ufe0f Viaje de 9 d\u00edas<\/span><br \/>\n<span style=\"color: #96a610;\">\u2714\ufe0f 20 JUL <\/span><span style=\"color: #ff0000;\"><strong>ULTIMAS PAZAS<\/strong><\/span><br \/>\n<span style=\"color: #96a610;\">\u2714\ufe0f Precio a partir de<strong> 2990\u20ac<\/strong><\/span><\/div>\n<div><\/div>\n<div style=\"color: #000000;\"><em>Este es un viaje participativo y de multi-actividad. Nos adentraremos en un territorio virgen, de altas monta\u00f1as, extensos bosques, glaciares y vida salvaje.<\/em><\/div>\n<p style=\"text-align: center; margin: 20px;\"><a href=\"https:\/\/tuaregviatges.es\/america_del_norte_y_central\/viajes_a_alaska\/El_Gran_Norte-2.htm\"><span style=\"background-color: #96a610; color: #ffffff; padding: 10px 20px; border-radius: 25px;\" title=\"\u00daltimas plazas para viajar a Canada\">M\u00e1s info del viaje<\/span><\/a><\/p>\n<\/div>\n<\/div>\n<p style=\"text-align: center;\"><img decoding=\"async\" src=\"https:\/\/tuaregviatges.es\/america_del_norte_y_central\/viajes_a_alaska\/mapa\/El_Gran_Norte-2.jpg\" alt=\"Alaska + Ruta Kenai Nat. Park y extensi\u00f3n opcional a Denali Nat. Park\" \/><\/p>\n<\/section>\n<section id=\"albania\" style=\"width: 100%; border: 1px solid #BE6521; border-radius: 10px; text-align: left; margin-top: 20px;\">\n<div style=\"margin-top: -20px; background: #BE6521; color: #ffffff; border-radius: 10px 10px 0px 0px; min-height: 40px;\">\n<div style=\"margin: 0 15px;\">\n<h2 style=\"border-radius: 10px 10px 0px 0px; padding: 5px 0px; line-height: 1;\"><a style=\"color: #ffffff;\" href=\"https:\/\/tuaregviatges.es\/europa\/viajes_a_albania\/Ruta_cultural_y_activa_por_Albania_y_Macedonia.htm\">Los desconocidos valles del Norte, la Albania cl\u00e1sica y Macedonia<\/a><\/h2>\n<\/div>\n<div style=\"height: 33vh; margin: 0; background: url('https:\/\/tuaregviatges.es\/rutas\/seccionesRutas\/21098.jpg'); background-repeat: no-repeat; background-size: cover; max-height: 600px;\"><\/div>\n<\/div>\n<div style=\"width: auto; color: #be6521; padding-left: 10px; line-height: 1.5; margin-top: -20px; padding-top: 0px;\">\n<div><a style=\"color: #be6521; padding-right: 10px; font-weight: bolder; font-size: 18px;\" href=\"https:\/\/tuaregviatges.es\/asia_georgia.html\"><br \/>\n<img decoding=\"async\" class=\"ico-place\" style=\"height: 35px; width: 35; margin: -10px; margin-right: 3px;\" src=\"https:\/\/tuaregviatges.es\/iconos\/place.svg\" \/>Albania<\/a><\/div>\n<div>\n<div style=\"color: #000000;\"><span style=\"color: #96a610;\">\u2714\ufe0f Viaje de 12 d\u00edas<\/span><br \/>\n<span style=\"color: #96a610;\">\u2714\ufe0f 23 JUL <span style=\"color: #ff0000;\"><strong>ULTIMAS PAZAS<\/strong><\/span><\/span><br \/>\n<span style=\"color: #96a610;\">\u2714\ufe0f Precio a partir de<strong> 1380\u20ac<\/strong><\/span><\/div>\n<div><\/div>\n<div style=\"color: #000000;\"><em>Durante muchos a\u00f1os el pa\u00eds ha estado cerrado por una dictadura comunista, y hoy empieza a mostrar sus tesoros. Proponemos una completa ruta en la que combinamos naturaleza y cultura, recorriendo los Alpes, la Riviera Albanesa y las principales ciudades Unesco.<\/em><\/div>\n<p style=\"text-align: center; margin: 20px;\"><a href=\"https:\/\/tuaregviatges.es\/europa\/viajes_a_albania\/Ruta_cultural_y_activa_por_Albania_y_Macedonia.htm\"><span style=\"background-color: #96a610; color: #ffffff; padding: 10px 20px; border-radius: 25px;\" title=\"\u00daltimas plazas para viajar a Albania\">Info del viaje<\/span><\/a><\/p>\n<\/div>\n<\/div>\n<p style=\"text-align: center;\"><img decoding=\"async\" src=\"https:\/\/tuaregviatges.es\/europa\/viajes_a_albania\/mapa\/Ruta_cultural_y_activa_por_Albania_y_Macedonia.jpg\" alt=\"Albania y Macedonia + Los desconocidos valles del norte, la Albania cl\u00e1sica y Macedonia\" \/><\/p>\n<\/section>\n<section id=\"uganda\" style=\"width: 100%; border: 1px solid #BE6521; border-radius: 10px; text-align: left; margin-top: 20px;\">\n<div style=\"margin-top: -20px; background: #BE6521; color: #ffffff; border-radius: 10px 10px 0px 0px; min-height: 40px;\">\n<div style=\"margin: 0 15px;\">\n<h2 style=\"border-radius: 10px 10px 0px 0px; padding: 5px 0px; line-height: 1;\"><a style=\"color: #ffffff;\" href=\"https:\/\/tuaregviatges.es\/africa\/viajes_a_uganda\/Gorila_express.htm\">De Murchison Falls a la selva de Bwindi | Gorila trek<\/a><\/h2>\n<\/div>\n<div style=\"height: 33vh; margin: 0; background: url('https:\/\/tuaregviatges.es\/rutas\/seccionesRutas\/5452.jpg'); background-repeat: no-repeat; background-size: cover; max-height: 600px;\"><\/div>\n<\/div>\n<div style=\"width: auto; color: #be6521; padding-left: 10px; line-height: 1.5; margin-top: -20px; padding-top: 0px;\">\n<div><a style=\"color: #be6521; padding-right: 10px; font-weight: bolder; font-size: 18px;\" href=\"https:\/\/tuaregviatges.es\/africa_uganda.html\"><br \/>\n<img decoding=\"async\" class=\"ico-place\" style=\"height: 35px; width: 35; margin: -10px; margin-right: 3px;\" src=\"https:\/\/tuaregviatges.es\/iconos\/place.svg\" \/>Uganda<\/a><\/div>\n<div>\n<div style=\"color: #000000;\"><span style=\"color: #96a610;\">\u2714\ufe0f Viaje de 10 d\u00edas<\/span><br \/>\n<span style=\"color: #96a610;\">\u2714\ufe0f Salidas 16, 23 ago<span class=\"lt\">\u00a0&gt;\u00a0<\/span>6, 20 sep<span class=\"lt\">\u00a0&gt;\u00a0<\/span>4, 18 oct<span class=\"lt\">\u00a0&gt;\u00a0<\/span>1, 15 nov<span class=\"lt\">\u00a0&gt;\u00a0<\/span>6, 20, 27 dic 2024<\/span><br \/>\n<span style=\"color: #96a610;\">\u2714\ufe0f Precio a partir de<strong> 3195\u20ac<\/strong><\/span><\/div>\n<div><\/div>\n<div style=\"color: #000000;\"><em>Nos acercaremos a los chimpanc\u00e9s en la selva de Budongo y a los gorilas de monta\u00f1a en el parque del Bosque Impenetrable de Bwindi. Ruta en veh\u00edculos 4&#215;4.<\/em><\/div>\n<p style=\"text-align: center; margin: 20px;\"><a href=\"https:\/\/tuaregviatges.es\/africa\/viajes_a_uganda\/Gorila_express.htm\"><span style=\"background-color: #96a610; color: #ffffff; padding: 10px 20px; border-radius: 25px;\" title=\"Viaje a Uganda\">M\u00e1s info del viaje<\/span><\/a><\/p>\n<\/div>\n<\/div>\n<p style=\"text-align: center;\"><img decoding=\"async\" src=\"https:\/\/tuaregviatges.es\/africa\/viajes_a_uganda\/mapa\/Gorila_express.jpg\" alt=\"Uganda + De Murchison Falls a la selva de Bwindi. Gorila trek \" \/><\/p>\n<\/section>\n<p><script type=\"application\/ld+json\">\n{\n  \"@context\": \"http:\/\/schema.org\",\n  \"@type\": \"BreadcrumbList\",\n  \"itemListElement\": [{\n    \"@type\": \"ListItem\",\n    \"position\": 1,\n    \"item\": {\n      \"@id\": \"https:\/\/tuaregviatges.es\",\n      \"name\": \"Viajes Tuareg\",\n      \"image\": \"https:\/\/tuaregviatges.es\/fotos\/logotuareg.png\"\n    }\n  },{\n    \"@type\": \"ListItem\",\n    \"position\": 2,\n    \"item\": {\n      \"@id\": \"https:\/\/tuaregviatges.es\/viajes\/los-mejores-destinos-para-viajar-en-julio\/\",\n      \"name\": \"\ud83d\udc2a Viajar en julio\"\n    }\n  },{\n    \"@type\": \"ListItem\",\n    \"position\": 3,\n    \"item\": {\n      \"@id\": \"https:\/\/tuaregviatges.es\/viajes\/12-destinos-mes-septiembre\/\/\",\n      \"name\": \"\u00daltimas plazas viajar en julio\"\n   }\n  }\n ]\n}\n<\/script><\/p>\n","protected":false},"excerpt":{"rendered":"<p>Para los que teng\u00e1is vacaciones de \u00faltima hora y quer\u00e1is un destino alternativo y de aventura, os dejamos una selecci\u00f3n de las \u00faltimas plazas disponibles para viajar en julio. Hoy todav\u00eda disponemos de plazas, pero no sabemos hasta cuando podremos mantener los vuelos y alojamientos. Solo ten\u00e9is que escoger vuestro viaje;\u00a0la confirmaci\u00f3n es (casi) inmediata\u00a0<\/p>\n","protected":false},"author":1,"featured_media":11867,"comment_status":"open","ping_status":"open","sticky":false,"template":"","format":"standard","meta":{"footnotes":""},"categories":[20,160,257],"tags":[150,262,642],"class_list":["post-1885","post","type-post","status-publish","format-standard","has-post-thumbnail","hentry","category-trekking","category-ultimas-plazas-2","category-viajes-verano","tag-ultimas-plazas","tag-viajar-en-julio","tag-viajes-verano"],"_links":{"self":[{"href":"https:\/\/tuaregviatges.es\/viajes\/wp-json\/wp\/v2\/posts\/1885","targetHints":{"allow":["GET"]}}],"collection":[{"href":"https:\/\/tuaregviatges.es\/viajes\/wp-json\/wp\/v2\/posts"}],"about":[{"href":"https:\/\/tuaregviatges.es\/viajes\/wp-json\/wp\/v2\/types\/post"}],"author":[{"embeddable":true,"href":"https:\/\/tuaregviatges.es\/viajes\/wp-json\/wp\/v2\/users\/1"}],"replies":[{"embeddable":true,"href":"https:\/\/tuaregviatges.es\/viajes\/wp-json\/wp\/v2\/comments?post=1885"}],"version-history":[{"count":23,"href":"https:\/\/tuaregviatges.es\/viajes\/wp-json\/wp\/v2\/posts\/1885\/revisions"}],"predecessor-version":[{"id":14780,"href":"https:\/\/tuaregviatges.es\/viajes\/wp-json\/wp\/v2\/posts\/1885\/revisions\/14780"}],"wp:featuredmedia":[{"embeddable":true,"href":"https:\/\/tuaregviatges.es\/viajes\/wp-json\/wp\/v2\/media\/11867"}],"wp:attachment":[{"href":"https:\/\/tuaregviatges.es\/viajes\/wp-json\/wp\/v2\/media?parent=1885"}],"wp:term":[{"taxonomy":"category","embeddable":true,"href":"https:\/\/tuaregviatges.es\/viajes\/wp-json\/wp\/v2\/categories?post=1885"},{"taxonomy":"post_tag","embeddable":true,"href":"https:\/\/tuaregviatges.es\/viajes\/wp-json\/wp\/v2\/tags?post=1885"}],"curies":[{"name":"wp","href":"https:\/\/api.w.org\/{rel}","templated":true}]}}