{"id":2084,"date":"2021-12-08T15:29:52","date_gmt":"2021-12-08T13:29:52","guid":{"rendered":"http:\/\/www.tuaregviatges.es\/blog\/?p=2084"},"modified":"2022-11-03T17:29:12","modified_gmt":"2022-11-03T15:29:12","slug":"largo-nilo-sudan-faraonico-corazon-nubia","status":"publish","type":"post","link":"https:\/\/tuaregviatges.es\/viajes\/largo-nilo-sudan-faraonico-corazon-nubia\/","title":{"rendered":"A lo largo del Nilo. Sud\u00e1n fara\u00f3nico y el coraz\u00f3n de Nubia"},"content":{"rendered":"<p>Hace tan solo pocos a\u00f1os se pod\u00eda acceder a las\u00a0pir\u00e1mides\u00a0de Nubia e incluso escalar hasta el topo.<\/p>\n<p>Ahora ya no est\u00e1 permitido escalarlas, pero todav\u00eda es posible visitarlas con muy poca gente. Por los cambios que hemos visto producirse estos a\u00f1os podemos predecir que en poco tiempo el turismo se\u00a0intensificar\u00e1, con las restricciones que conlleva\u00a0para la preservaci\u00f3n del local.<\/p>\n<figure id=\"attachment_6024\" class=\"thumbnail wp-caption aligncenter\" style=\"width: 4330px\"><a href=\"https:\/\/tuaregviatges.es\/africa\/viajes_a_sudan\/Los_Faraones_Negros__Ruta_arqueologica_y_poblados_nubios-1.htm\"><img loading=\"lazy\" decoding=\"async\" class=\"wp-image-6024 size-full\" src=\"http:\/\/tuaregviatges.es\/viajes\/wp-content\/uploads\/2014\/12\/MEROE.jpg\" alt=\"\" width=\"4320\" height=\"2432\" srcset=\"https:\/\/tuaregviatges.es\/viajes\/wp-content\/uploads\/2014\/12\/MEROE.jpg 4320w, https:\/\/tuaregviatges.es\/viajes\/wp-content\/uploads\/2014\/12\/MEROE-300x169.jpg 300w, https:\/\/tuaregviatges.es\/viajes\/wp-content\/uploads\/2014\/12\/MEROE-768x432.jpg 768w, https:\/\/tuaregviatges.es\/viajes\/wp-content\/uploads\/2014\/12\/MEROE-1024x576.jpg 1024w\" sizes=\"auto, (max-width: 4320px) 100vw, 4320px\" \/><\/a><figcaption class=\"caption wp-caption-text\">Meroe. Castillos en la Arena. Autor D. Ballester<\/figcaption><\/figure>\n<p><!--more--><\/p>\n<figure id=\"attachment_6025\" class=\"thumbnail wp-caption aligncenter\" style=\"width: 1546px\"><a href=\"https:\/\/tuaregviatges.es\/africa\/viajes_a_sudan\/Los_Faraones_Negros__Ruta_arqueologica_y_poblados_nubios-1.htm\"><img loading=\"lazy\" decoding=\"async\" class=\"wp-image-6025 size-full\" src=\"http:\/\/tuaregviatges.es\/viajes\/wp-content\/uploads\/2014\/12\/4868.jpg\" alt=\"\" width=\"1536\" height=\"1024\" srcset=\"https:\/\/tuaregviatges.es\/viajes\/wp-content\/uploads\/2014\/12\/4868.jpg 1536w, https:\/\/tuaregviatges.es\/viajes\/wp-content\/uploads\/2014\/12\/4868-300x200.jpg 300w, https:\/\/tuaregviatges.es\/viajes\/wp-content\/uploads\/2014\/12\/4868-768x512.jpg 768w, https:\/\/tuaregviatges.es\/viajes\/wp-content\/uploads\/2014\/12\/4868-1024x683.jpg 1024w\" sizes=\"auto, (max-width: 1536px) 100vw, 1536px\" \/><\/a><figcaption class=\"caption wp-caption-text\">Pir\u00e1mides. Autor Alex P\u00f3o<\/figcaption><\/figure>\n<p>La peque\u00f1a silueta subiendo por la cresta\u00a0de la <strong>Pir\u00e1mide<\/strong> es nuestro compa\u00f1ero Alex. Esta foto fue\u00a0tomada en alg\u00fan momento durante su <strong>viaje a Sud\u00e1n<\/strong> del a\u00f1o 2007. Disfrutar la sensaci\u00f3n de visitar las pir\u00e1mides sin nadie alrededor, poder escalar hasta la cima y observar el <strong>desierto Nubio<\/strong>.<\/p>\n<figure id=\"attachment_6028\" class=\"thumbnail wp-caption aligncenter\" style=\"width: 2570px\"><a href=\"https:\/\/tuaregviatges.es\/africa\/viajes_a_sudan\/Los_Faraones_Negros__Ruta_arqueologica_y_poblados_nubios-1.htm\"><img loading=\"lazy\" decoding=\"async\" class=\"wp-image-6028 size-full\" src=\"http:\/\/tuaregviatges.es\/viajes\/wp-content\/uploads\/2014\/12\/transppub.jpg\" alt=\"\" width=\"2560\" height=\"1920\" srcset=\"https:\/\/tuaregviatges.es\/viajes\/wp-content\/uploads\/2014\/12\/transppub.jpg 2560w, https:\/\/tuaregviatges.es\/viajes\/wp-content\/uploads\/2014\/12\/transppub-300x225.jpg 300w, https:\/\/tuaregviatges.es\/viajes\/wp-content\/uploads\/2014\/12\/transppub-768x576.jpg 768w, https:\/\/tuaregviatges.es\/viajes\/wp-content\/uploads\/2014\/12\/transppub-1024x768.jpg 1024w\" sizes=\"auto, (max-width: 2560px) 100vw, 2560px\" \/><\/a><figcaption class=\"caption wp-caption-text\">Transporte p\u00fablico<\/figcaption><\/figure>\n<p>Transporte p\u00fablico en <strong>Sud\u00e1n<\/strong>. Y un encuentro inolvidable para nosotros. Sorprende la capacidad de los pueblos del desierto para acomodarse en veh\u00edculos de cualquier tipo para cubrir largas distancias.<\/p>\n<figure id=\"attachment_6029\" class=\"thumbnail wp-caption aligncenter\" style=\"width: 1387px\"><a href=\"https:\/\/tuaregviatges.es\/africa\/viajes_a_sudan\/Los_Faraones_Negros__Ruta_arqueologica_y_poblados_nubios-1.htm\"><img loading=\"lazy\" decoding=\"async\" class=\"wp-image-6029 size-full\" src=\"http:\/\/tuaregviatges.es\/viajes\/wp-content\/uploads\/2014\/12\/mercadonilo.jpg\" alt=\"\" width=\"1377\" height=\"921\" srcset=\"https:\/\/tuaregviatges.es\/viajes\/wp-content\/uploads\/2014\/12\/mercadonilo.jpg 1377w, https:\/\/tuaregviatges.es\/viajes\/wp-content\/uploads\/2014\/12\/mercadonilo-300x201.jpg 300w, https:\/\/tuaregviatges.es\/viajes\/wp-content\/uploads\/2014\/12\/mercadonilo-768x514.jpg 768w, https:\/\/tuaregviatges.es\/viajes\/wp-content\/uploads\/2014\/12\/mercadonilo-1024x685.jpg 1024w\" sizes=\"auto, (max-width: 1377px) 100vw, 1377px\" \/><\/a><figcaption class=\"caption wp-caption-text\">Mercado junto al Nilo. Autor Alex P\u00f3o<\/figcaption><\/figure>\n<p>No s\u00f3lo hay <a href=\"http:\/\/tuareg.viajes\/tag\/desierto\/\" target=\"_blank\" rel=\"noopener\">desierto<\/a> y ruinas en <strong>Sud\u00e1n<\/strong>. La <strong>hospitalidad<\/strong> es legendaria,\u00a0en Nubia siempre se ofrece hospitalidad al extranjero y se le da la mejor comida que hay en la casa.<\/p>\n<figure id=\"attachment_6031\" class=\"thumbnail wp-caption aligncenter\" style=\"width: 1546px\"><a href=\"https:\/\/tuaregviatges.es\/africa\/viajes_a_sudan\/Los_Faraones_Negros__Ruta_arqueologica_y_poblados_nubios-1.htm\"><img loading=\"lazy\" decoding=\"async\" class=\"wp-image-6031 size-full\" src=\"http:\/\/tuaregviatges.es\/viajes\/wp-content\/uploads\/2014\/12\/4865_original.jpg\" alt=\"\" width=\"1536\" height=\"1024\" srcset=\"https:\/\/tuaregviatges.es\/viajes\/wp-content\/uploads\/2014\/12\/4865_original.jpg 1536w, https:\/\/tuaregviatges.es\/viajes\/wp-content\/uploads\/2014\/12\/4865_original-300x200.jpg 300w, https:\/\/tuaregviatges.es\/viajes\/wp-content\/uploads\/2014\/12\/4865_original-768x512.jpg 768w, https:\/\/tuaregviatges.es\/viajes\/wp-content\/uploads\/2014\/12\/4865_original-1024x683.jpg 1024w\" sizes=\"auto, (max-width: 1536px) 100vw, 1536px\" \/><\/a><figcaption class=\"caption wp-caption-text\">Pescador. Foto de Alex P\u00f3o<\/figcaption><\/figure>\n<ul>\n<li><strong>Conoce nuestros viajes a Sudan:<\/strong>\n<ul>\n<li><a href=\"https:\/\/tuaregviatges.es\/africa\/viajes_a_sudan\/Los_Faraones_Negros__Ruta_arqueologica_y_poblados_nubios-2.htm\">Sudan, Faraones negros ( salida 29 diciembre)<\/a><\/li>\n<li><a class=\"a_cl_blanc_b\" href=\"https:\/\/tuaregviatges.es\/africa_sudan.html\" rel=\"v:url\">Sud\u00e1n &gt;<\/a>\u00a0<a class=\"a_cl_blanc_b\" href=\"https:\/\/tuaregviatges.es\/africa\/viajes_a_sudan\/Los_Faraones_Negros__Ruta_arqueologica_y_poblados_nubios-1.htm\" rel=\"v:url\">Puente de diciembre<\/a><\/li>\n<\/ul>\n<\/li>\n<\/ul>\n<p><script type=\"application\/ld+json\">\n{\n  \"@context\": \"http:\/\/schema.org\",\n  \"@type\": \"Event\",\n\"organizer\": {\n    \"@type\": \"Organization\",\n    \"name\": \"Viajes Tuareg\",\n    \"url\": \"https:\/\/tuaregviatges.es\/\"\n  },\n  \"eventAttendanceMode\": \"https:\/\/schema.org\/onlineEventAttendanceMode\",\n  \"eventStatus\": \"https:\/\/schema.org\/EventScheduled\",\n  \"name\": \"Puente diciembre\",\n  \"description\": \"Especial Puente diciembre. Las riquezas arqueol\u00f3gicas de Nubia, siguiendo el curso del Nilo desde Khartoum.\",\n  \"url\": \"https:\/\/tuaregviatges.es\/africa\/viajes_a_sudan\/Los_Faraones_Negros__Ruta_arqueologica_y_poblados_nubios-1.htm\",\n  \"image\": \"https:\/\/tuaregviatges.es\/africa\/viajes_a_sudan\/fotografia\/e-Los_Faraones_Negros__Ruta_arqueologica_y_poblados_nubios-1-1.jpg\",\n    \"startDate\": \"2022-12-03\",\n  \"endDate\": \"2022-12-12\",\n  \"performer\": {\n    \"@type\": \"PerformingGroup\",\n    \"name\": \"Viaje a Sud\u00e1n\"\n  },\n  \"location\": {\n    \"@type\": \"Place\",\n    \"name\": \"Sud\u00e1n\",\n    \"address\": {\n      \"@type\": \"PostalAddress\",\n      \"streetAddress\": \"\",\n      \"addressLocality\": \"\",\n      \"postalCode\": \"\",\n      \"addressCountry\": \"SU\"\n    }\n  },\n  \"offers\": [{\n    \"@type\": \"Offer\",\n  \"name\": \"Puente diciembre\",\n  \"description\": \"Especial Puente diciembre. Las riquezas arqueol\u00f3gicas de Nubia, siguiendo el curso del Nilo desde Khartoum.\",\n  \"url\": \"https:\/\/tuaregviatges.es\/africa\/viajes_a_sudan\/Los_Faraones_Negros__Ruta_arqueologica_y_poblados_nubios-1.htm\",\n  \"image\": \"https:\/\/tuaregviatges.es\/africa\/viajes_a_sudan\/fotografia\/e-Los_Faraones_Negros__Ruta_arqueologica_y_poblados_nubios-1-1.jpg\",\n    \"price\": \"2.250\",\n    \"priceCurrency\": \"EUR\",\n    \"validFrom\": \"2022-11-02\",\n     \"availability\": \"http:\/\/schema.org\/PreOrder\"\n  }]\n}\n<\/script><br \/>\n<script type=\"application\/ld+json\">\n{\n  \"@context\": \"http:\/\/schema.org\",\n  \"@type\": \"Event\",\n\"organizer\": {\n    \"@type\": \"Organization\",\n    \"name\": \"Viajes Tuareg\",\n    \"url\": \"https:\/\/tuaregviatges.es\/\"\n  },\n  \"eventAttendanceMode\": \"https:\/\/schema.org\/onlineEventAttendanceMode\",\n  \"eventStatus\": \"https:\/\/schema.org\/EventScheduled\",\n  \"name\": \"Fin de a\u00f1o especial\",\n  \"description\": \"Especial Fin de a\u00f1o. Las riquezas arqueol\u00f3gicas de Nubia, siguiendo el curso del Nilo desde Khartoum.\",\n  \"url\": \"https:\/\/tuaregviatges.es\/africa\/viajes_a_sudan\/Los_Faraones_Negros__Ruta_arqueologica_y_poblados_nubios-2.htm\",\n  \"image\": \"https:\/\/tuaregviatges.es\/africa\/viajes_a_sudan\/fotografia\/e-Los_Faraones_Negros__Ruta_arqueologica_y_poblados_nubios-2-1.jpg\",\n    \"startDate\": \"2022-12-29\",\n  \"endDate\": \"2023-01-07\",\n  \"performer\": {\n    \"@type\": \"PerformingGroup\",\n    \"name\": \"Viaje a Sud\u00e1n\"\n  },\n  \"location\": {\n    \"@type\": \"Place\",\n    \"name\": \"Sud\u00e1n\",\n    \"address\": {\n      \"@type\": \"PostalAddress\",\n      \"streetAddress\": \"\",\n      \"addressLocality\": \"\",\n      \"postalCode\": \"\",\n      \"addressCountry\": \"SU\"\n    }\n  },\n  \"offers\": [{\n    \"@type\": \"Offer\",\n  \"name\": \"Fin de a\u00f1o especial\",\n  \"description\": \"Especial Fin de a\u00f1o. Las riquezas arqueol\u00f3gicas de Nubia, siguiendo el curso del Nilo desde Khartoum.\",\n  \"url\": \"https:\/\/tuaregviatges.es\/africa\/viajes_a_sudan\/Los_Faraones_Negros__Ruta_arqueologica_y_poblados_nubios-2.htm\",\n  \"image\": \"https:\/\/tuaregviatges.es\/africa\/viajes_a_sudan\/fotografia\/e-Los_Faraones_Negros__Ruta_arqueologica_y_poblados_nubios-2-1.jpg\",\n    \"price\": \"2.190\",\n    \"priceCurrency\": \"EUR\",\n    \"validFrom\": \"2021-11-02\",\n     \"availability\": \"http:\/\/schema.org\/PreOrder\"\n  }]\n}\n<\/script><\/p>\n","protected":false},"excerpt":{"rendered":"<p>Hace tan solo pocos a\u00f1os se pod\u00eda acceder a las\u00a0pir\u00e1mides\u00a0de Nubia e incluso escalar hasta el topo. Ahora ya no est\u00e1 permitido escalarlas, pero todav\u00eda es posible visitarlas con muy poca gente. Por los cambios que hemos visto producirse estos a\u00f1os podemos predecir que en poco tiempo el turismo se\u00a0intensificar\u00e1, con las restricciones que conlleva\u00a0para [&hellip;]<\/p>\n","protected":false},"author":1,"featured_media":4453,"comment_status":"open","ping_status":"closed","sticky":false,"template":"","format":"standard","meta":{"footnotes":""},"categories":[4,461],"tags":[71,245,17],"class_list":["post-2084","post","type-post","status-publish","format-standard","has-post-thumbnail","hentry","category-destinos_africa","category-viajes-excepcionales","tag-africa-2","tag-sudan","tag-viajes"],"_links":{"self":[{"href":"https:\/\/tuaregviatges.es\/viajes\/wp-json\/wp\/v2\/posts\/2084","targetHints":{"allow":["GET"]}}],"collection":[{"href":"https:\/\/tuaregviatges.es\/viajes\/wp-json\/wp\/v2\/posts"}],"about":[{"href":"https:\/\/tuaregviatges.es\/viajes\/wp-json\/wp\/v2\/types\/post"}],"author":[{"embeddable":true,"href":"https:\/\/tuaregviatges.es\/viajes\/wp-json\/wp\/v2\/users\/1"}],"replies":[{"embeddable":true,"href":"https:\/\/tuaregviatges.es\/viajes\/wp-json\/wp\/v2\/comments?post=2084"}],"version-history":[{"count":7,"href":"https:\/\/tuaregviatges.es\/viajes\/wp-json\/wp\/v2\/posts\/2084\/revisions"}],"predecessor-version":[{"id":13220,"href":"https:\/\/tuaregviatges.es\/viajes\/wp-json\/wp\/v2\/posts\/2084\/revisions\/13220"}],"wp:featuredmedia":[{"embeddable":true,"href":"https:\/\/tuaregviatges.es\/viajes\/wp-json\/wp\/v2\/media\/4453"}],"wp:attachment":[{"href":"https:\/\/tuaregviatges.es\/viajes\/wp-json\/wp\/v2\/media?parent=2084"}],"wp:term":[{"taxonomy":"category","embeddable":true,"href":"https:\/\/tuaregviatges.es\/viajes\/wp-json\/wp\/v2\/categories?post=2084"},{"taxonomy":"post_tag","embeddable":true,"href":"https:\/\/tuaregviatges.es\/viajes\/wp-json\/wp\/v2\/tags?post=2084"}],"curies":[{"name":"wp","href":"https:\/\/api.w.org\/{rel}","templated":true}]}}