{"id":2345,"date":"2015-04-14T14:14:53","date_gmt":"2015-04-14T13:14:53","guid":{"rendered":"http:\/\/www.tuaregviatges.es\/blog\/?p=2345"},"modified":"2022-05-09T15:53:05","modified_gmt":"2022-05-09T13:53:05","slug":"viaje-estambul-fotografia-ignasi-rovira","status":"publish","type":"post","link":"https:\/\/tuaregviatges.es\/viajes\/viaje-estambul-fotografia-ignasi-rovira\/","title":{"rendered":"Estambul clic a clic con el fot\u00f3grafo Ignasi Rovira"},"content":{"rendered":"<p>La<strong> ciudad de Estambul<\/strong>, a medio camino entre <a title=\"Viajes a Asia en el blog\" href=\"http:\/\/www.tuaregviatges.es\/blog\/index.php\/category\/viajes_asia\/\" target=\"_blank\" rel=\"noopener\">Asia<\/a> y Europa, est\u00e1 repleta de rincones sorprendentes, callejuelas, mezquitas, monumentos, mercados, plazas y puentes. Ostenta grandes atractivos tur\u00edsticos como son las Mezquitas de Santa Sophia, Sult\u00e1n Ahmet o Mezquita Azul, Suleymaniye, Yeni, la Torre G\u00e1lata, el Cuerno de Oro a la entrada del B\u00f3sforo con sus bellos puentes, el Gran Bazar o la Bas\u00edlica Cisterna. Un ojo acostumbrado a mirar a trav\u00e9s de un objetivo fotogr\u00e1fico encuentra en la antigua ciudad de Constantinopla miles de instantes sugerentes. Y si le a\u00f1adimos a la escena sus gentes, los atareados ciudadanos de la antigua capital de Turqu\u00eda, entonces las <strong>posibilidades fotogr\u00e1ficas<\/strong> parece que se multiplican hasta el infinito, al mismo ritmo que se llenan las tarjetas de memoria de la c\u00e1mara y las bater\u00edas se esfuman.<\/p>\n<p><!--more--><\/p>\n<p>&nbsp;<\/p>\n<p>Para guiarnos y aconsejarnos entre tanta sobreabundancia de instant\u00e1neas que podr\u00edan formar parte de un completo reportaje de la ciudad contaremos con<strong> el fot\u00f3grafo y viajero Ignasi Rovira<\/strong>.<\/p>\n<p>Estudiaremos con \u00e9l c\u00f3mo fotografiar monumentos, tanto desde el exterior como los interiores, a veces con luces complicadas o sitios muy oscuros. <a title=\"Ignasi Rovira\" href=\"http:\/\/www.ignasirovira.com\/\" target=\"_blank\" rel=\"noopener\">Ignasi Rovira<\/a> nos ayudar\u00e1 a fijarnos en las luces buscando las mejores iluminaciones y a seleccionar\u00a0nuestro objetivo con criterio. Buscaremos el mejor momento para una foto panor\u00e1mica, el instante ideal en que un barco cruza un mar brillante al atardecer, o un juego de sombras en los minaretes de una de las mezquitas que encontraremos en Estambul.<\/p>\n<p>En el <a title=\"Viaje fotogr\u00e1fico a Estambul\" href=\"http:\/\/tuaregviatges.es\/europa\/viajes_a_turquia\/Fotostambul.htm\" target=\"_blank\" rel=\"noopener\">viaje a fotogr\u00e1fico a Estambul<\/a> cada d\u00eda veremos y comentaremos algunas de las fotograf\u00edas tomadas durante la jornada. Estudiaremos algunas posibilidades de mejora y veremos otros puntos de vista complementarios de un mismo tema\u00a0que sin duda nos enriquecer\u00e1n. En este viaje a Turqu\u00eda no es necesario acreditar un nivel determinado de conocimientos fotogr\u00e1ficos ni contar con un equipo profesional a la \u00faltima. Basta con tener inter\u00e9s en pasarlo bien mientras se aprende y muchas <strong>ganas de viajar<\/strong>.<\/p>\n","protected":false},"excerpt":{"rendered":"<p>La ciudad de Estambul, a medio camino entre Asia y Europa, est\u00e1 repleta de rincones sorprendentes, callejuelas, mezquitas, monumentos, mercados, plazas y puentes. Ostenta grandes atractivos tur\u00edsticos como son las Mezquitas de Santa Sophia, Sult\u00e1n Ahmet o Mezquita Azul, Suleymaniye, Yeni, la Torre G\u00e1lata, el Cuerno de Oro a la entrada del B\u00f3sforo con sus [&hellip;]<\/p>\n","protected":false},"author":1,"featured_media":0,"comment_status":"open","ping_status":"closed","sticky":false,"template":"","format":"standard","meta":{"footnotes":""},"categories":[58,48,460],"tags":[323,308,229],"class_list":["post-2345","post","type-post","status-publish","format-standard","hentry","category-viajes_europa","category-especialista","category-viajes-fotograficos","tag-ignasi-rovira","tag-turquia","tag-viajes-fotograficos"],"_links":{"self":[{"href":"https:\/\/tuaregviatges.es\/viajes\/wp-json\/wp\/v2\/posts\/2345","targetHints":{"allow":["GET"]}}],"collection":[{"href":"https:\/\/tuaregviatges.es\/viajes\/wp-json\/wp\/v2\/posts"}],"about":[{"href":"https:\/\/tuaregviatges.es\/viajes\/wp-json\/wp\/v2\/types\/post"}],"author":[{"embeddable":true,"href":"https:\/\/tuaregviatges.es\/viajes\/wp-json\/wp\/v2\/users\/1"}],"replies":[{"embeddable":true,"href":"https:\/\/tuaregviatges.es\/viajes\/wp-json\/wp\/v2\/comments?post=2345"}],"version-history":[{"count":3,"href":"https:\/\/tuaregviatges.es\/viajes\/wp-json\/wp\/v2\/posts\/2345\/revisions"}],"predecessor-version":[{"id":12969,"href":"https:\/\/tuaregviatges.es\/viajes\/wp-json\/wp\/v2\/posts\/2345\/revisions\/12969"}],"wp:attachment":[{"href":"https:\/\/tuaregviatges.es\/viajes\/wp-json\/wp\/v2\/media?parent=2345"}],"wp:term":[{"taxonomy":"category","embeddable":true,"href":"https:\/\/tuaregviatges.es\/viajes\/wp-json\/wp\/v2\/categories?post=2345"},{"taxonomy":"post_tag","embeddable":true,"href":"https:\/\/tuaregviatges.es\/viajes\/wp-json\/wp\/v2\/tags?post=2345"}],"curies":[{"name":"wp","href":"https:\/\/api.w.org\/{rel}","templated":true}]}}