{"id":4632,"date":"2016-09-14T09:58:32","date_gmt":"2016-09-14T09:58:32","guid":{"rendered":"http:\/\/tuareg.viajes\/?p=4632"},"modified":"2026-03-03T18:20:11","modified_gmt":"2026-03-03T16:20:11","slug":"2017-viajes-turismo-sostenible","status":"publish","type":"post","link":"https:\/\/tuaregviatges.es\/viajes\/2017-viajes-turismo-sostenible\/","title":{"rendered":"2017 A\u00f1o Internacional del Turismo Sostenible"},"content":{"rendered":"<p>Las Naciones Unidas han proclamado\u00a0<strong>2017 A\u00f1o Internacional del Turismo Sostenible para el Desarrollo<\/strong>. Esto es una buena noticia, pues seguro que ayudar\u00e1 a concienciar y sobretodo a actuar a todas las partes implicadas en el turismo, desde el lado profesional o el de los <strong>viajeros<\/strong>.<\/p>\n<p><!--more-->El mundo est\u00e1 muy maltratado en varios pa\u00edses y lugares. Pero est\u00e1 en nuestras manos, es nuestra responsabilidad, ponerle soluciones, o por lo menos intentar no incrementar las desigualdades y graves problemas que nos acechan, desde el calentamiento global a la extinci\u00f3n de culturas milenarias y formas de vidas ancestrales.<\/p>\n<figure id=\"attachment_4035\" class=\"thumbnail wp-caption alignnone\" style=\"width: 910px\"><a href=\"http:\/\/tuaregviatges.es\/viajes\/wp-content\/uploads\/2016\/05\/destinos-verano-India-Benares-Elisabeth-Rodriguez.jpg\"><img loading=\"lazy\" decoding=\"async\" class=\"size-full wp-image-4035\" src=\"http:\/\/tuaregviatges.es\/viajes\/wp-content\/uploads\/2016\/05\/destinos-verano-India-Benares-Elisabeth-Rodriguez.jpg\" alt=\"Benares, India | Foto \u00a9 Elisabeth Rodriguez\" width=\"900\" height=\"675\" srcset=\"https:\/\/tuaregviatges.es\/viajes\/wp-content\/uploads\/2016\/05\/destinos-verano-India-Benares-Elisabeth-Rodriguez.jpg 900w, https:\/\/tuaregviatges.es\/viajes\/wp-content\/uploads\/2016\/05\/destinos-verano-India-Benares-Elisabeth-Rodriguez-300x225.jpg 300w, https:\/\/tuaregviatges.es\/viajes\/wp-content\/uploads\/2016\/05\/destinos-verano-India-Benares-Elisabeth-Rodriguez-768x576.jpg 768w\" sizes=\"auto, (max-width: 900px) 100vw, 900px\" \/><\/a><figcaption class=\"caption wp-caption-text\">Benares, India | Foto \u00a9 Elisabeth Rodriguez<\/figcaption><\/figure>\n<p>Con este punto de vista afrontamos nuestro trabajo en <strong>Viatges Tuareg<\/strong>, y sabemos que coincidimos con nuestros amigos y clientes en este planteamiento. No concebimos los viajes de otra forma. Nos acercamos a otras culturas con respeto, intentamos minimizar al m\u00e1ximo\u00a0nuestro impacto, colaboramos con empresas y agentes locales, aprovechamos los recursos de forma sostenible.<\/p>\n<figure id=\"attachment_4637\" class=\"thumbnail wp-caption alignnone\" style=\"width: 1810px\"><a href=\"http:\/\/tuaregviatges.es\/viajes\/wp-content\/uploads\/2016\/09\/Laos-mercado-cangrejos-Carme-Bruch.jpg\"><img loading=\"lazy\" decoding=\"async\" class=\"size-full wp-image-4637\" src=\"http:\/\/tuaregviatges.es\/viajes\/wp-content\/uploads\/2016\/09\/Laos-mercado-cangrejos-Carme-Bruch.jpg\" alt=\"Cangrejos en un mercado local de Laos | Foto \u00a9 Carme Bruch\" width=\"1800\" height=\"1200\" srcset=\"https:\/\/tuaregviatges.es\/viajes\/wp-content\/uploads\/2016\/09\/Laos-mercado-cangrejos-Carme-Bruch.jpg 1800w, https:\/\/tuaregviatges.es\/viajes\/wp-content\/uploads\/2016\/09\/Laos-mercado-cangrejos-Carme-Bruch-300x200.jpg 300w, https:\/\/tuaregviatges.es\/viajes\/wp-content\/uploads\/2016\/09\/Laos-mercado-cangrejos-Carme-Bruch-768x512.jpg 768w, https:\/\/tuaregviatges.es\/viajes\/wp-content\/uploads\/2016\/09\/Laos-mercado-cangrejos-Carme-Bruch-1024x683.jpg 1024w\" sizes=\"auto, (max-width: 1800px) 100vw, 1800px\" \/><\/a><figcaption class=\"caption wp-caption-text\">Cangrejos en un mercado local de Laos | Foto \u00a9 Carme Bruch<\/figcaption><\/figure>\n<p>En definitiva, estamos en la misma l\u00ednea de las preocupaciones que expresa Naciones Unidas y la Organizaci\u00f3n Mundial del Turismo. Suscribimos las ideas expresadas por\u00a0Banki-moon,\u00a0Secretario General de la ONU en 2015.<\/p>\n<p><em>Con m\u00e1s de mil millones de turistas internacionales viajando por el mundo todos los a\u00f1os, el <strong>turismo<\/strong> se ha convertido en una poderosa fuerza transformadora que tiene una influencia decisiva en la vida de millones de personas. Las posibilidades del turismo de incidir en el <strong>desarrollo sostenible<\/strong> son considerables. Por ser uno de los principales sectores de generaci\u00f3n de empleo en el mundo, el turismo ofrece importantes oportunidades de subsistencia, con lo que contribuye a aliviar la pobreza e impulsar el desarrollo inclusivo.<\/em><\/p>\n<figure id=\"attachment_4635\" class=\"thumbnail wp-caption alignnone\" style=\"width: 710px\"><a href=\"http:\/\/tuaregviatges.es\/viajes\/wp-content\/uploads\/2016\/09\/Year-of-Sustainable-Tourism-for-Development-2017-logo.jpg\"><img loading=\"lazy\" decoding=\"async\" class=\"size-full wp-image-4635\" src=\"http:\/\/tuaregviatges.es\/viajes\/wp-content\/uploads\/2016\/09\/Year-of-Sustainable-Tourism-for-Development-2017-logo.jpg\" alt=\"2017 A\u00f1o Internacional del Turismo Sostenible para el Desarrollo\" width=\"700\" height=\"535\" srcset=\"https:\/\/tuaregviatges.es\/viajes\/wp-content\/uploads\/2016\/09\/Year-of-Sustainable-Tourism-for-Development-2017-logo.jpg 700w, https:\/\/tuaregviatges.es\/viajes\/wp-content\/uploads\/2016\/09\/Year-of-Sustainable-Tourism-for-Development-2017-logo-300x229.jpg 300w\" sizes=\"auto, (max-width: 700px) 100vw, 700px\" \/><\/a><figcaption class=\"caption wp-caption-text\">2017 A\u00f1o Internacional del Turismo Sostenible para el Desarrollo<\/figcaption><\/figure>\n<p>El A\u00f1o Internacional del Turismo Sostenible\u00a0hace\u00a0hincapi\u00e9 en el papel del turismo en los cinco \u00e1mbitos clave siguientes:<\/p>\n<ol>\n<li>Crecimiento econ\u00f3mico inclusivo y sostenible.<\/li>\n<li>Inclusi\u00f3n social, empleo y reducci\u00f3n de la pobreza.<\/li>\n<li>Uso eficiente de los recursos, protecci\u00f3n ambiental y cambio clim\u00e1tico.<\/li>\n<li>Valores culturales, diversidad y patrimonio.<\/li>\n<li>Comprensi\u00f3n mutua, paz y seguridad.<\/li>\n<\/ol>\n<figure id=\"attachment_4453\" class=\"thumbnail wp-caption alignnone\" style=\"width: 960px\"><a href=\"http:\/\/tuaregviatges.es\/viajes\/wp-content\/uploads\/2014\/03\/Sudan-Djebel-Barkal-Albert-Ferrer.jpg\"><img loading=\"lazy\" decoding=\"async\" class=\"size-full wp-image-4453\" src=\"http:\/\/tuaregviatges.es\/viajes\/wp-content\/uploads\/2014\/03\/Sudan-Djebel-Barkal-Albert-Ferrer.jpg\" alt=\"Sud\u00e1n - Jebel Barkal. Foto Albert Ferrer\" width=\"950\" height=\"633\" srcset=\"https:\/\/tuaregviatges.es\/viajes\/wp-content\/uploads\/2014\/03\/Sudan-Djebel-Barkal-Albert-Ferrer.jpg 950w, https:\/\/tuaregviatges.es\/viajes\/wp-content\/uploads\/2014\/03\/Sudan-Djebel-Barkal-Albert-Ferrer-300x200.jpg 300w, https:\/\/tuaregviatges.es\/viajes\/wp-content\/uploads\/2014\/03\/Sudan-Djebel-Barkal-Albert-Ferrer-768x512.jpg 768w\" sizes=\"auto, (max-width: 950px) 100vw, 950px\" \/><\/a><figcaption class=\"caption wp-caption-text\">Sud\u00e1n &#8211; Jebel Barkal. Foto Albert Ferrer<\/figcaption><\/figure>\n<p>Puedes ver con m\u00e1s detalles cada uno de los puntos en la web <a href=\"https:\/\/impacttourism.en-html.com\/\" target=\"_blank\" rel=\"noopener\">Tourism 4 development 2017<\/a> y tambi\u00e9n el v\u00eddeo que mostramos a continuaci\u00f3n.<\/p>\n<h3>V\u00eddeo A\u00f1o Internacional\u00a0Turismo Sostenible 2017<\/h3>\n<p><iframe loading=\"lazy\" src=\"https:\/\/www.youtube.com\/embed\/w-LGNsQbrlQ\" width=\"560\" height=\"315\" frameborder=\"0\" allowfullscreen=\"allowfullscreen\"><\/iframe><br \/>\nNuestro deseo para 2017 es que te sumes a la acci\u00f3n por un <strong>turismo m\u00e1s responsable y sostenible<\/strong>.<\/p>\n","protected":false},"excerpt":{"rendered":"<p>Las Naciones Unidas han proclamado\u00a02017 A\u00f1o Internacional del Turismo Sostenible para el Desarrollo. Esto es una buena noticia, pues seguro que ayudar\u00e1 a concienciar y sobretodo a actuar a todas las partes implicadas en el turismo, desde el lado profesional o el de los viajeros.<\/p>\n","protected":false},"author":1,"featured_media":4638,"comment_status":"open","ping_status":"open","sticky":false,"template":"","format":"standard","meta":{"footnotes":""},"categories":[171],"tags":[71,193,154,385,17],"class_list":["post-4632","post","type-post","status-publish","format-standard","has-post-thumbnail","hentry","category-noticias","tag-africa-2","tag-america","tag-asia","tag-europa","tag-viajes"],"_links":{"self":[{"href":"https:\/\/tuaregviatges.es\/viajes\/wp-json\/wp\/v2\/posts\/4632","targetHints":{"allow":["GET"]}}],"collection":[{"href":"https:\/\/tuaregviatges.es\/viajes\/wp-json\/wp\/v2\/posts"}],"about":[{"href":"https:\/\/tuaregviatges.es\/viajes\/wp-json\/wp\/v2\/types\/post"}],"author":[{"embeddable":true,"href":"https:\/\/tuaregviatges.es\/viajes\/wp-json\/wp\/v2\/users\/1"}],"replies":[{"embeddable":true,"href":"https:\/\/tuaregviatges.es\/viajes\/wp-json\/wp\/v2\/comments?post=4632"}],"version-history":[{"count":2,"href":"https:\/\/tuaregviatges.es\/viajes\/wp-json\/wp\/v2\/posts\/4632\/revisions"}],"predecessor-version":[{"id":16074,"href":"https:\/\/tuaregviatges.es\/viajes\/wp-json\/wp\/v2\/posts\/4632\/revisions\/16074"}],"wp:featuredmedia":[{"embeddable":true,"href":"https:\/\/tuaregviatges.es\/viajes\/wp-json\/wp\/v2\/media\/4638"}],"wp:attachment":[{"href":"https:\/\/tuaregviatges.es\/viajes\/wp-json\/wp\/v2\/media?parent=4632"}],"wp:term":[{"taxonomy":"category","embeddable":true,"href":"https:\/\/tuaregviatges.es\/viajes\/wp-json\/wp\/v2\/categories?post=4632"},{"taxonomy":"post_tag","embeddable":true,"href":"https:\/\/tuaregviatges.es\/viajes\/wp-json\/wp\/v2\/tags?post=4632"}],"curies":[{"name":"wp","href":"https:\/\/api.w.org\/{rel}","templated":true}]}}