{"id":5024,"date":"2024-03-17T12:24:20","date_gmt":"2024-03-17T10:24:20","guid":{"rendered":"http:\/\/tuareg.viajes\/?p=5024"},"modified":"2024-04-12T17:36:14","modified_gmt":"2024-04-12T15:36:14","slug":"magnificas-fotos-viajar-mongolia","status":"publish","type":"post","link":"https:\/\/tuaregviatges.es\/viajes\/magnificas-fotos-viajar-mongolia\/","title":{"rendered":"7 magn\u00edficas fotos de Mongolia"},"content":{"rendered":"<p>Nos adentramos en el pa\u00eds de <a href=\"http:\/\/tuaregviatges.es\/asia_mongolia.html\" target=\"_blank\" rel=\"noopener\"><strong>Mongolia<\/strong><\/a> a trav\u00e9s de 7 estupendas fotograf\u00edas que tratan de condensar sus paisajes y formas de vida. Sabemos que es un flash fugaz, pero que nos traslada por un momento a sus inmensos espacios verdes, al mundo de los n\u00f3madas que se mueven al son del ciclo de las estaciones y a unas <a href=\"http:\/\/tuareg.viajes\/viajar-mongolia-costumbres-mongoles\/\" target=\"_blank\" rel=\"noopener\">formas de vida y costumbres<\/a> en constante erosi\u00f3n por la llegada de la supuesta modernidad.<\/p>\n<p><!--more--><\/p>\n<h2>Descubre la belleza y las costumbres de Mongolia<\/h2>\n<h3>1. Un pueblo en contacto con la naturaleza<\/h3>\n<blockquote class=\"instagram-media\" style=\"background: #FFF; border: 0; border-radius: 3px; box-shadow: 0 0 1px 0 rgba(0,0,0,0.5),0 1px 10px 0 rgba(0,0,0,0.15); margin: 1px; max-width: 658px; padding: 0; width: calc(100% - 2px);\" data-instgrm-captioned=\"\" data-instgrm-version=\"7\">\n<div style=\"padding: 8px;\">\n<div style=\"background: #F8F8F8; line-height: 0; margin-top: 40px; padding: 62.4537037037037% 0; text-align: center; width: 100%;\"><\/div>\n<p style=\"margin: 8px 0 0 0; padding: 0 4px;\"><a style=\"color: #000; font-family: Arial,sans-serif; font-size: 14px; font-style: normal; font-weight: normal; line-height: 17px; text-decoration: none; word-wrap: break-word;\" href=\"https:\/\/www.instagram.com\/p\/BRs0YzggQxN\/\" target=\"_blank\" rel=\"noopener\">I am excited to start sharing a series of photos from a project I shot this winter in Western Mongolia where I spent a week living and hunting with Mongolia Eagle Hunters. It was such an incredible experience learning about their culture, way of life and how they survive and prosper in such a harsh environment. More details, photos to come\u2026 #EagleHunters #Mongolia @RedBulletin<\/a><\/p>\n<p style=\"color: #c9c8cd; font-family: Arial,sans-serif; font-size: 14px; line-height: 17px; margin-bottom: 0; margin-top: 8px; overflow: hidden; padding: 8px 0 7px; text-align: center; text-overflow: ellipsis; white-space: nowrap;\">Una publicaci\u00f3n compartida de Justin Bastien (@justinbastien) el <time style=\"font-family: Arial,sans-serif; font-size: 14px; line-height: 17px;\" datetime=\"2017-03-16T13:14:18+00:00\">16 de Mar de 2017 a la(s) 6:14 PDT<\/time><\/p>\n<\/div>\n<\/blockquote>\n<p><script async defer src=\"\/\/platform.instagram.com\/en_US\/embeds.js\"><\/script><\/p>\n<h3>2. La vida n\u00f3mada en el Desierto de Gobi<\/h3>\n<blockquote class=\"instagram-media\" style=\"background: #FFF; border: 0; border-radius: 3px; box-shadow: 0 0 1px 0 rgba(0,0,0,0.5),0 1px 10px 0 rgba(0,0,0,0.15); margin: 1px; max-width: 658px; padding: 0; width: calc(100% - 2px);\" data-instgrm-captioned=\"\" data-instgrm-version=\"7\">\n<div style=\"padding: 8px;\">\n<div style=\"background: #F8F8F8; line-height: 0; margin-top: 40px; padding: 33.33333333333333% 0; text-align: center; width: 100%;\"><\/div>\n<p style=\"margin: 8px 0 0 0; padding: 0 4px;\"><a style=\"color: #000; font-family: Arial,sans-serif; font-size: 14px; font-style: normal; font-weight: normal; line-height: 17px; text-decoration: none; word-wrap: break-word;\" href=\"https:\/\/www.instagram.com\/p\/BLXFFHsFVXe\/\" target=\"_blank\" rel=\"noopener\">Another way of living &#8211; survival in the Gobi desert. I was lucky enough to live with these amazing people #IndigenousPeoplesDays #indgenouspeoplesday #survivalinternational #gobidesert #mongoliannomads<\/a><\/p>\n<p style=\"color: #c9c8cd; font-family: Arial,sans-serif; font-size: 14px; line-height: 17px; margin-bottom: 0; margin-top: 8px; overflow: hidden; padding: 8px 0 7px; text-align: center; text-overflow: ellipsis; white-space: nowrap;\">Una publicaci\u00f3n compartida de catvinton (@catvinton) el <time style=\"font-family: Arial,sans-serif; font-size: 14px; line-height: 17px;\" datetime=\"2016-10-09T23:28:30+00:00\">9 de Oct de 2016 a la(s) 4:28 PDT<\/time><\/p>\n<\/div>\n<\/blockquote>\n<p><script async defer src=\"\/\/platform.instagram.com\/en_US\/embeds.js\"><\/script><\/p>\n<h3>3. Paisajes inmensos y numerosos Parques Nacionales<\/h3>\n<blockquote class=\"instagram-media\" style=\"background: #FFF; border: 0; border-radius: 3px; box-shadow: 0 0 1px 0 rgba(0,0,0,0.5),0 1px 10px 0 rgba(0,0,0,0.15); margin: 1px; max-width: 658px; padding: 0; width: calc(100% - 2px);\" data-instgrm-captioned=\"\" data-instgrm-version=\"7\">\n<div style=\"padding: 8px;\">\n<div style=\"background: #F8F8F8; line-height: 0; margin-top: 40px; padding: 50.0% 0; text-align: center; width: 100%;\"><\/div>\n<p style=\"margin: 8px 0 0 0; padding: 0 4px;\"><a style=\"color: #000; font-family: Arial,sans-serif; font-size: 14px; font-style: normal; font-weight: normal; line-height: 17px; text-decoration: none; word-wrap: break-word;\" href=\"https:\/\/www.instagram.com\/p\/BK3T_EyhJrd\/\" target=\"_blank\" rel=\"noopener\">the camp #yurt #7m\u00f6n\u00e4teurosat #mongolia #tereljnationalpark #7m\u00f6n\u00e4teurosat<\/a><\/p>\n<p style=\"color: #c9c8cd; font-family: Arial,sans-serif; font-size: 14px; line-height: 17px; margin-bottom: 0; margin-top: 8px; overflow: hidden; padding: 8px 0 7px; text-align: center; text-overflow: ellipsis; white-space: nowrap;\">Una publicaci\u00f3n compartida de @andreas_fehr el <time style=\"font-family: Arial,sans-serif; font-size: 14px; line-height: 17px;\" datetime=\"2016-09-27T15:23:03+00:00\">27 de Sep de 2016 a la(s) 8:23 PDT<\/time><\/p>\n<\/div>\n<\/blockquote>\n<p><script async defer src=\"\/\/platform.instagram.com\/en_US\/embeds.js\"><\/script><\/p>\n<h3>4. Lago Khovsgol, el segundo mayor de Mongolia<\/h3>\n<blockquote class=\"instagram-media\" style=\"background: #FFF; border: 0; border-radius: 3px; box-shadow: 0 0 1px 0 rgba(0,0,0,0.5),0 1px 10px 0 rgba(0,0,0,0.15); margin: 1px; max-width: 658px; padding: 0; width: calc(100% - 2px);\" data-instgrm-captioned=\"\" data-instgrm-version=\"7\">\n<div style=\"padding: 8px;\">\n<div style=\"background: #F8F8F8; line-height: 0; margin-top: 40px; padding: 62.434895833333336% 0; text-align: center; width: 100%;\"><\/div>\n<p style=\"margin: 8px 0 0 0; padding: 0 4px;\"><a style=\"color: #000; font-family: Arial,sans-serif; font-size: 14px; font-style: normal; font-weight: normal; line-height: 17px; text-decoration: none; word-wrap: break-word;\" href=\"https:\/\/www.instagram.com\/p\/BLypSQDhyKN\/\" target=\"_blank\" rel=\"noopener\">Standing on #LakeKhovsgol, 850 feet above the bottom. More from #Mongolia with @nomadicexpeditions in this week&#8217;s @FT_HowToSpendIt \u2022 \u2022 \u2022 \u2022 \u2022 #kodakfilm #portra400 #portra #kodak #shootfilm #pentax67<\/a><\/p>\n<p style=\"color: #c9c8cd; font-family: Arial,sans-serif; font-size: 14px; line-height: 17px; margin-bottom: 0; margin-top: 8px; overflow: hidden; padding: 8px 0 7px; text-align: center; text-overflow: ellipsis; white-space: nowrap;\">Una publicaci\u00f3n compartida de Michael Turek (@michaelturek) el <time style=\"font-family: Arial,sans-serif; font-size: 14px; line-height: 17px;\" datetime=\"2016-10-20T16:24:22+00:00\">20 de Oct de 2016 a la(s) 9:24 PDT<\/time><\/p>\n<\/div>\n<\/blockquote>\n<p><script async defer src=\"\/\/platform.instagram.com\/en_US\/embeds.js\"><\/script><\/p>\n<h3>5. Monasterio budista Erdene Zuu, el m\u00e1s antiguo del pa\u00eds<\/h3>\n<blockquote class=\"instagram-media\" style=\"background: #FFF; border: 0; border-radius: 3px; box-shadow: 0 0 1px 0 rgba(0,0,0,0.5),0 1px 10px 0 rgba(0,0,0,0.15); margin: 1px; max-width: 658px; padding: 0; width: calc(100% - 2px);\" data-instgrm-captioned=\"\" data-instgrm-version=\"7\">\n<div style=\"padding: 8px;\">\n<div style=\"background: #F8F8F8; line-height: 0; margin-top: 40px; padding: 37.5% 0; text-align: center; width: 100%;\"><\/div>\n<p style=\"margin: 8px 0 0 0; padding: 0 4px;\"><a style=\"color: #000; font-family: Arial,sans-serif; font-size: 14px; font-style: normal; font-weight: normal; line-height: 17px; text-decoration: none; word-wrap: break-word;\" href=\"https:\/\/www.instagram.com\/p\/BKAcl34hUWx\/\" target=\"_blank\" rel=\"noopener\">thought to be one of the earliest surviving Buddhist monasteries in Mongolia. built in 1585 using stones from the ruins of the ancient capital Karakorum. #erdenezuu #traveldeeper #travel #Mongolia #buddhism #stupa #historyiscool #intowonder<\/a><\/p>\n<p style=\"color: #c9c8cd; font-family: Arial,sans-serif; font-size: 14px; line-height: 17px; margin-bottom: 0; margin-top: 8px; overflow: hidden; padding: 8px 0 7px; text-align: center; text-overflow: ellipsis; white-space: nowrap;\">Una publicaci\u00f3n compartida de Kenzie Anderson (@kenzie_clarke) el <time style=\"font-family: Arial,sans-serif; font-size: 14px; line-height: 17px;\" datetime=\"2016-09-06T08:00:01+00:00\">6 de Sep de 2016 a la(s) 1:00 PDT<\/time><\/p>\n<\/div>\n<\/blockquote>\n<p><script async defer src=\"\/\/platform.instagram.com\/en_US\/embeds.js\"><\/script><\/p>\n<h3>6. Valle de Orkhon,\u00a0Patrimonio de la Humanidad desde 2004<\/h3>\n<blockquote class=\"instagram-media\" style=\"background: #FFF; border: 0; border-radius: 3px; box-shadow: 0 0 1px 0 rgba(0,0,0,0.5),0 1px 10px 0 rgba(0,0,0,0.15); margin: 1px; max-width: 658px; padding: 0; width: calc(100% - 2px);\" data-instgrm-captioned=\"\" data-instgrm-version=\"7\">\n<div style=\"padding: 8px;\">\n<div style=\"background: #F8F8F8; line-height: 0; margin-top: 40px; padding: 50.0% 0; text-align: center; width: 100%;\"><\/div>\n<p style=\"margin: 8px 0 0 0; padding: 0 4px;\"><a style=\"color: #000; font-family: Arial,sans-serif; font-size: 14px; font-style: normal; font-weight: normal; line-height: 17px; text-decoration: none; word-wrap: break-word;\" href=\"https:\/\/www.instagram.com\/p\/BJ1rKQrjcyl\/\" target=\"_blank\" rel=\"noopener\">A very good morning with this incredible blue sky. #mongolia #orkhonvalley #mongoliatrip #mongolianature<\/a><\/p>\n<p style=\"color: #c9c8cd; font-family: Arial,sans-serif; font-size: 14px; line-height: 17px; margin-bottom: 0; margin-top: 8px; overflow: hidden; padding: 8px 0 7px; text-align: center; text-overflow: ellipsis; white-space: nowrap;\">Una publicaci\u00f3n compartida de s.klight (@s.klight) el <time style=\"font-family: Arial,sans-serif; font-size: 14px; line-height: 17px;\" datetime=\"2016-09-02T03:35:41+00:00\">1 de Sep de 2016 a la(s) 8:35 PDT<\/time><\/p>\n<\/div>\n<\/blockquote>\n<p><script async defer src=\"\/\/platform.instagram.com\/en_US\/embeds.js\"><\/script><\/p>\n<h3>7. Tradiciones ancestrales. Festival de Naadam<\/h3>\n<blockquote class=\"instagram-media\" style=\"background: #FFF; border: 0; border-radius: 3px; box-shadow: 0 0 1px 0 rgba(0,0,0,0.5),0 1px 10px 0 rgba(0,0,0,0.15); margin: 1px; max-width: 658px; padding: 0; width: calc(100% - 2px);\" data-instgrm-captioned=\"\" data-instgrm-version=\"7\">\n<div style=\"padding: 8px;\">\n<div style=\"background: #F8F8F8; line-height: 0; margin-top: 40px; padding: 59.71258671952428% 0; text-align: center; width: 100%;\"><\/div>\n<p style=\"margin: 8px 0 0 0; padding: 0 4px;\"><a style=\"color: #000; font-family: Arial,sans-serif; font-size: 14px; font-style: normal; font-weight: normal; line-height: 17px; text-decoration: none; word-wrap: break-word;\" href=\"https:\/\/www.instagram.com\/p\/BP8QH7tg8tX\/\" target=\"_blank\" rel=\"noopener\">Mongolian archery &#8211; one of the \u00abthree manly skills\u00bb tested at the Naadam Festival #mongolia #naadam #centralasia<\/a><\/p>\n<p style=\"color: #c9c8cd; font-family: Arial,sans-serif; font-size: 14px; line-height: 17px; margin-bottom: 0; margin-top: 8px; overflow: hidden; padding: 8px 0 7px; text-align: center; text-overflow: ellipsis; white-space: nowrap;\">Una publicaci\u00f3n compartida de Ross Kennedy (@rosskennedyimages) el <time style=\"font-family: Arial,sans-serif; font-size: 14px; line-height: 17px;\" datetime=\"2017-01-31T20:02:29+00:00\">31 de Ene de 2017 a la(s) 12:02 PST<\/time><\/p>\n<\/div>\n<\/blockquote>\n<p><script async defer src=\"\/\/platform.instagram.com\/en_US\/embeds.js\"><\/script><\/p>\n<h1 class=\"entry-title \">Pr\u00f3ximos viajes a Mongolia<\/h1>\n<section id=\"naadam\" style=\"width: 100%; border: 1px solid #BE6521; border-radius: 10px; text-align: left; margin-top: 20px;\">\n<div style=\"margin-top: -20px; background: #BE6521; color: #ffffff; border-radius: 10px 10px 0px 0px; min-height: 40px;\">\n<div style=\"margin: 0 15px;\">\n<h2 style=\"border-radius: 10px 10px 0px 0px; padding: 5px 0px; line-height: 1;\"><a style=\"color: #ffffff; font-family: 'Amatic SC', sans-serif;\" href=\"https:\/\/tuaregviatges.es\/asia\/viajes_a_mongolia\/Desierto_de_Gobi__Estepa_Central_y_Lago_Khovsgol-1.htm\">Festival de Naadam, Gobi y Parque Nac. Khorgo-Terjin Tsagan<\/a><\/h2>\n<\/div>\n<div style=\"height: 33vh; margin: 0; background: url('https:\/\/tuaregviatges.es\/rutas\/seccionesRutas\/6674.jpg'); background-repeat: no-repeat; background-size: cover; max-height: 600px;\"><\/div>\n<\/div>\n<div style=\"width: auto; color: #be6521; padding-left: 10px; line-height: 1.5; margin-top: -20px; padding-top: 0px;\">\n<div><a style=\"color: #be6521; padding-right: 10px; font-weight: bolder; font-size: 20px; font-family: 'Amatic SC', sans-serif;\" href=\"https:\/\/tuaregviatges.es\/asia_mongolia.html\"><br \/>\n<img decoding=\"async\" class=\"ico-place\" style=\"height: 35px; width: 35; margin: -10px; margin-right: 3px;\" src=\"https:\/\/tuaregviatges.es\/iconos\/place.svg\" \/>Mongolia<\/a><\/div>\n<div>\n<div style=\"color: #000000;\"><span style=\"color: #96a610;\">\u2714\ufe0f Viaje de 18 d\u00edas<\/span><br \/>\n<span style=\"color: #96a610;\">\u2714\ufe0f Salida 8 JUL 2024<\/span><br \/>\n<span style=\"color: #96a610;\">\u2714\ufe0f Precio a partir de<strong> 3400\u20ac<\/strong><\/span><\/div>\n<div><\/div>\n<div style=\"color: #000000;\"><em> Adaptado a estas celebraciones, el itinerario sigue la ruta cl\u00e1sica de Mongolia, que con origen en el desierto de Gobi se dirige hacia la estepa central las monta\u00f1as del Khangai.<br \/>\n<\/em><\/div>\n<p style=\"text-align: center; margin: 20px;\"><a href=\"https:\/\/tuaregviatges.es\/asia\/viajes_a_mongolia\/Desierto_de_Gobi__Estepa_Central_y_Lago_Khovsgol-1.htm\"><span style=\"background-color: #96a610; color: #ffffff; padding: 10px 20px; border-radius: 25px;\" title=\"Viajar a Albania en julio\">+Info del viaje<\/span><\/a><\/p>\n<p><img decoding=\"async\" class=\"aligncenter\" src=\"https:\/\/tuaregviatges.es\/asia\/viajes_a_mongolia\/mapa\/Desierto_de_Gobi__Estepa_Central_y_Lago_Khovsgol-1.jpg\" alt=\"Mongolia + Festival de Naadam, Gobi y Parque Nac. Khorgo-Terjin Tsagan\" \/><\/p>\n<\/div>\n<\/div>\n<\/section>\n<section id=\"gobi\" style=\"width: 100%; border: 1px solid #BE6521; border-radius: 10px; text-align: left; margin-top: 20px;\">\n<div style=\"margin-top: -20px; background: #BE6521; color: #ffffff; border-radius: 10px 10px 0px 0px; min-height: 40px;\">\n<div style=\"margin: 0 15px;\">\n<h2 style=\"border-radius: 10px 10px 0px 0px; padding: 5px 0px; line-height: 1;\"><a style=\"color: #ffffff; font-family: 'Amatic SC', sans-serif;\" href=\"https:\/\/tuaregviatges.es\/asia\/viajes_a_mongolia\/Desierto_de_Gobi__Estepa_Central_y_Lago_Khovsgol.htm\">Desierto de Gobi, Estepa Central y Parque Nac de Khorgo<\/a><\/h2>\n<\/div>\n<div style=\"height: 33vh; margin: 0; background: url('https:\/\/tuaregviatges.es\/rutas\/seccionesRutas\/15608.jpg'); background-repeat: no-repeat; background-size: cover; max-height: 600px;\"><\/div>\n<\/div>\n<div style=\"width: auto; color: #be6521; padding-left: 10px; line-height: 1.5; margin-top: -20px; padding-top: 0px;\">\n<div><a style=\"color: #be6521; padding-right: 10px; font-weight: bolder; font-size: 20px; font-family: 'Amatic SC', sans-serif;\" href=\"https:\/\/tuaregviatges.es\/asia_mongolia.html\"><br \/>\n<img decoding=\"async\" class=\"ico-place\" style=\"height: 35px; width: 35; margin: -10px; margin-right: 3px;\" src=\"https:\/\/tuaregviatges.es\/iconos\/place.svg\" \/>Mongolia<\/a><\/div>\n<div>\n<div style=\"color: #000000;\"><span style=\"color: #96a610;\">\u2714\ufe0f Viaje de 18 d\u00edas<\/span><br \/>\n<span style=\"color: #96a610;\">\u2714\ufe0f Salida 8 JUL<span class=\"lt\"> &gt; <\/span>3, 10 AGO 2024<\/span><br \/>\n<span style=\"color: #96a610;\">\u2714\ufe0f Precio a partir de<strong> 3050\u20ac<\/strong><\/span><\/div>\n<div><\/div>\n<div style=\"color: #000000;\"><em> Desiertos, un inmenso mar de hierba y monta\u00f1as cubiertas de bosques esperan al visitante que acepta el reto de un viaje a nuestras ant\u00edpodas culturales<br \/>\n<\/em><\/div>\n<p style=\"text-align: center; margin: 20px;\"><a href=\"https:\/\/tuaregviatges.es\/asia\/viajes_a_mongolia\/Desierto_de_Gobi__Estepa_Central_y_Lago_Khovsgol.htm\"><span style=\"background-color: #96a610; color: #ffffff; padding: 10px 20px; border-radius: 25px;\" title=\"Viajar a Albania en julio\">+Info del viaje<\/span><\/a><\/p>\n<p>&nbsp;<\/p>\n<\/div>\n<\/div>\n<\/section>\n","protected":false},"excerpt":{"rendered":"<p>Nos adentramos en el pa\u00eds de Mongolia a trav\u00e9s de 7 estupendas fotograf\u00edas que tratan de condensar sus paisajes y formas de vida. Sabemos que es un flash fugaz, pero que nos traslada por un momento a sus inmensos espacios verdes, al mundo de los n\u00f3madas que se mueven al son del ciclo de las [&hellip;]<\/p>\n","protected":false},"author":1,"featured_media":5030,"comment_status":"open","ping_status":"open","sticky":false,"template":"","format":"standard","meta":{"footnotes":""},"categories":[147],"tags":[154,392,247,310],"class_list":["post-5024","post","type-post","status-publish","format-standard","has-post-thumbnail","hentry","category-viajes_asia","tag-asia","tag-festival-naadam","tag-mongolia","tag-antropologia"],"_links":{"self":[{"href":"https:\/\/tuaregviatges.es\/viajes\/wp-json\/wp\/v2\/posts\/5024","targetHints":{"allow":["GET"]}}],"collection":[{"href":"https:\/\/tuaregviatges.es\/viajes\/wp-json\/wp\/v2\/posts"}],"about":[{"href":"https:\/\/tuaregviatges.es\/viajes\/wp-json\/wp\/v2\/types\/post"}],"author":[{"embeddable":true,"href":"https:\/\/tuaregviatges.es\/viajes\/wp-json\/wp\/v2\/users\/1"}],"replies":[{"embeddable":true,"href":"https:\/\/tuaregviatges.es\/viajes\/wp-json\/wp\/v2\/comments?post=5024"}],"version-history":[{"count":3,"href":"https:\/\/tuaregviatges.es\/viajes\/wp-json\/wp\/v2\/posts\/5024\/revisions"}],"predecessor-version":[{"id":13479,"href":"https:\/\/tuaregviatges.es\/viajes\/wp-json\/wp\/v2\/posts\/5024\/revisions\/13479"}],"wp:featuredmedia":[{"embeddable":true,"href":"https:\/\/tuaregviatges.es\/viajes\/wp-json\/wp\/v2\/media\/5030"}],"wp:attachment":[{"href":"https:\/\/tuaregviatges.es\/viajes\/wp-json\/wp\/v2\/media?parent=5024"}],"wp:term":[{"taxonomy":"category","embeddable":true,"href":"https:\/\/tuaregviatges.es\/viajes\/wp-json\/wp\/v2\/categories?post=5024"},{"taxonomy":"post_tag","embeddable":true,"href":"https:\/\/tuaregviatges.es\/viajes\/wp-json\/wp\/v2\/tags?post=5024"}],"curies":[{"name":"wp","href":"https:\/\/api.w.org\/{rel}","templated":true}]}}