{"id":5769,"date":"2017-06-21T10:08:38","date_gmt":"2017-06-21T09:08:38","guid":{"rendered":"http:\/\/tuaregviatges.es\/viajes\/?p=5769"},"modified":"2018-06-21T13:05:52","modified_gmt":"2018-06-21T12:05:52","slug":"inti-raymi-solsticio-invierno-hemisferio-sur","status":"publish","type":"post","link":"https:\/\/tuaregviatges.es\/viajes\/inti-raymi-solsticio-invierno-hemisferio-sur\/","title":{"rendered":"Inti Raymi , el solsticio de invierno en el hemisferio sur"},"content":{"rendered":"<p>La palabra <strong>\u00ab<em>Solsticio\u00bb\u00a0<\/em><\/strong>proviene del lat\u00edn solstitium, que significa sol y statum, es decir, sol est\u00e1tico. Se produce en una \u00e9poca el a\u00f1o donde el sol se encuentra en uno de los tr\u00f3picos y eso hace que la duraci\u00f3n del d\u00eda o de la noche sean las m\u00e1ximas del a\u00f1o.<\/p>\n<p>Suele ocurrir sobre el 21 de junio aproximadamente y se puede llamar solsticio de verano o vernal, para quien se encuentra en el hemisferio norte y quiere decir que el d\u00eda ser\u00e1 el m\u00e1s largo y la noche m\u00e1s cora. por el contrario, para los que se encuentren en el hemisferio sur, ser\u00e1 su solsticio de invierno o hiemal que supone todo lo contrario al anterior, el d\u00eda m\u00e1s corto y la noche m\u00e1s larga. Pero ambos tienen una cosa en com\u00fan; los rituales, celebraciones y tradiciones que giran entorno al rey sol como s\u00edmbolo de renacimiento y esperanza.<\/p>\n<p><!--more--><\/p>\n<p><img loading=\"lazy\" decoding=\"async\" class=\"aligncenter wp-image-5770 size-large\" title=\"Amanecer en Cuzco - David Mart\u00ednez\" src=\"http:\/\/tuaregviatges.es\/viajes\/wp-content\/uploads\/2017\/06\/Peru-Despierta-Cuzco-David_Martinez_Almazul-1024x683.jpg\" alt=\"\" width=\"648\" height=\"432\" srcset=\"https:\/\/tuaregviatges.es\/viajes\/wp-content\/uploads\/2017\/06\/Peru-Despierta-Cuzco-David_Martinez_Almazul-1024x683.jpg 1024w, https:\/\/tuaregviatges.es\/viajes\/wp-content\/uploads\/2017\/06\/Peru-Despierta-Cuzco-David_Martinez_Almazul-300x200.jpg 300w, https:\/\/tuaregviatges.es\/viajes\/wp-content\/uploads\/2017\/06\/Peru-Despierta-Cuzco-David_Martinez_Almazul-768x512.jpg 768w\" sizes=\"auto, (max-width: 648px) 100vw, 648px\" \/><\/p>\n<h6 style=\"text-align: center;\">Amanecer en Cuzco de David Mart\u00ednez<\/h6>\n<p>&nbsp;<\/p>\n<p>Nos desplazamos hasta\u00a0el hemisferio sur, en <strong>Per\u00fa<\/strong>, donde en <strong>Cuzco<\/strong> tiene lugar el Inti Raymi, la fiesta del sol. Una antigua ceremonia religiosa del imperio Inca en honor al dios <strong>Inti<\/strong>. Es un s\u00edmbolo de gratitud a la madre tierra por su bondad en la producci\u00f3n y cosecha de productos tradicionales. Se celebra con m\u00fasica y danza.<\/p>\n<p>Esta fiesta fue instituida por el inca <strong>Pachac\u00fatec<\/strong> hace ya m\u00e1s de 6 siglos como la fiesta al Dios Sol. Los cusque\u00f1os la siguen celebrando a d\u00eda de hoy con el mismo fervor que sus ancestros. Esta fiesta la realizan el 24 de junio ya que desde 1994 fueron instituidas las fiestas de la ciudad en memoria de su origen milenario y cuna de la gran civilizaci\u00f3n inca.<\/p>\n<p>En Cuzco, para esta celebraci\u00f3n, se utilizan tres escenarios: el <strong>Quorikancha<\/strong> que en la \u00e9poca inca era el templo consagrado al sol, l<strong>a Plaza de Armas<\/strong> que durante el incanato, la celebraci\u00f3n se hac\u00eda all\u00ed \u00edntegramente y por \u00faltimo el <strong>Saqsaywaman<\/strong> el centro arqueol\u00f3gico de Cuzco.<\/p>\n<p>&nbsp;<\/p>\n<h4><em><a href=\"http:\/\/tuaregviatges.es\/america_del_sur\/viajes_a_peru\/Travesia_Arequipa-Titicaca-Cuzco.htm\">\u21d2 Conoce m\u00e1s sobre nuestro viaje a Per\u00fa\u00a0<\/a><\/em><\/h4>\n<p>&nbsp;<\/p>\n<div><\/div>\n","protected":false},"excerpt":{"rendered":"<p>La palabra \u00abSolsticio\u00bb\u00a0proviene del lat\u00edn solstitium, que significa sol y statum, es decir, sol est\u00e1tico. Se produce en una \u00e9poca el a\u00f1o donde el sol se encuentra en uno de los tr\u00f3picos y eso hace que la duraci\u00f3n del d\u00eda o de la noche sean las m\u00e1ximas del a\u00f1o. Suele ocurrir sobre el 21 de [&hellip;]<\/p>\n","protected":false},"author":1,"featured_media":5775,"comment_status":"closed","ping_status":"closed","sticky":false,"template":"single-rutas.php","format":"standard","meta":{"footnotes":""},"categories":[183,591,257],"tags":[267,17],"class_list":["post-5769","post","type-post","status-publish","format-standard","has-post-thumbnail","hentry","category-viajes_america","category-peru","category-viajes-verano","tag-peru","tag-viajes"],"_links":{"self":[{"href":"https:\/\/tuaregviatges.es\/viajes\/wp-json\/wp\/v2\/posts\/5769","targetHints":{"allow":["GET"]}}],"collection":[{"href":"https:\/\/tuaregviatges.es\/viajes\/wp-json\/wp\/v2\/posts"}],"about":[{"href":"https:\/\/tuaregviatges.es\/viajes\/wp-json\/wp\/v2\/types\/post"}],"author":[{"embeddable":true,"href":"https:\/\/tuaregviatges.es\/viajes\/wp-json\/wp\/v2\/users\/1"}],"replies":[{"embeddable":true,"href":"https:\/\/tuaregviatges.es\/viajes\/wp-json\/wp\/v2\/comments?post=5769"}],"version-history":[{"count":4,"href":"https:\/\/tuaregviatges.es\/viajes\/wp-json\/wp\/v2\/posts\/5769\/revisions"}],"predecessor-version":[{"id":5774,"href":"https:\/\/tuaregviatges.es\/viajes\/wp-json\/wp\/v2\/posts\/5769\/revisions\/5774"}],"wp:featuredmedia":[{"embeddable":true,"href":"https:\/\/tuaregviatges.es\/viajes\/wp-json\/wp\/v2\/media\/5775"}],"wp:attachment":[{"href":"https:\/\/tuaregviatges.es\/viajes\/wp-json\/wp\/v2\/media?parent=5769"}],"wp:term":[{"taxonomy":"category","embeddable":true,"href":"https:\/\/tuaregviatges.es\/viajes\/wp-json\/wp\/v2\/categories?post=5769"},{"taxonomy":"post_tag","embeddable":true,"href":"https:\/\/tuaregviatges.es\/viajes\/wp-json\/wp\/v2\/tags?post=5769"}],"curies":[{"name":"wp","href":"https:\/\/api.w.org\/{rel}","templated":true}]}}