{"id":5792,"date":"2023-04-03T13:50:11","date_gmt":"2023-04-03T11:50:11","guid":{"rendered":"http:\/\/tuaregviatges.es\/viajes\/?p=5792"},"modified":"2023-05-25T14:34:15","modified_gmt":"2023-05-25T12:34:15","slug":"la-guajira-peninsula-de-mar-sal-y-arena","status":"publish","type":"post","link":"https:\/\/tuaregviatges.es\/viajes\/la-guajira-peninsula-de-mar-sal-y-arena\/","title":{"rendered":"La Guajira: pen\u00ednsula de mar, sal y arena | Colombia"},"content":{"rendered":"<p>Un pedazo de <strong>Colombia<\/strong> que se adentra en el <strong>Caribe<\/strong>; as\u00ed es como <strong>la Guajira<\/strong> aparece en el mapa. Situada en la frontera con <strong>Venezuela<\/strong>, es el lugar m\u00e1s septentrional de <strong>Sudam\u00e9rica<\/strong> y tambi\u00e9n uno de los m\u00e1s v\u00edrgenes, es la tierra de los indios <strong>Way\u00fau<\/strong>, un espacio desconocido incluso para los colombianos.<\/p>\n<p><!--more-->Es la cuna del <strong>vallenato,<\/strong> que suena en cada esquina de la capital, <strong>Rioacha<\/strong>. Huelga decir que su origen es inexacto, pero si se sabe que los cantos de \u00a0vaqueria con la que los peones de las grandes haciendas acompa\u00f1aban sus noches, han sido la base para lo que m\u00e1s tarde se convertir\u00eda en historias cantadas que derivaron en las canciones vallenatas. \u00a0El conjunto que toca estas canciones est\u00e1 compuesto por tres instrumentos:<strong> el tambor o caja, la guacharaca y el acorde\u00f3n<\/strong>. Es interesante ver que cada uno de estos tres instrumentos tiene origen en cada una de las tres razas que conforman la Guajira: el acorde\u00f3n viene de <strong>Europa<\/strong>, el tambor de <strong>\u00c1frica<\/strong> y la guacharaca de los <strong>ind\u00edgenas colombianos.<\/strong><\/p>\n<p><img loading=\"lazy\" decoding=\"async\" class=\"aligncenter wp-image-5794 size-large\" src=\"http:\/\/tuaregviatges.es\/viajes\/wp-content\/uploads\/2017\/07\/b7a51d0d03198e8cd753b60ae08e9761-1-1024x682.jpg\" alt=\"\" width=\"648\" height=\"432\" srcset=\"https:\/\/tuaregviatges.es\/viajes\/wp-content\/uploads\/2017\/07\/b7a51d0d03198e8cd753b60ae08e9761-1-1024x682.jpg 1024w, https:\/\/tuaregviatges.es\/viajes\/wp-content\/uploads\/2017\/07\/b7a51d0d03198e8cd753b60ae08e9761-1-300x200.jpg 300w, https:\/\/tuaregviatges.es\/viajes\/wp-content\/uploads\/2017\/07\/b7a51d0d03198e8cd753b60ae08e9761-1-768x512.jpg 768w, https:\/\/tuaregviatges.es\/viajes\/wp-content\/uploads\/2017\/07\/b7a51d0d03198e8cd753b60ae08e9761-1.jpg 1100w\" sizes=\"auto, (max-width: 648px) 100vw, 648px\" \/><\/p>\n<p style=\"text-align: center;\">Autora: Pilar Sierra<\/p>\n<p style=\"text-align: left;\"><strong>Tierra silenciosa, solitaria, \u00e1rida y m\u00edstica a partes iguales<\/strong>, lugar de atardeceres m\u00e1gicos hasta donde alcanza la vista y de procedencia de los\u00a0<strong>Wayuu<\/strong>,\u00a0<strong>una de las etnias m\u00e1s antiguas de Colombia<\/strong>. Tambi\u00e9n llamados wayu, waiu, guajiro o u\u00e1ira es el ind\u00edgena que habita este lugar desde hace siglos y\u00a0su econom\u00eda se basa en el pastoreo, el cultivo de frijoles y ma\u00edz, la extracci\u00f3n de sal y el tejido.\u00a0Es una sociedad organizada por clanes y habitan en rancher\u00edas \u00a0peque\u00f1as comunidades distantes unas de otras, conformadas por agrupaciones de parientes cercanas al clan. Dentro del pueblo way\u00fau existe todav\u00eda la autoridad tradicional y un sistema propio de administraci\u00f3n con parlamento propio regido por el palabrero, que es quien resuelve los conflictos entre los diferentes clanes.<\/p>\n<h3>Pr\u00f3ximos viajes a Colombia<\/h3>\n<section style=\"width: 100%; border: 1px solid #BE6521; border-radius: 10px; text-align: left; margin-top: 20px;\">\n<div style=\"margin-top: -20px; background: #BE6521; padding-left: 15px; color: #ffffff; border-radius: 10px 10px 0px 0px;\">\n<h2 style=\"border-radius: 10px 10px 0px 0px; padding: 5px 0px; line-height: 1;\"><a style=\"color: #ffffff;\" href=\"https:\/\/tuaregviatges.es\/america_del_sur\/viajes_a_colombia\/Parques_Naturales__ciudades_coloniales_y_el_Caribe.htm\">Andes, Caf\u00e9, Caribe y desierto de la Guajira<\/a><\/h2>\n<\/div>\n<div style=\"width: auto; color: #be6521; padding-left: 10px;\">\n<p>\u2714\ufe0f <a style=\"color: #be6521;\" href=\"https:\/\/tuaregviatges.es\/america_colombia.html\">Colombia<\/a><br \/>\n\u2714\ufe0f Viaje de 16 d\u00edas<br \/>\n\u2714\ufe0f Salidas 1, 15 AGO<span class=\"cl_vermellteula\">\u00a0&gt;\u00a0<\/span>1, 30 SEP 2023<br \/>\n\u2714\ufe0f <strong>Precio a partir de 3850\u20ac<\/strong><\/p>\n<div>\n<div style=\"color: #000000; text-decoration-list: none;\">\n<p><em>En Colombia los Andes llegan al tr\u00f3pico; es la tierra de las haciendas cafeteras y los p\u00e1ramos de altura. Un vuelo nos sit\u00faa en Bogot\u00e1 y de all\u00ed al Caribe, que recorreremos desde la remota Pen\u00ednsula Guajira hasta Cartagena de Indias<br \/>\n<\/em><\/p>\n<\/div>\n<p style=\"text-align: center; margin: 20px;\"><a href=\"https:\/\/tuaregviatges.es\/america_del_sur\/viajes_a_colombia\/Parques_Naturales__ciudades_coloniales_y_el_Caribe.htm\"><span style=\"background-color: #96a610; color: #ffffff; padding: 10px 20px; border-radius: 25px;\">M\u00e1s informaci\u00f3n del viaje<\/span><\/a><\/p>\n<\/div>\n<\/div>\n<p style=\"text-align: center;\"><img decoding=\"async\" src=\"https:\/\/tuaregviatges.es\/america_del_sur\/viajes_a_colombia\/mapa\/Parques_Naturales__ciudades_coloniales_y_el_Caribe.jpg\" alt=\"Colombia + Andes, Caf\u00e9, Caribe y Pen\u00ednsula Guajira\" \/><\/p>\n<\/section>\n<section style=\"width: 100%; border: 1px solid #BE6521; border-radius: 10px; text-align: left; margin-top: 20px;\">\n<div style=\"margin-top: -20px; background: #BE6521; padding-left: 15px; color: #ffffff; border-radius: 10px 10px 0px 0px;\">\n<h2 style=\"border-radius: 10px 10px 0px 0px; padding: 5px 0px; line-height: 1;\"><a style=\"color: #ffffff;\" href=\"https:\/\/tuaregviatges.es\/america_del_sur\/viajes_a_colombia\/Cano_Cristales__Desierto_Tatacoa__Medellin_y_Ballenas.htm\">Ca\u00f1o Cristales, Desierto Tatacoa, Medell\u00edn y Ballenas en el Pac\u00edfico<\/a><\/h2>\n<\/div>\n<div style=\"width: auto; color: #be6521; padding-left: 10px;\">\n<p>\u2714\ufe0f <a style=\"color: #be6521;\" href=\"https:\/\/tuaregviatges.es\/america_colombia.html\">Colombia<\/a><br \/>\n\u2714\ufe0f Naturaleza de 16 d\u00edas<br \/>\n\u2714\ufe0f Salida especial 3 julio\u00a02023<br \/>\n\u2714\ufe0f <strong>Precio a partir de 4580\u20ac<\/strong><\/p>\n<div>\n<div style=\"color: #000000; text-decoration-list: none;\">\n<p><em>Adem\u00e1s de Bogot\u00e1 y Medell\u00edn, ciudad de la eterna primavera, en esta ruta recorremos 3 joyas de la naturaleza colombiana : Ca\u00f1o Cristales en los LLanos Orientales, desierto de la Tatacoa y ballenas en el Pac\u00edfico.<br \/>\n<\/em><\/p>\n<\/div>\n<p style=\"text-align: center; margin: 20px;\"><a href=\"https:\/\/tuaregviatges.es\/america_del_sur\/viajes_a_colombia\/Cano_Cristales__Desierto_Tatacoa__Medellin_y_Ballenas.htm\"><span style=\"background-color: #96a610; color: #ffffff; padding: 10px 20px; border-radius: 25px;\">M\u00e1s informaci\u00f3n del viaje<\/span><\/a><\/p>\n<\/div>\n<\/div>\n<p style=\"text-align: center;\"><img decoding=\"async\" src=\"https:\/\/tuaregviatges.es\/america_del_sur\/viajes_a_colombia\/mapa\/Cano_Cristales__Desierto_Tatacoa__Medellin_y_Ballenas.jpg\" alt=\"Colombia + Ca\u00f1o Cristales, Desierto Tatacoa, Medell\u00edn y Ballenas en el Pac\u00edfico\" \/><\/p>\n<\/section>\n<p><script type=\"application\/ld+json\">\n{\n  \"@context\": \"http:\/\/schema.org\",\n  \"@type\": \"Event\",\n\"organizer\": {\n    \"@type\": \"Organization\",\n    \"name\": \"Viajes Tuareg\",\n    \"url\": \"https:\/\/tuaregviatges.es\/\"\n  },\n  \"eventAttendanceMode\": \"https:\/\/schema.org\/onlineEventAttendanceMode\",\n  \"eventStatus\": \"https:\/\/schema.org\/EventScheduled\",\n  \"name\": \"Andes, Caf\u00e9 y Caribe\",\n  \"description\": \"Viaje a Colombia en grupo reducido. Andes, Caf\u00e9, Caribe y Pen\u00ednsula Guajira\",\n  \"url\": \"https:\/\/tuaregviatges.es\/america_del_sur\/viajes_a_colombia\/Parques_Naturales__ciudades_coloniales_y_el_Caribe.htm\",\n  \"image\": \"https:\/\/tuaregviatges.es\/america_del_sur\/viajes_a_colombia\/thumbg\/viajes_a_Parques_Naturales__ciudades_coloniales_y_el_Caribe-3.jpg\",\n    \"startDate\": \"2023-04-08\",\n  \"endDate\": \"2023-10-15\",\n  \"performer\": {\n    \"@type\": \"PerformingGroup\",\n    \"name\": \"Viaje a Colombia\"\n  },\n  \"location\": {\n    \"@type\": \"Place\",\n    \"name\": \"Colombia\",\n    \"address\": {\n      \"@type\": \"PostalAddress\",\n      \"streetAddress\": \"\",\n      \"addressLocality\": \"\",\n      \"postalCode\": \"\",\n      \"addressCountry\": \"CO\"\n    }\n  },\n  \"offers\": [{\n    \"@type\": \"Offer\",\n  \"name\": \"Andes, Caf\u00e9 y Caribe\",\n  \"description\": \"Viaje a Colombia en grupo reducido. Andes, Caf\u00e9, Caribe y Pen\u00ednsula Guajira\",\n  \"url\": \"https:\/\/tuaregviatges.es\/america_del_sur\/viajes_a_colombia\/Parques_Naturales__ciudades_coloniales_y_el_Caribe.htm\",\n  \"image\": \"https:\/\/tuaregviatges.es\/america_del_sur\/viajes_a_colombia\/thumbg\/viajes_a_Parques_Naturales__ciudades_coloniales_y_el_Caribe-3.jpg\",\n    \"price\": \"3.850\",\n    \"priceCurrency\": \"EUR\",\n    \"validFrom\": \"2023-02-01\",\n    \"availability\": \"http:\/\/schema.org\/PreOrder\"\n  }]\n}\n<\/script><br \/>\n<script type=\"application\/ld+json\">\n{\n  \"@context\": \"http:\/\/schema.org\",\n  \"@type\": \"Event\",\n\"organizer\": {\n    \"@type\": \"Organization\",\n    \"name\": \"Viajes Tuareg\",\n    \"url\": \"https:\/\/tuaregviatges.es\/\"\n  },\n  \"eventAttendanceMode\": \"https:\/\/schema.org\/onlineEventAttendanceMode\",\n  \"eventStatus\": \"https:\/\/schema.org\/EventScheduled\",\n  \"name\": \"Especial 3 Julio\",\n  \"description\": \"Ca\u00f1o Cristales en los LLanos Orientales, desierto de la Tatacoa y ballenas en el Pac\u00edfico.\",\n  \"url\": \"https:\/\/tuaregviatges.es\/america_del_sur\/viajes_a_colombia\/Cano_Cristales__Desierto_Tatacoa__Medellin_y_Ballenas.htm\",\n  \"image\": \"https:\/\/tuaregviatges.es\/america_del_sur\/viajes_a_colombia\/fotografia\/e-Cano_Cristales__Desierto_Tatacoa__Medellin_y_Ballenas-1.jpg\",\n    \"startDate\": \"2023-07-03\",\n  \"endDate\": \"2023-07-18\",\n  \"performer\": {\n    \"@type\": \"PerformingGroup\",\n    \"name\": \"Viaje a Colombia\"\n  },\n  \"location\": {\n    \"@type\": \"Place\",\n    \"name\": \"Colombia\",\n    \"address\": {\n      \"@type\": \"PostalAddress\",\n      \"streetAddress\": \"\",\n      \"addressLocality\": \"\",\n      \"postalCode\": \"\",\n      \"addressCountry\": \"CO\"\n    }\n  },\n  \"offers\": [{\n    \"@type\": \"Offer\",\n \"name\": \"Especial 3 Julio\",\n  \"description\": \"Ca\u00f1o Cristales en los LLanos Orientales, desierto de la Tatacoa y ballenas en el Pac\u00edfico.\",\n  \"url\": \"https:\/\/tuaregviatges.es\/america_del_sur\/viajes_a_colombia\/Cano_Cristales__Desierto_Tatacoa__Medellin_y_Ballenas.htm\",\n  \"image\": \"https:\/\/tuaregviatges.es\/america_del_sur\/viajes_a_colombia\/fotografia\/e-Cano_Cristales__Desierto_Tatacoa__Medellin_y_Ballenas-1.jpg\",\n    \"price\": \"4.580\",\n    \"priceCurrency\": \"EUR\",\n    \"validFrom\": \"2023-02-01\",\n    \"availability\": \"http:\/\/schema.org\/PreOrder\"\n  }]\n}\n<\/script><br \/>\n<script type=\"application\/ld+json\">\n{\n  \"@context\": \"http:\/\/schema.org\",\n  \"@type\": \"Event\",\n\"organizer\": {\n    \"@type\": \"Organization\",\n    \"name\": \"Viajes Tuareg\",\n    \"url\": \"https:\/\/tuaregviatges.es\/\"\n  },\n  \"eventAttendanceMode\": \"https:\/\/schema.org\/onlineEventAttendanceMode\",\n  \"eventStatus\": \"https:\/\/schema.org\/EventScheduled\",\n  \"name\": \"Colombia agosto\",\n  \"description\": \"Viaje a Colombia en grupo reducido con salida el 1 y 15 de agosto. Andes, Caf\u00e9, Caribe y Pen\u00ednsula Guajira\",\n  \"url\": \"https:\/\/tuaregviatges.es\/america_del_sur\/viajes_a_colombia\/Parques_Naturales__ciudades_coloniales_y_el_Caribe.htm\",\n  \"image\": \"https:\/\/tuaregviatges.es\/america_del_sur\/viajes_a_colombia\/thumbg\/viajes_a_Parques_Naturales__ciudades_coloniales_y_el_Caribe-2.jpg\",\n    \"startDate\": \"2023-08-01\",\n  \"endDate\": \"2023-08-31\",\n  \"performer\": {\n    \"@type\": \"PerformingGroup\",\n    \"name\": \"Viaje a Colombia\"\n  },\n  \"location\": {\n    \"@type\": \"Place\",\n    \"name\": \"Colombia\",\n    \"address\": {\n      \"@type\": \"PostalAddress\",\n      \"streetAddress\": \"\",\n      \"addressLocality\": \"\",\n      \"postalCode\": \"\",\n      \"addressCountry\": \"CO\"\n    }\n  },\n  \"offers\": [{\n    \"@type\": \"Offer\",\n  \"name\": \"Colombia agosto\",\n  \"description\": \"Viaje a Colombia en grupo reducido con salida el 1 y 15 de agosto. Andes, Caf\u00e9, Caribe y Pen\u00ednsula Guajira\",\n  \"url\": \"https:\/\/tuaregviatges.es\/america_del_sur\/viajes_a_colombia\/Parques_Naturales__ciudades_coloniales_y_el_Caribe.htm\",\n  \"image\": \"https:\/\/tuaregviatges.es\/america_del_sur\/viajes_a_colombia\/thumbg\/viajes_a_Parques_Naturales__ciudades_coloniales_y_el_Caribe-2.jpg\",\n    \"price\": \"3.850\",\n    \"priceCurrency\": \"EUR\",\n    \"validFrom\": \"2023-04-01\",\n    \"availability\": \"http:\/\/schema.org\/PreOrder\"\n  }]\n}\n<\/script><\/p>\n","protected":false},"excerpt":{"rendered":"<p>Un pedazo de Colombia que se adentra en el Caribe; as\u00ed es como la Guajira aparece en el mapa. Situada en la frontera con Venezuela, es el lugar m\u00e1s septentrional de Sudam\u00e9rica y tambi\u00e9n uno de los m\u00e1s v\u00edrgenes, es la tierra de los indios Way\u00fau, un espacio desconocido incluso para los colombianos.<\/p>\n","protected":false},"author":1,"featured_media":5797,"comment_status":"closed","ping_status":"closed","sticky":false,"template":"","format":"standard","meta":{"footnotes":""},"categories":[183,589],"tags":[375,502],"class_list":["post-5792","post","type-post","status-publish","format-standard","has-post-thumbnail","hentry","category-viajes_america","category-colombia","tag-colombia","tag-viajes-en-grupo"],"_links":{"self":[{"href":"https:\/\/tuaregviatges.es\/viajes\/wp-json\/wp\/v2\/posts\/5792","targetHints":{"allow":["GET"]}}],"collection":[{"href":"https:\/\/tuaregviatges.es\/viajes\/wp-json\/wp\/v2\/posts"}],"about":[{"href":"https:\/\/tuaregviatges.es\/viajes\/wp-json\/wp\/v2\/types\/post"}],"author":[{"embeddable":true,"href":"https:\/\/tuaregviatges.es\/viajes\/wp-json\/wp\/v2\/users\/1"}],"replies":[{"embeddable":true,"href":"https:\/\/tuaregviatges.es\/viajes\/wp-json\/wp\/v2\/comments?post=5792"}],"version-history":[{"count":10,"href":"https:\/\/tuaregviatges.es\/viajes\/wp-json\/wp\/v2\/posts\/5792\/revisions"}],"predecessor-version":[{"id":13588,"href":"https:\/\/tuaregviatges.es\/viajes\/wp-json\/wp\/v2\/posts\/5792\/revisions\/13588"}],"wp:featuredmedia":[{"embeddable":true,"href":"https:\/\/tuaregviatges.es\/viajes\/wp-json\/wp\/v2\/media\/5797"}],"wp:attachment":[{"href":"https:\/\/tuaregviatges.es\/viajes\/wp-json\/wp\/v2\/media?parent=5792"}],"wp:term":[{"taxonomy":"category","embeddable":true,"href":"https:\/\/tuaregviatges.es\/viajes\/wp-json\/wp\/v2\/categories?post=5792"},{"taxonomy":"post_tag","embeddable":true,"href":"https:\/\/tuaregviatges.es\/viajes\/wp-json\/wp\/v2\/tags?post=5792"}],"curies":[{"name":"wp","href":"https:\/\/api.w.org\/{rel}","templated":true}]}}