{"id":7399,"date":"2023-11-15T09:00:47","date_gmt":"2023-11-15T07:00:47","guid":{"rendered":"https:\/\/tuaregviatges.es\/viajes\/?p=7399"},"modified":"2024-03-15T14:44:22","modified_gmt":"2024-03-15T12:44:22","slug":"viajar-a-albania-curiosidades","status":"publish","type":"post","link":"https:\/\/tuaregviatges.es\/viajes\/viajar-a-albania-curiosidades\/","title":{"rendered":"\u00bfSab\u00edas qu\u00e9 en Albania&#8230;?  Viajar a Albania sorprende"},"content":{"rendered":"<p><strong>Albania<\/strong> sorprende a quien se aprofunda en su cultura, sus gentes y conoce sus paisajes naturales intocados. Forma parte de un grupo de pa\u00edses, como Ir\u00e1n, de los cuales tenemos ideas pre-establecidas y que obligan al viajero a hacer un \u00abreset\u00bb y empezar de 0 al conocerlo.<\/p>\n<blockquote><p>Se disolvi\u00f3 la antigua Uni\u00f3n Sovi\u00e9tica y cay\u00f3 el muro de Berl\u00edn, pero Albania continu\u00f3 resistiendose a las reformas durante a\u00f1os.<\/p><\/blockquote>\n<p><!--more--><\/p>\n<p>Lo que sabemos de <strong>Albania<\/strong> es que, adem\u00e1s de ser el pa\u00eds m\u00e1s desconocido de Europa, ha estado cerrado durante a\u00f1os por una dictadura comunista. Un pa\u00eds que hasta los a\u00f1os 90 vivi\u00f3 de espaldas al mundo, rodeado de \u00abenemigos\u00bb y bajo la amenaza de una invasi\u00f3n que nunca lleg\u00f3.<\/p>\n<p>Ahora, con la rep\u00fablica parlamentaria, los cambios en la pol\u00edtica interna y la concesi\u00f3n de visados para turismo, <a href=\"https:\/\/tuaregviatges.es\/europa_albania.html\"><strong>Albania empieza a mostrar sus tesoros<\/strong><\/a>.<\/p>\n<blockquote><p>Para estas navidades tenemos preparados viajes a Albania con salidas desde Madrid y Barcelona.<\/p><\/blockquote>\n<h1 class=\"entry-title \">Nuestros viajes a Albania<\/h1>\n<section id=\"albania\" style=\"width: 100%; border: 1px solid #BE6521; border-radius: 10px; text-align: left; margin-top: 20px;\">\n<div style=\"margin-top: -20px; background: #BE6521; color: #ffffff; border-radius: 10px 10px 0px 0px; min-height: 40px;\">\n<div style=\"margin: 0 15px;\">\n<h2 style=\"border-radius: 10px 10px 0px 0px; padding: 5px 0px; line-height: 1;\"><a style=\"color: #ffffff; font-family: 'Amatic SC', sans-serif;\" href=\"https:\/\/tuaregviatges.es\/europa\/viajes_a_albania\/Ruta_cultural_y_activa_por_Albania_y_Macedonia.htm\">Los desconocidos valles del Norte, la Albania cl\u00e1sica y Macedonia<\/a><\/h2>\n<\/div>\n<div style=\"height: auto; margin: 0;\"><img decoding=\"async\" style=\"width: 100%; height: auto;\" src=\"https:\/\/tuaregviatges.es\/rutas\/seccionesRutas\/21098.jpg\" \/><\/div>\n<\/div>\n<div style=\"width: auto; color: #be6521; padding-left: 10px; line-height: 1.5; margin-top: -2rem;\">\n<div><a style=\"color: #be6521; padding-right: 10px; font-weight: bolder; font-size: 20px; font-family: 'Amatic SC', sans-serif;\" href=\"https:\/\/tuaregviatges.es\/europa_albania.html\"><br \/>\n<img decoding=\"async\" class=\"ico-place\" style=\"height: 35px; width: 35; margin: -10px; margin-right: 3px;\" src=\"https:\/\/tuaregviatges.es\/iconos\/place.svg\" \/>Albania<\/a><\/div>\n<div>\n<div style=\"color: #000000;\"><span style=\"color: #96a610;\">\u2714\ufe0f Viaje de 8 d\u00edas<\/span><br \/>\n<span style=\"color: #96a610;\">\u2714\ufe0f Salidas MAY a OCT 2024<\/span><br \/>\n<span style=\"color: #96a610;\">\u2714\ufe0f Precio a partir de<strong> 1380\u20ac<\/strong><\/span><\/div>\n<div><\/div>\n<div style=\"color: #000000;\"><em>Una combinaci\u00f3n din\u00e1mica y agradable para conocer la historia pasada y reciente de Albania y Macedonia, as\u00ed como disfrutar de fant\u00e1sticos paisajes en primavera.<\/em><\/div>\n<p style=\"text-align: center; margin: 20px;\"><a href=\"https:\/\/tuaregviatges.es\/europa\/viajes_a_albania\/Ruta_cultural_y_activa_por_Albania_y_Macedonia.htm\"><span style=\"background-color: #96a610; color: #ffffff; padding: 10px 20px; border-radius: 25px;\" title=\"Viajar a Albania en julio\">+Info del viaje<\/span><\/a><\/p>\n<p><img decoding=\"async\" class=\"aligncenter\" src=\"https:\/\/tuaregviatges.es\/europa\/viajes_a_albania\/mapa\/Ruta_cultural_y_activa_por_Albania_y_Macedonia.jpg\" alt=\"Albania y Macedonia + Los desconocidos valles del norte, la Albania cl\u00e1sica y Macedonia\" \/><\/p>\n<\/div>\n<\/div>\n<\/section>\n<section id=\"albania\" style=\"width: 100%; border: 1px solid #BE6521; border-radius: 10px; text-align: left; margin-top: 20px;\">\n<div style=\"margin-top: -20px; background: #BE6521; color: #ffffff; border-radius: 10px 10px 0px 0px; min-height: 40px;\">\n<div style=\"margin: 0 15px;\">\n<h2 style=\"border-radius: 10px 10px 0px 0px; padding: 5px 0px; line-height: 1;\"><a style=\"color: #ffffff; font-family: 'Amatic SC', sans-serif;\" href=\"https:\/\/tuaregviatges.es\/europa\/viajes_a_albania\/Trekking_por_los_Alpes_Dinaricos.htm\">Trekking en los Alpes Din\u00e1ricos<\/a><\/h2>\n<\/div>\n<div style=\"height: auto; margin: 0;\"><img decoding=\"async\" style=\"width: 100%; height: auto;\" src=\"https:\/\/tuaregviatges.es\/rutas\/seccionesRutas\/19784.jpg\" \/><\/div>\n<\/div>\n<div style=\"width: auto; color: #be6521; padding-left: 10px; line-height: 1.5; margin-top: -2rem;\">\n<div><a style=\"color: #be6521; padding-right: 10px; font-weight: bolder; font-size: 20px; font-family: 'Amatic SC', sans-serif;\" href=\"https:\/\/tuaregviatges.es\/europa_albania.html\"><br \/>\n<img decoding=\"async\" class=\"ico-place\" style=\"height: 35px; width: 35; margin: -10px; margin-right: 3px;\" src=\"https:\/\/tuaregviatges.es\/iconos\/place.svg\" \/>Albania<\/a><\/div>\n<div>\n<div style=\"color: #000000;\"><span style=\"color: #96a610;\">\u2714\ufe0f Viaje de 8 d\u00edas<\/span><br \/>\n<span style=\"color: #96a610;\">\u2714\ufe0f Salidas JUN a SEP 2024<\/span><br \/>\n<span style=\"color: #96a610;\">\u2714\ufe0f Precio a partir de<strong> 1190\u20ac<\/strong><\/span><\/div>\n<div><\/div>\n<div style=\"color: #000000;\"><em>Una impresionante ruta de trekking que nos lleva a recorrer la regi\u00f3n monta\u00f1osa del norte de Albania y sur de Montenegro. Exploraremos a pie los Alpes Din\u00e1ricos, descubriendo monta\u00f1as y valles remotos, en un \u00e1rea multicultural habitada por albaneses y eslavos. <\/em><\/div>\n<p style=\"text-align: center; margin: 20px;\"><a href=\"https:\/\/tuaregviatges.es\/europa\/viajes_a_albania\/Trekking_por_los_Alpes_Dinaricos.htm\"><span style=\"background-color: #96a610; color: #ffffff; padding: 10px 20px; border-radius: 25px;\" title=\"Viajar a Albania en julio\">+Info del viaje<\/span><\/a><\/p>\n<p><img decoding=\"async\" class=\"aligncenter\" src=\"https:\/\/tuaregviatges.es\/europa\/viajes_a_albania\/mapa\/Trekking_por_los_Alpes_Dinaricos.jpg\" alt=\"Albania y Montenegro + Trekking por los Alpes Din\u00e1ricos\" \/><\/p>\n<\/div>\n<\/div>\n<\/section>\n<h3>\u00bfSab\u00edas qu\u00e9 en Albania&#8230;?<\/h3>\n<h5><strong>V\u00edrgenes juradas<\/strong><\/h5>\n<p>Nacieron mujeres, pero <strong>renunciaron a tener relaciones sexuales y casarse<\/strong> para convertirse en el hombre de la familia: Para ell@s es permitido llevar armas, vestir con pantalones y ser tratadas como los jefes del clan.<\/p>\n<figure id=\"attachment_7401\" class=\"thumbnail wp-caption aligncenter\" style=\"width: 510px\"><a href=\"https:\/\/tuaregviatges.es\/articulos\/Albania_La_otra_Europa.html\"><img loading=\"lazy\" decoding=\"async\" class=\"size-full wp-image-7401\" src=\"https:\/\/tuaregviatges.es\/viajes\/wp-content\/uploads\/2018\/09\/Virgenes-juradas.jpg\" alt=\"V\u00edrgenes juradas en el Valle de Teth - Foto Archivo Tuareg\" width=\"500\" height=\"552\" srcset=\"https:\/\/tuaregviatges.es\/viajes\/wp-content\/uploads\/2018\/09\/Virgenes-juradas.jpg 500w, https:\/\/tuaregviatges.es\/viajes\/wp-content\/uploads\/2018\/09\/Virgenes-juradas-272x300.jpg 272w\" sizes=\"auto, (max-width: 500px) 100vw, 500px\" \/><\/a><figcaption class=\"caption wp-caption-text\">V\u00edrgenes juradas en el Valle de Teth &#8211; Foto Archivo Tuareg<\/figcaption><\/figure>\n<h5><strong>Venganza de Sangre<\/strong><\/h5>\n<p>Es una costumbre del norte de Albania, donde los parientes de un hombre asesinado tienen el derecho de vengar su honor matando a un var\u00f3n de la familia del asesino. As\u00ed lo impone el <strong><a href=\"https:\/\/es.wikipedia.org\/wiki\/Kanun\">antiguo c\u00f3digo musulm\u00e1n del Kanun<\/a><\/strong>. La \u00fanica salvaci\u00f3n para los amenazados es esconderse en su propia casa.<\/p>\n<figure id=\"attachment_7411\" class=\"thumbnail wp-caption aligncenter\" style=\"width: 658px\"><a href=\"https:\/\/tuaregviatges.es\/europa_albania.html\"><img loading=\"lazy\" decoding=\"async\" class=\"size-large wp-image-7411\" src=\"https:\/\/tuaregviatges.es\/viajes\/wp-content\/uploads\/2018\/09\/que_ver_en_albania_-info-slider804-1024x521.jpg\" alt=\"Gjirokaster - Uno de los secretos de Albania. Foto archivo Tuareg\" width=\"648\" height=\"330\" srcset=\"https:\/\/tuaregviatges.es\/viajes\/wp-content\/uploads\/2018\/09\/que_ver_en_albania_-info-slider804-1024x521.jpg 1024w, https:\/\/tuaregviatges.es\/viajes\/wp-content\/uploads\/2018\/09\/que_ver_en_albania_-info-slider804-300x153.jpg 300w, https:\/\/tuaregviatges.es\/viajes\/wp-content\/uploads\/2018\/09\/que_ver_en_albania_-info-slider804-768x391.jpg 768w, https:\/\/tuaregviatges.es\/viajes\/wp-content\/uploads\/2018\/09\/que_ver_en_albania_-info-slider804.jpg 1080w\" sizes=\"auto, (max-width: 648px) 100vw, 648px\" \/><\/a><figcaption class=\"caption wp-caption-text\">Gjirokaster &#8211; Uno de los secretos de Albania. Foto archivo Tuareg<\/figcaption><\/figure>\n<h5>Gjirokaster<\/h5>\n<p>Uno de los secretos de Albania; <strong>antiguos pueblos de origen Otomano<\/strong>, bien conservados y declarados Patrimonio de la Humanidad por la UNESCO. Arquitectura otomana t\u00edpica de los Balcanes con una espectacular ciudadela y castillo.<\/p>\n<h5><strong>Bunkers<\/strong><\/h5>\n<p>Durante el r\u00e9gimen comunista<strong> se construyeron unos 750.000 b\u00fankeres<\/strong>, con el fin de proteger al pa\u00eds de un enemigo imaginario. Est\u00e1n literalmente por todas partes y empiezan a ser reutilizados como bares, pistas de baile o incluso viviendas.<\/p>\n<h5><strong>Playas v\u00edrgenes<\/strong><\/h5>\n<p>Por lo general, el litoral de Albania est\u00e1 muy construido y tiene un cierto aire descuidado, parecido a nuestras playas a principios de los a\u00f1os 80.\u00a0Avanzando hacia el sur, la costa se vuelve m\u00e1s atractiva, con <strong>playas de piedra y rincones v\u00edrgenes (y de dif\u00edcil acceso)<\/strong> que coexisten de lejos con bares y m\u00fasica a todo volumen.<\/p>\n<figure id=\"attachment_7297\" class=\"thumbnail wp-caption aligncenter\" style=\"width: 1610px\"><a href=\"https:\/\/tuaregviatges.es\/europa_albania.html\"><img loading=\"lazy\" decoding=\"async\" class=\"size-full wp-image-7297\" src=\"https:\/\/tuaregviatges.es\/viajes\/wp-content\/uploads\/2017\/07\/Ojo-Azul-valle-del-Theth.jpg\" alt=\"Ojo Azul valle del Theth. Fotograf\u00eda de Maite Panadero efectuada en el viaje a Albania\" width=\"1600\" height=\"1200\" srcset=\"https:\/\/tuaregviatges.es\/viajes\/wp-content\/uploads\/2017\/07\/Ojo-Azul-valle-del-Theth.jpg 1600w, https:\/\/tuaregviatges.es\/viajes\/wp-content\/uploads\/2017\/07\/Ojo-Azul-valle-del-Theth-300x225.jpg 300w, https:\/\/tuaregviatges.es\/viajes\/wp-content\/uploads\/2017\/07\/Ojo-Azul-valle-del-Theth-768x576.jpg 768w, https:\/\/tuaregviatges.es\/viajes\/wp-content\/uploads\/2017\/07\/Ojo-Azul-valle-del-Theth-1024x768.jpg 1024w\" sizes=\"auto, (max-width: 1600px) 100vw, 1600px\" \/><\/a><figcaption class=\"caption wp-caption-text\">Ojo Azul valle del Theth. Fotograf\u00eda de Maite Panadero efectuada en el viaje a Albania<\/figcaption><\/figure>\n<h5><strong>Teresa de Calcuta<\/strong><\/h5>\n<p>Aunque naci\u00f3 en la vecina Macedonia, Teresa de Calcuta siempre <strong>se consider\u00f3 albanesa<\/strong>. No importa el lugar de nacimiento sino la raza y cultura. M\u00e1s de un mill\u00f3n de albaneses no nacieron en el pa\u00eds.<\/p>\n<h5><strong>Mercedes Benz<\/strong><\/h5>\n<p>M\u00e1s que frecuentes en las carreteras albanesas. <strong>Son veh\u00edculos robados en otros pa\u00edses<\/strong> que terminan su vida en Albania.<\/p>\n<figure id=\"attachment_6981\" class=\"thumbnail wp-caption aligncenter\" style=\"width: 658px\"><a href=\"https:\/\/tuaregviatges.es\/europa_albania.html\"><img loading=\"lazy\" decoding=\"async\" class=\"size-large wp-image-6981\" src=\"https:\/\/tuaregviatges.es\/viajes\/wp-content\/uploads\/2018\/07\/albania-1024x768.jpg\" alt=\"VIaje a Albania. Foto Archivo Tuareg\" width=\"648\" height=\"486\" srcset=\"https:\/\/tuaregviatges.es\/viajes\/wp-content\/uploads\/2018\/07\/albania-1024x768.jpg 1024w, https:\/\/tuaregviatges.es\/viajes\/wp-content\/uploads\/2018\/07\/albania-300x225.jpg 300w, https:\/\/tuaregviatges.es\/viajes\/wp-content\/uploads\/2018\/07\/albania-768x576.jpg 768w\" sizes=\"auto, (max-width: 648px) 100vw, 648px\" \/><\/a><figcaption class=\"caption wp-caption-text\">Viaje a Albania. Foto Archivo Tuareg<\/figcaption><\/figure>\n<h5><strong>Seguridad<\/strong><\/h5>\n<p>Despu\u00e9s de a\u00f1os de aislamiento, parece que el turismo es bienvenido y la poblaci\u00f3n se muestra muy hospitalaria. <strong>Dif\u00edcilmente el visitante se encontrar\u00e1 con alg\u00fan tipo de delincuencia<\/strong>; al contrario, ni siquiera es frecuente la picaresca tur\u00edstica.<\/p>\n<div style=\"width: 100%;\">\n<div style=\"margin-top: 60PX; width: 100%; background-color: #96a610; color: #ffffff; font-size: 20px; padding: 3px; text-align: left:;\"><span style=\"padding-left: 30px;\"><a style=\"color: #ffffff;\" title=\"\u00bfQue ver en Albania?\" href=\"https:\/\/tuaregviatges.es\/articulos\/_Que_ver_en_Albania_.html\"><span style=\"color: #ffffff;\">\u00bfQu\u00e9 ver en Albania?<\/span><\/a><\/span><\/div>\n<\/div>\n<ul>\n<li><a style=\"color: #96a610;\" title=\"\u00bfQue ver en Albania?\" href=\"https:\/\/tuaregviatges.es\/articulos\/_Que_ver_en_Albania_.html\">6 imprescindibles del gran desconocido de Europa<\/a><\/li>\n<\/ul>\n<h5><strong>Opiniones de otros viajeros<\/strong><\/h5>\n<div style=\"float: RIGHT; margin-top: -100PX; width: 30%;\">\n<p><img decoding=\"async\" style=\"width: 100px;\" src=\"http:\/\/tuaregviatges.es\/viajes\/wp-content\/uploads\/2017\/08\/FOTOGRAF.png\" \/><\/p>\n<\/div>\n<p><strong>C. Alcala,<\/strong> nos dejaba en nuestro Facebook este comentario:<br \/>\n<em>\u00bfQu\u00e9 puedo decir de Albania que no hallan dicho ya los viajeros de Tuareg?<\/em><br \/>\n<em>Es un pa\u00eds que si no hubiera sido por la recomendaci\u00f3n de la agencia no se me hubiera ocurrido ir. Es una maravilla de pa\u00eds rodeado de majestuosas monta\u00f1as y ciudades con un gran encanto.<\/em><br \/>\n<em>Sus gentes amables y con una gran fuerza que est\u00e1n haciendo un cambio importante de pa\u00eds<\/em><br \/>\n<em>Eramos un grupo de 12 personas que ha hecho m\u00e1s ameno el viaje. Y que decir de nuestro gu\u00eda. FANTASTICO. gracias Dorjiam<\/em><\/p>\n","protected":false},"excerpt":{"rendered":"<p>Albania sorprende a quien se aprofunda en su cultura, sus gentes y conoce sus paisajes naturales intocados. Forma parte de un grupo de pa\u00edses, como Ir\u00e1n, de los cuales tenemos ideas pre-establecidas y que obligan al viajero a hacer un \u00abreset\u00bb y empezar de 0 al conocerlo. Se disolvi\u00f3 la antigua Uni\u00f3n Sovi\u00e9tica y cay\u00f3 [&hellip;]<\/p>\n","protected":false},"author":1,"featured_media":7403,"comment_status":"closed","ping_status":"closed","sticky":false,"template":"","format":"standard","meta":{"footnotes":""},"categories":[616,58,461,454],"tags":[342,502,551,151],"class_list":["post-7399","post","type-post","status-publish","format-standard","has-post-thumbnail","hentry","category-albania","category-viajes_europa","category-viajes-excepcionales","category-viajes-navidad-y-fin-de-ano","tag-albania","tag-viajes-en-grupo","tag-viajes-excepcionales","tag-viajes-navidad"],"_links":{"self":[{"href":"https:\/\/tuaregviatges.es\/viajes\/wp-json\/wp\/v2\/posts\/7399","targetHints":{"allow":["GET"]}}],"collection":[{"href":"https:\/\/tuaregviatges.es\/viajes\/wp-json\/wp\/v2\/posts"}],"about":[{"href":"https:\/\/tuaregviatges.es\/viajes\/wp-json\/wp\/v2\/types\/post"}],"author":[{"embeddable":true,"href":"https:\/\/tuaregviatges.es\/viajes\/wp-json\/wp\/v2\/users\/1"}],"replies":[{"embeddable":true,"href":"https:\/\/tuaregviatges.es\/viajes\/wp-json\/wp\/v2\/comments?post=7399"}],"version-history":[{"count":19,"href":"https:\/\/tuaregviatges.es\/viajes\/wp-json\/wp\/v2\/posts\/7399\/revisions"}],"predecessor-version":[{"id":14378,"href":"https:\/\/tuaregviatges.es\/viajes\/wp-json\/wp\/v2\/posts\/7399\/revisions\/14378"}],"wp:featuredmedia":[{"embeddable":true,"href":"https:\/\/tuaregviatges.es\/viajes\/wp-json\/wp\/v2\/media\/7403"}],"wp:attachment":[{"href":"https:\/\/tuaregviatges.es\/viajes\/wp-json\/wp\/v2\/media?parent=7399"}],"wp:term":[{"taxonomy":"category","embeddable":true,"href":"https:\/\/tuaregviatges.es\/viajes\/wp-json\/wp\/v2\/categories?post=7399"},{"taxonomy":"post_tag","embeddable":true,"href":"https:\/\/tuaregviatges.es\/viajes\/wp-json\/wp\/v2\/tags?post=7399"}],"curies":[{"name":"wp","href":"https:\/\/api.w.org\/{rel}","templated":true}]}}