{"id":7458,"date":"2018-09-11T15:23:56","date_gmt":"2018-09-11T13:23:56","guid":{"rendered":"https:\/\/tuaregviatges.es\/viajes\/?p=7458"},"modified":"2018-11-28T16:43:04","modified_gmt":"2018-11-28T14:43:04","slug":"imagenes-inspiradoras-para-viajar-en-otono","status":"publish","type":"post","link":"https:\/\/tuaregviatges.es\/viajes\/imagenes-inspiradoras-para-viajar-en-otono\/","title":{"rendered":"Im\u00e1genes inspiradoras para viajar en Oto\u00f1o"},"content":{"rendered":"<p>Con la llegada del Oto\u00f1o muchos de nuestros destinos muestran al visitante una nueva paleta de colores. Los tonos ocres y pardos son dominantes en el hemisferio norte y los vivos colores de la primavera florecen en el hemisferio sur.<\/p>\n<p>Hoy os queremos dejar algunas<strong> im\u00e1genes inspiradoras para viajar en Oto\u00f1o<\/strong>. Clikando en la imagen podr\u00e9is ver nuestras rutas para viajar al destino del que se trata la fotograf\u00eda. Podeis consultar <a href=\"https:\/\/www.tuaregviatges.es\/viajes_otono.html\">aqu\u00ed todos nuestros <strong>viajes en Oto\u00f1o<\/strong><\/a><strong>\u00a0<\/strong><\/p>\n<blockquote><p>Viajes activos, senderiso y trekking. No s\u00f3lo se trata de donde vamos, si no de lo que haremos cuando estemos all\u00ed.<\/p><\/blockquote>\n<figure id=\"attachment_7459\" class=\"thumbnail wp-caption alignnone\" style=\"width: 1610px\"><a href=\"https:\/\/tuaregviatges.es\/europa_albania.html\"><img loading=\"lazy\" decoding=\"async\" class=\"size-full wp-image-7459\" src=\"https:\/\/tuaregviatges.es\/viajes\/wp-content\/uploads\/2018\/09\/Manuel-Ginarte-Velle-del-Thet.jpg\" alt=\"Viaje a Albania - Manuel Ginarte Valle del Theth\" width=\"1600\" height=\"1060\" srcset=\"https:\/\/tuaregviatges.es\/viajes\/wp-content\/uploads\/2018\/09\/Manuel-Ginarte-Velle-del-Thet.jpg 1600w, https:\/\/tuaregviatges.es\/viajes\/wp-content\/uploads\/2018\/09\/Manuel-Ginarte-Velle-del-Thet-300x199.jpg 300w, https:\/\/tuaregviatges.es\/viajes\/wp-content\/uploads\/2018\/09\/Manuel-Ginarte-Velle-del-Thet-768x509.jpg 768w, https:\/\/tuaregviatges.es\/viajes\/wp-content\/uploads\/2018\/09\/Manuel-Ginarte-Velle-del-Thet-1024x678.jpg 1024w\" sizes=\"auto, (max-width: 1600px) 100vw, 1600px\" \/><\/a><figcaption class=\"caption wp-caption-text\">Viaje a Albania &#8211; \u00a0\u00a9Manuel Ginarte Valle del Theth<\/figcaption><\/figure>\n<figure id=\"attachment_7470\" class=\"thumbnail wp-caption aligncenter\" style=\"width: 710px\"><a href=\"https:\/\/tuaregviatges.es\/africa_madagascar.html\"><img loading=\"lazy\" decoding=\"async\" class=\"size-full wp-image-7470\" src=\"https:\/\/tuaregviatges.es\/viajes\/wp-content\/uploads\/2018\/09\/Baobabs-Pilar-Julia.jpg\" alt=\"VIaje a Madagascar - Baobabs Pilar Julia\" width=\"700\" height=\"467\" srcset=\"https:\/\/tuaregviatges.es\/viajes\/wp-content\/uploads\/2018\/09\/Baobabs-Pilar-Julia.jpg 700w, https:\/\/tuaregviatges.es\/viajes\/wp-content\/uploads\/2018\/09\/Baobabs-Pilar-Julia-300x200.jpg 300w\" sizes=\"auto, (max-width: 700px) 100vw, 700px\" \/><\/a><figcaption class=\"caption wp-caption-text\">VIaje a Madagascar &#8211; Baobabs Pilar Julia<\/figcaption><\/figure>\n<figure id=\"attachment_6562\" class=\"thumbnail wp-caption aligncenter\" style=\"width: 710px\"><a href=\"https:\/\/tuaregviatges.es\/asia_japon.html\"><img loading=\"lazy\" decoding=\"async\" class=\"size-full wp-image-6562\" src=\"https:\/\/tuaregviatges.es\/viajes\/wp-content\/uploads\/2018\/06\/viajes_a_asia_japon-17.jpg\" alt=\"Viaje a Jap\u00f3n en octubre. Foto archivo Tuareg\" width=\"700\" height=\"455\" srcset=\"https:\/\/tuaregviatges.es\/viajes\/wp-content\/uploads\/2018\/06\/viajes_a_asia_japon-17.jpg 700w, https:\/\/tuaregviatges.es\/viajes\/wp-content\/uploads\/2018\/06\/viajes_a_asia_japon-17-300x195.jpg 300w\" sizes=\"auto, (max-width: 700px) 100vw, 700px\" \/><\/a><figcaption class=\"caption wp-caption-text\">Viaje a Jap\u00f3n en octubre. Foto archivo Tuareg<\/figcaption><\/figure>\n<figure id=\"attachment_7460\" class=\"thumbnail wp-caption aligncenter\" style=\"width: 710px\"><a href=\"https:\/\/tuaregviatges.es\/asia_nuevazelanda.html\"><img loading=\"lazy\" decoding=\"async\" class=\"size-full wp-image-7460\" src=\"https:\/\/tuaregviatges.es\/viajes\/wp-content\/uploads\/2018\/09\/I-NORTE-V-TONGANINO-V-Pere-Mongay.jpg\" alt=\"Viaje a Nueva Zelanda - I NORTE V TONGANINO V Pere Mongay\" width=\"700\" height=\"467\" srcset=\"https:\/\/tuaregviatges.es\/viajes\/wp-content\/uploads\/2018\/09\/I-NORTE-V-TONGANINO-V-Pere-Mongay.jpg 700w, https:\/\/tuaregviatges.es\/viajes\/wp-content\/uploads\/2018\/09\/I-NORTE-V-TONGANINO-V-Pere-Mongay-300x200.jpg 300w\" sizes=\"auto, (max-width: 700px) 100vw, 700px\" \/><\/a><figcaption class=\"caption wp-caption-text\">Viaje a Nueva Zelanda &#8211; I NORTE V TONGANINO V \u00a0\u00a9Pere Mongay<\/figcaption><\/figure>\n<figure id=\"attachment_7461\" class=\"thumbnail wp-caption aligncenter\" style=\"width: 1210px\"><a href=\"https:\/\/tuaregviatges.es\/rutaspolares_antartico.html\"><img loading=\"lazy\" decoding=\"async\" class=\"size-full wp-image-7461\" src=\"https:\/\/tuaregviatges.es\/viajes\/wp-content\/uploads\/2018\/09\/Jose-Vicente-Martinez-Meditacion.jpg\" alt=\"Viaje a la Ant\u00e1rtida - Jose Vicente Martinez Meditacion\" width=\"1200\" height=\"800\" srcset=\"https:\/\/tuaregviatges.es\/viajes\/wp-content\/uploads\/2018\/09\/Jose-Vicente-Martinez-Meditacion.jpg 1200w, https:\/\/tuaregviatges.es\/viajes\/wp-content\/uploads\/2018\/09\/Jose-Vicente-Martinez-Meditacion-300x200.jpg 300w, https:\/\/tuaregviatges.es\/viajes\/wp-content\/uploads\/2018\/09\/Jose-Vicente-Martinez-Meditacion-768x512.jpg 768w, https:\/\/tuaregviatges.es\/viajes\/wp-content\/uploads\/2018\/09\/Jose-Vicente-Martinez-Meditacion-1024x683.jpg 1024w\" sizes=\"auto, (max-width: 1200px) 100vw, 1200px\" \/><\/a><figcaption class=\"caption wp-caption-text\">Viaje a la Ant\u00e1rtida &#8211; \u00a0\u00a9Jose Vicente Martinez &#8211; Meditacion<\/figcaption><\/figure>\n<figure id=\"attachment_7462\" class=\"thumbnail wp-caption aligncenter\" style=\"width: 1110px\"><a href=\"https:\/\/tuaregviatges.es\/america_argentina.html\"><img loading=\"lazy\" decoding=\"async\" class=\"size-full wp-image-7462\" src=\"https:\/\/tuaregviatges.es\/viajes\/wp-content\/uploads\/2018\/09\/Teresa-Perez-Al-fin-del-mundo.jpg\" alt=\"Viaje a la Patagonia - Teresa P\u00e9rez Al fin del mundo\" width=\"1100\" height=\"660\" srcset=\"https:\/\/tuaregviatges.es\/viajes\/wp-content\/uploads\/2018\/09\/Teresa-Perez-Al-fin-del-mundo.jpg 1100w, https:\/\/tuaregviatges.es\/viajes\/wp-content\/uploads\/2018\/09\/Teresa-Perez-Al-fin-del-mundo-300x180.jpg 300w, https:\/\/tuaregviatges.es\/viajes\/wp-content\/uploads\/2018\/09\/Teresa-Perez-Al-fin-del-mundo-768x461.jpg 768w, https:\/\/tuaregviatges.es\/viajes\/wp-content\/uploads\/2018\/09\/Teresa-Perez-Al-fin-del-mundo-1024x614.jpg 1024w\" sizes=\"auto, (max-width: 1100px) 100vw, 1100px\" \/><\/a><figcaption class=\"caption wp-caption-text\">Viaje a la Patagonia &#8211; \u00a0\u00a9Teresa P\u00e9rez &#8211; Al fin del mundo<\/figcaption><\/figure>\n<figure id=\"attachment_7463\" class=\"thumbnail wp-caption aligncenter\" style=\"width: 1210px\"><a href=\"https:\/\/tuaregviatges.es\/asia_nepaltibet.html\"><img loading=\"lazy\" decoding=\"async\" class=\"size-full wp-image-7463\" src=\"https:\/\/tuaregviatges.es\/viajes\/wp-content\/uploads\/2018\/09\/Yak-far-away-in-the-mountain-Karmele-Gallastegui.jpg\" alt=\"Viaje a Nepal - Yak far away in the mountain Karmele Gallastegui\" width=\"1200\" height=\"900\" srcset=\"https:\/\/tuaregviatges.es\/viajes\/wp-content\/uploads\/2018\/09\/Yak-far-away-in-the-mountain-Karmele-Gallastegui.jpg 1200w, https:\/\/tuaregviatges.es\/viajes\/wp-content\/uploads\/2018\/09\/Yak-far-away-in-the-mountain-Karmele-Gallastegui-300x225.jpg 300w, https:\/\/tuaregviatges.es\/viajes\/wp-content\/uploads\/2018\/09\/Yak-far-away-in-the-mountain-Karmele-Gallastegui-768x576.jpg 768w, https:\/\/tuaregviatges.es\/viajes\/wp-content\/uploads\/2018\/09\/Yak-far-away-in-the-mountain-Karmele-Gallastegui-1024x768.jpg 1024w\" sizes=\"auto, (max-width: 1200px) 100vw, 1200px\" \/><\/a><figcaption class=\"caption wp-caption-text\">Viaje a Nepal &#8211; Yak far away in the mountain \u00a0\u00a9Karmele Gallastegui<\/figcaption><\/figure>\n<figure id=\"attachment_7465\" class=\"thumbnail wp-caption aligncenter\" style=\"width: 825px\"><a href=\"https:\/\/tuaregviatges.es\/america_colombia.html\"><img loading=\"lazy\" decoding=\"async\" class=\"size-full wp-image-7465\" src=\"https:\/\/tuaregviatges.es\/viajes\/wp-content\/uploads\/2018\/09\/Senderismo-Valle-Cocora-Juan-Recio.jpg\" alt=\"Viaje a Colombia - Senderismo, Valle Cocora Juan Recio\" width=\"815\" height=\"458\" srcset=\"https:\/\/tuaregviatges.es\/viajes\/wp-content\/uploads\/2018\/09\/Senderismo-Valle-Cocora-Juan-Recio.jpg 815w, https:\/\/tuaregviatges.es\/viajes\/wp-content\/uploads\/2018\/09\/Senderismo-Valle-Cocora-Juan-Recio-300x169.jpg 300w, https:\/\/tuaregviatges.es\/viajes\/wp-content\/uploads\/2018\/09\/Senderismo-Valle-Cocora-Juan-Recio-768x432.jpg 768w\" sizes=\"auto, (max-width: 815px) 100vw, 815px\" \/><\/a><figcaption class=\"caption wp-caption-text\">Viaje a Colombia &#8211; Senderismo, Valle Cocora \u00a0\u00a9Juan Recio<\/figcaption><\/figure>\n<figure id=\"attachment_7466\" class=\"thumbnail wp-caption aligncenter\" style=\"width: 1610px\"><a href=\"https:\/\/tuaregviatges.es\/europa_macedonia.html\"><img loading=\"lazy\" decoding=\"async\" class=\"size-full wp-image-7466\" src=\"https:\/\/tuaregviatges.es\/viajes\/wp-content\/uploads\/2018\/09\/Lago-de-Ohrid-Maite-Panadero.jpg\" alt=\"Viaje a Macedonia - Lago de Ohrid Maite Panadero\" width=\"1600\" height=\"1200\" srcset=\"https:\/\/tuaregviatges.es\/viajes\/wp-content\/uploads\/2018\/09\/Lago-de-Ohrid-Maite-Panadero.jpg 1600w, https:\/\/tuaregviatges.es\/viajes\/wp-content\/uploads\/2018\/09\/Lago-de-Ohrid-Maite-Panadero-300x225.jpg 300w, https:\/\/tuaregviatges.es\/viajes\/wp-content\/uploads\/2018\/09\/Lago-de-Ohrid-Maite-Panadero-768x576.jpg 768w, https:\/\/tuaregviatges.es\/viajes\/wp-content\/uploads\/2018\/09\/Lago-de-Ohrid-Maite-Panadero-1024x768.jpg 1024w\" sizes=\"auto, (max-width: 1600px) 100vw, 1600px\" \/><\/a><figcaption class=\"caption wp-caption-text\">Viaje a Macedonia &#8211; Lago de Ohrid \u00a0\u00a9Maite Panadero<\/figcaption><\/figure>\n<figure id=\"attachment_7467\" class=\"thumbnail wp-caption aligncenter\" style=\"width: 970px\"><a href=\"https:\/\/tuaregviatges.es\/asia_jordania.html\"><img loading=\"lazy\" decoding=\"async\" class=\"size-full wp-image-7467\" src=\"https:\/\/tuaregviatges.es\/viajes\/wp-content\/uploads\/2018\/09\/Wadi-Rum-primer-dia-de-2018-Gemma-Sala.jpg\" alt=\"Viaje a Jordania - Wadi Rum, primer dia de 2018 Gemma Sala\" width=\"960\" height=\"720\" srcset=\"https:\/\/tuaregviatges.es\/viajes\/wp-content\/uploads\/2018\/09\/Wadi-Rum-primer-dia-de-2018-Gemma-Sala.jpg 960w, https:\/\/tuaregviatges.es\/viajes\/wp-content\/uploads\/2018\/09\/Wadi-Rum-primer-dia-de-2018-Gemma-Sala-300x225.jpg 300w, https:\/\/tuaregviatges.es\/viajes\/wp-content\/uploads\/2018\/09\/Wadi-Rum-primer-dia-de-2018-Gemma-Sala-768x576.jpg 768w\" sizes=\"auto, (max-width: 960px) 100vw, 960px\" \/><\/a><figcaption class=\"caption wp-caption-text\">Viaje a Jordania &#8211; Wadi Rum, primer dia de 2018 \u00a0\u00a9Gemma Sala<\/figcaption><\/figure>\n<figure id=\"attachment_7468\" class=\"thumbnail wp-caption aligncenter\" style=\"width: 1210px\"><a href=\"https:\/\/tuaregviatges.es\/asia_iran.html\"><img loading=\"lazy\" decoding=\"async\" class=\"size-full wp-image-7468\" src=\"https:\/\/tuaregviatges.es\/viajes\/wp-content\/uploads\/2018\/09\/Yadz-Hacia-la-luz-Virginia-Dominguez.jpg\" alt=\"Viaje a Ir\u00e1n - Yadz - Hacia la luz Virginia Dom\u00ednguez\" width=\"1200\" height=\"2133\" srcset=\"https:\/\/tuaregviatges.es\/viajes\/wp-content\/uploads\/2018\/09\/Yadz-Hacia-la-luz-Virginia-Dominguez.jpg 1200w, https:\/\/tuaregviatges.es\/viajes\/wp-content\/uploads\/2018\/09\/Yadz-Hacia-la-luz-Virginia-Dominguez-169x300.jpg 169w, https:\/\/tuaregviatges.es\/viajes\/wp-content\/uploads\/2018\/09\/Yadz-Hacia-la-luz-Virginia-Dominguez-768x1365.jpg 768w, https:\/\/tuaregviatges.es\/viajes\/wp-content\/uploads\/2018\/09\/Yadz-Hacia-la-luz-Virginia-Dominguez-576x1024.jpg 576w\" sizes=\"auto, (max-width: 1200px) 100vw, 1200px\" \/><\/a><figcaption class=\"caption wp-caption-text\">Viaje a Ir\u00e1n &#8211; Yadz &#8211; Hacia la luz \u00a0\u00a9Virginia Dom\u00ednguez<\/figcaption><\/figure>\n","protected":false},"excerpt":{"rendered":"<p>Con la llegada del Oto\u00f1o muchos de nuestros destinos muestran al visitante una nueva paleta de colores. Los tonos ocres y pardos son dominantes en el hemisferio norte y los vivos colores de la primavera florecen en el hemisferio sur. Hoy os queremos dejar algunas im\u00e1genes inspiradoras para viajar en Oto\u00f1o. Clikando en la imagen [&hellip;]<\/p>\n","protected":false},"author":1,"featured_media":7453,"comment_status":"closed","ping_status":"closed","sticky":false,"template":"","format":"standard","meta":{"footnotes":""},"categories":[679,20,160,459,461],"tags":[662,660,501],"class_list":["post-7458","post","type-post","status-publish","format-standard","has-post-thumbnail","hentry","category-viajes-curiosidades","category-trekking","category-ultimas-plazas-2","category-viajar-solo","category-viajes-excepcionales","tag-viajes-diciembre","tag-viajes-noviembre","tag-viajes-octubre"],"_links":{"self":[{"href":"https:\/\/tuaregviatges.es\/viajes\/wp-json\/wp\/v2\/posts\/7458","targetHints":{"allow":["GET"]}}],"collection":[{"href":"https:\/\/tuaregviatges.es\/viajes\/wp-json\/wp\/v2\/posts"}],"about":[{"href":"https:\/\/tuaregviatges.es\/viajes\/wp-json\/wp\/v2\/types\/post"}],"author":[{"embeddable":true,"href":"https:\/\/tuaregviatges.es\/viajes\/wp-json\/wp\/v2\/users\/1"}],"replies":[{"embeddable":true,"href":"https:\/\/tuaregviatges.es\/viajes\/wp-json\/wp\/v2\/comments?post=7458"}],"version-history":[{"count":6,"href":"https:\/\/tuaregviatges.es\/viajes\/wp-json\/wp\/v2\/posts\/7458\/revisions"}],"predecessor-version":[{"id":7474,"href":"https:\/\/tuaregviatges.es\/viajes\/wp-json\/wp\/v2\/posts\/7458\/revisions\/7474"}],"wp:featuredmedia":[{"embeddable":true,"href":"https:\/\/tuaregviatges.es\/viajes\/wp-json\/wp\/v2\/media\/7453"}],"wp:attachment":[{"href":"https:\/\/tuaregviatges.es\/viajes\/wp-json\/wp\/v2\/media?parent=7458"}],"wp:term":[{"taxonomy":"category","embeddable":true,"href":"https:\/\/tuaregviatges.es\/viajes\/wp-json\/wp\/v2\/categories?post=7458"},{"taxonomy":"post_tag","embeddable":true,"href":"https:\/\/tuaregviatges.es\/viajes\/wp-json\/wp\/v2\/tags?post=7458"}],"curies":[{"name":"wp","href":"https:\/\/api.w.org\/{rel}","templated":true}]}}