{"id":8165,"date":"2020-03-09T15:06:41","date_gmt":"2020-03-09T13:06:41","guid":{"rendered":"https:\/\/tuaregviatges.es\/viajes\/?p=8165"},"modified":"2020-03-10T16:34:17","modified_gmt":"2020-03-10T14:34:17","slug":"viajes-groenlandia-en-verano","status":"publish","type":"post","link":"https:\/\/tuaregviatges.es\/viajes\/viajes-groenlandia-en-verano\/","title":{"rendered":"Verano en Groenlandia: kayaks, navegaci\u00f3n y trekking"},"content":{"rendered":"<p><script type=\"application\/ld+json\">\n{\n  \"@context\": \"http:\/\/schema.org\",\n  \"@type\": \"BreadcrumbList\",\n  \"itemListElement\": [{\n    \"@type\": \"ListItem\",\n    \"position\": 1,\n    \"item\": {\n      \"@id\": \"https:\/\/tuaregviatges.es\",\n      \"name\": \"Viajes Tuareg\",\n      \"image\": \"https:\/\/tuaregviatges.es\/fotos\/logotuareg.png\"\n    }\n  },{\n    \"@type\": \"ListItem\",\n    \"position\": 2,\n    \"item\": {\n      \"@id\": \"https:\/\/tuaregviatges.es\/europa_groenlandia.html\",\n      \"name\": \"? Groenlandia\"\n    }\n  },{\n    \"@type\": \"ListItem\",\n    \"position\": 3,\n    \"item\": {\n      \"@id\": \"https:\/\/tuaregviatges.es\/viajes\/viajes-groenlandia-en-verano\/\",\n      \"name\": \"Viajar en verano Groenlandia\"\n   }\n  }\n ]\n}\n<\/script><strong>Groenlandia<\/strong> contin\u00faa siendo uno de los territorios m\u00e1s salvajes e inexplorados del \u00c1rtico. En verano el hielo formado durante las largas noches de invierno se derrite y nos permite acceder a los fiordos, un espect\u00e1culo natural incomparable formado por la erosi\u00f3n de los grandes glaciares que exist\u00edan en las \u00e9pocas en que estas tierras estaban cubiertas de hielo.<!--more--><\/p>\n<div class=\"continguts\">\n<h2 style=\"text-align: center;\"><a href=\"https:\/\/tuaregviatges.es\/viajes\/viajes-groenlandia-en-verano\/\">Viajar a Groenlandia en verano<\/a><\/h2>\n<ul>\n<li><a href=\"#mejor-epoca-Groenlandia\">La llegada del buen tiempo en Groenlandia<\/a><\/li>\n<li><a href=\"#verano-Groenlandia\">Groenlandia en verano<\/a>\n<ul>\n<li><a href=\"#kayak-icebergs-Groenlandia\">Kayak entre icebergs y frentes glaciares<\/a><\/li>\n<li><a href=\"#aurora-boreal-Groenlandia\">Bajo la Aurora Boreal<\/a><\/li>\n<li><a href=\"#senderismo-trekking-Groenlandia\">Lo mejor de Groenlandia. Senderismo, navegaci\u00f3n y 4&#215;4<\/a><\/li>\n<\/ul>\n<\/li>\n<\/ul>\n<ul>\n<li><a href=\"#material-Groenlandia\">Material recomendado para viajar<\/a><\/li>\n<li><a href=\"#informaciones-viajes-Groenlandia\">Informaciones para viajar<\/a><\/li>\n<li><a href=\"#guias-viajes-Groenlandia\">Los gu\u00edas del viaje<\/a><\/li>\n<li><a href=\"#dificultad-viaje-Groenlandia\">Dificultad y condiciones del viaje<\/a>\n<ul>\n<li><a href=\"#dificultad-kayak-Groenlandia\">En kayak<\/a><\/li>\n<li><a href=\"#dificultad-trekking-Groenlandia\">Caminatas<\/a><\/li>\n<\/ul>\n<\/li>\n<\/ul>\n<\/div>\n<blockquote><p>Viajando por el sur de Groenlandia la costa se deshace en un sin fin de fiordos e islotes, formando magn\u00edficos paisajes que se abren al visitante en los pocos meses de verano polar.<\/p><\/blockquote>\n<figure id=\"attachment_8298\" class=\"thumbnail wp-caption aligncenter\" style=\"width: 710px\"><a href=\"https:\/\/tuaregviatges.es\/europa_groenlandia.html\"><img loading=\"lazy\" decoding=\"async\" class=\"wp-image-8298 size-full\" title=\"Viajar a Groenlandia en verano\" src=\"https:\/\/tuaregviatges.es\/viajes\/wp-content\/uploads\/2019\/01\/Archivo-Tuareg.jpg\" alt=\"Viajar a Groenlandia en verano | Archivo Tuareg\" width=\"700\" height=\"460\" srcset=\"https:\/\/tuaregviatges.es\/viajes\/wp-content\/uploads\/2019\/01\/Archivo-Tuareg.jpg 700w, https:\/\/tuaregviatges.es\/viajes\/wp-content\/uploads\/2019\/01\/Archivo-Tuareg-300x197.jpg 300w\" sizes=\"auto, (max-width: 700px) 100vw, 700px\" \/><\/a><figcaption class=\"caption wp-caption-text\">Viajar a Groenlandia en verano | Archivo Tuareg<\/figcaption><\/figure>\n<h2 id=\"mejor-epoca-Groenlandia\">La llegada del buen tiempo en Groenlandia<\/h2>\n<p>La <strong>transici\u00f3n del invierno a la primavera es muy r\u00e1pida en el sur de Groenlandia<\/strong>, los d\u00edas se alargan y la vegetaci\u00f3n vuelve a crecer dando paso al verano.<\/p>\n<p>Con la llegada del verano los d\u00edas se vuelven largos y luminosos y es el <strong>mejor momento para practicar senderismo y realizar actividades al aire libre<\/strong> disfrutando de los incre\u00edbles e interminables rayos del sol.<\/p>\n<blockquote><p>El verano en Groenlandia hace que la mayor\u00eda de las pueblos y comunidades est\u00e9n llenos de vida las 24 horas del d\u00eda.<\/p><\/blockquote>\n<figure id=\"attachment_8300\" class=\"thumbnail wp-caption aligncenter\" style=\"width: 710px\"><a href=\"https:\/\/tuaregviatges.es\/europa_groenlandia.html\"><img loading=\"lazy\" decoding=\"async\" class=\"wp-image-8300 size-full\" title=\"Viajar a Groenlandia en verano\" src=\"https:\/\/tuaregviatges.es\/viajes\/wp-content\/uploads\/2019\/01\/Archivo-Tuareg-2.jpg\" alt=\"Viajar a Groenlandia en verano | Archivo Tuareg\" width=\"700\" height=\"453\" srcset=\"https:\/\/tuaregviatges.es\/viajes\/wp-content\/uploads\/2019\/01\/Archivo-Tuareg-2.jpg 700w, https:\/\/tuaregviatges.es\/viajes\/wp-content\/uploads\/2019\/01\/Archivo-Tuareg-2-300x194.jpg 300w\" sizes=\"auto, (max-width: 700px) 100vw, 700px\" \/><\/a><figcaption class=\"caption wp-caption-text\">Viajar a Groenlandia en verano | Archivo Tuareg<\/figcaption><\/figure>\n<h2 id=\"verano-Groenlandia\">Viajar a Groenlandia en verano<\/h2>\n<div id=\"kayak-icebergs-Groenlandia\" style=\"width: 100%;\">\n<div style=\"margin-top: 60PX; width: 100%; background-color: #96a610; color: #ffffff; font-size: 20px; padding: 3px; text-align: left:;\"><a style=\"color: #ffffff;\" href=\"https:\/\/tuaregviatges.es\/rutas_polares\/viajes_a_groenlandia\/Travesia_en_kayak_y_caminatas_en_los_fiordos_de_Narsaq.htm\"><span style=\"color: #ffffff;\">\u27a1\ufe0f GROENLANDIA &#8211; Kayak entre icebergs y frentes glaciares<\/span><\/a><\/div>\n<\/div>\n<div style=\"margin-top: 20PX; margin-bottom: 10px;\"><span style=\"color: #e39219;\"><img decoding=\"async\" class=\"alignright\" style=\"max-width: 40%;\" src=\"https:\/\/tuaregviatges.es\/rutas\/comoviajamos\/8169p.png\" \/>&gt; Viaje a Groenlandia en julio y agosto<\/span><br \/>\n<span style=\"color: #e39219;\">&gt; Multiactividad en Groenlandia de 17 d\u00edas<br \/>\n<\/span><span style=\"color: #e39219;\">&gt; Salidas 29 JUL<span class=\"cl_vermellteula\">\u00a0&gt;\u00a0<\/span>14 AGO 2020<br \/>\n&gt; Precio a partir de <strong>2.695 euros<\/strong><\/span><\/div>\n<p>En el <a href=\"https:\/\/tuaregviatges.es\/europa_groenlandia.html\">sur de Groenlandia<\/a> la costa se deshace en fiordos e islotes. Esta propuesta es <strong>una traves\u00eda en kayak de 160 km<\/strong>; en autonom\u00eda y sin barco de apoyo en un ambiente de expedici\u00f3n. Navegaremos <strong>entre icebergs y frentes glaciares<\/strong> que descienden del misterioso inlandis, pudiendo observar una variada vida salvaje.<\/p>\n<figure id=\"attachment_8302\" class=\"thumbnail wp-caption aligncenter\" style=\"width: 710px\"><a href=\"https:\/\/tuaregviatges.es\/europa_groenlandia.html\"><img loading=\"lazy\" decoding=\"async\" class=\"wp-image-8302 size-full\" title=\"KAYAKS EN GROENLANDIA\" src=\"https:\/\/tuaregviatges.es\/viajes\/wp-content\/uploads\/2019\/01\/KAYAKS-EN-GROENLANDIA-Autor-Juan-carlos-Fernandez-Lopez.jpg\" alt=\"KAYAKS EN GROENLANDIA Autor Juan carlos Fern\u00e1ndez L\u00f3pez\" width=\"700\" height=\"525\" srcset=\"https:\/\/tuaregviatges.es\/viajes\/wp-content\/uploads\/2019\/01\/KAYAKS-EN-GROENLANDIA-Autor-Juan-carlos-Fernandez-Lopez.jpg 700w, https:\/\/tuaregviatges.es\/viajes\/wp-content\/uploads\/2019\/01\/KAYAKS-EN-GROENLANDIA-Autor-Juan-carlos-Fernandez-Lopez-300x225.jpg 300w\" sizes=\"auto, (max-width: 700px) 100vw, 700px\" \/><\/a><figcaption class=\"caption wp-caption-text\">KAYAKS EN GROENLANDIA Autor Juan carlos Fern\u00e1ndez L\u00f3pez<\/figcaption><\/figure>\n<div id=\"aurora-boreal-Groenlandia\" style=\"width: 100%;\">\n<div style=\"margin-top: 60PX; width: 100%; background-color: #96a610; color: #ffffff; font-size: 20px; padding: 3px; text-align: left:;\"><a style=\"color: #ffffff;\" href=\"https:\/\/tuaregviatges.es\/rutas_polares\/viajes_a_groenlandia\/Bajo_la_Aurora_Boreal.htm\"><span style=\"color: #ffffff;\">\u27a1\ufe0f GROENLANDIA &#8211; Bajo la Aurora Boreal<\/span><\/a><\/div>\n<\/div>\n<div style=\"margin-top: 20PX; margin-bottom: 10px;\"><span style=\"color: #e39219;\"><img decoding=\"async\" class=\"alignright\" style=\"max-width: 40%;\" src=\"https:\/\/tuaregviatges.es\/rutas\/comoviajamos\/8178p.png\" \/>&gt; Viaje a Groenlandia en grupo reducido<\/span><br \/>\n<span style=\"color: #e39219;\">&gt; Auroras boreales en Groenlandia de 10 d\u00edas<br \/>\n<\/span><span style=\"color: #e39219;\">&gt; Salidas 5, 12, 19, 31 AGO<span class=\"cl_vermellteula\">\u00a0&gt;\u00a0<\/span>7 SEP 2020<br \/>\n&gt; Precio a partir de <strong>2.695 euros<\/strong><\/span><\/div>\n<p>Acompa\u00f1ados por <strong>expertos gu\u00edas en Groenlandia y un fot\u00f3grafo profesional<\/strong>, observaremos las Auroras Boreales, uno de los espect\u00e1culos m\u00e1s fascinantes del cielo.<\/p>\n<figure id=\"attachment_8303\" class=\"thumbnail wp-caption aligncenter\" style=\"width: 710px\"><a href=\"https:\/\/tuaregviatges.es\/europa_groenlandia.html\"><img loading=\"lazy\" decoding=\"async\" class=\"wp-image-8303 size-full\" title=\"NOCHE DE AURORAS BOREALES\" src=\"https:\/\/tuaregviatges.es\/viajes\/wp-content\/uploads\/2019\/01\/NOCHE-DE-AURORAS-BOREALES-Autor-Carlos-Torras.jpg\" alt=\"NOCHE DE AURORAS BOREALES Autor Carlos Torras\" width=\"700\" height=\"467\" srcset=\"https:\/\/tuaregviatges.es\/viajes\/wp-content\/uploads\/2019\/01\/NOCHE-DE-AURORAS-BOREALES-Autor-Carlos-Torras.jpg 700w, https:\/\/tuaregviatges.es\/viajes\/wp-content\/uploads\/2019\/01\/NOCHE-DE-AURORAS-BOREALES-Autor-Carlos-Torras-300x200.jpg 300w\" sizes=\"auto, (max-width: 700px) 100vw, 700px\" \/><\/a><figcaption class=\"caption wp-caption-text\">NOCHE DE AURORAS BOREALES Autor Carlos Torras<\/figcaption><\/figure>\n<div id=\"senderismo-trekking-Groenlandia\" style=\"width: 100%;\">\n<div style=\"margin-top: 60PX; width: 100%; background-color: #96a610; color: #ffffff; font-size: 20px; padding: 3px; text-align: left:;\"><a style=\"color: #ffffff;\" href=\"https:\/\/tuaregviatges.es\/rutas_polares\/viajes_a_groenlandia\/Lo_mejor_de_Groenlandia.htm\"><span style=\"color: #ffffff;\">\u27a1\ufe0f GROENLANDIA &#8211; Lo mejor de Groenlandia. Senderismo, navegaci\u00f3n y 4&#215;4<\/span><\/a><\/div>\n<\/div>\n<div style=\"margin-top: 20PX; margin-bottom: 10px;\"><span style=\"color: #e39219;\"><img decoding=\"async\" class=\"alignright\" style=\"max-width: 40%;\" src=\"https:\/\/tuaregviatges.es\/rutas\/comoviajamos\/CVtrekkingP.png\" \/>&gt; Viaje a Groenlandia en grupo reducido<\/span><br \/>\n<span style=\"color: #e39219;\">&gt; Trekking y navegaci\u00f3n en barco de 17 d\u00edas<br \/>\n<\/span><span style=\"color: #e39219;\">&gt; Salidas 29 JUL<span class=\"cl_vermellteula\">\u00a0&gt;\u00a0<\/span>12 AGO 2020<br \/>\n&gt; Precio a partir de <strong>3.325 euros<\/strong><\/span><\/div>\n<p>Una ruta activa, en la que casi cada d\u00eda efectuaremos una caminata, unas m\u00e1s sencillas y otras m\u00e1s exigentes. <strong>El barco ser\u00e1 nuestro medio de transporte<\/strong>, ofreciendo a la vez magn\u00edficas etapas de navegaci\u00f3n entre espectaculares fiordos.<\/p>\n<p><script type=\"application\/ld+json\">\n{\n  \"@context\": \"http:\/\/schema.org\",\n  \"@type\": \"Event\",\n  \"name\": \"Auroras Boreales\",\n  \"description\": \"Acompa\u00f1ados por expertos gu\u00edas en Groenlandia y un fot\u00f3grafo profesional, observaremos las Auroras Boreales\",\n  \"url\": \"https:\/\/tuaregviatges.es\/rutas_polares\/viajes_a_groenlandia\/Bajo_la_Aurora_Boreal.htm\",\n  \"image\": \"https:\/\/tuaregviatges.es\/rutas_polares\/viajes_a_groenlandia\/fotografia\/e-Bajo_la_Aurora_Boreal-1.jpg\",\n    \"startDate\": \"2020-08-05T00:00\",\n  \"endDate\": \"2020-09-16T00:00 \",\n  \"performer\": {\n    \"@type\": \"PerformingGroup\",\n    \"name\": \"Viaje a Groenlandia\"\n  },\n  \"location\": {\n    \"@type\": \"Place\",\n    \"name\": \"Groenlandia\",\n    \"address\": {\n      \"@type\": \"PostalAddress\",\n      \"streetAddress\": \"\",\n      \"addressLocality\": \"\",\n      \"postalCode\": \"\",\n      \"addressCountry\": \"GL\"\n    }\n  },\n  \"offers\": [{\n  \"name\": \"Auroras Boreales\",\n  \"description\": \"Acompa\u00f1ados por expertos gu\u00edas en Groenlandia y un fot\u00f3grafo profesional, observaremos las Auroras Boreales\",\n  \"url\": \"https:\/\/tuaregviatges.es\/rutas_polares\/viajes_a_groenlandia\/Bajo_la_Aurora_Boreal.htm\",\n  \"image\": \"https:\/\/tuaregviatges.es\/rutas_polares\/viajes_a_groenlandia\/fotografia\/e-Bajo_la_Aurora_Boreal-1.jpg\",\n    \"price\": \"2.695\",\n    \"priceCurrency\": \"EUR\",\n    \"validFrom\": \"2020-03-09T00:00\",\n    \"availability\": \"http:\/\/schema.org\/PreOrder\"\n  }]\n}\n<\/script><br \/>\n<script type=\"application\/ld+json\">\n{\n  \"@context\": \"http:\/\/schema.org\",\n  \"@type\": \"Event\",\n  \"name\": \"Kayak Icebergs\",\n  \"description\": \"Viaje a Groenlandia en grupo reducido, Kayak entre icebergs y frentes glaciares\",\n  \"url\": \"https:\/\/tuaregviatges.es\/rutas_polares\/viajes_a_groenlandia\/Travesia_en_kayak_y_caminatas_en_los_fiordos_de_Narsaq.htm\",\n  \"image\": \"https:\/\/tuaregviatges.es\/rutas_polares\/viajes_a_groenlandia\/thumbg\/viajes_a_Travesia_en_kayak_y_caminatas_en_los_fiordos_de_Narsaq-1.jpg\",\n    \"startDate\": \"2020-07-29T00:00\",\n  \"endDate\": \"2020-09-02T00:00 \",\n  \"performer\": {\n    \"@type\": \"PerformingGroup\",\n    \"name\": \"Viaje a Groenlandia\"\n  },\n  \"location\": {\n    \"@type\": \"Place\",\n    \"name\": \"Groenlandia\",\n    \"address\": {\n      \"@type\": \"PostalAddress\",\n      \"streetAddress\": \"\",\n      \"addressLocality\": \"\",\n      \"postalCode\": \"\",\n      \"addressCountry\": \"GL\"\n    }\n  },\n  \"offers\": [{\n    \"@type\": \"Offer\",\n  \"name\": \"Kayak Icebergs\",\n  \"description\": \"Viaje a Groenlandia en grupo reducido, Kayak entre icebergs y frentes glaciares\",\n  \"url\": \"https:\/\/tuaregviatges.es\/rutas_polares\/viajes_a_groenlandia\/Travesia_en_kayak_y_caminatas_en_los_fiordos_de_Narsaq.htm\",\n  \"image\": \"https:\/\/tuaregviatges.es\/rutas_polares\/viajes_a_groenlandia\/thumbg\/viajes_a_Travesia_en_kayak_y_caminatas_en_los_fiordos_de_Narsaq-1.jpg\",\n    \"price\": \"2.695\",\n    \"priceCurrency\": \"EUR\",\n    \"validFrom\": \"2020-03-09T00:00\",\n    \"availability\": \"http:\/\/schema.org\/PreOrder\"\n  }]\n}\n<\/script><br \/>\n<script type=\"application\/ld+json\">\n{\n  \"@context\": \"http:\/\/schema.org\",\n  \"@type\": \"Event\",\n  \"name\": \"Senderismo y 4x4\",\n  \"description\": \"Lo mejor de Groenlandia. Senderismo, navegaci\u00f3n y 4x4\",\n  \"url\": \"https:\/\/tuaregviatges.es\/rutas_polares\/viajes_a_groenlandia\/Lo_mejor_de_Groenlandia.htm\",\n  \"image\": \"https:\/\/tuaregviatges.es\/rutas_polares\/viajes_a_groenlandia\/fotografia\/e-Lo_mejor_de_Groenlandia-1.jpg\",\n    \"startDate\": \"2020-07-29T00:00\",\n  \"endDate\": \"2020-08-29T00:00 \",\n  \"performer\": {\n    \"@type\": \"PerformingGroup\",\n    \"name\": \"Viaje a Groenlandia\"\n  },\n  \"location\": {\n    \"@type\": \"Place\",\n    \"name\": \"Groenlandia\",\n    \"address\": {\n      \"@type\": \"PostalAddress\",\n      \"streetAddress\": \"\",\n      \"addressLocality\": \"\",\n      \"postalCode\": \"\",\n      \"addressCountry\": \"GL\"\n    }\n  },\n  \"offers\": [{\n    \"@type\": \"Offer\",\n  \"name\": \"Senderismo y 4x4\",\n  \"description\": \"Lo mejor de Groenlandia. Senderismo, navegaci\u00f3n y 4x4\",\n  \"url\": \"https:\/\/tuaregviatges.es\/rutas_polares\/viajes_a_groenlandia\/Lo_mejor_de_Groenlandia.htm\",\n  \"image\": \"https:\/\/tuaregviatges.es\/rutas_polares\/viajes_a_groenlandia\/fotografia\/e-Lo_mejor_de_Groenlandia-1.jpg\",\n    \"price\": \"3.325\",\n    \"priceCurrency\": \"EUR\",\n    \"validFrom\": \"2020-03-09T00:00\",\n    \"availability\": \"http:\/\/schema.org\/PreOrder\"\n  }]\n}\n<\/script><\/p>\n<figure id=\"attachment_8304\" class=\"thumbnail wp-caption aligncenter\" style=\"width: 710px\"><a href=\"https:\/\/tuaregviatges.es\/europa_groenlandia.html\"><img loading=\"lazy\" decoding=\"async\" class=\"wp-image-8304 size-full\" title=\"Viajes a GROENLANDIA \" src=\"https:\/\/tuaregviatges.es\/viajes\/wp-content\/uploads\/2019\/01\/GROENLANDIA-Autor-Archivo-Tuareg.jpg\" alt=\"Viajes a GROENLANDIA Autor Archivo Tuareg\" width=\"700\" height=\"525\" srcset=\"https:\/\/tuaregviatges.es\/viajes\/wp-content\/uploads\/2019\/01\/GROENLANDIA-Autor-Archivo-Tuareg.jpg 700w, https:\/\/tuaregviatges.es\/viajes\/wp-content\/uploads\/2019\/01\/GROENLANDIA-Autor-Archivo-Tuareg-300x225.jpg 300w\" sizes=\"auto, (max-width: 700px) 100vw, 700px\" \/><\/a><figcaption class=\"caption wp-caption-text\">Viajes a GROENLANDIA Autor Archivo Tuareg<\/figcaption><\/figure>\n<h2 id=\"material-Groenlandia\">Material recomendado para llevar en la mochila<\/h2>\n<p>Recomendamos para el equipaje una mochila o bolsa estanca con tirantes. <strong>Nunca maletas por la incomodidad que supone en este viaje<\/strong>.\u00a0Mochila peque\u00f1a de aprox. 35 litros para las marchas. No es necesario ning\u00fan material espec\u00edfico, \u00fanicamente el material normal de trekking.\u00a0La ropa de agua no es necesario que sea exclusivamente Gore tex.\u00a0A la lista de equipo recomendado hay que a\u00f1adir el material personal de viaje<\/p>\n<p><strong>EQUIPO PERSONAL RECOMENDADO NO PROPORCIONADO POR LA ORGANIZACI\u00d3N :<\/strong><\/p>\n<ul>\n<li><strong>Cabeza<\/strong> : 1-Gorro forro polar o lana \/1-Visera \/1-Protector solar \/1-Protector labial \/1-Gafas de sol \/1-Mosquitera de cara (en julio).<\/li>\n<li><strong>Cuerpo<\/strong> : 2 \u00f3 3-Camisetas t\u00e9rmicas -Thermastat, polartec&#8230; \/1-Forro polar o jersey fino \/ 1 forro polar grueso \/Chaqueta impermeable \/ 1 malla larga t\u00e9rmica \/ 1 \u00f3 2 pantalones de trekking \/ 1 pantal\u00f3n impermeable \/ 1 capa de agua<\/li>\n<li><strong>Manos<\/strong> : 1 par guantes forro polar, lana tupida o similar \/ 1 par guantes neopreno 5mm<\/li>\n<li><strong>Pies<\/strong> : 3 \u00f3 4 pares calcetines \/ botas de trekking \/ 1 calzado de repuesto<\/li>\n<li><strong>Campamento<\/strong> : 1 Saco dormir (-3\u00ba a -5\u00ba confort) \/ 1 linterna o frontal (bater\u00edas repuesto) \/ 1 esterilla aislante \/ botiqu\u00edn personal \/ 5 a 10 cucharillas de pesca (n\u00famero 3 \u00f3 4) \/ 1 navaja \/ aseo personal (incluir toalla).<\/li>\n<\/ul>\n<figure id=\"attachment_3504\" class=\"thumbnail wp-caption aligncenter\" style=\"width: 910px\"><a href=\"https:\/\/tuaregviatges.es\/europa_groenlandia.html\"><img loading=\"lazy\" decoding=\"async\" class=\"size-full wp-image-3504\" src=\"https:\/\/tuaregviatges.es\/viajes\/wp-content\/uploads\/2016\/01\/groenlandia-pesca-costa-este-FBailon.jpg\" alt=\"Pesca en la costa Este | Autor F. Bail\u00f3n\" width=\"900\" height=\"558\" srcset=\"https:\/\/tuaregviatges.es\/viajes\/wp-content\/uploads\/2016\/01\/groenlandia-pesca-costa-este-FBailon.jpg 900w, https:\/\/tuaregviatges.es\/viajes\/wp-content\/uploads\/2016\/01\/groenlandia-pesca-costa-este-FBailon-300x186.jpg 300w, https:\/\/tuaregviatges.es\/viajes\/wp-content\/uploads\/2016\/01\/groenlandia-pesca-costa-este-FBailon-768x476.jpg 768w\" sizes=\"auto, (max-width: 900px) 100vw, 900px\" \/><\/a><figcaption class=\"caption wp-caption-text\">Pesca en la costa Este | Autor F. Bail\u00f3n<\/figcaption><\/figure>\n<h2 id=\"informaciones-viajes-Groenlandia\">Informaciones del viaje<\/h2>\n<p>Este viaje ha sido organizado por <strong>profesionales en el mundo \u00c1rtico<\/strong>. En nuestros viajes intentamos mantener el esp\u00edritu de los antiguos viajeros, el ans\u00eda de saber que hay m\u00e1s all\u00e1 de un glaciar, una monta\u00f1a o un poblado inuit, e intentamos aprender de las culturas \u00e1rticas.<\/p>\n<blockquote><p>Los gu\u00edas como expertos en viajes polares tienen la facultad de <strong>cambiar el itinerario por motivos meteorol\u00f3gicos, log\u00edsticos o de seguridad<\/strong> o de alterar el orden de las actividades.<\/p><\/blockquote>\n<figure id=\"attachment_3505\" class=\"thumbnail wp-caption aligncenter\" style=\"width: 910px\"><a href=\"https:\/\/tuaregviatges.es\/europa_groenlandia.html\"><img loading=\"lazy\" decoding=\"async\" class=\"size-full wp-image-3505\" src=\"https:\/\/tuaregviatges.es\/viajes\/wp-content\/uploads\/2016\/01\/groenlandia-Tasiilaq-FBailon.jpg\" alt=\"Groenlandia Tasiilaq | Autor F. Bail\u00f3n\" width=\"900\" height=\"600\" srcset=\"https:\/\/tuaregviatges.es\/viajes\/wp-content\/uploads\/2016\/01\/groenlandia-Tasiilaq-FBailon.jpg 900w, https:\/\/tuaregviatges.es\/viajes\/wp-content\/uploads\/2016\/01\/groenlandia-Tasiilaq-FBailon-300x200.jpg 300w, https:\/\/tuaregviatges.es\/viajes\/wp-content\/uploads\/2016\/01\/groenlandia-Tasiilaq-FBailon-768x512.jpg 768w\" sizes=\"auto, (max-width: 900px) 100vw, 900px\" \/><\/a><figcaption class=\"caption wp-caption-text\">Groenlandia Tasiilaq | Autor F. Bail\u00f3n<\/figcaption><\/figure>\n<h2 id=\"guias-viajes-Groenlandia\">Los Gu\u00edas<\/h2>\n<p>Parte fundamental de un viaje es el gu\u00eda que acompa\u00f1a al grupo. Su principal misi\u00f3n es garantizar la seguridad del grupo y de cada uno de sus componentes.\u00a0<strong>Adri\u00e0 Flor y Andreu Llovera<\/strong> son los gu\u00edas con m\u00e1s experiencia en Groenlandia guiando grupos. Han recorrido medio mundo con sus kayaks.<\/p>\n<h2 id=\"dificultad-viaje-Groenlandia\">Dificultad y condiciones de los viajes a Groenlandia en verano<\/h2>\n<h4 id=\"dificultad-kayak-Groenlandia\">En Kayak<\/h4>\n<p>La ruta est\u00e1 concebida <strong>para personas activas y con una buena actitud de tolerancia, colaboraci\u00f3n y trabajo en equipo<\/strong>, con una condici\u00f3n f\u00edsica normal.<\/p>\n<blockquote><p>Recomendamos antes del viaje realizar un entrenamiento y para los kayakistas inexpertos realizar un curso previo al viaje.<\/p><\/blockquote>\n<p>S<strong>e navega de manera suave con paradas y desembarcos<\/strong>, las etapas son de aproximadamente 4\/5 horas efectivas de remo.<br \/>\nUna etapa normal es levantarse sobre las 7,30\/8 h., desayunar tranquilamente, recoger el campamento y sobre las 09,30 h. comenzar a remar. <strong>Normalmente se rema una hora y se para dentro del kayak 15 m a picar algo<\/strong>. A las 2 h se desembarca y se hace una parada de 1 h. Se rema otra hora con parada de 15 m, otra hora de remo y parada para montar el campamento.<\/p>\n<blockquote><p>El ritmo del viaje lo dar\u00e1 la climatolog\u00eda y el estado del hielo en los fiordos.<\/p><\/blockquote>\n<figure id=\"attachment_4154\" class=\"thumbnail wp-caption aligncenter\" style=\"width: 910px\"><a href=\"https:\/\/tuaregviatges.es\/europa_groenlandia.html\"><img loading=\"lazy\" decoding=\"async\" class=\"size-full wp-image-4154\" src=\"https:\/\/tuaregviatges.es\/viajes\/wp-content\/uploads\/2016\/06\/viajar-solo-viatges-tuareg-mr-salazar.jpg\" alt=\"Glaciares en Groenlandia. Foto de MR Salazar\" width=\"900\" height=\"484\" srcset=\"https:\/\/tuaregviatges.es\/viajes\/wp-content\/uploads\/2016\/06\/viajar-solo-viatges-tuareg-mr-salazar.jpg 900w, https:\/\/tuaregviatges.es\/viajes\/wp-content\/uploads\/2016\/06\/viajar-solo-viatges-tuareg-mr-salazar-300x161.jpg 300w, https:\/\/tuaregviatges.es\/viajes\/wp-content\/uploads\/2016\/06\/viajar-solo-viatges-tuareg-mr-salazar-768x413.jpg 768w\" sizes=\"auto, (max-width: 900px) 100vw, 900px\" \/><\/a><figcaption class=\"caption wp-caption-text\">Glaciares en Groenlandia. Foto de M.R. Salazar<\/figcaption><\/figure>\n<h4 id=\"dificultad-trekking-Groenlandia\">Caminatas<\/h4>\n<p>Los <strong>trekkings tienen un desnivel de entre 50 y 550 m. y de 2 a 6 horas efectivas de caminar<\/strong>; la mayor\u00eda discurren campo a trav\u00e9s pues en Groenlandia no hay pistas ni senderos, pero se camina sin ninguna dificultad.<\/p>\n<blockquote><p>Todos los trekkings del viaje se realizan con mochila de un d\u00eda, donde se lleva algo de comida, una prenda de abrigo y no siempre, agua ya que en Groenlandia se puede tomar agua de cualquier sitio.<\/p><\/blockquote>\n<p>Los <strong>equipajes son transportados por coches todo-terreno y barcos<\/strong>. No es necesario cargar con los equipajes salvo para ayudar a introducirlos en los barcos y coches. El trayecto m\u00e1s largo en el que habr\u00e1 que transportar todo el equipaje es en el glaciar de Qaleragdlit, aproximadamente 200 m.<\/p>\n<figure id=\"attachment_4495\" class=\"thumbnail wp-caption aligncenter\" style=\"width: 710px\"><a href=\"https:\/\/tuaregviatges.es\/europa_groenlandia.html\"><img loading=\"lazy\" decoding=\"async\" class=\"wp-image-4495 size-full\" title=\"Viajes a Groenlandia en verano\" src=\"https:\/\/tuaregviatges.es\/viajes\/wp-content\/uploads\/2015\/07\/groenlandia-Travesia_en_kayak_y_caminatas_en_los_fiordos_de_Narsaq-1-12-Silvia-Colomer.jpg\" alt=\"Monta\u00f1as de hielo flotando en Groenlandia | Foto \u00a9 Silvia Colomer\" width=\"700\" height=\"463\" srcset=\"https:\/\/tuaregviatges.es\/viajes\/wp-content\/uploads\/2015\/07\/groenlandia-Travesia_en_kayak_y_caminatas_en_los_fiordos_de_Narsaq-1-12-Silvia-Colomer.jpg 700w, https:\/\/tuaregviatges.es\/viajes\/wp-content\/uploads\/2015\/07\/groenlandia-Travesia_en_kayak_y_caminatas_en_los_fiordos_de_Narsaq-1-12-Silvia-Colomer-300x198.jpg 300w\" sizes=\"auto, (max-width: 700px) 100vw, 700px\" \/><\/a><figcaption class=\"caption wp-caption-text\">Monta\u00f1as de hielo flotando en Groenlandia | Foto \u00a9 Silvia Colomer<\/figcaption><\/figure>\n<p><script type=\"application\/ld+json\">\n\t\t\t\t\t\t\t{      \t\t\t\t\t\t\t\t\t\t\t\t\t\t\t\t\n\t\t\t\t\t\t\t\t\"@context\": \"http:\/\/schema.org\",\n\t\t\t\t\t\t\t\t\"@type\": \"TravelAction\",\n\t\t\t\t\t\t\t\t\"agent\": {\n\t\t\t\t\t\t\t\t\"@type\": \"Organization\",\n\t\t\t\t\t\t\t\t\"name\": \"Viajes Tuareg\",\n\t\t\t\t\t\t\t\t\"url\": \"https:\/\/tuaregviatges.es\"\n\t\t\t\t\t\t\t\t},\n\t\t\t\t\t\t\t\t\"fromLocation\": {\n\t\t\t\t\t\t\t\t\"@type\": \"Country\",\n\t\t\t\t\t\t\t\t\"name\": \"Spain\"\n\t\t\t\t\t\t\t\t},\n\t\t\t\t\t\t\t\t\"toLocation\": {\n\t\t\t\t\t\t\t\t\"@type\": \"Country\",\n\t\t\t\t\t\t\t\t\"name\": \"Groenlandia\"\n\t\t\t\t\t\t\t\t\t},\n\t\t\t\t\t\t\t\t\"location\": {\n\t\t\t\t\t\t\t\t\"@type\": \"Product\",\n\t\t\t\t\t\t\t\t\"name\": \"Viajes a Groenlandia\",\n\t\t\t\t\t\t\t\t\"url\": \"https:\/\/tuaregviatges.es\/europa_groenlandia.html\",\n\t\t\t\t\t\t\t\t\"description\": \"KAYAK y Senderismo entre ICEBERGS y frentes glaciares viaje en grupo y viaje fotogr\u00e1fico.\",\n\t\t\t\t\t\t\t\t \"aggregateRating\":\n\t\t\t\t\t\t\t\t\t\t\t\t\t\t{\"@type\": \"AggregateRating\",\n\t\t\t\t\t\t\t\t\t\t\t\t\t\t \"ratingValue\": \"4.3461538461538\",\n\t\t\t\t\t\t\t\t\t\t\t\t\t\t \"reviewCount\": \"26\",\n\t\t\t\t\t\t\t\t\t\t\t\t\t\t \"url\": \"\/rutas_polares\/viajes_a_groenlandia\/Lo_mejor_de_Groenlandia_opiniones.htm\" \n\t\t\t\t\t\t\t\t\t\t\t\t\t\t},\n\t\t\t\t\t\t\t\t\"photo\": {\n\t\t\t\t\t\t\t\t\"@list\": [\n\t\t\t\t\t\t\t\t\t\t{\"url\": \"https:\/\/tuaregviatges.es\/rutas\/seccionesRutas\/12887.jpg\"}\n\t\t\t\t\t\t\t\t\t\t]\n\t\t\t\t\t\t\t\t\t}\n\t\t\t\t\t\t\t\t}\n\t\t\t\t\t\t\t\t}\n\t\t\t<\/script><\/p>\n","protected":false},"excerpt":{"rendered":"<p>Groenlandia contin\u00faa siendo uno de los territorios m\u00e1s salvajes e inexplorados del \u00c1rtico. En verano el hielo formado durante las largas noches de invierno se derrite y nos permite acceder a los fiordos, un espect\u00e1culo natural incomparable formado por la erosi\u00f3n de los grandes glaciares que exist\u00edan en las \u00e9pocas en que estas tierras estaban [&hellip;]<\/p>\n","protected":false},"author":1,"featured_media":8305,"comment_status":"closed","ping_status":"closed","sticky":false,"template":"","format":"standard","meta":{"footnotes":""},"categories":[635,218,257],"tags":[311,672,642],"class_list":["post-8165","post","type-post","status-publish","format-standard","has-post-thumbnail","hentry","category-groenlandia","category-rutas_polares","category-viajes-verano","tag-groenlandia","tag-viajar-en-grupo","tag-viajes-verano"],"_links":{"self":[{"href":"https:\/\/tuaregviatges.es\/viajes\/wp-json\/wp\/v2\/posts\/8165","targetHints":{"allow":["GET"]}}],"collection":[{"href":"https:\/\/tuaregviatges.es\/viajes\/wp-json\/wp\/v2\/posts"}],"about":[{"href":"https:\/\/tuaregviatges.es\/viajes\/wp-json\/wp\/v2\/types\/post"}],"author":[{"embeddable":true,"href":"https:\/\/tuaregviatges.es\/viajes\/wp-json\/wp\/v2\/users\/1"}],"replies":[{"embeddable":true,"href":"https:\/\/tuaregviatges.es\/viajes\/wp-json\/wp\/v2\/comments?post=8165"}],"version-history":[{"count":21,"href":"https:\/\/tuaregviatges.es\/viajes\/wp-json\/wp\/v2\/posts\/8165\/revisions"}],"predecessor-version":[{"id":10470,"href":"https:\/\/tuaregviatges.es\/viajes\/wp-json\/wp\/v2\/posts\/8165\/revisions\/10470"}],"wp:featuredmedia":[{"embeddable":true,"href":"https:\/\/tuaregviatges.es\/viajes\/wp-json\/wp\/v2\/media\/8305"}],"wp:attachment":[{"href":"https:\/\/tuaregviatges.es\/viajes\/wp-json\/wp\/v2\/media?parent=8165"}],"wp:term":[{"taxonomy":"category","embeddable":true,"href":"https:\/\/tuaregviatges.es\/viajes\/wp-json\/wp\/v2\/categories?post=8165"},{"taxonomy":"post_tag","embeddable":true,"href":"https:\/\/tuaregviatges.es\/viajes\/wp-json\/wp\/v2\/tags?post=8165"}],"curies":[{"name":"wp","href":"https:\/\/api.w.org\/{rel}","templated":true}]}}