{"id":8192,"date":"2022-01-15T15:36:45","date_gmt":"2022-01-15T13:36:45","guid":{"rendered":"https:\/\/tuaregviatges.es\/viajes\/?p=8192"},"modified":"2022-01-15T23:10:01","modified_gmt":"2022-01-15T21:10:01","slug":"viajar-a-croacia-en-abril-semana-santa-y-viajes-fotograficos","status":"publish","type":"post","link":"https:\/\/tuaregviatges.es\/viajes\/viajar-a-croacia-en-abril-semana-santa-y-viajes-fotograficos\/","title":{"rendered":"Viajes a Croacia | Viaje fotogr\u00e1fico en Plitvice"},"content":{"rendered":"<p>Pocos pa\u00edses ofrecen tanta concentraci\u00f3n de enclaves que son patrimonio de la Unesco como Croacia. <strong>Visitaremos los parques naturales y las ciudades museo del litoral<\/strong>, denominadas perlas del Adri\u00e1tico, cuyo legado hist\u00f3rico les otorga el t\u00edtulo de patrimonio cultural: <strong>Zadar<\/strong>, <strong>Split<\/strong>, <strong>Trogir<\/strong>, <strong>Sibenik<\/strong> y <strong>Dubrovnik<\/strong>.<\/p>\n<blockquote><p>Para este 2022 os proponemos <strong>conocer Croacia<\/strong> de una manera din\u00e1mica y divertida.<\/p><\/blockquote>\n<p><!--more--><\/p>\n<figure id=\"attachment_8198\" class=\"thumbnail wp-caption aligncenter\" style=\"width: 710px\"><a href=\"https:\/\/tuaregviatges.es\/europa\/viajes_a_croacia\/Parques_Naturales_y_ciudades_patrimonio_de_la_Unesco.htm\"><img loading=\"lazy\" decoding=\"async\" class=\"wp-image-8198 size-full\" title=\"Krka National Parc en Croacia - Autor Huck Finn\" src=\"https:\/\/tuaregviatges.es\/viajes\/wp-content\/uploads\/2019\/01\/Huck-Finn-Krka-National-Parc.jpg\" alt=\"Krka National Parc en Croacia - AUtor Huck Finn\" width=\"700\" height=\"465\" srcset=\"https:\/\/tuaregviatges.es\/viajes\/wp-content\/uploads\/2019\/01\/Huck-Finn-Krka-National-Parc.jpg 700w, https:\/\/tuaregviatges.es\/viajes\/wp-content\/uploads\/2019\/01\/Huck-Finn-Krka-National-Parc-300x199.jpg 300w\" sizes=\"auto, (max-width: 700px) 100vw, 700px\" \/><\/a><figcaption class=\"caption wp-caption-text\">Krka National Parc en Croacia &#8211; Autor Huck Finn<\/figcaption><\/figure>\n<p>La primera opci\u00f3n, nuestro <a href=\"https:\/\/tuaregviatges.es\/europa\/viajes_a_croacia\/Parques_Naturales_y_ciudades_patrimonio_de_la_Unesco.htm\">Senderismo entre monta\u00f1as y las islas del Adri\u00e1tico<\/a>, propone un viaje activo con todas las comodidades, y que combina caminatas en las monta\u00f1as y parques naturales. Caminaremos entre paisajes de mar y monta\u00f1a, parando en islas y pueblos, y conociendo la cultura local a trav\u00e9s su gente y su gastronom\u00eda.<\/p>\n<p>Este viaje es un combinado de ruta cultural y de naturaleza. <strong>La mejor forma de observar los parques que se visitan es haciendo caminatas<\/strong>. Todas ellas de nivel f\u00e1cil y moderado, que van sobre las 3 horas m\u00e1ximo. El d\u00eda que dedicamos al parque de Plitvice, vamos a estar casi unas 5 horas recorriendo el parque. Hay que tener en cuenta que la din\u00e1mica en el parque es combinar caminatas con alg\u00fan trayecto de navegaci\u00f3n.<\/p>\n<blockquote><p>Conoceremos las ciudades museo del litoral, denominadas perlas del Adri\u00e1tico: Zadar, Split, Trogir, Sibenik y Dubrovnik.<\/p><\/blockquote>\n<p>La segunda opci\u00f3n de<a href=\"https:\/\/tuaregviatges.es\/europa\/viajes_a_croacia\/Croacia_.htm\"> viaje a Croacia, que tiene salida \u00fanica el 3 de mayo<\/a>, es un <strong>viaje fotogr\u00e1fico acompa\u00f1ados de Eduardo Blanco<\/strong>. Eduardo es un fot\u00f3grafo profesional y nos acompa\u00f1a en este <strong>viaje taller de fotograf\u00eda en el Parque Nacional de Plitvice<\/strong>, donde lagos, arroyos y cascadas han convertido este espacio en una de las 50 maravillas del mundo. Durante cuatro d\u00edas nos dedicaremos a visitar y fotografiar el parque.<\/p>\n<p>El Parque Nacional de los lagos de Plitvice siempre aparece en esas listas tipo \u201cLas 50 maravillas naturales del mundo\u201d \u201cLugares que tienes que visitar antes de morir\u201d \u00bfQuieres descubrir por qu\u00e9?<br \/>\nNuestro objetivo es que cada minuto que est\u00e9s en este fant\u00e1stico lugar lo aproveches al m\u00e1ximo y nos alojamos en el mismo Parque Nacional, con vistas a las cascadas.<\/p>\n<h2>Pr\u00f3ximos viajes a Croacia<\/h2>\n<section style=\"width: 100%; border: 1px solid #BE6521; border-radius: 10px; text-align: left; margin-top: 20px;\">\n<div style=\"margin-top: -20px; background: #BE6521; padding-left: 15px; color: #ffffff; border-radius: 10px 10px 0px 0px;\">\n<h2 style=\"border-radius: 10px 10px 0px 0px; padding: 5px 0px; line-height: 1;\"><a style=\"color: #ffffff;\" href=\"https:\/\/tuaregviatges.es\/europa\/viajes_a_croacia\/Croacia_.htm\">Especial Fotograf\u00eda con Eduardo Blanco<\/a><\/h2>\n<\/div>\n<div style=\"width: auto; color: #be6521; padding-left: 10px;\">\n<p>\u2714\ufe0f <a style=\"color: #be6521;\" href=\"https:\/\/tuaregviatges.es\/europa_croacia.html\">Croacia<\/a><br \/>\n\u2714\ufe0f Viaje de 5 d\u00edas<br \/>\n\u2714\ufe0f Salida 3 de mayo<br \/>\n\u2714\ufe0f <strong>Precio a partir de 1125\u20ac<\/strong><\/p>\n<div>\n<div style=\"color: #000000; text-decoration-list: none;\">Eduardo Blanco, fot\u00f3grafo profesional y gran viajero, nos presenta un viaje taller de fotograf\u00eda en Croacia. Concretamente en el Parque Nacional de Plitvice, donde lagos, arroyos y cascadas han convertido este espacio en una de las 50 maravillas del mundo. Durante cuatro d\u00edas nos dedicaremos a visitar los mejores rincones del Parque y a fotografiar especialmente sus lagos y r\u00edos en contraste con el entorno. Ser\u00e1 muy importante el uso de tr\u00edpode para hacer efectos de movimiento con el agua.<\/div>\n<p style=\"text-align: center; margin: 20px;\"><a href=\"https:\/\/tuaregviatges.es\/europa\/viajes_a_croacia\/Croacia_.htm\"><span style=\"background-color: #96a610; color: #ffffff; padding: 10px 20px; border-radius: 25px;\">M\u00e1s informaci\u00f3n del viaje<\/span><\/a><\/p>\n<\/div>\n<\/div>\n<p><img decoding=\"async\" class=\"aligncenter\" src=\"https:\/\/tuaregviatges.es\/europa\/viajes_a_croacia\/mapa\/Croacia_.jpg\" alt=\"Croacia + Especial Fotograf\u00eda con Eduardo Blanco\" \/><\/p>\n<\/section>\n<figure id=\"attachment_8198\" class=\"thumbnail wp-caption aligncenter\" style=\"width: 710px\"><img loading=\"lazy\" decoding=\"async\" class=\"size-full wp-image-8198\" src=\"https:\/\/tuaregviatges.es\/viajes\/wp-content\/uploads\/2019\/01\/Huck-Finn-Krka-National-Parc.jpg\" alt=\"Krka National Parc en Croacia - AUtor Huck Finn\" width=\"700\" height=\"465\" srcset=\"https:\/\/tuaregviatges.es\/viajes\/wp-content\/uploads\/2019\/01\/Huck-Finn-Krka-National-Parc.jpg 700w, https:\/\/tuaregviatges.es\/viajes\/wp-content\/uploads\/2019\/01\/Huck-Finn-Krka-National-Parc-300x199.jpg 300w\" sizes=\"auto, (max-width: 700px) 100vw, 700px\" \/><figcaption class=\"caption wp-caption-text\">Krka National Parc en Croacia &#8211; AUtor Huck Finn<\/figcaption><\/figure>\n<section style=\"width: 100%; border: 1px solid #BE6521; border-radius: 10px; text-align: left; margin-top: 20px;\">\n<div style=\"margin-top: -20px; background: #BE6521; padding-left: 15px; color: #ffffff; border-radius: 10px 10px 0px 0px;\">\n<h2 style=\"border-radius: 10px 10px 0px 0px; padding: 5px 0px; line-height: 1;\"><a style=\"color: #ffffff;\" href=\"https:\/\/tuaregviatges.es\/europa\/viajes_a_croacia\/Parques_Naturales_y_ciudades_patrimonio_de_la_Unesco.htm\">Senderismo entre monta\u00f1as y las islas del Adri\u00e1tico<\/a><\/h2>\n<\/div>\n<div style=\"width: auto; color: #be6521; padding-left: 10px;\">\n<p>\u2714\ufe0f <a style=\"color: #be6521;\" href=\"https:\/\/tuaregviatges.es\/europa_croacia.html\">Viaje a Croacia<\/a><br \/>\n\u2714\ufe0f Viaje 5 d\u00edas<br \/>\n\u2714\ufe0f Salida 3 mayo<br \/>\n\u2714\ufe0f <strong>Precio a partir de 1125\u20ac<\/strong><\/p>\n<div>\n<div style=\"color: #000000; text-decoration-list: none;\">Eduardo Blanco, fot\u00f3grafo profesional y gran viajero, nos presenta un viaje taller de fotograf\u00eda en Croacia. Concretamente en el Parque Nacional de Plitvice, donde lagos, arroyos y cascadas han convertido este espacio en una de las 50 maravillas del mundo. Durante cuatro d\u00edas nos dedicaremos a visitar los mejores rincones del Parque y a fotografiar especialmente sus lagos y r\u00edos en contraste con el entorno. Ser\u00e1 muy importante el uso de tr\u00edpode para hacer efectos de movimiento con el agua.<\/div>\n<p style=\"text-align: center; margin: 20px;\"><a href=\"https:\/\/tuaregviatges.es\/europa\/viajes_a_croacia\/Croacia_.htm\"><span style=\"background-color: #96a610; color: #ffffff; padding: 10px 20px; border-radius: 25px;\">M\u00e1s informaci\u00f3n del viaje<\/span><\/a><\/p>\n<\/div>\n<\/div>\n<p><img decoding=\"async\" class=\"aligncenter\" src=\"https:\/\/tuaregviatges.es\/europa\/viajes_a_croacia\/mapa\/Parques_Naturales_y_ciudades_patrimonio_de_la_Unesco.jpg\" alt=\"Croacia + Senderismo entre monta\u00f1as y las islas del Adri\u00e1tico\" \/><\/p>\n<\/section>\n<p><script type=\"application\/ld+json\">\n{\n  \"@context\": \"http:\/\/schema.org\",\n  \"@type\": \"Event\",\n\"organizer\": {\n    \"@type\": \"Organization\",\n    \"name\": \"Viajes Tuareg\",\n    \"url\": \"https:\/\/tuaregviatges.es\/\"\n  },\n  \"eventAttendanceMode\": \"https:\/\/schema.org\/onlineEventAttendanceMode\",\n  \"eventStatus\": \"https:\/\/schema.org\/EventScheduled\",\n  \"name\": \"Viaje fotogr\u00e0fico\",\n  \"description\": \"Especial viaje Fotogr\u00e1fico a Croacia con Eduardo Blanco. Salida \u00fanica 6 de mayo\",\n  \"image\": \"https:\/\/tuaregviatges.es\/europa\/viajes_a_croacia\/thumbg\/viajes_a_Croacia_-1.jpg\",\n  \"url\": \"https:\/\/tuaregviatges.es\/europa\/viajes_a_croacia\/Croacia_.htm\",\n  \"startDate\": \"2022-05-03\",\n  \"endDate\": \"2022-05-08\",\n  \"performer\": {\n    \"@type\": \"PerformingGroup\",\n    \"name\": \"Viaje a Croacia\"\n  },\n  \"location\": {\n    \"@type\": \"Place\",\n    \"name\": \"Croacia\",\n    \"address\": {\n      \"@type\": \"PostalAddress\",\n      \"streetAddress\": \"\",\n      \"addressLocality\": \"\",\n      \"postalCode\": \"\",\n      \"addressCountry\": \"HR\"\n    }\n  },\n  \"offers\": [{\n    \"@type\": \"Offer\",\n  \"name\": \"Viaje fotogr\u00e0fico\",\n  \"description\": \"Especial viaje Fotogr\u00e1fico a Croacia con Eduardo Blanco. Salida \u00fanica 6 de mayo\",\n  \"image\": \"https:\/\/tuaregviatges.es\/europa\/viajes_a_croacia\/thumbg\/viajes_a_Croacia_-1.jpg\",\n  \"url\": \"https:\/\/tuaregviatges.es\/europa\/viajes_a_croacia\/Croacia_.htm\",\n    \"price\": \"1.125\",\n    \"priceCurrency\": \"EUR\",\n    \"validFrom\": \"2022-01-15T00:00\",\n    \"availability\": \"http:\/\/schema.org\/PreOrder\"\n  }]\n}\n<\/script><br \/>\n<script type=\"application\/ld+json\">\n{\n  \"@context\": \"http:\/\/schema.org\",\n  \"@type\": \"Event\",\n\"organizer\": {\n    \"@type\": \"Organization\",\n    \"name\": \"Viajes Tuareg\",\n    \"url\": \"https:\/\/tuaregviatges.es\/\"\n  },\n  \"eventAttendanceMode\": \"https:\/\/schema.org\/onlineEventAttendanceMode\",\n  \"eventStatus\": \"https:\/\/schema.org\/EventScheduled\",\n  \"name\": \"Senderismo\",\n  \"description\": \"Senderismo y navegaci\u00f3n entre las monta\u00f1as y el Adri\u00e1tico. Una ruta para los amantes del mar y la monta\u00f1a.\",\n  \"image\": \"https:\/\/tuaregviatges.es\/europa\/viajes_a_croacia\/thumbg\/viajes_a_Parques_Naturales_y_ciudades_patrimonio_de_la_Unesco-2.jpg\",\n  \"url\": \"https:\/\/tuaregviatges.es\/europa\/viajes_a_croacia\/Parques_Naturales_y_ciudades_patrimonio_de_la_Unesco.htm\",\n  \"startDate\": \"2022-06-11\",\n  \"endDate\": \"2022-09-25\",\n  \"performer\": {\n    \"@type\": \"PerformingGroup\",\n    \"name\": \"Viaje a Croacia\"\n  },\n  \"location\": {\n    \"@type\": \"Place\",\n    \"name\": \"Croacia\",\n    \"address\": {\n      \"@type\": \"PostalAddress\",\n      \"streetAddress\": \"\",\n      \"addressLocality\": \"\",\n      \"postalCode\": \"\",\n      \"addressCountry\": \"HR\"\n    }\n  },\n  \"offers\": [{\n    \"@type\": \"Offer\",\n  \"name\": \"Senderismo y navegaci\u00f3n\",\n  \"description\": \"Senderismo y navegaci\u00f3n entre las monta\u00f1as y el Adri\u00e1tico. Una ruta para los amantes del mar y la monta\u00f1a.\",\n  \"image\": \"https:\/\/tuaregviatges.es\/europa\/viajes_a_croacia\/thumbg\/viajes_a_Parques_Naturales_y_ciudades_patrimonio_de_la_Unesco-2.jpg\",\n  \"url\": \"https:\/\/tuaregviatges.es\/europa\/viajes_a_croacia\/Parques_Naturales_y_ciudades_patrimonio_de_la_Unesco.htm\",\n    \"price\": \"1.570\",\n    \"priceCurrency\": \"EUR\",\n    \"validFrom\": \"2022-01-15\",\n    \"availability\": \"http:\/\/schema.org\/PreOrder\"\n  }]\n}\n<\/script><\/p>\n<h2>\u00bfQu\u00e9 no te puedes perder en Croacia?<\/h2>\n<p>El <strong>Parque Nacional Lagos de Plitvice:\u00a0<\/strong>Una espectacular cadena de diecis\u00e9is lagos unidos por cascadas y piscinas naturales, color turquesa<\/p>\n<p><strong>Las Ciudades Museo<\/strong>: Denominadas perlas del Adri\u00e1tico, las ciudades costeras y su legado hist\u00f3rico les otorga el t\u00edtulo de patrimonio cultural de la UNESCO: Zadar, Split, Trogir, Sibenik y Dubrovnik.<\/p>\n<p><strong>Los Parques Nacionales:<\/strong> Visitaremos tres parques Nacionales (Krka, Paklenica y Plitvice). Caminaremos entre diversidad de paisajes y naturaleza.<\/p>\n<h2>\u00bfCu\u00e1l es la mejor \u00e9poca para <a href=\"https:\/\/tuaregviatges.es\/europa_croacia.html\">viajar a Croacia<\/a>?<\/h2>\n<p>Croacia tiene un clima mediterraneo muy parecido al del noroeste de la peninsula iberica. Si queremos realizar actividades y ver los parques naturales en todo su esplendor, <strong>la\u00a0<\/strong><strong>\u00e9poca perfecta para viajar a Croacia es la primavera<\/strong>.<\/p>\n<p>En <strong>verano\u00a0 las ciudades est\u00e1n m\u00e1s agitadas y llenas de turistas<\/strong> de todo el mundo. Durante los meses de julio y agosto\u00a0Croacia se convierte en el destino de muchos europeos que buscan estancias de playa a buen precio.<\/p>\n<p>En <strong>invierno las temperatura en los parques nacionales son m\u00e1s severas<\/strong>, lo que dificulta la visita. Los r\u00edos disminuyen el caudal de sus aguas y la nieve aparece en las cotas m\u00e1s altas.<\/p>\n","protected":false},"excerpt":{"rendered":"<p>Pocos pa\u00edses ofrecen tanta concentraci\u00f3n de enclaves que son patrimonio de la Unesco como Croacia. Visitaremos los parques naturales y las ciudades museo del litoral, denominadas perlas del Adri\u00e1tico, cuyo legado hist\u00f3rico les otorga el t\u00edtulo de patrimonio cultural: Zadar, Split, Trogir, Sibenik y Dubrovnik. Para este 2022 os proponemos conocer Croacia de una manera [&hellip;]<\/p>\n","protected":false},"author":1,"featured_media":8194,"comment_status":"closed","ping_status":"closed","sticky":false,"template":"","format":"standard","meta":{"footnotes":""},"categories":[458,620,684,460],"tags":[304,307,683,229],"class_list":["post-8192","post","type-post","status-publish","format-standard","has-post-thumbnail","hentry","category-a-pie","category-croacia","category-viajar-por-1000-euros","category-viajes-fotograficos","tag-croacia","tag-semana-santa","tag-viajes-abril","tag-viajes-fotograficos"],"_links":{"self":[{"href":"https:\/\/tuaregviatges.es\/viajes\/wp-json\/wp\/v2\/posts\/8192","targetHints":{"allow":["GET"]}}],"collection":[{"href":"https:\/\/tuaregviatges.es\/viajes\/wp-json\/wp\/v2\/posts"}],"about":[{"href":"https:\/\/tuaregviatges.es\/viajes\/wp-json\/wp\/v2\/types\/post"}],"author":[{"embeddable":true,"href":"https:\/\/tuaregviatges.es\/viajes\/wp-json\/wp\/v2\/users\/1"}],"replies":[{"embeddable":true,"href":"https:\/\/tuaregviatges.es\/viajes\/wp-json\/wp\/v2\/comments?post=8192"}],"version-history":[{"count":16,"href":"https:\/\/tuaregviatges.es\/viajes\/wp-json\/wp\/v2\/posts\/8192\/revisions"}],"predecessor-version":[{"id":12729,"href":"https:\/\/tuaregviatges.es\/viajes\/wp-json\/wp\/v2\/posts\/8192\/revisions\/12729"}],"wp:featuredmedia":[{"embeddable":true,"href":"https:\/\/tuaregviatges.es\/viajes\/wp-json\/wp\/v2\/media\/8194"}],"wp:attachment":[{"href":"https:\/\/tuaregviatges.es\/viajes\/wp-json\/wp\/v2\/media?parent=8192"}],"wp:term":[{"taxonomy":"category","embeddable":true,"href":"https:\/\/tuaregviatges.es\/viajes\/wp-json\/wp\/v2\/categories?post=8192"},{"taxonomy":"post_tag","embeddable":true,"href":"https:\/\/tuaregviatges.es\/viajes\/wp-json\/wp\/v2\/tags?post=8192"}],"curies":[{"name":"wp","href":"https:\/\/api.w.org\/{rel}","templated":true}]}}