{"id":8749,"date":"2026-03-18T09:11:47","date_gmt":"2026-03-18T07:11:47","guid":{"rendered":"https:\/\/tuaregviatges.es\/viajes\/?p=8749"},"modified":"2026-03-19T18:21:02","modified_gmt":"2026-03-19T16:21:02","slug":"los-mejores-destinos-para-viajar-en-julio","status":"publish","type":"post","link":"https:\/\/tuaregviatges.es\/viajes\/los-mejores-destinos-para-viajar-en-julio\/","title":{"rendered":"Destinos para viajar en julio | Viajes en julio"},"content":{"rendered":"<p>Desde los paisajes del Himalaya, hasta los safaris en Tanzania, pasando por las rutas por el C\u00e1ucaso, los pa\u00edses b\u00e1lticos o las islas volc\u00e1nicas de las Azores, nuestra oferta de viajes en julio 2026 es para todos los gustos. Tambi\u00e9n hay propuestas en Asia como Vietnam, Indonesia o Mongolia, y en Am\u00e9rica destinos como Per\u00fa o Colombia.<\/p>\n<blockquote><p>Tenemos programadas 95 salidas a 46 destinos diferentes para viajar en julio<\/p><\/blockquote>\n<p><!--more--><\/p>\n<figure id=\"attachment_13493\" class=\"thumbnail wp-caption aligncenter\" style=\"width: 710px\"><img loading=\"lazy\" decoding=\"async\" class=\"size-full wp-image-13493\" src=\"https:\/\/tuaregviatges.es\/viajes\/wp-content\/uploads\/2023\/04\/Jose-Urbina-e1681846823320.jpg\" alt=\"Festival de Naadam en Mongolia | Autor Jose Urbina\" width=\"700\" height=\"382\" srcset=\"https:\/\/tuaregviatges.es\/viajes\/wp-content\/uploads\/2023\/04\/Jose-Urbina-e1681846823320.jpg 700w, https:\/\/tuaregviatges.es\/viajes\/wp-content\/uploads\/2023\/04\/Jose-Urbina-e1681846823320-300x164.jpg 300w\" sizes=\"auto, (max-width: 700px) 100vw, 700px\" \/><figcaption class=\"caption wp-caption-text\">Naadam en Mongolia | Autor Jose Urbina<\/figcaption><\/figure>\n<h2 class=\"entry-title\">Viajes en julio para grupos reducidos<\/h2>\n<p>Viajar en peque\u00f1os grupos, evitando aglomeraciones y tratando de llegar a aquellos lugares ocultos para el turismo convencional, forma parte de nuestro ADN desde hace m\u00e1s de 40 a\u00f1os.<\/p>\n<blockquote><p>Desde siempre hemos \u00abviajado all\u00ed donde terminan las rutas habituales\u00bb, priorizando el turismo responsable.<\/p><\/blockquote>\n<p>Viajar fuera de las rutas habituales nos permite, adem\u00e1s, descentralizar el turismo, contratando servicios fuera de las rutas convencionales y contribuyendo de este modo a la desmasificaci\u00f3n y al reparto de la riqueza en los pa\u00edses de destino. <strong>Es nuestro modelo de turismo responsable.<\/strong><\/p>\n<p>Ver otros lugares, probar otros sabores, andar por otros parajes. En definitiva, hacer realidad ilusiones en cualquiera de \u00a0nuestros\u00a0<a href=\"https:\/\/tuaregviatges.es\/viajes\/los-mejores-destinos-para-viajar-en-julio\/\" target=\"_blank\" rel=\"noopener noreferrer\">destinos para viajar en julio.<\/a><\/p>\n<figure id=\"attachment_8797\" class=\"thumbnail wp-caption aligncenter\" style=\"width: 658px\"><img loading=\"lazy\" decoding=\"async\" class=\"wp-image-8797 size-large\" src=\"https:\/\/tuaregviatges.es\/viajes\/wp-content\/uploads\/2019\/05\/Georgia-Luis-Diaz-Davila-1024x537.png\" alt=\"Viajar a Georgia Trekking \u00a9 Luis Diaz Davila\" width=\"648\" height=\"340\" srcset=\"https:\/\/tuaregviatges.es\/viajes\/wp-content\/uploads\/2019\/05\/Georgia-Luis-Diaz-Davila-1024x537.png 1024w, https:\/\/tuaregviatges.es\/viajes\/wp-content\/uploads\/2019\/05\/Georgia-Luis-Diaz-Davila-300x157.png 300w, https:\/\/tuaregviatges.es\/viajes\/wp-content\/uploads\/2019\/05\/Georgia-Luis-Diaz-Davila-768x403.png 768w, https:\/\/tuaregviatges.es\/viajes\/wp-content\/uploads\/2019\/05\/Georgia-Luis-Diaz-Davila.png 1200w\" sizes=\"auto, (max-width: 648px) 100vw, 648px\" \/><figcaption class=\"caption wp-caption-text\">Georgia Trekking \u00a9Luis Diaz Davila<\/figcaption><\/figure>\n<h2 class=\"entry-title\">Viajes a medida en Julio<\/h2>\n<p>Los viajes individuales o a medida son perfectos para aquellos que prefieren viajar en pareja, en familia o con amigos, o para quienes tienen ideas de recorrido distintas a la oferta de <strong>viajes en grupo reducido<\/strong> que proponemos en nuestro cat\u00e1logo.<\/p>\n<blockquote><p>Podemos preparar cualquier <strong>viaje a medida<\/strong> para adaptarlo a tu gusto. \u00bfQuieres viajar en julio? \u00a1Prepara la maleta y escoge tu destino!<\/p><\/blockquote>\n<p>&nbsp;<\/p>\n<h2 class=\"entry-title\"><a title=\"Viajar en Julio\" href=\"https:\/\/tuaregviatges.es\/viajes\/los-mejores-destinos-para-viajar-en-julio\/\">\u00bfD\u00f3nde viajar en Julio?<\/a><\/h2>\n<p>Para este mes de <strong>julio 2026<\/strong> hemos seleccionado los viajes de la tabla como algunos de los <strong data-start=\"106\" data-end=\"144\">destinos m\u00e1s buscados<\/strong> por los viajeros. Rutas que, a\u00f1o tras a\u00f1o, despiertan inter\u00e9s y que, por su log\u00edstica, disponibilidad o limitaci\u00f3n de plazas, suelen completarse con bastante antelaci\u00f3n.<\/p>\n<figure class=\"wp-block-table\">\n<table  class=\" table table-hover\" >\n<tbody>\n<tr>\n<td>Salida<\/td>\n<td>Destino<\/td>\n<td>Ruta<\/td>\n<td>D\u00edas<\/td>\n<\/tr>\n<tr>\n<td>02\/07<\/td>\n<td>Nepal y Bhutan<\/td>\n<td><a title=\"Viaje a Nepal y Bhutan en julio\" href=\"https:\/\/tuaregviatges.es\/asia\/viajes_a_bhutan\/Nepal_y_Bhutan-2.htm\" target=\"_NEW\">Los antiguos reinos budistas<\/a><\/td>\n<td style=\"text-align: center;\">13<\/td>\n<\/tr>\n<tr>\n<td>02\/07<\/td>\n<td>Nepal<\/td>\n<td><a title=\"Viaje a Nepal en julio\" href=\"https:\/\/tuaregviatges.es\/asia\/viajes_a_nepal\/Minitrek_zona_del_Annapurna_Ghorepani-_Gandruk.htm\" target=\"_NEW\">Trek amateur en el Himalaya. Mirador de Poon Hill<\/a><\/td>\n<td style=\"text-align: center;\">13<\/td>\n<\/tr>\n<tr>\n<td>02\/07<\/td>\n<td>Sri Lanka<\/td>\n<td><a title=\"Viaje a Sri Lanka en julio\" href=\"https:\/\/tuaregviatges.es\/asia\/viajes_a_sri_lanka\/La_Gran_Isla_del_Indico.htm\" target=\"_NEW\">La Gran Isla del \u00cdndico con Pilar Petit<\/a><\/td>\n<td style=\"text-align: center;\">16<\/td>\n<\/tr>\n<tr>\n<td>02\/07<\/td>\n<td>Nepal<\/td>\n<td><a title=\"Viaje a Nepal en julio\" href=\"https:\/\/tuaregviatges.es\/asia\/viajes_a_nepal\/Viaje_cultural_y_P__N__Chitwan.htm\" target=\"_NEW\">Valle Katmand\u00fa, Bandipur, Pokhara y Safari en el P. N. Chitwan<\/a><\/td>\n<td style=\"text-align: center;\">13<\/td>\n<\/tr>\n<tr>\n<td>05\/07<\/td>\n<td>Moldavia<\/td>\n<td><a title=\"Viaje a Moldavia en julio\" href=\"https:\/\/tuaregviatges.es\/europa\/viajes_a_moldavia\/Descubriendo_Moldavia.htm\" target=\"_NEW\">Los secretos de Europa<\/a><\/td>\n<td style=\"text-align: center;\">8<\/td>\n<\/tr>\n<tr>\n<td>06\/07<\/td>\n<td>Georgia<\/td>\n<td><a title=\"Viaje a Georgia en julio\" href=\"https:\/\/tuaregviatges.es\/asia\/viajes_a_georgia\/Georgia.htm\" target=\"_NEW\">Ruta de Tbilisi a Batumi y regi\u00f3n de Svaneti<\/a><\/td>\n<td style=\"text-align: center;\">13<\/td>\n<\/tr>\n<tr>\n<td>06\/07<\/td>\n<td>Georgia<\/td>\n<td><a title=\"Viaje a Georgia en julio\" href=\"https:\/\/tuaregviatges.es\/asia\/viajes_a_georgia\/Trekking_en_el_Caucaso.htm\" target=\"_NEW\">Trek de los pueblos medievales, de Mestia a Ushguli<\/a><\/td>\n<td style=\"text-align: center;\">13<\/td>\n<\/tr>\n<tr>\n<td>07\/07<\/td>\n<td>Albania y Macedonia<\/td>\n<td><a title=\"Viaje a Albania y Macedonia en julio\" href=\"https:\/\/tuaregviatges.es\/europa\/viajes_a_albania\/Ruta_cultural_y_activa_por_Albania_y_Macedonia.htm\" target=\"_NEW\">Los desconocidos valles del norte, la Albania cl\u00e1sica y Macedonia<\/a><\/td>\n<td style=\"text-align: center;\">12<\/td>\n<\/tr>\n<tr>\n<td>08\/07<\/td>\n<td>Mongolia<\/td>\n<td><a title=\"Viaje a Mongolia en julio\" href=\"https:\/\/tuaregviatges.es\/asia\/viajes_a_mongolia\/Desierto_de_Gobi__Estepa_Central_y_Lago_Khovsgol-1.htm\" target=\"_NEW\">Festival de Naadam, Gobi, Estepa central y Reserva Nat. de Khorgo<\/a><\/td>\n<td style=\"text-align: center;\">18<\/td>\n<\/tr>\n<tr>\n<td>11\/07<\/td>\n<td>Georgia y Armenia<\/td>\n<td><a title=\"Viaje a Georgia y Armenia en julio\" href=\"https:\/\/tuaregviatges.es\/asia\/viajes_a_georgia\/Los_paises_del_Caucaso.htm\" target=\"_NEW\">Viaje cultural por el peque\u00f1o y gran C\u00e1ucaso<\/a><\/td>\n<td style=\"text-align: center;\">14<\/td>\n<\/tr>\n<tr>\n<td>11\/07<\/td>\n<td>Armenia<\/td>\n<td><a title=\"Viaje a Armenia en julio\" href=\"https:\/\/tuaregviatges.es\/asia\/viajes_a_armenia\/A_traves_de_la_Historia.htm\" target=\"_NEW\">Trekking en el peque\u00f1o C\u00e1ucaso<\/a><\/td>\n<td style=\"text-align: center;\">14<\/td>\n<\/tr>\n<tr>\n<td>12\/07<\/td>\n<td>Uzbekist\u00e1n y Kirguist\u00e1n<\/td>\n<td><a title=\"Viaje a Uzbekist\u00e1n y Kirguist\u00e1n en julio\" href=\"https:\/\/tuaregviatges.es\/asia\/viajes_a_uzbekistan\/Ruta_de_la_Seda_y_montes_Tien_Shan.htm\" target=\"_NEW\">Ruta de la Seda Uzbekist\u00e1n y Kirguist\u00e1n<\/a><\/td>\n<td style=\"text-align: center;\">20<\/td>\n<\/tr>\n<tr>\n<td>12\/07<\/td>\n<td>Lituania, Letonia y Estonia<\/td>\n<td><a title=\"Viaje a Lituania, Letonia y Estonia en julio\" href=\"https:\/\/tuaregviatges.es\/europa\/viajes_a_lituania\/Paises_Balticos_.htm\" target=\"_NEW\">Verano B\u00e1ltico. Cultura, Naturaleza y D\u00edas Infinitos<\/a><\/td>\n<td style=\"text-align: center;\">12<\/td>\n<\/tr>\n<tr>\n<td>13\/07<\/td>\n<td>Kirguist\u00e1n<\/td>\n<td><a title=\"Viaje a Kirguist\u00e1n en julio\" href=\"https:\/\/tuaregviatges.es\/asia\/viajes_a_kirguistan\/Kirguistan.htm\" target=\"_NEW\">Cruzando las tierras altas de Kirguist\u00e1n<\/a><\/td>\n<td style=\"text-align: center;\">14<\/td>\n<\/tr>\n<tr>\n<td>18\/07<\/td>\n<td>Azores<\/td>\n<td><a title=\"Viaje a Azores en julio\" href=\"https:\/\/tuaregviatges.es\/europa\/viajes_a_azores\/Azores.htm\" target=\"_NEW\">Senderismo en Sao Miguel<\/a><\/td>\n<td style=\"text-align: center;\">8<\/td>\n<\/tr>\n<tr>\n<td>24\/07<\/td>\n<td>Tanzania<\/td>\n<td><a title=\"Viaje a Tanzania en julio\" href=\"https:\/\/tuaregviatges.es\/africa\/viajes_a_tanzania\/Reservas_del_Valle_del_Rift_y_Zanzibar.htm\" target=\"_NEW\">Safari Tuareg: Lago Natron, traves\u00eda del Serengeti y Ngorongoro<\/a><\/td>\n<td style=\"text-align: center;\">11<\/td>\n<\/tr>\n<tr>\n<td>27\/07<\/td>\n<td>Indonesia<\/td>\n<td><a title=\"Viaje a Indonesia en julio\" href=\"https:\/\/tuaregviatges.es\/asia\/viajes_a_indonesia\/Sumatra__Java_y_Bali.htm\" target=\"_NEW\">Islas de Sumatra, Java, Bali y Gili<\/a><\/td>\n<td style=\"text-align: center;\">18<\/td>\n<\/tr>\n<tr>\n<td>29\/07<\/td>\n<td>Per\u00fa<\/td>\n<td><a title=\"Viaje a Per\u00fa en julio\" href=\"https:\/\/tuaregviatges.es\/america_del_sur\/viajes_a_peru\/Travesia_Arequipa-Titicaca-Cuzco-1.htm\" target=\"_NEW\">Traves\u00eda Arequipa-Titicaca-Cuzco<\/a><\/td>\n<td style=\"text-align: center;\">17<\/td>\n<\/tr>\n<tr>\n<td>30\/07<\/td>\n<td>Vietnam<\/td>\n<td><a title=\"Viaje a Vietnam en julio\" href=\"https:\/\/tuaregviatges.es\/asia\/viajes_a_vietnam\/Vietnam_de_norte_a_sur__el_Mekong_y_Angkor.htm\" target=\"_NEW\">De las Minor\u00edas del norte al Delta del Mekong.<\/a><\/td>\n<td style=\"text-align: center;\">17<\/td>\n<\/tr>\n<tr>\n<td>30\/07<\/td>\n<td>Colombia<\/td>\n<td><a title=\"Viaje a Colombia en julio\" href=\"https:\/\/tuaregviatges.es\/america_del_sur\/viajes_a_colombia\/Parques_Naturales__ciudades_coloniales_y_el_Caribe.htm\" target=\"_NEW\">Andes, Caf\u00e9 y Caribe<\/a><\/td>\n<td style=\"text-align: center;\">16<\/td>\n<\/tr>\n<\/tbody>\n<\/table>\n<\/figure>\n<p>Este verano 2026 muchos de nuestros <strong>destinos para viajar en julio<\/strong>, tienen descuento para las 4 primeras reservas.<\/p>\n<blockquote><p>\u00a1No dejes tu reserva para \u00faltima hora!<\/p><\/blockquote>\n<p>Si no ves el destino que tienes en mente, no te preocupes. \u00a1Tenemos mucho m\u00e1s para ofrecerte! En el bot\u00f3n de \u00abviajar en julio\u00bb encontrar\u00e1s cas\u00ed 100 rutas dise\u00f1adas especialmente para viajar este mes.<\/p>\n<p style=\"text-align: center; margin: 20px;\"><a href=\"https:\/\/tuaregviatges.es\/viajes_julio.html\"><span style=\"background-color: #96a610; color: #ffffff; padding: 10px 20px; border-radius: 25px;\">Viajes en julio<\/span><\/a><\/p>\n<h2 class=\"entry-title\">Viajes destacados en Julio<\/h2>\n<section class=\"paisos-sec\">\n<div><a href=\"#albania\">Albania<\/a><\/div>\n<div><a title=\"Trek Albania en julio\" href=\"#alpes\">A. Din\u00e1ricos<\/a><\/div>\n<div><a title=\"Azores en julio\" href=\"#azores\">Azores<\/a><\/div>\n<div><a title=\"Georgia en julio\" href=\"#georgia\">Georgia<\/a><\/div>\n<div><a title=\"Uzbekist\u00e1n y Kirguist\u00e1n en julio\" href=\"#ruta-de-la-seda\">Uzbekist\u00e1n y Kirguist\u00e1n<\/a><\/div>\n<div><a title=\"Kirguist\u00e1n en julio\" href=\"#kirguistan\">Kirguist\u00e1n<\/a><\/div>\n<div><a title=\"Moldavia en julio\" href=\"#moldavia\">Moldavia <\/a><\/div>\n<div><a title=\"Sri Lanka en julio\" href=\"#sri-lanka\">Sri Lanka<\/a><\/div>\n<p>&nbsp;<\/p>\n<\/section>\n<p>&nbsp;<\/p>\n<section id=\"albania\" style=\"width: 100%; border: 1px solid #BE6521; border-radius: 10px; text-align: left; margin-top: 20px;\">\n<div style=\"margin-top: -20px; background: #BE6521; color: #ffffff; border-radius: 10px 10px 0px 0px; min-height: 40px;\">\n<div style=\"margin: 0 15px;\">\n<h2 style=\"border-radius: 10px 10px 0px 0px; padding: 5px 0px; line-height: 1;\"><a style=\"color: #ffffff; font-family: 'Amatic SC', sans-serif;\" href=\"https:\/\/tuaregviatges.es\/europa\/viajes_a_albania\/Ruta_cultural_y_activa_por_Albania_y_Macedonia.htm\">Los desconocidos valles del Norte, la Albania cl\u00e1sica y Macedonia<\/a><\/h2>\n<\/div>\n<div style=\"height: auto; margin: 0;\"><img decoding=\"async\" style=\"width: 100%; height: auto;\" src=\"https:\/\/tuaregviatges.es\/europa\/viajes_a_albania\/fotografia\/viajes_a_Ruta_cultural_y_activa_por_Albania_y_Macedonia-7.jpg\" \/><\/div>\n<\/div>\n<div style=\"width: auto; color: #be6521; padding-left: 10px; line-height: 1.5; margin-top: -2rem;\">\n<div><a style=\"color: #be6521; padding-right: 10px; font-weight: bolder; font-size: 20px; font-family: 'Amatic SC', sans-serif;\" href=\"https:\/\/tuaregviatges.es\/europa_albania.html\"><br \/>\n<img decoding=\"async\" class=\"ico-place\" style=\"height: 35px; width: 35; margin: -10px; margin-right: 3px;\" src=\"https:\/\/tuaregviatges.es\/iconos\/place.svg\" \/>Albania<\/a><\/div>\n<div>\n<div style=\"color: #000000;\"><span style=\"color: #96a610;\">\u2714\ufe0f Viaje de 12 d\u00edas<\/span><br \/>\n<span style=\"color: #96a610;\">\u2714\ufe0f Salida 7, 21, 28 JUL<span class=\"lt\">\u00a0\u00a0<\/span>2026<\/span><br \/>\n<span style=\"color: #96a610;\">\u2714\ufe0f Precio a partir de<strong> 1440\u20ac<\/strong><\/span><\/div>\n<div><\/div>\n<div style=\"color: #000000;\"><em>Una combinaci\u00f3n din\u00e1mica y agradable para conocer la historia pasada y reciente de Albania y Macedonia, as\u00ed como disfrutar de fant\u00e1sticos paisajes en primavera.<\/em><\/div>\n<p style=\"text-align: center; margin: 20px;\"><a href=\"https:\/\/tuaregviatges.es\/europa\/viajes_a_albania\/Ruta_cultural_y_activa_por_Albania_y_Macedonia.htm\"><span style=\"background-color: #96a610; color: #ffffff; padding: 10px 20px; border-radius: 25px;\" title=\"Viajar a Albania en julio\">+Info del viaje<\/span><\/a><\/p>\n<p><img decoding=\"async\" class=\"aligncenter\" src=\"https:\/\/tuaregviatges.es\/europa\/viajes_a_albania\/mapa\/Ruta_cultural_y_activa_por_Albania_y_Macedonia.jpg\" alt=\"Albania y Macedonia + Los desconocidos valles del norte, la Albania cl\u00e1sica y Macedonia\" \/><\/p>\n<\/div>\n<\/div>\n<\/section>\n<p>&nbsp;<\/p>\n<section id=\"alpes\" style=\"width: 100%; border: 1px solid #BE6521; border-radius: 10px; text-align: left; margin-top: 20px;\">\n<div style=\"margin-top: -20px; background: #BE6521; color: #ffffff; border-radius: 10px 10px 0px 0px; min-height: 40px;\">\n<div style=\"margin: 0 15px;\">\n<h2 style=\"border-radius: 10px 10px 0px 0px; padding: 5px 0px; line-height: 1;\"><a style=\"color: #ffffff; font-family: 'Amatic SC', sans-serif;\" href=\"https:\/\/tuaregviatges.es\/europa\/viajes_a_albania\/Trekking_por_los_Alpes_Dinaricos.htm\">Trekking en los Alpes Din\u00e1ricos<\/a><\/h2>\n<\/div>\n<div style=\"height: auto; margin: 0;\"><img decoding=\"async\" style=\"width: 100%; height: auto;\" src=\"https:\/\/tuaregviatges.es\/europa\/viajes_a_albania\/fotografia\/viajes_a_Trekking_por_los_Alpes_Dinaricos-7.jpg\" \/><\/div>\n<\/div>\n<div style=\"width: auto; color: #be6521; padding-left: 10px; line-height: 1.5; margin-top: -2rem;\">\n<div><a style=\"color: #be6521; padding-right: 10px; font-weight: bolder; font-size: 20px; font-family: 'Amatic SC', sans-serif;\" href=\"https:\/\/tuaregviatges.es\/europa_albania.html\"><br \/>\n<img decoding=\"async\" class=\"ico-place\" style=\"height: 35px; width: 35; margin: -10px; margin-right: 3px;\" src=\"https:\/\/tuaregviatges.es\/iconos\/place.svg\" \/>Albania<\/a><\/div>\n<div>\n<div style=\"color: #000000;\"><span style=\"color: #96a610;\">\u2714\ufe0f Viaje de 10 d\u00edas<\/span><br \/>\n<span style=\"color: #96a610;\">\u2714\ufe0f Salidas 21 JUL<span class=\"lt\"> 2<\/span>026<\/span><br \/>\n<span style=\"color: #96a610;\">\u2714\ufe0f Precio a partir de<strong> 1280\u20ac<\/strong><\/span><\/div>\n<div><\/div>\n<div style=\"color: #000000;\"><em>Una impresionante ruta de trekking que nos lleva a recorrer la regi\u00f3n monta\u00f1osa del norte de Albania y sur de Montenegro. Exploraremos a pie los Alpes Din\u00e1ricos, descubriendo monta\u00f1as y valles remotos, en un \u00e1rea multicultural habitada por albaneses y eslavos. <\/em><\/div>\n<p style=\"text-align: center; margin: 20px;\"><a href=\"https:\/\/tuaregviatges.es\/europa\/viajes_a_albania\/Trekking_por_los_Alpes_Dinaricos.htm\"><span style=\"background-color: #96a610; color: #ffffff; padding: 10px 20px; border-radius: 25px;\" title=\"Viajar a Albania en julio\">+Info del viaje<\/span><\/a><\/p>\n<p><img decoding=\"async\" class=\"aligncenter\" src=\"https:\/\/tuaregviatges.es\/europa\/viajes_a_albania\/mapa\/Trekking_por_los_Alpes_Dinaricos.jpg\" alt=\"Albania y Montenegro + Trekking por los Alpes Din\u00e1ricos\" \/><\/p>\n<\/div>\n<\/div>\n<\/section>\n<p>&nbsp;<\/p>\n<section id=\"azores\" style=\"width: 100%; border: 1px solid #BE6521; border-radius: 10px; text-align: left; margin-top: 20px;\">\n<div style=\"margin-top: -20px; background: #BE6521; color: #ffffff; border-radius: 10px 10px 0px 0px; min-height: 40px;\">\n<div style=\"margin: 0 15px;\">\n<h2 style=\"border-radius: 10px 10px 0px 0px; padding: 5px 0px; line-height: 1;\"><a style=\"color: #ffffff; font-family: 'Amatic SC', sans-serif;\" href=\"https:\/\/tuaregviatges.es\/europa\/viajes_a_azores\/Azores.htm\">Senderismo Sao Miguel verano 2026<\/a><\/h2>\n<\/div>\n<div style=\"height: auto; margin: 0;\"><img decoding=\"async\" style=\"width: 100%; height: auto;\" src=\"https:\/\/tuaregviatges.es\/europa\/viajes_a_azores\/fotografia\/viajes_a_Azores-4.jpg\" \/><\/div>\n<\/div>\n<div style=\"width: auto; color: #be6521; padding-left: 10px; line-height: 1.5; margin-top: -2rem;\">\n<div><a style=\"color: #be6521; padding-right: 10px; font-weight: bolder; font-size: 20px; font-family: 'Amatic SC', sans-serif;\" href=\"https:\/\/tuaregviatges.es\/viajes_azores.html\"><br \/>\n<img decoding=\"async\" class=\"ico-place\" style=\"height: 35px; width: 35; margin: -10px; margin-right: 3px;\" src=\"https:\/\/tuaregviatges.es\/iconos\/place.svg\" \/>Azores<\/a><\/div>\n<div>\n<div style=\"color: #000000;\"><span style=\"color: #96a610;\">\u2714\ufe0f Viaje de 8 d\u00edas<\/span><br \/>\n<span style=\"color: #96a610;\">\u2714\ufe0f Salida 18 jul\u00a0 2026<\/span><br \/>\n<span style=\"color: #96a610;\">\u2714\ufe0f Precio a partir de<strong> 1745\u20ac<\/strong><\/span><\/div>\n<div><\/div>\n<div style=\"color: #000000;\"><em>Conoce las diferentes especies de cet\u00e1ceos que habitan las aguas de las Azores, desde delfines y cachalotes a las grandes ballenas migratorias. Aprende todo sobre los cet\u00e1ceos y recorre los mejores senderos de Sao Miguel, caminando entre bosques, lagos, volcanes, cascadas y termas.<\/em><\/div>\n<p style=\"text-align: center; margin: 20px;\"><a href=\"https:\/\/tuaregviatges.es\/europa\/viajes_a_azores\/Azores.htm\"><span style=\"background-color: #96a610; color: #ffffff; padding: 10px 20px; border-radius: 25px;\" title=\"Viajar a Albania en julio\">+Info del viaje<\/span><\/a><\/p>\n<p><img loading=\"lazy\" decoding=\"async\" class=\"aligncenter\" src=\"https:\/\/tuaregviatges.es\/europa\/viajes_a_azores\/mapa\/Azores.jpg\" alt=\"Azores + Senderismo en Sao Miguel \" width=\"733\" height=\"733\" \/><\/p>\n<\/div>\n<\/div>\n<\/section>\n<p>&nbsp;<\/p>\n<section id=\"georgia\" style=\"width: 100%; border: 1px solid #BE6521; border-radius: 10px; text-align: left; margin-top: 20px;\">\n<div style=\"margin-top: -20px; background: #BE6521; color: #ffffff; border-radius: 10px 10px 0px 0px; min-height: 40px;\">\n<div style=\"margin: 0 15px;\">\n<h2 style=\"border-radius: 10px 10px 0px 0px; padding: 5px 0px; line-height: 1;\"><a style=\"color: #ffffff; font-family: 'Amatic SC', sans-serif;\" href=\"https:\/\/tuaregviatges.es\/asia\/viajes_a_georgia\/Trekking_en_el_Caucaso.htm\">Trek de los pueblos medievales, de Mestia a Ushguli<\/a><\/h2>\n<\/div>\n<div style=\"height: auto; margin: 0;\"><img decoding=\"async\" style=\"width: 100%; height: auto;\" src=\"https:\/\/tuaregviatges.es\/asia\/viajes_a_georgia\/fotografia\/viajes_a_Trekking_en_el_Caucaso-1.jpg\" \/><\/div>\n<\/div>\n<div style=\"width: auto; color: #be6521; padding-left: 10px; line-height: 1.5; margin-top: -2rem;\">\n<div><a style=\"color: #be6521; padding-right: 10px; font-weight: bolder; font-size: 20px; font-family: 'Amatic SC', sans-serif;\" href=\"https:\/\/tuaregviatges.es\/asia_georgia.html\"><br \/>\n<img decoding=\"async\" class=\"ico-place\" style=\"height: 35px; width: 35; margin: -10px; margin-right: 3px;\" src=\"https:\/\/tuaregviatges.es\/iconos\/place.svg\" \/>Georgia<\/a><\/div>\n<div>\n<div style=\"color: #000000;\"><span style=\"color: #96a610;\">\u2714\ufe0f Viaje de 13 d\u00edas<\/span><br \/>\n<span style=\"color: #96a610;\">\u2714\ufe0f Salidas 6 jul | 3, 17 ago | 7 sep | 5 oct 2026<\/span><br \/>\n<span style=\"color: #96a610;\">\u2714\ufe0f Precio a partir de<strong> 1620\u20ac<\/strong><\/span><\/div>\n<div><\/div>\n<div style=\"color: #000000;\"><em>Caminatas moderadas por valles remotos, pueblos medievales, cruzando collados y observando glaciares, con vistas a las cimas m\u00e1s altas del pa\u00eds. Iniciamos el viaje en Tiblisi y terminamos en Batumi, ba\u00f1ada por el mar Negro<\/em><\/div>\n<p style=\"text-align: center; margin: 20px;\"><a href=\"https:\/\/tuaregviatges.es\/asia\/viajes_a_georgia\/Trekking_en_el_Caucaso.htm\"><span style=\"background-color: #96a610; color: #ffffff; padding: 10px 20px; border-radius: 25px;\" title=\"Viajes a Georgia\">+Info del viaje<\/span><\/a><\/p>\n<p><img loading=\"lazy\" decoding=\"async\" class=\"aligncenter\" src=\"https:\/\/tuaregviatges.es\/asia\/viajes_a_georgia\/mapa\/Trekking_en_el_Caucaso.jpg\" alt=\"Georgia + Trek de los pueblos medievales, de Mestia a Ushguli\" width=\"881\" height=\"881\" \/><\/p>\n<\/div>\n<\/div>\n<\/section>\n<p>&nbsp;<\/p>\n<section id=\"ruta-de-la-seda\" style=\"width: 100%; border: 1px solid #BE6521; border-radius: 10px; text-align: left; margin-top: 20px;\">\n<div style=\"margin-top: -20px; background: #BE6521; color: #ffffff; border-radius: 10px 10px 0px 0px; min-height: 40px;\">\n<div style=\"margin: 0 15px;\">\n<h2 style=\"border-radius: 10px 10px 0px 0px; padding: 5px 0px; line-height: 1;\"><a style=\"color: #ffffff; font-family: 'Amatic SC', sans-serif;\" href=\"https:\/\/tuaregviatges.es\/asia\/viajes_a_uzbekistan\/Ruta_de_la_Seda_y_montes_Tien_Shan.htm\">Ruta de la Seda Uzbekist\u00e1n y Kirguist\u00e1n<\/a><\/h2>\n<\/div>\n<div style=\"height: auto; margin: 0;\"><img decoding=\"async\" style=\"width: 100%; height: auto;\" src=\"https:\/\/tuaregviatges.es\/asia\/viajes_a_uzbekistan\/fotografia\/viajes_a_Ruta_de_la_Seda_y_montes_Tien_Shan-1-11.jpg\" \/><\/div>\n<\/div>\n<div style=\"width: auto; color: #be6521; padding-left: 10px; line-height: 1.5; margin-top: -2rem;\">\n<div><a style=\"color: #be6521; padding-right: 10px; font-weight: bolder; font-size: 20px; font-family: 'Amatic SC', sans-serif;\" href=\"https:\/\/tuaregviatges.es\/asia_uzbekistan.html\"><br \/>\n<img decoding=\"async\" class=\"ico-place\" style=\"height: 35px; width: 35; margin: -10px; margin-right: 3px;\" src=\"https:\/\/tuaregviatges.es\/iconos\/place.svg\" \/>Uzbekist\u00e1n y Kirguist\u00e1n<\/a><\/div>\n<div>\n<div style=\"color: #000000;\"><span style=\"color: #96a610;\">\u2714\ufe0f Viaje de 20 d\u00edas<\/span><br \/>\n<span style=\"color: #96a610;\">\u2714\ufe0f Salidas 12, 26 JUL 2026\u00a0<\/span><br \/>\n<span style=\"color: #96a610;\">\u2714\ufe0f Precio a partir de <strong>3400\u20ac<\/strong><\/span><\/div>\n<div><\/div>\n<div style=\"color: #000000;\"><em>En este viaje seguiremos la ruta cl\u00e1sica monumental. Para los que se animen a visitar dos pa\u00edses de Asia Central completamente diferentes, cruzaremos a Kirguist\u00e1n, pa\u00eds monta\u00f1oso y de grandes espacios naturales, el itinerario transcurre alrededor del lago Son Kul y de la cordillera del Tien Shan.<br \/>\n<\/em><\/div>\n<p style=\"text-align: center; margin: 20px;\"><a href=\"https:\/\/tuaregviatges.es\/asia\/viajes_a_uzbekistan\/Ruta_de_la_Seda_y_montes_Tien_Shan.htm\"><span style=\"background-color: #96a610; color: #ffffff; padding: 10px 20px; border-radius: 25px;\" title=\"Viajar a Kirguist\u00e1n y Uzbekist\u00e1n\">+Info del viaje<\/span><\/a><\/p>\n<p><img loading=\"lazy\" decoding=\"async\" class=\"aligncenter\" src=\"https:\/\/tuaregviatges.es\/asia\/viajes_a_uzbekistan\/mapa\/Ruta_de_la_Seda_y_montes_Tien_Shan.jpg\" alt=\"Uzbekist\u00e1n y Kirguist\u00e1n + Ruta de la Seda Uzbekist\u00e1n y Kirguist\u00e1n\" width=\"756\" height=\"756\" \/><\/p>\n<\/div>\n<\/div>\n<\/section>\n<p>&nbsp;<\/p>\n<section id=\"kirguistan\" style=\"width: 100%; border: 1px solid #BE6521; border-radius: 10px; text-align: left; margin-top: 20px;\">\n<div style=\"margin-top: -20px; background: #BE6521; color: #ffffff; border-radius: 10px 10px 0px 0px; min-height: 40px;\">\n<div style=\"margin: 0 15px;\">\n<h2 style=\"border-radius: 10px 10px 0px 0px; padding: 5px 0px; line-height: 1;\"><a style=\"color: #ffffff; font-family: 'Amatic SC', sans-serif;\" href=\"https:\/\/tuaregviatges.es\/asia\/viajes_a_kirguistan\/Kirguistan.htm\">Cruzando las tierras altas de Kirguist\u00e1n<\/a><\/h2>\n<\/div>\n<div style=\"height: auto; margin: 0;\"><img decoding=\"async\" style=\"width: 100%; height: auto;\" src=\"https:\/\/tuaregviatges.es\/asia\/viajes_a_kirguistan\/fotografia\/viajes_a_Kirguistan-8.jpg\" \/><\/div>\n<\/div>\n<div style=\"width: auto; color: #be6521; padding-left: 10px; line-height: 1.5; margin-top: -2rem;\">\n<div><a style=\"color: #be6521; padding-right: 10px; font-weight: bolder; font-size: 20px; font-family: 'Amatic SC', sans-serif;\" href=\"https:\/\/tuaregviatges.es\/asia_kyrgyzstan.html\"><br \/>\n<img decoding=\"async\" class=\"ico-place\" style=\"height: 35px; width: 35; margin: -10px; margin-right: 3px;\" src=\"https:\/\/tuaregviatges.es\/iconos\/place.svg\" \/>Kirguist\u00e1n<\/a><\/div>\n<div>\n<div style=\"color: #000000;\"><span style=\"color: #96a610;\">\u2714\ufe0f Viaje de 20 d\u00edas<\/span><br \/>\n<span style=\"color: #96a610;\">\u2714\ufe0f Salidas 13, 27 JUL 2026\u00a0<\/span><br \/>\n<span style=\"color: #96a610;\">\u2714\ufe0f Precio a partir de <strong>2110\u20ac<\/strong><\/span><\/div>\n<div><\/div>\n<div style=\"color: #000000;\"><em>Situado entre los desiertos uzbekos y las estepas kazajas, Kirguist\u00e1n es popularmente conocido como \u201cla Suiza de Asia\u201d, por albergar dos grandes cordilleras como el Tien Shan y el Pamir. Kirguist\u00e1n ha sido siempre tierra de n\u00f3madas.<br \/>\n<\/em><\/div>\n<p style=\"text-align: center; margin: 20px;\"><a href=\"https:\/\/tuaregviatges.es\/asia\/viajes_a_kirguistan\/Kirguistan.htm\"><span style=\"background-color: #96a610; color: #ffffff; padding: 10px 20px; border-radius: 25px;\" title=\"Viajar a Kirguist\u00e1n\">+Info del viaje<\/span><\/a><\/p>\n<p><img loading=\"lazy\" decoding=\"async\" class=\"aligncenter\" src=\"https:\/\/tuaregviatges.es\/asia\/viajes_a_kirguistan\/mapa\/Kirguistan.jpg\" alt=\"Kirguist\u00e1n + Cruzando las tierras altas de Kirguist\u00e1n\" width=\"737\" height=\"737\" \/><\/p>\n<\/div>\n<\/div>\n<\/section>\n<p>&nbsp;<\/p>\n<section id=\"moldavia\" style=\"width: 100%; border: 1px solid #BE6521; border-radius: 10px; text-align: left; margin-top: 20px;\">\n<div style=\"margin-top: -20px; background: #BE6521; color: #ffffff; border-radius: 10px 10px 0px 0px; min-height: 40px;\">\n<div style=\"margin: 0 15px;\">\n<h2 style=\"border-radius: 10px 10px 0px 0px; padding: 5px 0px; line-height: 1;\"><a style=\"color: #ffffff; font-family: 'Amatic SC', sans-serif;\" href=\"https:\/\/tuaregviatges.es\/europa\/viajes_a_moldavia\/Descubriendo_Moldavia.htm\">Los secretos de Europa<\/a><\/h2>\n<\/div>\n<div style=\"height: 33vh; margin: 0; background: url('https:\/\/tuaregviatges.es\/europa\/viajes_a_moldavia\/fotografia\/viajes_a_Descubriendo_Moldavia-13.jpg'); background-repeat: no-repeat; background-size: cover; max-height: 600px;\"><\/div>\n<\/div>\n<div style=\"width: auto; color: #be6521; padding-left: 10px; line-height: 1.5; margin-top: -20px; padding-top: 0px;\">\n<div><a style=\"color: #be6521; padding-right: 10px; font-weight: bolder; font-size: 20px; font-family: 'Amatic SC', sans-serif;\" href=\"https:\/\/tuaregviatges.es\/viajes_moldavia.html\"><br \/>\n<img decoding=\"async\" class=\"ico-place\" style=\"height: 35px; width: 35; margin: -10px; margin-right: 3px;\" src=\"https:\/\/tuaregviatges.es\/iconos\/place.svg\" \/>Moldavia<\/a><\/div>\n<div>\n<div style=\"color: #000000;\"><span style=\"color: #96a610;\">\u2714\ufe0f Viaje de 8 d\u00edas<\/span><br \/>\n<span style=\"color: #96a610;\">\u2714\ufe0f Salida 5, 19 JUL 2026<\/span><br \/>\n<span style=\"color: #96a610;\">\u2714\ufe0f Precio a partir de<strong> 1360\u20ac<\/strong><\/span><\/div>\n<div><\/div>\n<div style=\"color: #000000;\"><em> Una escapada en la que descubriremos Monasterios ortodoxos, arquitectura brutalista, bodegas incre\u00edbles (100 km de pasadizos subterr\u00e1neos d\u00f3nde l\u00edderes mundiales como V.Putin o J.Kerry, celebraban sus festejos) y Transnistria, ese \u201cpa\u00eds que no existe\u201d congelado en la antigua era sovi\u00e9tica<br \/>\n<\/em><\/div>\n<p style=\"text-align: center; margin: 20px;\"><a href=\"https:\/\/tuaregviatges.es\/europa\/viajes_a_moldavia\/Descubriendo_Moldavia.htm\"><span style=\"background-color: #96a610; color: #ffffff; padding: 10px 20px; border-radius: 25px;\" title=\"Viajar a Moldavia en julio\">+Info del viaje<\/span><\/a><\/p>\n<p><img decoding=\"async\" class=\"aligncenter\" src=\"https:\/\/tuaregviatges.es\/europa\/viajes_a_moldavia\/mapa\/Descubriendo_Moldavia-1.jpg\" alt=\"Moldavia + Los secretos de Europa - Especial fin de a\u00f1o\" \/><\/p>\n<\/div>\n<\/div>\n<\/section>\n<p>&nbsp;<\/p>\n<section id=\"sri-lanka\" style=\"width: 100%; border: 1px solid #BE6521; border-radius: 10px; text-align: left; margin-top: 20px;\">\n<div style=\"margin-top: -20px; background: #BE6521; color: #ffffff; border-radius: 10px 10px 0px 0px; min-height: 40px;\">\n<div style=\"margin: 0 15px;\">\n<h2 style=\"border-radius: 10px 10px 0px 0px; padding: 5px 0px; line-height: 1;\"><a style=\"color: #ffffff; font-family: 'Amatic SC', sans-serif;\" href=\"https:\/\/tuaregviatges.es\/asia\/viajes_a_sri_lanka\/La_Gran_Isla_del_Indico.htm\">La gran isla del \u00cdndico con\u00a0 Pilar Petit<\/a><\/h2>\n<\/div>\n<div style=\"height: auto; margin: 0;\"><img decoding=\"async\" style=\"width: 100%; height: auto;\" src=\"https:\/\/tuaregviatges.es\/rutas\/seccionesRutas\/14294.jpg\" \/><\/div>\n<\/div>\n<div style=\"width: auto; color: #be6521; padding-left: 10px; line-height: 1.5; margin-top: -2rem;\">\n<div><a style=\"color: #be6521; padding-right: 10px; font-weight: bolder; font-size: 20px; font-family: 'Amatic SC', sans-serif;\" href=\"https:\/\/tuaregviatges.es\/asia_srilanka.html\"><br \/>\n<img decoding=\"async\" class=\"ico-place\" style=\"height: 35px; width: 35; margin: -10px; margin-right: 3px;\" src=\"https:\/\/tuaregviatges.es\/iconos\/place.svg\" \/>Sri Lanka<\/a><\/div>\n<div>\n<div style=\"color: #000000;\"><span style=\"color: #96a610;\">\u2714\ufe0f Viaje de 16 d\u00edas<\/span><br \/>\n<span style=\"color: #96a610;\">\u2714\ufe0f Salida 2, 18 jul<span class=\"lt\">\u00a0|\u00a0<\/span>12 sep<span class=\"lt\">\u00a0|\u00a0<\/span>3 oct 2026<\/span><br \/>\n<span style=\"color: #96a610;\">\u2714\ufe0f Precio a partir de 2970<strong>\u20ac<\/strong><\/span><\/div>\n<div><\/div>\n<div style=\"color: #000000;\"><em>Acompa\u00f1ados por nuestra experta gu\u00eda Pilar Petit, esta ruta se dirige hacia el norte, para visitar el llamado tri\u00e1ngulo cultural, con templos y palacios declarados Patrimonio de la humanidad por la UNESCO.<\/em><\/div>\n<p style=\"text-align: center; margin: 20px;\"><a href=\"https:\/\/tuaregviatges.es\/asia\/viajes_a_sri_lanka\/La_Gran_Isla_del_Indico.htm\"><span style=\"background-color: #96a610; color: #ffffff; padding: 10px 20px; border-radius: 25px;\" title=\"Viajar a Sri Lanka en verano\">+Info del viaje<\/span><\/a><\/p>\n<p><img loading=\"lazy\" decoding=\"async\" class=\"aligncenter\" src=\"https:\/\/tuaregviatges.es\/asia\/viajes_a_sri_lanka\/mapa\/La_Gran_Isla_del_Indico.jpg\" alt=\"Sri Lanka + La Gran Isla del \u00cdndico con Pilar Petit\" width=\"729\" height=\"729\" \/><\/p>\n<\/div>\n<\/div>\n<\/section>\n<p><script type=\"application\/ld+json\">\n{\n  \"@context\": \"http:\/\/schema.org\",\n  \"@type\": \"BreadcrumbList\",\n  \"itemListElement\": [{\n    \"@type\": \"ListItem\",\n    \"position\": 1,\n    \"item\": {\n      \"@id\": \"https:\/\/tuaregviatges.es\",\n      \"name\": \"Viajes Tuareg\"\n    }\n  },{\n    \"@type\": \"ListItem\",\n    \"position\": 2,\n    \"item\": {\n      \"@id\": \"https:\/\/tuaregviatges.es\/viajes_julio.html\",\n      \"name\": \"\ud83d\udc2aJulio\"\n    }\n  },{\n    \"@type\": \"ListItem\",\n    \"position\": 3,\n    \"item\": {\n      \"@id\": \"https:\/\/tuaregviatges.es\/viajes\/los-mejores-destinos-para-viajar-en-julio\/\",\n      \"name\": \"Mejores destinos Julio\"\n   }\n  }\n ]\n}\n<\/script><\/p>\n","protected":false},"excerpt":{"rendered":"<p>Desde los paisajes del Himalaya, hasta los safaris en Tanzania, pasando por las rutas por el C\u00e1ucaso, los pa\u00edses b\u00e1lticos o las islas volc\u00e1nicas de las Azores, nuestra oferta de viajes en julio 2026 es para todos los gustos. Tambi\u00e9n hay propuestas en Asia como Vietnam, Indonesia o Mongolia, y en Am\u00e9rica destinos como Per\u00fa [&hellip;]<\/p>\n","protected":false},"author":1,"featured_media":12683,"comment_status":"closed","ping_status":"closed","sticky":false,"template":"","format":"standard","meta":{"footnotes":""},"categories":[160,459,257],"tags":[262,502,642],"class_list":["post-8749","post","type-post","status-publish","format-standard","has-post-thumbnail","hentry","category-ultimas-plazas-2","category-viajar-solo","category-viajes-verano","tag-viajar-en-julio","tag-viajes-en-grupo","tag-viajes-verano"],"_links":{"self":[{"href":"https:\/\/tuaregviatges.es\/viajes\/wp-json\/wp\/v2\/posts\/8749","targetHints":{"allow":["GET"]}}],"collection":[{"href":"https:\/\/tuaregviatges.es\/viajes\/wp-json\/wp\/v2\/posts"}],"about":[{"href":"https:\/\/tuaregviatges.es\/viajes\/wp-json\/wp\/v2\/types\/post"}],"author":[{"embeddable":true,"href":"https:\/\/tuaregviatges.es\/viajes\/wp-json\/wp\/v2\/users\/1"}],"replies":[{"embeddable":true,"href":"https:\/\/tuaregviatges.es\/viajes\/wp-json\/wp\/v2\/comments?post=8749"}],"version-history":[{"count":159,"href":"https:\/\/tuaregviatges.es\/viajes\/wp-json\/wp\/v2\/posts\/8749\/revisions"}],"predecessor-version":[{"id":16144,"href":"https:\/\/tuaregviatges.es\/viajes\/wp-json\/wp\/v2\/posts\/8749\/revisions\/16144"}],"wp:featuredmedia":[{"embeddable":true,"href":"https:\/\/tuaregviatges.es\/viajes\/wp-json\/wp\/v2\/media\/12683"}],"wp:attachment":[{"href":"https:\/\/tuaregviatges.es\/viajes\/wp-json\/wp\/v2\/media?parent=8749"}],"wp:term":[{"taxonomy":"category","embeddable":true,"href":"https:\/\/tuaregviatges.es\/viajes\/wp-json\/wp\/v2\/categories?post=8749"},{"taxonomy":"post_tag","embeddable":true,"href":"https:\/\/tuaregviatges.es\/viajes\/wp-json\/wp\/v2\/tags?post=8749"}],"curies":[{"name":"wp","href":"https:\/\/api.w.org\/{rel}","templated":true}]}}