{"id":9752,"date":"2026-03-28T09:57:33","date_gmt":"2026-03-28T07:57:33","guid":{"rendered":"https:\/\/tuaregviatges.es\/viajes\/?p=9752"},"modified":"2026-03-28T17:26:43","modified_gmt":"2026-03-28T15:26:43","slug":"saber-antes-de-viajar-a-albania","status":"publish","type":"post","link":"https:\/\/tuaregviatges.es\/viajes\/saber-antes-de-viajar-a-albania\/","title":{"rendered":"Viajar a Albania en primavera | \u00daltimas plazas para viajar a Albania"},"content":{"rendered":"<p>La primavera 2026 est\u00e1 a la vuelta de la esquina y la mayor\u00eda de nuestros viajes ya est\u00e1n completos. Pero si a\u00fan est\u00e1s a tiempo de escaparte, todav\u00eda nos quedan las \u00faltimas plazas para viajar a Albania, en una ruta especial que combina cultura, naturaleza y aventura en los Balcanes.<\/p>\n<blockquote><p>Una ruta que nos llevar\u00e1 a descubrir las rep\u00fablicas de Albania y Macedonia del Norte, combinando visitas culturales con caminatas accesibles.<!--more--><\/p><\/blockquote>\n<figure id=\"attachment_11951\" class=\"thumbnail wp-caption aligncenter\" style=\"width: 710px\"><img loading=\"lazy\" decoding=\"async\" class=\"size-full wp-image-11951\" src=\"https:\/\/tuaregviatges.es\/viajes\/wp-content\/uploads\/2021\/05\/bareto.jpg\" alt=\"Taberna en Vlore (Albania). Foto: Manuel Guinarte\" width=\"700\" height=\"507\" srcset=\"https:\/\/tuaregviatges.es\/viajes\/wp-content\/uploads\/2021\/05\/bareto.jpg 700w, https:\/\/tuaregviatges.es\/viajes\/wp-content\/uploads\/2021\/05\/bareto-300x217.jpg 300w\" sizes=\"auto, (max-width: 700px) 100vw, 700px\" \/><figcaption class=\"caption wp-caption-text\">Taberna en Vlore (Albania). Foto: Manuel Guinarte<\/figcaption><\/figure>\n<h1 class=\"entry-title\">Salidas Albania primavera<\/h1>\n<p>Tras meses de reservas, estas salidas concentran la poca disponibilidad que queda para estas fechas, con grupos casi completos. Si est\u00e1s buscando un viaje diferente esta primavera, este es el momento de decidirte, porque cuando se llenen estas plazas\u2026 ya no habr\u00e1 m\u00e1s opciones.<\/p>\n<figure class=\"wp-block-table\">\n<table  class=\" table table-hover\" >\n<tbody>\n<tr>\n<td>Destino<\/td>\n<td>Ruta<\/td>\n<td>Salida<\/td>\n<td>Dur.<\/td>\n<\/tr>\n<tr>\n<td>Albania y Macedonia<\/td>\n<td><a title=\"Viajes a Albania en primavera\" href=\"https:\/\/tuaregviatges.es\/europa\/viajes_a_albania\/Ruta_cultural_y_activa_por_Albania_y_Macedonia-4.htm\" target=\"_NEW\">Especial Semana Santa.<\/a><\/td>\n<td>04\/04<\/td>\n<td>8d\u00edas<\/td>\n<\/tr>\n<tr>\n<td>Albania y Macedonia<\/td>\n<td><a title=\"Viajes a Albania en primavera\" href=\"https:\/\/tuaregviatges.es\/europa\/viajes_a_albania\/Ruta_cultural_y_activa_por_Albania_y_Macedonia-4.htm\" target=\"_NEW\">Especial Semana Santa.<\/a><\/td>\n<td>25\/04<\/td>\n<td>8d\u00edas<\/td>\n<\/tr>\n<tr>\n<td>Albania y Macedonia<\/td>\n<td><a title=\"Viajes a Albania en primavera\" href=\"https:\/\/tuaregviatges.es\/europa\/viajes_a_albania\/Ruta_cultural_y_activa_por_Albania_y_Macedonia.htm\" target=\"_NEW\">Los desconocidos valles del norte<\/a><\/td>\n<td>05\/05<\/td>\n<td>12d\u00edas<\/td>\n<\/tr>\n<tr>\n<td>Albania y Macedonia<\/td>\n<td><a title=\"Viajes a Albania en primavera\" href=\"https:\/\/tuaregviatges.es\/europa\/viajes_a_albania\/Ruta_cultural_y_activa_por_Albania_y_Macedonia.htm\" target=\"_NEW\">Los desconocidos valles del norte<\/a><\/td>\n<td>19\/05<\/td>\n<td>12d\u00edas<\/td>\n<\/tr>\n<\/tbody>\n<\/table>\n<\/figure>\n<p>\u00bfSiempre has so\u00f1ado con conocer los tesoros ocultos de Albania? \u00a1Esta es tu oportunidad! Hemos abierto plazas para una <strong data-start=\"119\" data-end=\"161\">ruta de Albania Cl\u00e1sica esta primavera<\/strong>. Este itinerario te permitir\u00e1 descubrir c\u00f3modamente las localidades y paisajes m\u00e1s emblem\u00e1ticos del pa\u00eds en una de las mejores \u00e9pocas para viajar.<\/p>\n<p>En 12 d\u00edas, exploraremos la capital, paseando por las calles empedradas de Berat y Gjirokastra, y descubriremos las ciudades costeras de Saranda y Vlora. Un recorrido poir el famoso bazar de Kruja nos aproximara de los locales para csonover la historia y la cultura del lugar.<\/p>\n<figure id=\"attachment_6981\" class=\"thumbnail wp-caption aligncenter\" style=\"width: 2570px\"><img loading=\"lazy\" decoding=\"async\" class=\"size-full wp-image-6981\" src=\"https:\/\/tuaregviatges.es\/viajes\/wp-content\/uploads\/2018\/07\/albania.jpg\" alt=\"VIaje a Albania. Foto Archivo Tuareg\" width=\"2560\" height=\"1920\" srcset=\"https:\/\/tuaregviatges.es\/viajes\/wp-content\/uploads\/2018\/07\/albania.jpg 2560w, https:\/\/tuaregviatges.es\/viajes\/wp-content\/uploads\/2018\/07\/albania-300x225.jpg 300w, https:\/\/tuaregviatges.es\/viajes\/wp-content\/uploads\/2018\/07\/albania-768x576.jpg 768w, https:\/\/tuaregviatges.es\/viajes\/wp-content\/uploads\/2018\/07\/albania-1024x768.jpg 1024w\" sizes=\"auto, (max-width: 2560px) 100vw, 2560px\" \/><figcaption class=\"caption wp-caption-text\">VIaje a Albania. Foto Archivo Tuareg<\/figcaption><\/figure>\n<h1 class=\"entry-title\">Gjirokaster, una de las joyas hist\u00f3ricas de Albania<\/h1>\n<p>Antiguos pueblos de origen otomano, sorprendentemente bien conservados y declarados <strong data-start=\"84\" data-end=\"128\">Patrimonio de la Humanidad por la UNESCO<\/strong>, donde el paso del tiempo parece haberse detenido. Sus calles empedradas, casas de piedra con tejados tradicionales y balcones de madera reflejan la esencia de la arquitectura balc\u00e1nica heredada del Imperio Otomano.<\/p>\n<figure class=\"thumbnail wp-caption aligncenter\" style=\"width: 1090px\"><a href=\"https:\/\/tuaregviatges.es\/europa_albania.html\"><img loading=\"lazy\" decoding=\"async\" class=\"size-full\" src=\"https:\/\/tuaregviatges.es\/fotografia\/_que_ver_en_albania_-info-slider804.jpg\" width=\"1080\" height=\"550\" \/><\/a><figcaption class=\"caption wp-caption-text\"><strong>GJIROKASTER<\/strong><\/figcaption><\/figure>\n<p>Gjirokaster es una de las joyas hist\u00f3ricas de Albania y uno de los mejores ejemplos de arquitectura otomana en los Balcanes. Declarada Patrimonio de la Humanidad por la UNESCO, esta ciudad-museo destaca por sus casas de piedra perfectamente conservadas, con tejados de pizarra y grandes ventanales que le han valido el sobrenombre de \u201cla ciudad de piedra\u201d.<\/p>\n<p>Situada en la ladera de una monta\u00f1a, Gjirokaster est\u00e1 dominada por su impresionante castillo, que ofrece unas vistas espectaculares del valle y guarda siglos de historia entre sus murallas. Pasear por sus calles empedradas es viajar en el tiempo, descubriendo antiguas mansiones otomanas, peque\u00f1os bazares y rincones llenos de autenticidad que reflejan la rica herencia cultural del pa\u00eds.<\/p>\n<h1 class=\"entry-title\">La nueva Albania, la otra Europa<\/h1>\n<p><strong>Albania<\/strong> es un pa\u00eds que hasta los a\u00f1os 90 vivi\u00f3 de espaldas al mundo occidental, protegiendose de la amenaza de una invasi\u00f3n que nunca lleg\u00f3. Despu\u00e9s de a\u00f1os de aislamiento, parece que <strong>el turismo es bienvenido<\/strong> y la poblaci\u00f3n se muestra muy hospitalaria. Dif\u00edcilmente el visitante se encontrar\u00e1 con alg\u00fan tipo de delincuencia; al contrario, ni siquiera es frecuente la picaresca tur\u00edstica.<\/p>\n<p>En Albania los colores han sustituido al gris uniforme; 750.000 bunkers permanecen abandonados por todo el territorio; cabezas descubiertas en una poblaci\u00f3n de mayor\u00eda musulmana; terrazas de bares que se suceden a lo largo de las calles, y una juventud que mira a Occidente con una sonrisa, cuidando hasta el \u00faltimo detalle de su nueva imagen. <strong>Esto es la nueva Albania, la otra Europa<\/strong>.<\/p>\n<h1 class=\"entry-title\">Viajar a Albania en primavera<\/h1>\n<blockquote><p>No pierdas esta oportunidad \u00fanica de viajar a Albania y descubrir la Europa m\u00e1s desconocida.<\/p><\/blockquote>\n<section id=\"albania\" style=\"width: 100%; border: 1px solid #BE6521; border-radius: 10px; text-align: left; margin-top: 20px;\">\n<div style=\"margin-top: -20px; background: #BE6521; color: #ffffff; border-radius: 10px 10px 0px 0px; min-height: 40px;\">\n<div style=\"margin: 0 15px;\">\n<h2 style=\"border-radius: 10px 10px 0px 0px; padding: 5px 0px; line-height: 1;\"><a style=\"color: #ffffff;\" href=\"https:\/\/tuaregviatges.es\/europa\/viajes_a_albania\/Ruta_cultural_y_activa_por_Albania_y_Macedonia.htm\">Los valles del Norte, la Albania cl\u00e1sica y Macedonia<\/a><\/h2>\n<\/div>\n<div style=\"height: 33vh; margin: 0; background: url('https:\/\/tuaregviatges.es\/rutas\/seccionesRutas\/21098.jpg'); background-repeat: no-repeat; background-size: cover; max-height: 600px;\"><\/div>\n<\/div>\n<div style=\"width: auto; color: #be6521; padding-left: 10px; line-height: 1.5; margin-top: -20px; padding-top: 0px;\">\n<div><a style=\"color: #be6521; padding-right: 10px; font-weight: bolder; font-size: 18px;\" href=\"https:\/\/tuaregviatges.es\/europa_albania.html\"><br \/>\n<img decoding=\"async\" class=\"ico-place\" style=\"height: 35px; width: 35; margin: -10px; margin-right: 3px;\" src=\"https:\/\/tuaregviatges.es\/iconos\/place.svg\" \/>Albania<\/a><\/div>\n<div>\n<div style=\"color: #000000;\"><span style=\"color: #96a610;\">\u2714\ufe0f Viaje de 12 d\u00edas<\/span><br \/>\n<span style=\"color: #96a610;\">\u2714\ufe0f Salida 5, 19 may<span class=\"lt\">\u00a0|\u00a0<\/span>9, 23 jun 2026<\/span><br \/>\n<span style=\"color: #96a610;\">\u2714\ufe0f Precio a partir de<strong> 1440\u20ac<\/strong><\/span><\/div>\n<div><\/div>\n<div style=\"color: #000000;\"><em>Durante muchos a\u00f1os el pa\u00eds ha estado cerrado por una dictadura comunista, y hoy empieza a mostrar sus tesoros. Proponemos una completa ruta en la que combinamos naturaleza y cultura, recorriendo los Alpes, la Riviera Albanesa y las principales ciudades Unesco.<\/em><\/div>\n<p style=\"text-align: center; margin: 20px;\"><a href=\"https:\/\/tuaregviatges.es\/europa\/viajes_a_albania\/Ruta_cultural_y_activa_por_Albania_y_Macedonia.htm\"><span style=\"background-color: #96a610; color: #ffffff; padding: 10px 20px; border-radius: 25px;\" title=\"Viajar a Albania en julio\">\u00a0+info del viaje<\/span><\/a><\/p>\n<\/div>\n<\/div>\n<p style=\"text-align: center;\"><img decoding=\"async\" src=\"https:\/\/tuaregviatges.es\/europa\/viajes_a_albania\/mapa\/Ruta_cultural_y_activa_por_Albania_y_Macedonia.jpg\" alt=\"Albania y Macedonia + Los desconocidos valles del norte, la Albania cl\u00e1sica y Macedonia\" \/><\/p>\n<\/section>\n<h2>\u00bfQu\u00e9 debemos visitar?<\/h2>\n<h5>SUR DE TIRANA: PATRIMONIO DE LA HUMANIDAD<\/h5>\n<p>Al sur de Tirana encontramos la <strong>Albania monumental e hist\u00f3rica<\/strong>.<br \/>\nAntiguos pueblos de origen Otomano, bien conservados y declarados Patrimonio de la Humanidad por la UNESCO. Ciudadelas, conjuntos arqueol\u00f3gicos y antiguos cascos hist\u00f3ricos que hacen las delicias del aficionado a la historia y la arquitectura.<\/p>\n<ul>\n<li><strong>Berat<\/strong>: La imagen ic\u00f3nica de Albania, con las casas escalonadas sobre una colina y el lugar favorito de la mayor\u00eda de visitantes.<\/li>\n<li><strong>Butrint<\/strong>: Conjunto arqueol\u00f3gico de origen griego, posteriormente romano, bizantino y veneciano.<\/li>\n<li><strong>Gjirokaster<\/strong>: Arquitectura otomana t\u00edpica de los Balcanes con una espectacular ciudadela y castillo.<\/li>\n<\/ul>\n<h5>EL NORTE: ALPES ALBANESES Y LAGO KOMAN<\/h5>\n<p>La ciudad de <strong>Shkoder<\/strong> es la puerta de entrada a uno de los lugares m\u00e1s remotos de Europa; aqu\u00ed las comunicaciones no son sencillas, con carreteras en mal estado y muchas horas de camino.<\/p>\n<ul>\n<li><strong>El Valle de Teth<\/strong> concentra la esencia del imaginario popular alban\u00e9s: V\u00edgenes juradas, vida rural y unos paisajes de monta\u00f1a que son el para\u00edso del senderista.<\/li>\n<li><strong>Lago Koman<\/strong>: La (incre\u00edble) traves\u00eda en ferry del Lago Kom\u00e1n es uno de los viajes fluviales m\u00e1s impresionantes de Europa.<\/li>\n<li><strong>Shkoder<\/strong>: La principal poblaci\u00f3n del norte, rehabilitada con buen gusto y con un ambiente agradable.<\/li>\n<\/ul>\n<figure class=\"thumbnail wp-caption aligncenter\" style=\"width: 710px\"><a href=\"https:\/\/tuaregviatges.es\/europa\/viajes_a_albania\/Ruta_cultural_y_activa_por_Albania_y_Macedonia-2.htm\"><img loading=\"lazy\" decoding=\"async\" class=\"size-full\" src=\"https:\/\/tuaregviatges.es\/rutas\/galeria\/10199.jpg\" alt=\"Trekking por los Alpes Din\u00e1ricos | Archivo Tuareg\" width=\"700\" height=\"525\" \/><\/a><figcaption class=\"caption wp-caption-text\">Trekking por los Alpes Din\u00e1ricos | Archivo Tuareg<\/figcaption><\/figure>\n<h5>LA COSTA SUR<\/h5>\n<p>Por lo general,<strong> el litoral de Albania<\/strong> est\u00e1 muy construido y tiene un cierto aire descuidado, con un car\u00e1cter popular que puede recordar nuestras playas a principios de los 80.<\/p>\n<p>A medida que avanzamos hacia el sur, pasada la ciudad de Vlora, la costa se vuelve m\u00e1s atractiva, con <strong>playas de piedra y un bonito paisaje de monta\u00f1a<\/strong> detr\u00e1s.<br \/>\nRincones v\u00edrgenes (y de dif\u00edcil acceso) coexisten con centros balnearios con mucho bar y m\u00fasica a todo volumen<\/p>\n<h2>Albania, la otra Europa<\/h2>\n<p>Algunas de las leyendas y rarezas que forman parte del car\u00e1cter y la cultura del pais.<\/p>\n<ol>\n<li><strong>V\u00edrgenes juradas &gt;&gt;\u00a0<\/strong>\u00a0Nacieron mujeres, pero renunciaron a las relaciones sexuales y al matrimonio para convertirse en el hombre de la familia: Pueden llevar armas, vestir como los hombres y ser tratadas como jefes del clan.<\/li>\n<li><strong>Venganza de Sangre &gt;&gt;\u00a0\u00a0<\/strong> En el norte de Albania, los parientes de un hombre asesinado tienen derecho a vengar su honor matando a un var\u00f3n de la familia del asesino. As\u00ed lo impone el antiguo c\u00f3digo del Kanun. La \u00fanica salvaci\u00f3n para los amenazados es esconderse en su propia casa.<\/li>\n<li><strong>Bunkeres &gt;&gt;<\/strong> Durante el r\u00e9gimen comunista se construyeron unos 750.000 b\u00fankeres, con el fin de proteger al pa\u00eds de un enemigo imaginario. Est\u00e1n literalmente por todas partes y empiezan a ser reutilizados como bares, pistas de baile o incluso viviendas.<\/li>\n<li><strong>Teresa de Calcuta &gt;&gt;<\/strong>\u00a0Aunque naci\u00f3 en la vecina Macedonia, se considera albanesa. No importa el lugar de nacimiento sino la raza y cultura. M\u00e1s de un mill\u00f3n de albaneses no nacieron en el pa\u00eds.<\/li>\n<li><strong>Mercedes Benz &gt;&gt;<\/strong> Uno de los veh\u00edculos m\u00e1s populares en las carreteras albanesas. Son autom\u00f3viles robados en otros paises que terminan su vida en Albania.<\/li>\n<\/ol>\n<h2>Lugares especiales<\/h2>\n<p>El pa\u00eds m\u00e1s desconocido de Europa y uno de los m\u00e1s interesantes, que cerrado durante a\u00f1os por una dictadura comunista empieza a mostrar sus tesoros. En nuestros <a href=\"https:\/\/tuaregviatges.es\/europa_albania.html\">viajes a Albania<\/a> combinamos los desconocidos valles alpinos del Norte con el patrimonio de la humanidad de la Albania cl\u00e1sica, Macedonia y Kosovo.<\/p>\n<figure class=\"thumbnail wp-caption aligncenter\" style=\"width: 1090px\"><a href=\"https:\/\/tuaregviatges.es\/europa_albania.html\"><img loading=\"lazy\" decoding=\"async\" src=\"https:\/\/tuaregviatges.es\/fotografia\/_que_ver_en_albania_-info-slider800.jpg\" alt=\"&quot;BERATI\" width=\"1080\" height=\"550\" \/><\/a><figcaption class=\"caption wp-caption-text\"><strong>BERATI<\/strong> &gt;&gt; La imagen ic\u00f3nica de Albania, con las casas escalonadas sobre una colina y el lugar favorito de la mayor\u00eda de visitantes. Conocido tambi\u00e9n como el pueblo de las mil ventanas.<\/figcaption><\/figure>\n<figure class=\"thumbnail wp-caption aligncenter\" style=\"width: 1090px\"><a href=\"https:\/\/tuaregviatges.es\/europa_albania.html\"><img loading=\"lazy\" decoding=\"async\" class=\"size-full\" src=\"https:\/\/tuaregviatges.es\/fotografia\/_que_ver_en_albania_-info-slider801.jpg\" width=\"1080\" height=\"550\" \/><\/a><figcaption class=\"caption wp-caption-text\"><strong>VALLE DEL THET<\/strong> &gt;&gt; Concentra la esencia del imaginario popular alban\u00e9s: V\u00edrgenes juradas, vida rural y paisajes de monta\u00f1a que son el para\u00edso del senderista. La autora Edith Durham escribi\u00f3: \u201cla vida en Thethi era fascinante, me olvid\u00e9 del resto del mundo y \u2026 no se me ocurr\u00eda ninguna raz\u00f3n para volver jam\u00e1s.<\/figcaption><\/figure>\n<figure class=\"thumbnail wp-caption aligncenter\" style=\"width: 1090px\"><a href=\"https:\/\/tuaregviatges.es\/europa_albania.html\"><img loading=\"lazy\" decoding=\"async\" class=\"size-full\" src=\"https:\/\/tuaregviatges.es\/fotografia\/_que_ver_en_albania_-info-slider802.jpg\" width=\"1080\" height=\"550\" \/><\/a><figcaption class=\"caption wp-caption-text\"><strong>LAGO KOMAN<\/strong> &gt;&gt; La (incre\u00edble) traves\u00eda en ferry del Lago Kom\u00e1n es uno de los viajes fluviales m\u00e1s impresionantes de Europa. Desde Koman a Fierze, viajamos con los habitantes de la regi\u00f3n (y sus animales) a trav\u00e9s de gargantas realmente espectaculares.<\/figcaption><\/figure>\n<figure class=\"thumbnail wp-caption aligncenter\" style=\"width: 1090px\"><a href=\"https:\/\/tuaregviatges.es\/europa_albania.html\"><img loading=\"lazy\" decoding=\"async\" class=\"size-full\" src=\"https:\/\/tuaregviatges.es\/fotografia\/_que_ver_en_albania_-info-slider803.jpg\" width=\"1080\" height=\"550\" \/><\/a><figcaption class=\"caption wp-caption-text\"><strong>COSTA J\u00d3NICA<\/strong> &gt;&gt; Su mayor secreto, y que a\u00fan se cuenta en voz baja, es su bell\u00edsima costa de peque\u00f1as piedras y arena blanca sobre las aguas cristalinas del mar J\u00f3nico.<\/figcaption><\/figure>\n<figure class=\"thumbnail wp-caption aligncenter\" style=\"width: 1090px\"><a href=\"https:\/\/tuaregviatges.es\/europa_albania.html\"><img loading=\"lazy\" decoding=\"async\" class=\"size-full\" src=\"https:\/\/tuaregviatges.es\/fotografia\/_que_ver_en_albania_-info-slider805.jpg\" width=\"1080\" height=\"550\" \/><\/a><figcaption class=\"caption wp-caption-text\"><strong>RESTOS ARQUEOL\u00d3GICOS<\/strong> &gt;&gt; De origen griego, posteriormente romano, bizantino y veneciano. Conjuntos monumentales y arqueol\u00f3gicos bien conservados, para recorrer con calma y sin otros visitantes.Viajes Albania con Viajes Tuareg.<\/figcaption><\/figure>\n<div style=\"width: 100%;\">\n<div style=\"margin-top: 60PX; width: 100%; background-color: #96a610; color: #ffffff; font-size: 20px; padding: 3px; text-align: left:;\"><span style=\"padding-left: 30px;\"><a style=\"color: #ffffff;\" title=\"\u00bfQue ver en Albania?\" href=\"https:\/\/tuaregviatges.es\/articulos\/_Que_ver_en_Albania_.html\"><span style=\"color: #ffffff;\">\u00bfQu\u00e9 ver en Albania?<\/span><\/a><\/span><\/div>\n<\/div>\n<ul>\n<li><a style=\"color: #96a610;\" title=\"\u00bfQue ver en Albania?\" href=\"https:\/\/tuaregviatges.es\/articulos\/_Que_ver_en_Albania_.html\">6 imprescindibles del gran desconocido de Europa<\/a><\/li>\n<\/ul>\n<h5><strong>Opiniones del viaje a Albania<\/strong><\/h5>\n<div style=\"float: RIGHT; margin-top: -100PX; width: 30%;\">\n<p><img decoding=\"async\" style=\"width: 100px;\" src=\"http:\/\/tuaregviatges.es\/viajes\/wp-content\/uploads\/2017\/08\/FOTOGRAF.png\" \/><\/p>\n<\/div>\n<p><a href=\"https:\/\/www.facebook.com\/carmen.alcala.961\">Carmen Alcala<\/a>, nos dejaba en nuestro Facebook este comentario:<br \/>\n<em>\u00bfQu\u00e9 puedo decir de Albania que no hallan dicho ya los viajeros de Tuareg?<\/em><br \/>\n<em>Es un pa\u00eds que si no hubiera sido por la recomendaci\u00f3n de la agencia no se me hubiera ocurrido ir. Es una maravilla de pa\u00eds rodeado de majestuosas monta\u00f1as y ciudades con un gran encanto.<\/em><br \/>\n<em>Sus gentes amables y con una gran fuerza que est\u00e1n haciendo un cambio importante de pa\u00eds<\/em><br \/>\n<em>Eramos un grupo de 12 personas que ha hecho m\u00e1s ameno el viaje. Y que decir de nuestro gu\u00eda. FANTASTICO. gracias Dorjiam<\/em><br \/>\n<script type=\"application\/ld+json\">\n{\n  \"@context\": \"http:\/\/schema.org\",\n  \"@type\": \"BreadcrumbList\",\n  \"itemListElement\": [{\n    \"@type\": \"ListItem\",\n    \"position\": 1,\n    \"item\": {\n      \"@id\": \"https:\/\/tuaregviatges.es\",\n      \"name\": \"Viajes Tuareg\"\n    }\n  },{\n    \"@type\": \"ListItem\",\n    \"position\": 2,\n    \"item\": {\n      \"@id\": \"https:\/\/tuaregviatges.es\/viajes_europa\/viajes_europa.html\",\n      \"name\": \"Europa\"\n    }\n  },{\n    \"@type\": \"ListItem\",\n    \"position\": 3,\n    \"item\": {\n      \"@id\": \"https:\/\/tuaregviatges.es\/europa_albania.html\",\n      \"name\": \"Viajes Albania\"\n   }\n  },{\n    \"@type\": \"ListItem\",\n    \"position\": 4,\n    \"item\": {\n      \"@id\": \"https:\/\/tuaregviatges.es\/viajes\/saber-antes-de-viajar-a-albania\/\",\n      \"name\": \"\u00daltimas plazas Albania<\/span>\"\n   }\n  }\n ]\n}\n<\/script><\/p>\n<p><script type=\"application\/ld+json\">\n\t\t\t{      \t\t\t\t\t\t\t\t\t\t\t\t\t\t\t\t\n\t\t\t\t\"@context\": \"http:\/\/schema.org\",\n\t\t\t\t\"@type\": \"TravelAction\",\n\t\t\t\t\"agent\": {\n\t\t\t\t\"@type\": \"Organization\",\n\t\t\t\t\"name\": \"Viajes Tuareg\",\n\t\t\t\t\"url\": \"https:\/\/tuaregviatges.es\"\n\t\t\t\t},\n\t\t\t\t\"fromLocation\": {\n\t\t\t\t\"@type\": \"Country\",\n\t\t\t\t\"name\": \"Spain\"\n\t\t\t\t},\n\t\t\t\t\"toLocation\": {\n\t\t\t\t\"@type\": \"Country\",\n\t\t\t\t\"name\": \"El pa\u00eds m\u00e1s desconocido de Europa y uno de los m\u00e1s interesantes. Macedonia y Albania cl\u00e1sica\"\n\t\t\t\t\t},\n\t\t\t\t\"location\": {\n\t\t\t\t\"@type\": \"Product\",\n\t\t\t\t\"name\": \"Viajes a El pa\u00eds m\u00e1s desconocido de Europa y uno de los m\u00e1s interesantes. Macedonia y Albania cl\u00e1sica\",\n\t\t\t\t\"url\": \"https:\/\/tuaregviatges.es\/europa_albania.html\",\n\t\t\t\t\"description\": \"El pa\u00eds m\u00e1s desconocido de Europa y uno de los m\u00e1s interesantes. Macedonia y Albania cl\u00e1sica\",\n\t\t\t\t \"aggregateRating\":\n\t\t\t\t\t\t\t\t\t\t{\"@type\": \"AggregateRating\",\n\t\t\t\t\t\t\t\t\t\t \"ratingValue\": \"4.6618962432916\",\n\t\t\t\t\t\t\t\t\t\t \"reviewCount\": \"559\",\n\t\t\t\t\t\t\t\t\t\t \"url\": \"https:\/\/tuaregviatges.es\/opiniones\/europa_albania.html\" \n\t\t\t\t\t\t\t\t\t\t},\n\t\t\t\t\"photo\": {\n\t\t\t\t\"@list\": [\n\t\t\t\t\t\t{\"url\": \"https:\/\/tuaregviatges.es\/rutas\/destinos\/21106.jpg\"}\n\t\t\t\t\t\t]\n\t\t\t\t\t}\n\t\t\t\t}\n\t\t\t\t}\n<\/script><\/p>\n","protected":false},"excerpt":{"rendered":"<p>La primavera 2026 est\u00e1 a la vuelta de la esquina y la mayor\u00eda de nuestros viajes ya est\u00e1n completos. Pero si a\u00fan est\u00e1s a tiempo de escaparte, todav\u00eda nos quedan las \u00faltimas plazas para viajar a Albania, en una ruta especial que combina cultura, naturaleza y aventura en los Balcanes. Una ruta que nos llevar\u00e1 [&hellip;]<\/p>\n","protected":false},"author":1,"featured_media":9757,"comment_status":"closed","ping_status":"closed","sticky":false,"template":"","format":"standard","meta":{"footnotes":""},"categories":[616,246],"tags":[342,502],"class_list":["post-9752","post","type-post","status-publish","format-standard","has-post-thumbnail","hentry","category-albania","category-viajes-semana-santa","tag-albania","tag-viajes-en-grupo"],"_links":{"self":[{"href":"https:\/\/tuaregviatges.es\/viajes\/wp-json\/wp\/v2\/posts\/9752","targetHints":{"allow":["GET"]}}],"collection":[{"href":"https:\/\/tuaregviatges.es\/viajes\/wp-json\/wp\/v2\/posts"}],"about":[{"href":"https:\/\/tuaregviatges.es\/viajes\/wp-json\/wp\/v2\/types\/post"}],"author":[{"embeddable":true,"href":"https:\/\/tuaregviatges.es\/viajes\/wp-json\/wp\/v2\/users\/1"}],"replies":[{"embeddable":true,"href":"https:\/\/tuaregviatges.es\/viajes\/wp-json\/wp\/v2\/comments?post=9752"}],"version-history":[{"count":27,"href":"https:\/\/tuaregviatges.es\/viajes\/wp-json\/wp\/v2\/posts\/9752\/revisions"}],"predecessor-version":[{"id":16162,"href":"https:\/\/tuaregviatges.es\/viajes\/wp-json\/wp\/v2\/posts\/9752\/revisions\/16162"}],"wp:featuredmedia":[{"embeddable":true,"href":"https:\/\/tuaregviatges.es\/viajes\/wp-json\/wp\/v2\/media\/9757"}],"wp:attachment":[{"href":"https:\/\/tuaregviatges.es\/viajes\/wp-json\/wp\/v2\/media?parent=9752"}],"wp:term":[{"taxonomy":"category","embeddable":true,"href":"https:\/\/tuaregviatges.es\/viajes\/wp-json\/wp\/v2\/categories?post=9752"},{"taxonomy":"post_tag","embeddable":true,"href":"https:\/\/tuaregviatges.es\/viajes\/wp-json\/wp\/v2\/tags?post=9752"}],"curies":[{"name":"wp","href":"https:\/\/api.w.org\/{rel}","templated":true}]}}